{"id":10069,"date":"2023-07-19T18:03:09","date_gmt":"2023-07-19T16:03:09","guid":{"rendered":"https:\/\/parafiaklimkowka.pl\/?p=10069"},"modified":"2024-05-12T21:28:15","modified_gmt":"2024-05-12T19:28:15","slug":"10069","status":"publish","type":"post","link":"https:\/\/parafiaklimkowka.pl\/index.php\/2023\/07\/19\/10069\/","title":{"rendered":"Budowa Parafialnego Centrum Kultury"},"content":{"rendered":"<h5 style=\"text-align: center;\"><strong>Dofinansowano ze \u015brodk\u00f3w Ministra Kultury i Dziedzictwa Narodowego pochodz\u0105cych z Funduszu Promocji Kultury &#8211; pa\u0144stwowego funduszu celowego<\/strong><\/h5>\n\n\n<div class=\"wp-block-columns is-layout-flex wp-container-core-columns-layout-1 wp-block-columns-is-layout-flex\">\n<div class=\"wp-block-column is-layout-flow wp-block-column-is-layout-flow\" style=\"flex-basis:100%\"><div class=\"wp-block-image\">\n<figure class=\"aligncenter size-large is-resized\"><img loading=\"lazy\" decoding=\"async\" width=\"1024\" height=\"288\" src=\"https:\/\/parafiaklimkowka.pl\/wp-content\/uploads\/2024\/01\/05_znak_uproszczony_kolor_biale_tlo_RGB-1024x288.png\" alt=\"\" class=\"wp-image-10122\" style=\"width:546px;height:auto\" srcset=\"https:\/\/parafiaklimkowka.pl\/wp-content\/uploads\/2024\/01\/05_znak_uproszczony_kolor_biale_tlo_RGB-1024x288.png 1024w, https:\/\/parafiaklimkowka.pl\/wp-content\/uploads\/2024\/01\/05_znak_uproszczony_kolor_biale_tlo_RGB-300x84.png 300w, https:\/\/parafiaklimkowka.pl\/wp-content\/uploads\/2024\/01\/05_znak_uproszczony_kolor_biale_tlo_RGB-768x216.png 768w, https:\/\/parafiaklimkowka.pl\/wp-content\/uploads\/2024\/01\/05_znak_uproszczony_kolor_biale_tlo_RGB-1536x432.png 1536w, https:\/\/parafiaklimkowka.pl\/wp-content\/uploads\/2024\/01\/05_znak_uproszczony_kolor_biale_tlo_RGB.png 1600w\" sizes=\"(max-width: 1024px) 100vw, 1024px\" \/><\/figure><\/div><\/div>\n<\/div>\n\n\n<div class=\"wp-block-image\">\n<figure class=\"aligncenter is-resized\"><img loading=\"lazy\" decoding=\"async\" width=\"1024\" height=\"683\" src=\"https:\/\/parafiaklimkowka.pl\/wp-content\/uploads\/2024\/01\/PCK-1024x683.jpg\" alt=\"\" class=\"wp-image-10070\" style=\"width:438px;height:auto\" srcset=\"https:\/\/parafiaklimkowka.pl\/wp-content\/uploads\/2024\/01\/PCK-1024x683.jpg 1024w, https:\/\/parafiaklimkowka.pl\/wp-content\/uploads\/2024\/01\/PCK-300x200.jpg 300w, https:\/\/parafiaklimkowka.pl\/wp-content\/uploads\/2024\/01\/PCK-768x512.jpg 768w, https:\/\/parafiaklimkowka.pl\/wp-content\/uploads\/2024\/01\/PCK-1536x1024.jpg 1536w, https:\/\/parafiaklimkowka.pl\/wp-content\/uploads\/2024\/01\/PCK-2048x1365.jpg 2048w\" sizes=\"(max-width: 1024px) 100vw, 1024px\" \/><\/figure><\/div>\n\n<h5><strong>Cel bezpo\u015bredni &#8211; przygotowanie infrastruktury na potrzeby planowanej do prowadzenia dzia\u0142alno\u015bci kulturalnej oraz zwi\u0119kszenie liczby os\u00f3b korzystaj\u0105cych z obiektu<\/strong><\/h5>\n\n<p style=\"text-align: justify;\">Zakres prac: roboty budowlane, technologia kot\u0142owni, pompa ciep\u0142a, fotovoltaika, magazyn energii, instalacje gazowa, elektryczna, odgromowa, sanitarna, zasilanie elektryczne, bia\u0142y monta\u017c, stolarka drzwiowa, barierki, rolety<\/p>\n\n\n<p><strong>Warto\u015b\u0107 inwestycji &#8211; 1 300 000,00z\u0142<\/strong><\/p>\n","protected":false},"excerpt":{"rendered":"<p>Dofinansowano ze \u015brodk\u00f3w Ministra Kultury i Dziedzictwa Narodowego pochodz\u0105cych z Funduszu Promocji Kultury &#8211; pa\u0144stwowego funduszu celowego Cel bezpo\u015bredni &#8211; przygotowanie infrastruktury na potrzeby planowanej do prowadzenia dzia\u0142alno\u015bci kulturalnej oraz [&hellip;]<\/p>\n","protected":false},"author":1,"featured_media":10070,"comment_status":"closed","ping_status":"open","sticky":false,"template":"","format":"standard","meta":{"ngg_post_thumbnail":0,"footnotes":""},"categories":[19],"tags":[],"yoast_head":"<!-- This site is optimized with the Yoast SEO plugin v23.2 - https:\/\/yoast.com\/wordpress\/plugins\/seo\/ -->\n<title>Budowa Parafialnego Centrum Kultury - Parafia w Klimk\u00f3wce<\/title>\n<meta name=\"robots\" content=\"index, follow, max-snippet:-1, max-image-preview:large, max-video-preview:-1\" \/>\n<link rel=\"canonical\" href=\"https:\/\/parafiaklimkowka.pl\/index.php\/2023\/07\/19\/10069\/\" \/>\n<meta property=\"og:locale\" content=\"pl_PL\" \/>\n<meta property=\"og:type\" content=\"article\" \/>\n<meta property=\"og:title\" content=\"Budowa Parafialnego Centrum Kultury - Parafia w Klimk\u00f3wce\" \/>\n<meta property=\"og:description\" content=\"Dofinansowano ze \u015brodk\u00f3w Ministra Kultury i Dziedzictwa Narodowego pochodz\u0105cych z Funduszu Promocji Kultury &#8211; pa\u0144stwowego funduszu celowego Cel bezpo\u015bredni &#8211; przygotowanie infrastruktury na potrzeby planowanej do prowadzenia dzia\u0142alno\u015bci kulturalnej oraz [&hellip;]\" \/>\n<meta property=\"og:url\" content=\"https:\/\/parafiaklimkowka.pl\/index.php\/2023\/07\/19\/10069\/\" \/>\n<meta property=\"og:site_name\" content=\"Parafia w Klimk\u00f3wce\" \/>\n<meta property=\"article:published_time\" content=\"2023-07-19T16:03:09+00:00\" \/>\n<meta property=\"article:modified_time\" content=\"2024-05-12T19:28:15+00:00\" \/>\n<meta property=\"og:image\" content=\"https:\/\/parafiaklimkowka.pl\/wp-content\/uploads\/2024\/01\/PCK.jpg\" \/>\n\t<meta property=\"og:image:width\" content=\"2268\" \/>\n\t<meta property=\"og:image:height\" content=\"1512\" \/>\n\t<meta property=\"og:image:type\" content=\"image\/jpeg\" \/>\n<meta name=\"author\" content=\"kadmins70\" \/>\n<meta name=\"twitter:card\" content=\"summary_large_image\" \/>\n<meta name=\"twitter:label1\" content=\"Napisane przez\" \/>\n\t<meta name=\"twitter:data1\" content=\"kadmins70\" \/>\n\t<meta name=\"twitter:label2\" content=\"Szacowany czas czytania\" \/>\n\t<meta name=\"twitter:data2\" content=\"1 minuta\" \/>\n<script type=\"application\/ld+json\" class=\"yoast-schema-graph\">{\"@context\":\"https:\/\/schema.org\",\"@graph\":[{\"@type\":\"Article\",\"@id\":\"https:\/\/parafiaklimkowka.pl\/index.php\/2023\/07\/19\/10069\/#article\",\"isPartOf\":{\"@id\":\"https:\/\/parafiaklimkowka.pl\/index.php\/2023\/07\/19\/10069\/\"},\"author\":{\"name\":\"kadmins70\",\"@id\":\"https:\/\/parafiaklimkowka.pl\/#\/schema\/person\/8411339f73ed143172a1fc20b8c20562\"},\"headline\":\"Budowa Parafialnego Centrum Kultury\",\"datePublished\":\"2023-07-19T16:03:09+00:00\",\"dateModified\":\"2024-05-12T19:28:15+00:00\",\"mainEntityOfPage\":{\"@id\":\"https:\/\/parafiaklimkowka.pl\/index.php\/2023\/07\/19\/10069\/\"},\"wordCount\":80,\"publisher\":{\"@id\":\"https:\/\/parafiaklimkowka.pl\/#organization\"},\"image\":{\"@id\":\"https:\/\/parafiaklimkowka.pl\/index.php\/2023\/07\/19\/10069\/#primaryimage\"},\"thumbnailUrl\":\"https:\/\/parafiaklimkowka.pl\/wp-content\/uploads\/2024\/01\/PCK.jpg\",\"articleSection\":[\"Wiadomo\u015bci\"],\"inLanguage\":\"pl-PL\"},{\"@type\":\"WebPage\",\"@id\":\"https:\/\/parafiaklimkowka.pl\/index.php\/2023\/07\/19\/10069\/\",\"url\":\"https:\/\/parafiaklimkowka.pl\/index.php\/2023\/07\/19\/10069\/\",\"name\":\"Budowa Parafialnego Centrum Kultury - Parafia w Klimk\u00f3wce\",\"isPartOf\":{\"@id\":\"https:\/\/parafiaklimkowka.pl\/#website\"},\"primaryImageOfPage\":{\"@id\":\"https:\/\/parafiaklimkowka.pl\/index.php\/2023\/07\/19\/10069\/#primaryimage\"},\"image\":{\"@id\":\"https:\/\/parafiaklimkowka.pl\/index.php\/2023\/07\/19\/10069\/#primaryimage\"},\"thumbnailUrl\":\"https:\/\/parafiaklimkowka.pl\/wp-content\/uploads\/2024\/01\/PCK.jpg\",\"datePublished\":\"2023-07-19T16:03:09+00:00\",\"dateModified\":\"2024-05-12T19:28:15+00:00\",\"breadcrumb\":{\"@id\":\"https:\/\/parafiaklimkowka.pl\/index.php\/2023\/07\/19\/10069\/#breadcrumb\"},\"inLanguage\":\"pl-PL\",\"potentialAction\":[{\"@type\":\"ReadAction\",\"target\":[\"https:\/\/parafiaklimkowka.pl\/index.php\/2023\/07\/19\/10069\/\"]}]},{\"@type\":\"ImageObject\",\"inLanguage\":\"pl-PL\",\"@id\":\"https:\/\/parafiaklimkowka.pl\/index.php\/2023\/07\/19\/10069\/#primaryimage\",\"url\":\"https:\/\/parafiaklimkowka.pl\/wp-content\/uploads\/2024\/01\/PCK.jpg\",\"contentUrl\":\"https:\/\/parafiaklimkowka.pl\/wp-content\/uploads\/2024\/01\/PCK.jpg\",\"width\":2268,\"height\":1512},{\"@type\":\"BreadcrumbList\",\"@id\":\"https:\/\/parafiaklimkowka.pl\/index.php\/2023\/07\/19\/10069\/#breadcrumb\",\"itemListElement\":[{\"@type\":\"ListItem\",\"position\":1,\"name\":\"Strona g\u0142\u00f3wna\",\"item\":\"https:\/\/parafiaklimkowka.pl\/\"},{\"@type\":\"ListItem\",\"position\":2,\"name\":\"Budowa Parafialnego Centrum Kultury\"}]},{\"@type\":\"WebSite\",\"@id\":\"https:\/\/parafiaklimkowka.pl\/#website\",\"url\":\"https:\/\/parafiaklimkowka.pl\/\",\"name\":\"Parafia w Klimk\u00f3wce\",\"description\":\"pw. \u015aw. Micha\u0142a Archanio\u0142a\",\"publisher\":{\"@id\":\"https:\/\/parafiaklimkowka.pl\/#organization\"},\"potentialAction\":[{\"@type\":\"SearchAction\",\"target\":{\"@type\":\"EntryPoint\",\"urlTemplate\":\"https:\/\/parafiaklimkowka.pl\/?s={search_term_string}\"},\"query-input\":\"required name=search_term_string\"}],\"inLanguage\":\"pl-PL\"},{\"@type\":\"Organization\",\"@id\":\"https:\/\/parafiaklimkowka.pl\/#organization\",\"name\":\"Parafia p.w. \u015bw. Micha\u0142a Archanio\u0142a w Klimk\u00f3wce\",\"url\":\"https:\/\/parafiaklimkowka.pl\/\",\"logo\":{\"@type\":\"ImageObject\",\"inLanguage\":\"pl-PL\",\"@id\":\"https:\/\/parafiaklimkowka.pl\/#\/schema\/logo\/image\/\",\"url\":\"http:\/\/parafiaklimkowka.pl\/wp-content\/uploads\/2019\/10\/anio\u01428_jpeg.jpg\",\"contentUrl\":\"http:\/\/parafiaklimkowka.pl\/wp-content\/uploads\/2019\/10\/anio\u01428_jpeg.jpg\",\"width\":658,\"height\":483,\"caption\":\"Parafia p.w. \u015bw. Micha\u0142a Archanio\u0142a w Klimk\u00f3wce\"},\"image\":{\"@id\":\"https:\/\/parafiaklimkowka.pl\/#\/schema\/logo\/image\/\"}},{\"@type\":\"Person\",\"@id\":\"https:\/\/parafiaklimkowka.pl\/#\/schema\/person\/8411339f73ed143172a1fc20b8c20562\",\"name\":\"kadmins70\",\"image\":{\"@type\":\"ImageObject\",\"inLanguage\":\"pl-PL\",\"@id\":\"https:\/\/parafiaklimkowka.pl\/#\/schema\/person\/image\/\",\"url\":\"https:\/\/secure.gravatar.com\/avatar\/2f1a9b134b0f743459e06c66845f8cf1?s=96&d=mm&r=g\",\"contentUrl\":\"https:\/\/secure.gravatar.com\/avatar\/2f1a9b134b0f743459e06c66845f8cf1?s=96&d=mm&r=g\",\"caption\":\"kadmins70\"}}]}<\/script>\n<!-- \/ Yoast SEO plugin. -->","yoast_head_json":{"title":"Budowa Parafialnego Centrum Kultury - Parafia w Klimk\u00f3wce","robots":{"index":"index","follow":"follow","max-snippet":"max-snippet:-1","max-image-preview":"max-image-preview:large","max-video-preview":"max-video-preview:-1"},"canonical":"https:\/\/parafiaklimkowka.pl\/index.php\/2023\/07\/19\/10069\/","og_locale":"pl_PL","og_type":"article","og_title":"Budowa Parafialnego Centrum Kultury - Parafia w Klimk\u00f3wce","og_description":"Dofinansowano ze \u015brodk\u00f3w Ministra Kultury i Dziedzictwa Narodowego pochodz\u0105cych z Funduszu Promocji Kultury &#8211; pa\u0144stwowego funduszu celowego Cel bezpo\u015bredni &#8211; przygotowanie infrastruktury na potrzeby planowanej do prowadzenia dzia\u0142alno\u015bci kulturalnej oraz [&hellip;]","og_url":"https:\/\/parafiaklimkowka.pl\/index.php\/2023\/07\/19\/10069\/","og_site_name":"Parafia w Klimk\u00f3wce","article_published_time":"2023-07-19T16:03:09+00:00","article_modified_time":"2024-05-12T19:28:15+00:00","og_image":[{"width":2268,"height":1512,"url":"https:\/\/parafiaklimkowka.pl\/wp-content\/uploads\/2024\/01\/PCK.jpg","type":"image\/jpeg"}],"author":"kadmins70","twitter_card":"summary_large_image","twitter_misc":{"Napisane przez":"kadmins70","Szacowany czas czytania":"1 minuta"},"schema":{"@context":"https:\/\/schema.org","@graph":[{"@type":"Article","@id":"https:\/\/parafiaklimkowka.pl\/index.php\/2023\/07\/19\/10069\/#article","isPartOf":{"@id":"https:\/\/parafiaklimkowka.pl\/index.php\/2023\/07\/19\/10069\/"},"author":{"name":"kadmins70","@id":"https:\/\/parafiaklimkowka.pl\/#\/schema\/person\/8411339f73ed143172a1fc20b8c20562"},"headline":"Budowa Parafialnego Centrum Kultury","datePublished":"2023-07-19T16:03:09+00:00","dateModified":"2024-05-12T19:28:15+00:00","mainEntityOfPage":{"@id":"https:\/\/parafiaklimkowka.pl\/index.php\/2023\/07\/19\/10069\/"},"wordCount":80,"publisher":{"@id":"https:\/\/parafiaklimkowka.pl\/#organization"},"image":{"@id":"https:\/\/parafiaklimkowka.pl\/index.php\/2023\/07\/19\/10069\/#primaryimage"},"thumbnailUrl":"https:\/\/parafiaklimkowka.pl\/wp-content\/uploads\/2024\/01\/PCK.jpg","articleSection":["Wiadomo\u015bci"],"inLanguage":"pl-PL"},{"@type":"WebPage","@id":"https:\/\/parafiaklimkowka.pl\/index.php\/2023\/07\/19\/10069\/","url":"https:\/\/parafiaklimkowka.pl\/index.php\/2023\/07\/19\/10069\/","name":"Budowa Parafialnego Centrum Kultury - Parafia w Klimk\u00f3wce","isPartOf":{"@id":"https:\/\/parafiaklimkowka.pl\/#website"},"primaryImageOfPage":{"@id":"https:\/\/parafiaklimkowka.pl\/index.php\/2023\/07\/19\/10069\/#primaryimage"},"image":{"@id":"https:\/\/parafiaklimkowka.pl\/index.php\/2023\/07\/19\/10069\/#primaryimage"},"thumbnailUrl":"https:\/\/parafiaklimkowka.pl\/wp-content\/uploads\/2024\/01\/PCK.jpg","datePublished":"2023-07-19T16:03:09+00:00","dateModified":"2024-05-12T19:28:15+00:00","breadcrumb":{"@id":"https:\/\/parafiaklimkowka.pl\/index.php\/2023\/07\/19\/10069\/#breadcrumb"},"inLanguage":"pl-PL","potentialAction":[{"@type":"ReadAction","target":["https:\/\/parafiaklimkowka.pl\/index.php\/2023\/07\/19\/10069\/"]}]},{"@type":"ImageObject","inLanguage":"pl-PL","@id":"https:\/\/parafiaklimkowka.pl\/index.php\/2023\/07\/19\/10069\/#primaryimage","url":"https:\/\/parafiaklimkowka.pl\/wp-content\/uploads\/2024\/01\/PCK.jpg","contentUrl":"https:\/\/parafiaklimkowka.pl\/wp-content\/uploads\/2024\/01\/PCK.jpg","width":2268,"height":1512},{"@type":"BreadcrumbList","@id":"https:\/\/parafiaklimkowka.pl\/index.php\/2023\/07\/19\/10069\/#breadcrumb","itemListElement":[{"@type":"ListItem","position":1,"name":"Strona g\u0142\u00f3wna","item":"https:\/\/parafiaklimkowka.pl\/"},{"@type":"ListItem","position":2,"name":"Budowa Parafialnego Centrum Kultury"}]},{"@type":"WebSite","@id":"https:\/\/parafiaklimkowka.pl\/#website","url":"https:\/\/parafiaklimkowka.pl\/","name":"Parafia w Klimk\u00f3wce","description":"pw. \u015aw. Micha\u0142a Archanio\u0142a","publisher":{"@id":"https:\/\/parafiaklimkowka.pl\/#organization"},"potentialAction":[{"@type":"SearchAction","target":{"@type":"EntryPoint","urlTemplate":"https:\/\/parafiaklimkowka.pl\/?s={search_term_string}"},"query-input":"required name=search_term_string"}],"inLanguage":"pl-PL"},{"@type":"Organization","@id":"https:\/\/parafiaklimkowka.pl\/#organization","name":"Parafia p.w. \u015bw. Micha\u0142a Archanio\u0142a w Klimk\u00f3wce","url":"https:\/\/parafiaklimkowka.pl\/","logo":{"@type":"ImageObject","inLanguage":"pl-PL","@id":"https:\/\/parafiaklimkowka.pl\/#\/schema\/logo\/image\/","url":"http:\/\/parafiaklimkowka.pl\/wp-content\/uploads\/2019\/10\/anio\u01428_jpeg.jpg","contentUrl":"http:\/\/parafiaklimkowka.pl\/wp-content\/uploads\/2019\/10\/anio\u01428_jpeg.jpg","width":658,"height":483,"caption":"Parafia p.w. \u015bw. Micha\u0142a Archanio\u0142a w Klimk\u00f3wce"},"image":{"@id":"https:\/\/parafiaklimkowka.pl\/#\/schema\/logo\/image\/"}},{"@type":"Person","@id":"https:\/\/parafiaklimkowka.pl\/#\/schema\/person\/8411339f73ed143172a1fc20b8c20562","name":"kadmins70","image":{"@type":"ImageObject","inLanguage":"pl-PL","@id":"https:\/\/parafiaklimkowka.pl\/#\/schema\/person\/image\/","url":"https:\/\/secure.gravatar.com\/avatar\/2f1a9b134b0f743459e06c66845f8cf1?s=96&d=mm&r=g","contentUrl":"https:\/\/secure.gravatar.com\/avatar\/2f1a9b134b0f743459e06c66845f8cf1?s=96&d=mm&r=g","caption":"kadmins70"}}]}},"_links":{"self":[{"href":"https:\/\/parafiaklimkowka.pl\/index.php\/wp-json\/wp\/v2\/posts\/10069"}],"collection":[{"href":"https:\/\/parafiaklimkowka.pl\/index.php\/wp-json\/wp\/v2\/posts"}],"about":[{"href":"https:\/\/parafiaklimkowka.pl\/index.php\/wp-json\/wp\/v2\/types\/post"}],"author":[{"embeddable":true,"href":"https:\/\/parafiaklimkowka.pl\/index.php\/wp-json\/wp\/v2\/users\/1"}],"replies":[{"embeddable":true,"href":"https:\/\/parafiaklimkowka.pl\/index.php\/wp-json\/wp\/v2\/comments?post=10069"}],"version-history":[{"count":11,"href":"https:\/\/parafiaklimkowka.pl\/index.php\/wp-json\/wp\/v2\/posts\/10069\/revisions"}],"predecessor-version":[{"id":10156,"href":"https:\/\/parafiaklimkowka.pl\/index.php\/wp-json\/wp\/v2\/posts\/10069\/revisions\/10156"}],"wp:featuredmedia":[{"embeddable":true,"href":"https:\/\/parafiaklimkowka.pl\/index.php\/wp-json\/wp\/v2\/media\/10070"}],"wp:attachment":[{"href":"https:\/\/parafiaklimkowka.pl\/index.php\/wp-json\/wp\/v2\/media?parent=10069"}],"wp:term":[{"taxonomy":"category","embeddable":true,"href":"https:\/\/parafiaklimkowka.pl\/index.php\/wp-json\/wp\/v2\/categories?post=10069"},{"taxonomy":"post_tag","embeddable":true,"href":"https:\/\/parafiaklimkowka.pl\/index.php\/wp-json\/wp\/v2\/tags?post=10069"}],"curies":[{"name":"wp","href":"https:\/\/api.w.org\/{rel}","templated":true}]}}