{"id":10947,"date":"2024-05-26T14:46:01","date_gmt":"2024-05-26T12:46:01","guid":{"rendered":"https:\/\/parafiaklimkowka.pl\/?p=10947"},"modified":"2024-06-01T20:15:58","modified_gmt":"2024-06-01T18:15:58","slug":"niedziela-trojcy-swietej-3","status":"publish","type":"post","link":"https:\/\/parafiaklimkowka.pl\/index.php\/2024\/05\/26\/niedziela-trojcy-swietej-3\/","title":{"rendered":"Niedziela Tr\u00f3jcy \u015awi\u0119tej\u00a0"},"content":{"rendered":"<p style=\"text-align: justify;\">1.W uroczysto\u015b\u0107 Tr\u00f3jcy Przenaj\u015bwi\u0119tszej, ze szczeg\u00f3ln\u0105 czci\u0105 Ko\u015bci\u00f3\u0142 wypowiada modlitw\u0119: \u201eChwa\u0142a Ojcu i Synowi, i Duchowi \u015awi\u0119temu\u2026\u201d. Warto te\u017c zda\u0107 sobie spraw\u0119, \u017ce ile razy \u015bwiadomie i pobo\u017cnie wykonujemy znak krzy\u017ca, modlitewnie wielbimy Tr\u00f3jc\u0119 Przenaj\u015bwi\u0119tsz\u0105 \u2013 jednego Boga w trzech Osobach.<\/p>\n<p style=\"text-align: justify;\">2. <strong>W czwartek&nbsp; 30 maja b\u0119dziemy obchodzi\u0107 uroczysto\u015b\u0107 Naj\u015bwi\u0119tszego Cia\u0142a i Krwi Chrystusa.<\/strong> Uczestnicz\u0105c w tym dniu w procesji publicznie wyznajemy wiar\u0119 w ukrytego w Hostii Jezusa Chrystusa. <strong>Msze \u015awi\u0119te w naszym Ko\u015bciele o godzinie 7.30, 9.15 i 11.00. Po Mszy \u015awi\u0119tej o godzinie 11.00 ruszymy z procesj\u0105 do czterech O\u0142tarzy. Na pocz\u0105tku Krzy\u017c, feletrony, Stra\u017c Po\u017carna, ministranci, ch\u0142opcy dzwoni\u0105cy dzwonkami i dziewczynki sypi\u0105ce kwiaty. Nast\u0119pnie Naj\u015bwi\u0119tszy Sakrament&nbsp; pod baldachimem i wszyscy wierni.<\/strong><\/p>\n<p style=\"text-align: justify;\">3.<strong>W pi\u0105tek 31 maja ostatnie nabo\u017ce\u0144stwo majowe o godzinie 17.30, po nim bezpo\u015brednio procesja Oktawy Bo\u017cego Cia\u0142a i Msza \u015awi\u0119ta. W sobot\u0119 1 czerwca&nbsp; Oktawa Bo\u017cego Cia\u0142a, Msza o godzinie 17.00, wystawienia Naj\u015bwi\u0119tszego Sakramentu, Litania do Serca Pana Jezusa i procesja dooko\u0142a Ko\u015bcio\u0142a. Procesja w przysz\u0142\u0105 niedziel\u0119 2 czerwca po Mszy o godzinie 9.15. Zapraszam wszystkie dzieci, m\u0142odzie\u017c, starszych do udzia\u0142u w dzi\u0119kczynieniu za dar Eucharystii. <\/strong><\/p>\n<p style=\"text-align: justify;\">4.<strong>W tym tygodniu ostatnie nabo\u017ce\u0144stwa majowe o godzinie 17.30 (poniedzia\u0142ek, wtorek, \u015broda i pi\u0105tek), po nich bezpo\u015brednio Msza \u015awi\u0119ta o godzinie 17.50. W sobot\u0119 Msza o godzinie 17.00 (sobotnia) i niedzielna o godzinie 18.00.<\/strong><\/p>\n<strong>5.W<\/strong><strong style=\"color: initial;\"> tym tygodniu pierwsza sobota i niedziela miesi\u0105ca:<\/strong>\n\n<strong>&#8211; w sobot\u0119 r\u00f3\u017caniec pierwszo sobotni o godzinie 16.30.<\/strong>\n<p style=\"text-align: justify;\"><strong>&#8211; w przysz\u0142\u0105 niedziel\u0119 po Mszy o godzinie 9.15 i procesji Oktawy Bo\u017cego Cia\u0142a zmiana tajemnic r\u00f3\u017ca\u0144cowych.<\/strong><\/p>\n<p style=\"text-align: justify;\">6.<strong>Sk\u0142adka mszalna z dzisiejszej niedzieli, zbierana przez Rad\u0119 Parafialn\u0105 na potrzeby naszej Parafii i Ko\u015bcio\u0142a. Sk\u0142adka z przysz\u0142ej niedzieli b\u0119dzie przeznaczona na Seminarium Duchowne w Przemy\u015blu.<\/strong><\/p>\n<p style=\"text-align: justify;\">7.W sobot\u0119 1 czerwca b\u0119dziemy obchodzi\u0107 Dzie\u0144 Dziecka. Z okazji DNIA DZIECKA wszystkim dzieciom, tym mniejszym i tym wi\u0119kszym \u017cyczymy wiele rado\u015bci,&nbsp; wszelkiej pomy\u015blno\u015bci, spe\u0142nienia marze\u0144 i zdrowia, a tak\u017ce ci\u0105g\u0142ego radowania si\u0119&nbsp; Bo\u017c\u0105 mi\u0142o\u015bci\u0105. Wzrastajcie w \u0142asce u Boga.<\/p>\n<p style=\"text-align: justify;\">8.Dzi\u0119kujemy za sprz\u0105tanie Ko\u015bcio\u0142a tym osobom, kt\u00f3re to uczyni\u0142y w minionym tygodniu, <strong>a na sobot\u0119, na godzin\u0119 8.00 zapraszamy wiernych z ulicy S\u0142onecznej, numery&nbsp; 38, 44, 46 (Ko\u015bci\u00f3\u0142), numer&nbsp; 48 z ulicy&nbsp; S\u0142onecznej i numery 1, 2 z ulicy Ogrodowej &nbsp;(Ko\u015bci\u00f3\u0142ek).<\/strong><\/p>\n\n\n<hr>\n\n<em><strong>Ewangelia wed\u0142ug \u015awi\u0119tego Mateusza<\/strong><\/em>\n<p style=\"text-align: justify;\">Jedenastu uczni\u00f3w uda\u0142o si\u0119 do Galilei na g\u00f3r\u0119, tam gdzie Jezus im poleci\u0142. A gdy Go ujrzeli, oddali Mu pok\u0142on. Niekt\u00f3rzy jednak w\u0105tpili.<\/p>\n<p style=\"text-align: justify;\">Wtedy Jezus zbli\u017cy\u0142 si\u0119 do nich i przem\u00f3wi\u0142 tymi s\u0142owami: \u201eDana Mi jest wszelka w\u0142adza w niebie i na ziemi. Id\u017acie wi\u0119c i nauczajcie wszystkie narody, udzielaj\u0105c im chrztu w imi\u0119 Ojca i Syna, i Ducha \u015awi\u0119tego. Uczcie je zachowywa\u0107 wszystko, co wam przykaza\u0142em.<\/p>\n<p style=\"text-align: justify;\">A oto Ja jestem z wami przez wszystkie dni, a\u017c do sko\u0144czenia \u015bwiata\u201d.<\/p>\n<strong data-rich-text-format-boundary=\"true\">Refleksja nad S\u0142owem Bo\u017cym<\/strong>\n<p style=\"text-align: justify;\">W imi\u0119 Ojca i Syna, i Ducha \u015awi\u0119tego:<\/p>\n<p style=\"text-align: justify;\">Pi\u0119kny i g\u0142\u0119boki jest znak krzy\u017ca kre\u015blony przez matk\u0119 lub ojca na czole syna lub c\u00f3rki, kt\u00f3remu towarzysz\u0105 s\u0142owa: \u201eNiech Ci\u0119 B\u00f3g prowadzi\u201d, przywodz\u0105 na my\u015bl w\u0142a\u015bnie Tr\u00f3jc\u0119 \u015awi\u0119t\u0105. Tajemnica Tr\u00f3jcy \u015awi\u0119tej jest dla nas wezwaniem i zadaniem, aby\u015bmy uczyli si\u0119 w\u0142a\u015bciwie budowa\u0107 nasz\u0105 wi\u0119\u017a z Bogiem, a tak\u017ce nasze wzajemne wi\u0119zi i relacje. S\u0142uga Bo\u017cy Ksi\u0105dz Kardyna\u0142, Stefan Wyszy\u0144ski cz\u0119sto m\u00f3wi\u0142, \u017ce nasze \u017cycie wsp\u00f3lnotowe, spo\u0142eczne powinno by\u0107 odbiciem \u017cycia wewn\u0119trznego Tr\u00f3jcy Przenaj\u015bwi\u0119tszej. Wype\u0142nione mi\u0142o\u015bci\u0105, wi\u0119zi\u0105, jedno\u015bci\u0105 i pokojem.<\/p>\n<p style=\"text-align: justify;\">Chwa\u0142a Tobie, Tr\u00f3jco Przenaj\u015bwi\u0119tsza! Chwa\u0142a Ojcu i Synowi, i Duchowi \u015awi\u0119temu!<\/p>\n\n\n<hr>\n\n<h3><strong>Zapowiedzi przedma\u0142\u017ce\u0144skie<\/strong><\/h3>\n\n<hr>\n\n<h3><strong>Odes<\/strong><strong>zli do wieczno\u015bc<\/strong><strong>i<\/strong><\/h3>\n\n<hr>\n\n<h3><strong style=\"color: revert; font-size: revert;\">Spotkania grup duszpasterskich<\/strong><\/h3>\n\n<hr>\n\n<h3><strong>Intencje modlitewne na maj<\/strong><\/h3>\n<strong>Og\u00f3lna:<\/strong>\n\nAby siostry i bracia zakonni oraz seminarzy\u015bci wzrastali w swoim powo\u0142aniu, dobrze korzystaj\u0105c z formacji ludzkiej, religijnej, duchowej i wsp\u00f3lnotowej,&nbsp; dzi\u0119ki czemu stan\u0105 si\u0119 wiarygodnymi \u015bwiadkami ewangelii.&nbsp;\n\n<strong>Diecezjalna:<\/strong>\n\nAby\u015bmy \u015bwiadomie i z \u017cyw\u0105 wiar\u0105 uczestniczyli w \u017cyciu i misji Ko\u015bcio\u0142a.\n\n\n\n&nbsp;\n\n","protected":false},"excerpt":{"rendered":"<p>1.W uroczysto\u015b\u0107 Tr\u00f3jcy Przenaj\u015bwi\u0119tszej, ze szczeg\u00f3ln\u0105 czci\u0105 Ko\u015bci\u00f3\u0142 wypowiada modlitw\u0119: \u201eChwa\u0142a Ojcu i Synowi, i Duchowi \u015awi\u0119temu\u2026\u201d. Warto te\u017c zda\u0107 sobie spraw\u0119, \u017ce ile razy \u015bwiadomie i pobo\u017cnie wykonujemy znak [&hellip;]<\/p>\n","protected":false},"author":1,"featured_media":0,"comment_status":"closed","ping_status":"open","sticky":false,"template":"","format":"standard","meta":{"ngg_post_thumbnail":0,"footnotes":""},"categories":[1,4],"tags":[],"yoast_head":"<!-- This site is optimized with the Yoast SEO plugin v23.2 - https:\/\/yoast.com\/wordpress\/plugins\/seo\/ -->\n<title>Niedziela Tr\u00f3jcy \u015awi\u0119tej\u00a0 - Parafia w Klimk\u00f3wce<\/title>\n<meta name=\"robots\" content=\"index, follow, max-snippet:-1, max-image-preview:large, max-video-preview:-1\" \/>\n<link rel=\"canonical\" href=\"https:\/\/parafiaklimkowka.pl\/index.php\/2024\/05\/26\/niedziela-trojcy-swietej-3\/\" \/>\n<meta property=\"og:locale\" content=\"pl_PL\" \/>\n<meta property=\"og:type\" content=\"article\" \/>\n<meta property=\"og:title\" content=\"Niedziela Tr\u00f3jcy \u015awi\u0119tej\u00a0 - Parafia w Klimk\u00f3wce\" \/>\n<meta property=\"og:description\" content=\"1.W uroczysto\u015b\u0107 Tr\u00f3jcy Przenaj\u015bwi\u0119tszej, ze szczeg\u00f3ln\u0105 czci\u0105 Ko\u015bci\u00f3\u0142 wypowiada modlitw\u0119: \u201eChwa\u0142a Ojcu i Synowi, i Duchowi \u015awi\u0119temu\u2026\u201d. Warto te\u017c zda\u0107 sobie spraw\u0119, \u017ce ile razy \u015bwiadomie i pobo\u017cnie wykonujemy znak [&hellip;]\" \/>\n<meta property=\"og:url\" content=\"https:\/\/parafiaklimkowka.pl\/index.php\/2024\/05\/26\/niedziela-trojcy-swietej-3\/\" \/>\n<meta property=\"og:site_name\" content=\"Parafia w Klimk\u00f3wce\" \/>\n<meta property=\"article:published_time\" content=\"2024-05-26T12:46:01+00:00\" \/>\n<meta property=\"article:modified_time\" content=\"2024-06-01T18:15:58+00:00\" \/>\n<meta name=\"author\" content=\"kadmins70\" \/>\n<meta name=\"twitter:card\" content=\"summary_large_image\" \/>\n<meta name=\"twitter:label1\" content=\"Napisane przez\" \/>\n\t<meta name=\"twitter:data1\" content=\"kadmins70\" \/>\n\t<meta name=\"twitter:label2\" content=\"Szacowany czas czytania\" \/>\n\t<meta name=\"twitter:data2\" content=\"4 minuty\" \/>\n<script type=\"application\/ld+json\" class=\"yoast-schema-graph\">{\"@context\":\"https:\/\/schema.org\",\"@graph\":[{\"@type\":\"Article\",\"@id\":\"https:\/\/parafiaklimkowka.pl\/index.php\/2024\/05\/26\/niedziela-trojcy-swietej-3\/#article\",\"isPartOf\":{\"@id\":\"https:\/\/parafiaklimkowka.pl\/index.php\/2024\/05\/26\/niedziela-trojcy-swietej-3\/\"},\"author\":{\"name\":\"kadmins70\",\"@id\":\"https:\/\/parafiaklimkowka.pl\/#\/schema\/person\/8411339f73ed143172a1fc20b8c20562\"},\"headline\":\"Niedziela Tr\u00f3jcy \u015awi\u0119tej\u00a0\",\"datePublished\":\"2024-05-26T12:46:01+00:00\",\"dateModified\":\"2024-06-01T18:15:58+00:00\",\"mainEntityOfPage\":{\"@id\":\"https:\/\/parafiaklimkowka.pl\/index.php\/2024\/05\/26\/niedziela-trojcy-swietej-3\/\"},\"wordCount\":750,\"publisher\":{\"@id\":\"https:\/\/parafiaklimkowka.pl\/#organization\"},\"articleSection\":[\"Aktualno\u015bci\",\"Og\u0142oszenia duszpasterskie\"],\"inLanguage\":\"pl-PL\"},{\"@type\":\"WebPage\",\"@id\":\"https:\/\/parafiaklimkowka.pl\/index.php\/2024\/05\/26\/niedziela-trojcy-swietej-3\/\",\"url\":\"https:\/\/parafiaklimkowka.pl\/index.php\/2024\/05\/26\/niedziela-trojcy-swietej-3\/\",\"name\":\"Niedziela Tr\u00f3jcy \u015awi\u0119tej\u00a0 - Parafia w Klimk\u00f3wce\",\"isPartOf\":{\"@id\":\"https:\/\/parafiaklimkowka.pl\/#website\"},\"datePublished\":\"2024-05-26T12:46:01+00:00\",\"dateModified\":\"2024-06-01T18:15:58+00:00\",\"breadcrumb\":{\"@id\":\"https:\/\/parafiaklimkowka.pl\/index.php\/2024\/05\/26\/niedziela-trojcy-swietej-3\/#breadcrumb\"},\"inLanguage\":\"pl-PL\",\"potentialAction\":[{\"@type\":\"ReadAction\",\"target\":[\"https:\/\/parafiaklimkowka.pl\/index.php\/2024\/05\/26\/niedziela-trojcy-swietej-3\/\"]}]},{\"@type\":\"BreadcrumbList\",\"@id\":\"https:\/\/parafiaklimkowka.pl\/index.php\/2024\/05\/26\/niedziela-trojcy-swietej-3\/#breadcrumb\",\"itemListElement\":[{\"@type\":\"ListItem\",\"position\":1,\"name\":\"Strona g\u0142\u00f3wna\",\"item\":\"https:\/\/parafiaklimkowka.pl\/\"},{\"@type\":\"ListItem\",\"position\":2,\"name\":\"Niedziela Tr\u00f3jcy \u015awi\u0119tej\u00a0\"}]},{\"@type\":\"WebSite\",\"@id\":\"https:\/\/parafiaklimkowka.pl\/#website\",\"url\":\"https:\/\/parafiaklimkowka.pl\/\",\"name\":\"Parafia w Klimk\u00f3wce\",\"description\":\"pw. \u015aw. Micha\u0142a Archanio\u0142a\",\"publisher\":{\"@id\":\"https:\/\/parafiaklimkowka.pl\/#organization\"},\"potentialAction\":[{\"@type\":\"SearchAction\",\"target\":{\"@type\":\"EntryPoint\",\"urlTemplate\":\"https:\/\/parafiaklimkowka.pl\/?s={search_term_string}\"},\"query-input\":\"required name=search_term_string\"}],\"inLanguage\":\"pl-PL\"},{\"@type\":\"Organization\",\"@id\":\"https:\/\/parafiaklimkowka.pl\/#organization\",\"name\":\"Parafia p.w. \u015bw. Micha\u0142a Archanio\u0142a w Klimk\u00f3wce\",\"url\":\"https:\/\/parafiaklimkowka.pl\/\",\"logo\":{\"@type\":\"ImageObject\",\"inLanguage\":\"pl-PL\",\"@id\":\"https:\/\/parafiaklimkowka.pl\/#\/schema\/logo\/image\/\",\"url\":\"http:\/\/parafiaklimkowka.pl\/wp-content\/uploads\/2019\/10\/anio\u01428_jpeg.jpg\",\"contentUrl\":\"http:\/\/parafiaklimkowka.pl\/wp-content\/uploads\/2019\/10\/anio\u01428_jpeg.jpg\",\"width\":658,\"height\":483,\"caption\":\"Parafia p.w. \u015bw. Micha\u0142a Archanio\u0142a w Klimk\u00f3wce\"},\"image\":{\"@id\":\"https:\/\/parafiaklimkowka.pl\/#\/schema\/logo\/image\/\"}},{\"@type\":\"Person\",\"@id\":\"https:\/\/parafiaklimkowka.pl\/#\/schema\/person\/8411339f73ed143172a1fc20b8c20562\",\"name\":\"kadmins70\",\"image\":{\"@type\":\"ImageObject\",\"inLanguage\":\"pl-PL\",\"@id\":\"https:\/\/parafiaklimkowka.pl\/#\/schema\/person\/image\/\",\"url\":\"https:\/\/secure.gravatar.com\/avatar\/2f1a9b134b0f743459e06c66845f8cf1?s=96&d=mm&r=g\",\"contentUrl\":\"https:\/\/secure.gravatar.com\/avatar\/2f1a9b134b0f743459e06c66845f8cf1?s=96&d=mm&r=g\",\"caption\":\"kadmins70\"}}]}<\/script>\n<!-- \/ Yoast SEO plugin. -->","yoast_head_json":{"title":"Niedziela Tr\u00f3jcy \u015awi\u0119tej\u00a0 - Parafia w Klimk\u00f3wce","robots":{"index":"index","follow":"follow","max-snippet":"max-snippet:-1","max-image-preview":"max-image-preview:large","max-video-preview":"max-video-preview:-1"},"canonical":"https:\/\/parafiaklimkowka.pl\/index.php\/2024\/05\/26\/niedziela-trojcy-swietej-3\/","og_locale":"pl_PL","og_type":"article","og_title":"Niedziela Tr\u00f3jcy \u015awi\u0119tej\u00a0 - Parafia w Klimk\u00f3wce","og_description":"1.W uroczysto\u015b\u0107 Tr\u00f3jcy Przenaj\u015bwi\u0119tszej, ze szczeg\u00f3ln\u0105 czci\u0105 Ko\u015bci\u00f3\u0142 wypowiada modlitw\u0119: \u201eChwa\u0142a Ojcu i Synowi, i Duchowi \u015awi\u0119temu\u2026\u201d. Warto te\u017c zda\u0107 sobie spraw\u0119, \u017ce ile razy \u015bwiadomie i pobo\u017cnie wykonujemy znak [&hellip;]","og_url":"https:\/\/parafiaklimkowka.pl\/index.php\/2024\/05\/26\/niedziela-trojcy-swietej-3\/","og_site_name":"Parafia w Klimk\u00f3wce","article_published_time":"2024-05-26T12:46:01+00:00","article_modified_time":"2024-06-01T18:15:58+00:00","author":"kadmins70","twitter_card":"summary_large_image","twitter_misc":{"Napisane przez":"kadmins70","Szacowany czas czytania":"4 minuty"},"schema":{"@context":"https:\/\/schema.org","@graph":[{"@type":"Article","@id":"https:\/\/parafiaklimkowka.pl\/index.php\/2024\/05\/26\/niedziela-trojcy-swietej-3\/#article","isPartOf":{"@id":"https:\/\/parafiaklimkowka.pl\/index.php\/2024\/05\/26\/niedziela-trojcy-swietej-3\/"},"author":{"name":"kadmins70","@id":"https:\/\/parafiaklimkowka.pl\/#\/schema\/person\/8411339f73ed143172a1fc20b8c20562"},"headline":"Niedziela Tr\u00f3jcy \u015awi\u0119tej\u00a0","datePublished":"2024-05-26T12:46:01+00:00","dateModified":"2024-06-01T18:15:58+00:00","mainEntityOfPage":{"@id":"https:\/\/parafiaklimkowka.pl\/index.php\/2024\/05\/26\/niedziela-trojcy-swietej-3\/"},"wordCount":750,"publisher":{"@id":"https:\/\/parafiaklimkowka.pl\/#organization"},"articleSection":["Aktualno\u015bci","Og\u0142oszenia duszpasterskie"],"inLanguage":"pl-PL"},{"@type":"WebPage","@id":"https:\/\/parafiaklimkowka.pl\/index.php\/2024\/05\/26\/niedziela-trojcy-swietej-3\/","url":"https:\/\/parafiaklimkowka.pl\/index.php\/2024\/05\/26\/niedziela-trojcy-swietej-3\/","name":"Niedziela Tr\u00f3jcy \u015awi\u0119tej\u00a0 - Parafia w Klimk\u00f3wce","isPartOf":{"@id":"https:\/\/parafiaklimkowka.pl\/#website"},"datePublished":"2024-05-26T12:46:01+00:00","dateModified":"2024-06-01T18:15:58+00:00","breadcrumb":{"@id":"https:\/\/parafiaklimkowka.pl\/index.php\/2024\/05\/26\/niedziela-trojcy-swietej-3\/#breadcrumb"},"inLanguage":"pl-PL","potentialAction":[{"@type":"ReadAction","target":["https:\/\/parafiaklimkowka.pl\/index.php\/2024\/05\/26\/niedziela-trojcy-swietej-3\/"]}]},{"@type":"BreadcrumbList","@id":"https:\/\/parafiaklimkowka.pl\/index.php\/2024\/05\/26\/niedziela-trojcy-swietej-3\/#breadcrumb","itemListElement":[{"@type":"ListItem","position":1,"name":"Strona g\u0142\u00f3wna","item":"https:\/\/parafiaklimkowka.pl\/"},{"@type":"ListItem","position":2,"name":"Niedziela Tr\u00f3jcy \u015awi\u0119tej\u00a0"}]},{"@type":"WebSite","@id":"https:\/\/parafiaklimkowka.pl\/#website","url":"https:\/\/parafiaklimkowka.pl\/","name":"Parafia w Klimk\u00f3wce","description":"pw. \u015aw. Micha\u0142a Archanio\u0142a","publisher":{"@id":"https:\/\/parafiaklimkowka.pl\/#organization"},"potentialAction":[{"@type":"SearchAction","target":{"@type":"EntryPoint","urlTemplate":"https:\/\/parafiaklimkowka.pl\/?s={search_term_string}"},"query-input":"required name=search_term_string"}],"inLanguage":"pl-PL"},{"@type":"Organization","@id":"https:\/\/parafiaklimkowka.pl\/#organization","name":"Parafia p.w. \u015bw. Micha\u0142a Archanio\u0142a w Klimk\u00f3wce","url":"https:\/\/parafiaklimkowka.pl\/","logo":{"@type":"ImageObject","inLanguage":"pl-PL","@id":"https:\/\/parafiaklimkowka.pl\/#\/schema\/logo\/image\/","url":"http:\/\/parafiaklimkowka.pl\/wp-content\/uploads\/2019\/10\/anio\u01428_jpeg.jpg","contentUrl":"http:\/\/parafiaklimkowka.pl\/wp-content\/uploads\/2019\/10\/anio\u01428_jpeg.jpg","width":658,"height":483,"caption":"Parafia p.w. \u015bw. Micha\u0142a Archanio\u0142a w Klimk\u00f3wce"},"image":{"@id":"https:\/\/parafiaklimkowka.pl\/#\/schema\/logo\/image\/"}},{"@type":"Person","@id":"https:\/\/parafiaklimkowka.pl\/#\/schema\/person\/8411339f73ed143172a1fc20b8c20562","name":"kadmins70","image":{"@type":"ImageObject","inLanguage":"pl-PL","@id":"https:\/\/parafiaklimkowka.pl\/#\/schema\/person\/image\/","url":"https:\/\/secure.gravatar.com\/avatar\/2f1a9b134b0f743459e06c66845f8cf1?s=96&d=mm&r=g","contentUrl":"https:\/\/secure.gravatar.com\/avatar\/2f1a9b134b0f743459e06c66845f8cf1?s=96&d=mm&r=g","caption":"kadmins70"}}]}},"_links":{"self":[{"href":"https:\/\/parafiaklimkowka.pl\/index.php\/wp-json\/wp\/v2\/posts\/10947"}],"collection":[{"href":"https:\/\/parafiaklimkowka.pl\/index.php\/wp-json\/wp\/v2\/posts"}],"about":[{"href":"https:\/\/parafiaklimkowka.pl\/index.php\/wp-json\/wp\/v2\/types\/post"}],"author":[{"embeddable":true,"href":"https:\/\/parafiaklimkowka.pl\/index.php\/wp-json\/wp\/v2\/users\/1"}],"replies":[{"embeddable":true,"href":"https:\/\/parafiaklimkowka.pl\/index.php\/wp-json\/wp\/v2\/comments?post=10947"}],"version-history":[{"count":1,"href":"https:\/\/parafiaklimkowka.pl\/index.php\/wp-json\/wp\/v2\/posts\/10947\/revisions"}],"predecessor-version":[{"id":10948,"href":"https:\/\/parafiaklimkowka.pl\/index.php\/wp-json\/wp\/v2\/posts\/10947\/revisions\/10948"}],"wp:attachment":[{"href":"https:\/\/parafiaklimkowka.pl\/index.php\/wp-json\/wp\/v2\/media?parent=10947"}],"wp:term":[{"taxonomy":"category","embeddable":true,"href":"https:\/\/parafiaklimkowka.pl\/index.php\/wp-json\/wp\/v2\/categories?post=10947"},{"taxonomy":"post_tag","embeddable":true,"href":"https:\/\/parafiaklimkowka.pl\/index.php\/wp-json\/wp\/v2\/tags?post=10947"}],"curies":[{"name":"wp","href":"https:\/\/api.w.org\/{rel}","templated":true}]}}