{"id":11417,"date":"2024-08-18T21:01:01","date_gmt":"2024-08-18T19:01:01","guid":{"rendered":"https:\/\/parafiaklimkowka.pl\/?p=11417"},"modified":"2024-08-24T13:48:15","modified_gmt":"2024-08-24T11:48:15","slug":"xx-niedziela-zwykla-4","status":"publish","type":"post","link":"https:\/\/parafiaklimkowka.pl\/index.php\/2024\/08\/18\/xx-niedziela-zwykla-4\/","title":{"rendered":"XX Niedziela Zwyk\u0142a"},"content":{"rendered":"<p style=\"text-align: justify;\"><strong>1.W sierpniu cz\u0119sto nasze my\u015bli i modlitwy kierujemy do Matki Bo\u017cej.<\/strong> Wczoraj celebrowali\u015bmy jedn\u0105 z najwi\u0119kszych uroczysto\u015bci w Ko\u015bciele: Wniebowzi\u0119cie Naj\u015bwi\u0119tszej Maryi Panny. W czwartek, 22 sierpnia, b\u0119dziemy radowali si\u0119 Maryj\u0105 \u2013 Kr\u00f3low\u0105. Od najwcze\u015bniejszych wiek\u00f3w Ko\u015bci\u00f3\u0142 wierzy\u0142 w kr\u00f3lowanie Maryi. Wiele narod\u00f3w i pa\u0144stw obra\u0142o Maryj\u0119 za swoj\u0105 Kr\u00f3low\u0105. Tak\u017ce i nasz nar\u00f3d, odczytuj\u0105c znaki czasu, powierzy\u0142 Jej swoje losy. Tak uczyni\u0142 w\u0142a\u015bnie kr\u00f3l Jan Kazimierz 1 kwietnia 1656 roku w katedrze lwowskiej, dzi\u0119kuj\u0105c za ocalenie podczas najazdu szwedzkiego. Uroczy\u015bcie uzna\u0142 ten fakt papie\u017c Pius XII w 1954 roku. Pami\u0119tajmy, \u017ce Maryja jest Kr\u00f3low\u0105 wszystkich, gdy\u017c wyda\u0142a na \u015bwiat Syna \u2013 Kr\u00f3la i Pana wszystkiego.<\/p>\n<p style=\"text-align: justify;\">2.<strong>W wielu parafialnych \u015bwi\u0105tyniach i sanktuariach dzi\u0119kujemy za tegoroczne zbiory.<\/strong> Zwyczaj ten spotykamy w Ko\u015bciele ju\u017c od IX wieku. Dojrza\u0142e owoce, kwiaty i zbo\u017ca s\u0105 symbolem dojrza\u0142o\u015bci duchowej Maryi i pe\u0142ni \u0142ask, jakimi Pan B\u00f3g J\u0105 obdarzy\u0142. Podczas tego dzi\u0119kczynienia w naszej wsp\u00f3lnocie prze\u017cywali\u015bmy ten dzie\u0144 wczoraj. <strong>Dzi\u0119kuj\u0119 za przygotowanie pi\u0119knego wie\u0144ca do\u017cynkowego Kole Gospody\u0144, dzi\u0119kuj\u0119 za animacj\u0119 Liturgii Mszy \u015awi\u0119tej. W czasie Mszy&nbsp; prosili\u015bmy&nbsp; Ojca w niebie, aby zebrane p\u0142ody ziemi s\u0142u\u017cy\u0142y wsp\u00f3lnemu dobru. <\/strong>Dlatego te\u017c modlitewn\u0105 pami\u0119ci\u0105 obejmujemy wszystkich, kt\u00f3rzy w\u0142asn\u0105 prac\u0105 zadbali o ich obfito\u015b\u0107, ale r\u00f3wnie\u017c tych, od kt\u00f3rych b\u0119dzie zale\u017ca\u0142 sprawiedliwy podzia\u0142 tych d\u00f3br.<\/p>\n<p style=\"text-align: justify;\">3.<strong>W tym tygodniu Msze \u015awi\u0119te w dni powszednie, we wtorek i w \u015brod\u0119 o godzinie 18.00, w poniedzia\u0142ek, czwartek, pi\u0105tek i sobot\u0119 o godzinie 8.00. Msza niedzielna w sobot\u0119 o godzinie 18.00 i w sobot\u0119 trzy dodatkowe Msze \u015blubne o godzinie 14.00, 15.00 i 16.00.<\/strong><\/p>\n<p style=\"text-align: justify;\">4.Przysz\u0142a niedziela jest ostatni\u0105 niedziel\u0105 miesi\u0105ca, sk\u0142adka mszalna zbierana przez Rad\u0119 Parafialn\u0105 z przeznaczeniem na potrzeby naszej Parafii i Ko\u015bcio\u0142a.<\/p>\n<p style=\"text-align: justify;\">5.<strong>W ca\u0142ej Polsce trwa akcja zbierania podpis\u00f3w, pod petycj\u0105 do Ministerstwa O\u015bwiaty w sprawie nauczania religii w szkole. Pe\u0142ny tekst protestu na naszej stronie internetowej, stronie Archidiecezji przemyskiej i na stoliku pod ch\u00f3rem. Jako katolicy nie pozw\u00f3lmy aby nasze dzieci by\u0142y wychowywane bez podstaw chrze\u015bcija\u0144skich, aby religia sta\u0142a si\u0119 przedmiotem drugiej kategorii, a kiedy\u015b aby zosta\u0142a usuni\u0119ta ze Szko\u0142y.<\/strong><\/p>\n<p><strong>Akcj\u0119 zbierania podpis\u00f3w w naszej Parafii prowadzi Akcja Katolicka.<\/strong><\/p>\n<p style=\"text-align: justify;\">6. Dzi\u0119kujemy za sprz\u0105tanie Ko\u015bcio\u0142a tym osobom, kt\u00f3re to uczyni\u0142y w minionym tygodniu,&nbsp; a na sobot\u0119, <strong>na godzin\u0119 8.30 zapraszamy wiernych, z ulicy Zdrojowej, numery 251, 253, 255, 257&nbsp; (Ko\u015bci\u00f3\u0142) i z ulicy Zdrojowej, numery 259, 261, 267 (Ko\u015bci\u00f3\u0142ek).<\/strong><\/p>\n<hr>\n<p><em><strong>Ewangelia wed\u0142ug \u015awi\u0119tego Jana<\/strong><\/em><\/p>\n<p>Jezus powiedzia\u0142 do t\u0142um\u00f3w:<\/p>\n<p style=\"text-align: justify;\">\u201eJa jestem chlebem \u017cywym, kt\u00f3ry zst\u0105pi\u0142 z nieba. Je\u015bli kto spo\u017cywa ten chleb, b\u0119dzie \u017cy\u0142 na wieki. Chlebem, kt\u00f3ry Ja dam, jest moje cia\u0142o za \u017cycia \u015bwiata\u201d.<\/p>\n<p>Sprzeczali si\u0119 wi\u0119c mi\u0119dzy sob\u0105 \u017bydzi m\u00f3wi\u0105c: \u201eJak On mo\u017ce nam da\u0107 swoje cia\u0142o na po\u017cywienie?\u201d<\/p>\n<p>Rzek\u0142 do nich Jezus:<\/p>\n<p style=\"text-align: justify;\">\u201eZaprawd\u0119, zaprawd\u0119 powiadam wam: Je\u017celi nie b\u0119dziecie spo\u017cywa\u0107 cia\u0142a Syna Cz\u0142owieczego i nie b\u0119dziecie pili krwi Jego, nie b\u0119dziecie mieli \u017cycia w sobie. Kto spo\u017cywa moje cia\u0142o i pije moj\u0105 krew, ma \u017cycie wieczne, a Ja go wskrzesz\u0119 w dniu ostatecznym.<\/p>\n<p style=\"text-align: justify;\">Cia\u0142o moje jest prawdziwym pokarmem, a krew moja jest prawdziwym napojem. Kto spo\u017cywa moje cia\u0142o i krew moj\u0105 pije, trwa we Mnie, a Ja w nim. Jak Mnie pos\u0142a\u0142 \u017cyj\u0105cy Ojciec, a Ja \u017cyj\u0119 przez Ojca, tak i ten, kto Mnie spo\u017cywa, b\u0119dzie \u017cy\u0142 przeze Mnie.<\/p>\n<p style=\"text-align: justify;\">To jest chleb, kt\u00f3ry z nieba zst\u0105pi\u0142 &#8211; nie jest on taki jak ten, kt\u00f3ry jedli wasi przodkowie, a poumierali. Kto spo\u017cywa ten chleb, b\u0119dzie \u017cy\u0142 na wieki\u201d.<\/p>\n<p><strong>Refleksja nad S\u0142owem Bo\u017cym:<\/strong><\/p>\n<p style=\"text-align: justify;\">Ju\u017c kolejny raz w tym miesi\u0105cu s\u0142uchamy zach\u0119ty Jezusa, aby spo\u017cywa\u0107 Jego Cia\u0142o. To nie jest przypadek. To wyra\u017any znak, aby\u015bmy si\u0119gn\u0119li po ten pokarm, kt\u00f3ry daje \u017cycie wieczne. \u201eJe\u017celi nie b\u0119dziecie spo\u017cywa\u0107 cia\u0142a Syna Cz\u0142owieczego&#8230; nie b\u0119dziecie mieli \u017cycia w sobie\u201d. Ton Jezusa jest wyra\u017anie rozkazuj\u0105cy. On nie prosi \u2013 On nawo\u0142uje. \u201eNie b\u0119dziecie mieli \u017cycia w sobie\u201d.<\/p>\n<p style=\"text-align: justify;\">Nie b\u0105d\u017amy uparci, ale zr\u00f3bmy wszystko, aby pos\u0142ucha\u0107 wo\u0142ania Jezusa. Nie post\u0119pujmy jak niem\u0105drzy, ale dajmy si\u0119 przekona\u0107. Postarajmy si\u0119 zrozumie\u0107 wol\u0119 Boga. Perspektywa jest oczywista: albo przegramy \u017cycie, albo wygramy. Przegramy, gdy nie pos\u0142uchamy Boga. Wygramy, je\u015bli wykorzystamy chwil\u0119 sposobn\u0105&#8230;<\/p>\n<hr>\n<h3><strong>Zapowiedzi przedma\u0142\u017ce\u0144skie<\/strong><\/h3>\n<p>Maciej Piotr Szufnarowski, zamieszka\u0142y we Wrocance, Parafia Narodzenia NMP w Tarnowcu<\/p>\n<p>i<\/p>\n<p>Agnieszka El\u017cbieta Wilusz, zamieszka\u0142a w Klimk\u00f3wce, ulica Zdrojowa, Parafia \u015awi\u0119tego Micha\u0142a Archanio\u0142a w Klimk\u00f3wce<\/p>\n<hr>\n<h3><strong>Odes<\/strong><strong>zli do wieczno\u015bc<\/strong><strong>i<\/strong><\/h3>\n<hr>\n<h3><strong>Spotkania grup duszpasterskich<\/strong><\/h3>\n<hr>\n<h3><strong>Intencje modlitewne na sierpie\u0144<\/strong><\/h3>\n<p><strong>Og\u00f3lna:<\/strong><\/p>\n<p>Aby przyw\u00f3dcy polityczni s\u0142u\u017cyli obywatelom, pracuj\u0105c dla integralnego rozwoju cz\u0142owieka i dla dobra wsp\u00f3lnego, szczeg\u00f3lnie troszcz\u0105c si\u0119 o najubo\u017cszych i tych, kt\u00f3rzy stracili prac\u0119.<\/p>\n<p><strong>Diecezjalna:<\/strong><\/p>\n<p>Aby\u015bmy mieli odwag\u0119 wyznawa\u0107 swoj\u0105 wiar\u0119 w s\u0142owach i czynach.<\/p>\n\n\n<p><\/p>\n","protected":false},"excerpt":{"rendered":"<p>1.W sierpniu cz\u0119sto nasze my\u015bli i modlitwy kierujemy do Matki Bo\u017cej. Wczoraj celebrowali\u015bmy jedn\u0105 z najwi\u0119kszych uroczysto\u015bci w Ko\u015bciele: Wniebowzi\u0119cie Naj\u015bwi\u0119tszej Maryi Panny. W czwartek, 22 sierpnia, b\u0119dziemy radowali si\u0119 [&hellip;]<\/p>\n","protected":false},"author":1,"featured_media":0,"comment_status":"closed","ping_status":"open","sticky":false,"template":"","format":"standard","meta":{"ngg_post_thumbnail":0,"footnotes":""},"categories":[1,4],"tags":[],"yoast_head":"<!-- This site is optimized with the Yoast SEO plugin v23.2 - https:\/\/yoast.com\/wordpress\/plugins\/seo\/ -->\n<title>XX Niedziela Zwyk\u0142a - Parafia w Klimk\u00f3wce<\/title>\n<meta name=\"robots\" content=\"index, follow, max-snippet:-1, max-image-preview:large, max-video-preview:-1\" \/>\n<link rel=\"canonical\" href=\"https:\/\/parafiaklimkowka.pl\/index.php\/2024\/08\/18\/xx-niedziela-zwykla-4\/\" \/>\n<meta property=\"og:locale\" content=\"pl_PL\" \/>\n<meta property=\"og:type\" content=\"article\" \/>\n<meta property=\"og:title\" content=\"XX Niedziela Zwyk\u0142a - Parafia w Klimk\u00f3wce\" \/>\n<meta property=\"og:description\" content=\"1.W sierpniu cz\u0119sto nasze my\u015bli i modlitwy kierujemy do Matki Bo\u017cej. Wczoraj celebrowali\u015bmy jedn\u0105 z najwi\u0119kszych uroczysto\u015bci w Ko\u015bciele: Wniebowzi\u0119cie Naj\u015bwi\u0119tszej Maryi Panny. W czwartek, 22 sierpnia, b\u0119dziemy radowali si\u0119 [&hellip;]\" \/>\n<meta property=\"og:url\" content=\"https:\/\/parafiaklimkowka.pl\/index.php\/2024\/08\/18\/xx-niedziela-zwykla-4\/\" \/>\n<meta property=\"og:site_name\" content=\"Parafia w Klimk\u00f3wce\" \/>\n<meta property=\"article:published_time\" content=\"2024-08-18T19:01:01+00:00\" \/>\n<meta property=\"article:modified_time\" content=\"2024-08-24T11:48:15+00:00\" \/>\n<meta name=\"author\" content=\"kadmins70\" \/>\n<meta name=\"twitter:card\" content=\"summary_large_image\" \/>\n<meta name=\"twitter:label1\" content=\"Napisane przez\" \/>\n\t<meta name=\"twitter:data1\" content=\"kadmins70\" \/>\n\t<meta name=\"twitter:label2\" content=\"Szacowany czas czytania\" \/>\n\t<meta name=\"twitter:data2\" content=\"5 minut\" \/>\n<script type=\"application\/ld+json\" class=\"yoast-schema-graph\">{\"@context\":\"https:\/\/schema.org\",\"@graph\":[{\"@type\":\"Article\",\"@id\":\"https:\/\/parafiaklimkowka.pl\/index.php\/2024\/08\/18\/xx-niedziela-zwykla-4\/#article\",\"isPartOf\":{\"@id\":\"https:\/\/parafiaklimkowka.pl\/index.php\/2024\/08\/18\/xx-niedziela-zwykla-4\/\"},\"author\":{\"name\":\"kadmins70\",\"@id\":\"https:\/\/parafiaklimkowka.pl\/#\/schema\/person\/8411339f73ed143172a1fc20b8c20562\"},\"headline\":\"XX Niedziela Zwyk\u0142a\",\"datePublished\":\"2024-08-18T19:01:01+00:00\",\"dateModified\":\"2024-08-24T11:48:15+00:00\",\"mainEntityOfPage\":{\"@id\":\"https:\/\/parafiaklimkowka.pl\/index.php\/2024\/08\/18\/xx-niedziela-zwykla-4\/\"},\"wordCount\":904,\"publisher\":{\"@id\":\"https:\/\/parafiaklimkowka.pl\/#organization\"},\"articleSection\":[\"Aktualno\u015bci\",\"Og\u0142oszenia duszpasterskie\"],\"inLanguage\":\"pl-PL\"},{\"@type\":\"WebPage\",\"@id\":\"https:\/\/parafiaklimkowka.pl\/index.php\/2024\/08\/18\/xx-niedziela-zwykla-4\/\",\"url\":\"https:\/\/parafiaklimkowka.pl\/index.php\/2024\/08\/18\/xx-niedziela-zwykla-4\/\",\"name\":\"XX Niedziela Zwyk\u0142a - Parafia w Klimk\u00f3wce\",\"isPartOf\":{\"@id\":\"https:\/\/parafiaklimkowka.pl\/#website\"},\"datePublished\":\"2024-08-18T19:01:01+00:00\",\"dateModified\":\"2024-08-24T11:48:15+00:00\",\"breadcrumb\":{\"@id\":\"https:\/\/parafiaklimkowka.pl\/index.php\/2024\/08\/18\/xx-niedziela-zwykla-4\/#breadcrumb\"},\"inLanguage\":\"pl-PL\",\"potentialAction\":[{\"@type\":\"ReadAction\",\"target\":[\"https:\/\/parafiaklimkowka.pl\/index.php\/2024\/08\/18\/xx-niedziela-zwykla-4\/\"]}]},{\"@type\":\"BreadcrumbList\",\"@id\":\"https:\/\/parafiaklimkowka.pl\/index.php\/2024\/08\/18\/xx-niedziela-zwykla-4\/#breadcrumb\",\"itemListElement\":[{\"@type\":\"ListItem\",\"position\":1,\"name\":\"Strona g\u0142\u00f3wna\",\"item\":\"https:\/\/parafiaklimkowka.pl\/\"},{\"@type\":\"ListItem\",\"position\":2,\"name\":\"XX Niedziela Zwyk\u0142a\"}]},{\"@type\":\"WebSite\",\"@id\":\"https:\/\/parafiaklimkowka.pl\/#website\",\"url\":\"https:\/\/parafiaklimkowka.pl\/\",\"name\":\"Parafia w Klimk\u00f3wce\",\"description\":\"pw. \u015aw. Micha\u0142a Archanio\u0142a\",\"publisher\":{\"@id\":\"https:\/\/parafiaklimkowka.pl\/#organization\"},\"potentialAction\":[{\"@type\":\"SearchAction\",\"target\":{\"@type\":\"EntryPoint\",\"urlTemplate\":\"https:\/\/parafiaklimkowka.pl\/?s={search_term_string}\"},\"query-input\":\"required name=search_term_string\"}],\"inLanguage\":\"pl-PL\"},{\"@type\":\"Organization\",\"@id\":\"https:\/\/parafiaklimkowka.pl\/#organization\",\"name\":\"Parafia p.w. \u015bw. Micha\u0142a Archanio\u0142a w Klimk\u00f3wce\",\"url\":\"https:\/\/parafiaklimkowka.pl\/\",\"logo\":{\"@type\":\"ImageObject\",\"inLanguage\":\"pl-PL\",\"@id\":\"https:\/\/parafiaklimkowka.pl\/#\/schema\/logo\/image\/\",\"url\":\"http:\/\/parafiaklimkowka.pl\/wp-content\/uploads\/2019\/10\/anio\u01428_jpeg.jpg\",\"contentUrl\":\"http:\/\/parafiaklimkowka.pl\/wp-content\/uploads\/2019\/10\/anio\u01428_jpeg.jpg\",\"width\":658,\"height\":483,\"caption\":\"Parafia p.w. \u015bw. Micha\u0142a Archanio\u0142a w Klimk\u00f3wce\"},\"image\":{\"@id\":\"https:\/\/parafiaklimkowka.pl\/#\/schema\/logo\/image\/\"}},{\"@type\":\"Person\",\"@id\":\"https:\/\/parafiaklimkowka.pl\/#\/schema\/person\/8411339f73ed143172a1fc20b8c20562\",\"name\":\"kadmins70\",\"image\":{\"@type\":\"ImageObject\",\"inLanguage\":\"pl-PL\",\"@id\":\"https:\/\/parafiaklimkowka.pl\/#\/schema\/person\/image\/\",\"url\":\"https:\/\/secure.gravatar.com\/avatar\/2f1a9b134b0f743459e06c66845f8cf1?s=96&d=mm&r=g\",\"contentUrl\":\"https:\/\/secure.gravatar.com\/avatar\/2f1a9b134b0f743459e06c66845f8cf1?s=96&d=mm&r=g\",\"caption\":\"kadmins70\"}}]}<\/script>\n<!-- \/ Yoast SEO plugin. -->","yoast_head_json":{"title":"XX Niedziela Zwyk\u0142a - Parafia w Klimk\u00f3wce","robots":{"index":"index","follow":"follow","max-snippet":"max-snippet:-1","max-image-preview":"max-image-preview:large","max-video-preview":"max-video-preview:-1"},"canonical":"https:\/\/parafiaklimkowka.pl\/index.php\/2024\/08\/18\/xx-niedziela-zwykla-4\/","og_locale":"pl_PL","og_type":"article","og_title":"XX Niedziela Zwyk\u0142a - Parafia w Klimk\u00f3wce","og_description":"1.W sierpniu cz\u0119sto nasze my\u015bli i modlitwy kierujemy do Matki Bo\u017cej. Wczoraj celebrowali\u015bmy jedn\u0105 z najwi\u0119kszych uroczysto\u015bci w Ko\u015bciele: Wniebowzi\u0119cie Naj\u015bwi\u0119tszej Maryi Panny. W czwartek, 22 sierpnia, b\u0119dziemy radowali si\u0119 [&hellip;]","og_url":"https:\/\/parafiaklimkowka.pl\/index.php\/2024\/08\/18\/xx-niedziela-zwykla-4\/","og_site_name":"Parafia w Klimk\u00f3wce","article_published_time":"2024-08-18T19:01:01+00:00","article_modified_time":"2024-08-24T11:48:15+00:00","author":"kadmins70","twitter_card":"summary_large_image","twitter_misc":{"Napisane przez":"kadmins70","Szacowany czas czytania":"5 minut"},"schema":{"@context":"https:\/\/schema.org","@graph":[{"@type":"Article","@id":"https:\/\/parafiaklimkowka.pl\/index.php\/2024\/08\/18\/xx-niedziela-zwykla-4\/#article","isPartOf":{"@id":"https:\/\/parafiaklimkowka.pl\/index.php\/2024\/08\/18\/xx-niedziela-zwykla-4\/"},"author":{"name":"kadmins70","@id":"https:\/\/parafiaklimkowka.pl\/#\/schema\/person\/8411339f73ed143172a1fc20b8c20562"},"headline":"XX Niedziela Zwyk\u0142a","datePublished":"2024-08-18T19:01:01+00:00","dateModified":"2024-08-24T11:48:15+00:00","mainEntityOfPage":{"@id":"https:\/\/parafiaklimkowka.pl\/index.php\/2024\/08\/18\/xx-niedziela-zwykla-4\/"},"wordCount":904,"publisher":{"@id":"https:\/\/parafiaklimkowka.pl\/#organization"},"articleSection":["Aktualno\u015bci","Og\u0142oszenia duszpasterskie"],"inLanguage":"pl-PL"},{"@type":"WebPage","@id":"https:\/\/parafiaklimkowka.pl\/index.php\/2024\/08\/18\/xx-niedziela-zwykla-4\/","url":"https:\/\/parafiaklimkowka.pl\/index.php\/2024\/08\/18\/xx-niedziela-zwykla-4\/","name":"XX Niedziela Zwyk\u0142a - Parafia w Klimk\u00f3wce","isPartOf":{"@id":"https:\/\/parafiaklimkowka.pl\/#website"},"datePublished":"2024-08-18T19:01:01+00:00","dateModified":"2024-08-24T11:48:15+00:00","breadcrumb":{"@id":"https:\/\/parafiaklimkowka.pl\/index.php\/2024\/08\/18\/xx-niedziela-zwykla-4\/#breadcrumb"},"inLanguage":"pl-PL","potentialAction":[{"@type":"ReadAction","target":["https:\/\/parafiaklimkowka.pl\/index.php\/2024\/08\/18\/xx-niedziela-zwykla-4\/"]}]},{"@type":"BreadcrumbList","@id":"https:\/\/parafiaklimkowka.pl\/index.php\/2024\/08\/18\/xx-niedziela-zwykla-4\/#breadcrumb","itemListElement":[{"@type":"ListItem","position":1,"name":"Strona g\u0142\u00f3wna","item":"https:\/\/parafiaklimkowka.pl\/"},{"@type":"ListItem","position":2,"name":"XX Niedziela Zwyk\u0142a"}]},{"@type":"WebSite","@id":"https:\/\/parafiaklimkowka.pl\/#website","url":"https:\/\/parafiaklimkowka.pl\/","name":"Parafia w Klimk\u00f3wce","description":"pw. \u015aw. Micha\u0142a Archanio\u0142a","publisher":{"@id":"https:\/\/parafiaklimkowka.pl\/#organization"},"potentialAction":[{"@type":"SearchAction","target":{"@type":"EntryPoint","urlTemplate":"https:\/\/parafiaklimkowka.pl\/?s={search_term_string}"},"query-input":"required name=search_term_string"}],"inLanguage":"pl-PL"},{"@type":"Organization","@id":"https:\/\/parafiaklimkowka.pl\/#organization","name":"Parafia p.w. \u015bw. Micha\u0142a Archanio\u0142a w Klimk\u00f3wce","url":"https:\/\/parafiaklimkowka.pl\/","logo":{"@type":"ImageObject","inLanguage":"pl-PL","@id":"https:\/\/parafiaklimkowka.pl\/#\/schema\/logo\/image\/","url":"http:\/\/parafiaklimkowka.pl\/wp-content\/uploads\/2019\/10\/anio\u01428_jpeg.jpg","contentUrl":"http:\/\/parafiaklimkowka.pl\/wp-content\/uploads\/2019\/10\/anio\u01428_jpeg.jpg","width":658,"height":483,"caption":"Parafia p.w. \u015bw. Micha\u0142a Archanio\u0142a w Klimk\u00f3wce"},"image":{"@id":"https:\/\/parafiaklimkowka.pl\/#\/schema\/logo\/image\/"}},{"@type":"Person","@id":"https:\/\/parafiaklimkowka.pl\/#\/schema\/person\/8411339f73ed143172a1fc20b8c20562","name":"kadmins70","image":{"@type":"ImageObject","inLanguage":"pl-PL","@id":"https:\/\/parafiaklimkowka.pl\/#\/schema\/person\/image\/","url":"https:\/\/secure.gravatar.com\/avatar\/2f1a9b134b0f743459e06c66845f8cf1?s=96&d=mm&r=g","contentUrl":"https:\/\/secure.gravatar.com\/avatar\/2f1a9b134b0f743459e06c66845f8cf1?s=96&d=mm&r=g","caption":"kadmins70"}}]}},"_links":{"self":[{"href":"https:\/\/parafiaklimkowka.pl\/index.php\/wp-json\/wp\/v2\/posts\/11417"}],"collection":[{"href":"https:\/\/parafiaklimkowka.pl\/index.php\/wp-json\/wp\/v2\/posts"}],"about":[{"href":"https:\/\/parafiaklimkowka.pl\/index.php\/wp-json\/wp\/v2\/types\/post"}],"author":[{"embeddable":true,"href":"https:\/\/parafiaklimkowka.pl\/index.php\/wp-json\/wp\/v2\/users\/1"}],"replies":[{"embeddable":true,"href":"https:\/\/parafiaklimkowka.pl\/index.php\/wp-json\/wp\/v2\/comments?post=11417"}],"version-history":[{"count":2,"href":"https:\/\/parafiaklimkowka.pl\/index.php\/wp-json\/wp\/v2\/posts\/11417\/revisions"}],"predecessor-version":[{"id":11420,"href":"https:\/\/parafiaklimkowka.pl\/index.php\/wp-json\/wp\/v2\/posts\/11417\/revisions\/11420"}],"wp:attachment":[{"href":"https:\/\/parafiaklimkowka.pl\/index.php\/wp-json\/wp\/v2\/media?parent=11417"}],"wp:term":[{"taxonomy":"category","embeddable":true,"href":"https:\/\/parafiaklimkowka.pl\/index.php\/wp-json\/wp\/v2\/categories?post=11417"},{"taxonomy":"post_tag","embeddable":true,"href":"https:\/\/parafiaklimkowka.pl\/index.php\/wp-json\/wp\/v2\/tags?post=11417"}],"curies":[{"name":"wp","href":"https:\/\/api.w.org\/{rel}","templated":true}]}}