{"id":12127,"date":"2025-02-16T14:28:51","date_gmt":"2025-02-16T13:28:51","guid":{"rendered":"https:\/\/parafiaklimkowka.pl\/?p=12127"},"modified":"2025-02-16T22:30:21","modified_gmt":"2025-02-16T21:30:21","slug":"12127","status":"publish","type":"post","link":"https:\/\/parafiaklimkowka.pl\/index.php\/2025\/02\/16\/12127\/","title":{"rendered":"VI\u00a0 Niedziela Zwyk\u0142a"},"content":{"rendered":"<ol>\n<li style=\"text-align: justify;\">\n<p style=\"text-align: justify;\">S\u0142owa dzisiejszej Ewangelii nie s\u0105 wy\u0142\u0105cznie przypomnieniem obowi\u0105zku troski o g\u0142odnych, ubogich i cierpi\u0105cych. Chrystus oczekuje od nas serc i umys\u0142\u00f3w zdolnych dostrzega\u0107 prawdziwe \u017ar\u00f3d\u0142a ludzkiej biedy. Pocz\u0105tkiem takiej postawy jest w\u0142a\u015bciwy dystans do wszystkiego, co sami posiadamy.<\/p>\n<\/li>\n<li style=\"text-align: justify;\"><strong>Prze\u017cywamy czas Peregrynacji. Na Mszy o godzinie 16.15 zawierzenie naszej Parafii Naj\u015bwi\u0119tszemu Sercu Pana Jezusa i po\u017cegnanie Obrazu.<\/strong><\/li>\n<li style=\"text-align: justify;\">\n<p style=\"text-align: justify;\"><strong>Msze \u015awi\u0119te w tym tygodniu, w dni powszednie o godzinie 17.00. W poniedzia\u0142ek, wtorek, \u015brod\u0119 o godzinie 16.00. Nowenna do Matki Bo\u017cej Nieustaj\u0105cej Pomocy w \u015brod\u0119 o godzinie 15.45.<\/strong><\/p>\n<\/li>\n<li style=\"text-align: justify;\">\n<p style=\"text-align: justify;\">Przysz\u0142a niedziela jest ostatni\u0105 niedziel\u0105 miesi\u0105ca. Sk\u0142adka mszalna zbierana przez Rad\u0119 parafialn\u0105, na potrzeby naszej Parafii i Ko\u015bcio\u0142a.<\/p>\n<\/li>\n<li style=\"text-align: justify;\">\n<p style=\"text-align: justify;\">Dzi\u0119kujemy za sprz\u0105tanie Ko\u015bcio\u0142a tym osobom, kt\u00f3re to uczyni\u0142y w minionym tygodniu, <strong>a na sobot\u0119 na godzin\u0119 8.00 zapraszamy mieszka\u0144c\u00f3w z ulicy Kasztanowej, numery&nbsp; 6, 6A, 6C, 39.<\/strong><\/p>\n<\/li>\n<li style=\"text-align: justify;\">\n<p style=\"text-align: justify;\"><span style=\"color: initial;\">Rozpocz\u0119\u0142y si\u0119 ferie zimowe dzieci i m\u0142odzie\u017cy. Czas dwu tygodniowego odpoczynku, niech b\u0119dzie tak\u017ce okazj\u0105, aby znale\u017a\u0107 czas na modlitw\u0119, czytanie Pisma \u015awi\u0119tego i dobrej ksi\u0105\u017cki.<\/span><\/p>\n<\/li>\n<li style=\"text-align: justify;\"><span style=\"color: initial;\">Dzi\u0119kujemy za sprz\u0105tanie Ko\u015bcio\u0142a tym osobom, kt\u00f3re to uczyni\u0142y w minionym tygodniu, <\/span><strong style=\"color: initial;\">a na pi\u0105tek, po Mszy o godzinie 17.00 zapraszamy mieszka\u0144c\u00f3w z ulicy Osiedlowej 8, z ulicy Kasztanowej 15, 19, 25.<\/strong><strong style=\"font-size: revert; color: initial;\">&nbsp;<\/strong><\/li>\n<\/ol>\n<hr>\n<p><strong>Ewangelia wed\u0142ug \u015awi\u0119tego \u0141ukasza<\/strong><\/p>\n<p style=\"text-align: justify;\">Jezus zszed\u0142 z Dwunastoma na d\u00f3\u0142 i zatrzyma\u0142 si\u0119 na r\u00f3wninie; by\u0142 tam liczny t\u0142um Jego uczni\u00f3w i wielkie mn\u00f3stwo ludu z ca\u0142ej Judei i z Jeruzalem oraz z nadmorskich okolic Tyru i Sydonu. On podni\u00f3s\u0142 oczy na swoich uczni\u00f3w i m\u00f3wi\u0142: &#8222;B\u0142ogos\u0142awieni jeste\u015bcie, ubodzy, albowiem do was nale\u017cy kr\u00f3lestwo Bo\u017ce. B\u0142ogos\u0142awieni, kt\u00f3rzy teraz g\u0142odujecie, albowiem b\u0119dziecie nasyceni. B\u0142ogos\u0142awieni, kt\u00f3rzy teraz p\u0142aczecie, albowiem \u015bmia\u0107 si\u0119 b\u0119dziecie. B\u0142ogos\u0142awieni jeste\u015bcie, gdy ludzie was znienawidz\u0105 i gdy was wy\u0142\u0105cz\u0105 spo\u015br\u00f3d siebie, gdy zel\u017c\u0105 was i z powodu Syna Cz\u0142owieczego odrzuc\u0105 z pogard\u0105 wasze imi\u0119 jako niecne: cieszcie si\u0119 i radujcie w owym dniu, bo wielka jest wasza nagroda w niebie. Tak samo bowiem przodkowie ich czynili prorokom. Natomiast biada wam, bogaczom, bo odebrali\u015bcie ju\u017c pociech\u0119 wasz\u0105. Biada wam, kt\u00f3rzy teraz jeste\u015bcie syci, albowiem g\u0142\u00f3d cierpie\u0107 b\u0119dziecie. Biada wam, kt\u00f3rzy si\u0119 teraz \u015bmiejecie, albowiem smuci\u0107 si\u0119 i p\u0142aka\u0107 b\u0119dziecie. Biada wam, gdy wszyscy ludzie chwali\u0107 was b\u0119d\u0105. Tak samo bowiem przodkowie ich czynili fa\u0142szywym prorokom&#8221;.<\/p>\n<p style=\"text-align: justify;\"><strong>Refleksja nad S\u0142owem Bo\u017cym<\/strong><\/p>\n<p style=\"text-align: justify;\">Dzisiejsza Ewangelia wyra\u017anie zaznacza, \u017ce Jezus m\u00f3wi do swoich uczni\u00f3w. Zatem uczni\u00f3w dotyczy zar\u00f3wno \u201eb\u0142ogos\u0142awieni\u201d, jak i \u201ebiada\u201d.<\/p>\n<p style=\"text-align: justify;\">\u0141atwo przychodzi nam dzieli\u0107 ludzi na dobrych i z\u0142ych, bo czy\u017c nie tak rozumiemy s\u0142owa \u201eb\u0142ogos\u0142awieni\u201d i \u201ebiada\u201d? Ewentualnie jeste\u015bmy sk\u0142onni poszerzy\u0107 kr\u0105g \u201eb\u0142ogos\u0142awionych\u201d o osoby ubogie, skrzywdzone, chore. Tymczasem jest to podzia\u0142 powierzchowny i zbyt prosty. Prawdziwa granica przebiega w sercu ka\u017cdego cz\u0142owieka. Ka\u017cdego z nas dotyczy zar\u00f3wno \u201eb\u0142ogos\u0142awieni\u201d, jak i \u201ebiada\u201d.<\/p>\n<p style=\"text-align: justify;\">W jakiej przestrzeni, w jakich dziedzinach do\u015bwiadczam dobrobytu, syto\u015bci, \u015bmiechu i dobrej opinii? Czy to przybli\u017ca mnie do Jezusa, czy od Niego oddala? Czy s\u0105 to przestrzenie, na kt\u00f3re moje sumienie mo\u017ce odpowiedzie\u0107 wdzi\u0119czno\u015bci\u0105 Bogu i ludziom? Czy w tych przestrzeniach mog\u0119 us\u0142ysze\u0107 \u201eb\u0142ogos\u0142awiony\u2026\u201d?<\/p>\n<hr>\n<h3><strong>Zapowiedzi przedma\u0142\u017ce\u0144skie<\/strong><\/h3>\n<hr>\n<h3><strong>Odes<\/strong><strong>zli do wieczno\u015bci<\/strong><\/h3>\n<p style=\"text-align: justify;\">Mariusz Stanis\u0142w Hali\u017cak \u2013 urodzony 1.04.1989r.&nbsp; zmar\u0142 9.02.2025r, zamieszka\u0142y Klimk\u00f3wka, ul. Zdrojowa 402.<\/p>\n<p style=\"text-align: justify;\">Tomasz Fedio &#8211; urodzony 7.03.1964r. zmar\u0142 14.02.2025, zamieszka\u0142y Klimk\u00f3wka, ul. Zdrojowa 70<\/p>\n<hr>\n<h3><strong>Spotkania grup duszpasterskich<\/strong><\/h3>\n<hr>\n<h3><strong>Intencje modlitewne na luty<\/strong><\/h3>\n<p><strong>Og\u00f3lna:<\/strong>&nbsp;<\/p>\n<p style=\"text-align: justify;\">Aby wsp\u00f3lnota ko\u015bcielna przyj\u0119\u0142a pragnienia i w\u0105tpliwo\u015bci m\u0142odych ludzi, czuj\u0105cych powo\u0142ania do s\u0142u\u017cenia misji Chrystusa w \u017cyciu kap\u0142a\u0144skim i zakonnym.<\/p>\n<p><strong>Diecezjalna:&nbsp;<\/strong><\/p>\n<p style=\"text-align: justify;\">Aby kap\u0142ani, zakonnicy i \u015bwieccy naszej Archidiecezji wsp\u00f3\u0142pracowali w misji ewngelizacyjnej i nie\u015bli nadziej\u0119 ca\u0142emu \u015bwiatu.<\/p>\n","protected":false},"excerpt":{"rendered":"<p>S\u0142owa dzisiejszej Ewangelii nie s\u0105 wy\u0142\u0105cznie przypomnieniem obowi\u0105zku troski o g\u0142odnych, ubogich i cierpi\u0105cych. Chrystus oczekuje od nas serc i umys\u0142\u00f3w zdolnych dostrzega\u0107 prawdziwe \u017ar\u00f3d\u0142a ludzkiej biedy. Pocz\u0105tkiem takiej postawy [&hellip;]<\/p>\n","protected":false},"author":1,"featured_media":0,"comment_status":"closed","ping_status":"open","sticky":false,"template":"","format":"standard","meta":{"ngg_post_thumbnail":0,"footnotes":""},"categories":[1,4],"tags":[],"yoast_head":"<!-- This site is optimized with the Yoast SEO plugin v23.2 - https:\/\/yoast.com\/wordpress\/plugins\/seo\/ -->\n<title>VI\u00a0 Niedziela Zwyk\u0142a - Parafia w Klimk\u00f3wce<\/title>\n<meta name=\"robots\" content=\"index, follow, max-snippet:-1, max-image-preview:large, max-video-preview:-1\" \/>\n<link rel=\"canonical\" href=\"https:\/\/parafiaklimkowka.pl\/index.php\/2025\/02\/16\/12127\/\" \/>\n<meta property=\"og:locale\" content=\"pl_PL\" \/>\n<meta property=\"og:type\" content=\"article\" \/>\n<meta property=\"og:title\" content=\"VI\u00a0 Niedziela Zwyk\u0142a - Parafia w Klimk\u00f3wce\" \/>\n<meta property=\"og:description\" content=\"S\u0142owa dzisiejszej Ewangelii nie s\u0105 wy\u0142\u0105cznie przypomnieniem obowi\u0105zku troski o g\u0142odnych, ubogich i cierpi\u0105cych. Chrystus oczekuje od nas serc i umys\u0142\u00f3w zdolnych dostrzega\u0107 prawdziwe \u017ar\u00f3d\u0142a ludzkiej biedy. Pocz\u0105tkiem takiej postawy [&hellip;]\" \/>\n<meta property=\"og:url\" content=\"https:\/\/parafiaklimkowka.pl\/index.php\/2025\/02\/16\/12127\/\" \/>\n<meta property=\"og:site_name\" content=\"Parafia w Klimk\u00f3wce\" \/>\n<meta property=\"article:published_time\" content=\"2025-02-16T13:28:51+00:00\" \/>\n<meta property=\"article:modified_time\" content=\"2025-02-16T21:30:21+00:00\" \/>\n<meta name=\"author\" content=\"kadmins70\" \/>\n<meta name=\"twitter:card\" content=\"summary_large_image\" \/>\n<meta name=\"twitter:label1\" content=\"Napisane przez\" \/>\n\t<meta name=\"twitter:data1\" content=\"kadmins70\" \/>\n\t<meta name=\"twitter:label2\" content=\"Szacowany czas czytania\" \/>\n\t<meta name=\"twitter:data2\" content=\"4 minuty\" \/>\n<script type=\"application\/ld+json\" class=\"yoast-schema-graph\">{\"@context\":\"https:\/\/schema.org\",\"@graph\":[{\"@type\":\"Article\",\"@id\":\"https:\/\/parafiaklimkowka.pl\/index.php\/2025\/02\/16\/12127\/#article\",\"isPartOf\":{\"@id\":\"https:\/\/parafiaklimkowka.pl\/index.php\/2025\/02\/16\/12127\/\"},\"author\":{\"name\":\"kadmins70\",\"@id\":\"https:\/\/parafiaklimkowka.pl\/#\/schema\/person\/8411339f73ed143172a1fc20b8c20562\"},\"headline\":\"VI\u00a0 Niedziela Zwyk\u0142a\",\"datePublished\":\"2025-02-16T13:28:51+00:00\",\"dateModified\":\"2025-02-16T21:30:21+00:00\",\"mainEntityOfPage\":{\"@id\":\"https:\/\/parafiaklimkowka.pl\/index.php\/2025\/02\/16\/12127\/\"},\"wordCount\":693,\"publisher\":{\"@id\":\"https:\/\/parafiaklimkowka.pl\/#organization\"},\"articleSection\":[\"Aktualno\u015bci\",\"Og\u0142oszenia duszpasterskie\"],\"inLanguage\":\"pl-PL\"},{\"@type\":\"WebPage\",\"@id\":\"https:\/\/parafiaklimkowka.pl\/index.php\/2025\/02\/16\/12127\/\",\"url\":\"https:\/\/parafiaklimkowka.pl\/index.php\/2025\/02\/16\/12127\/\",\"name\":\"VI\u00a0 Niedziela Zwyk\u0142a - Parafia w Klimk\u00f3wce\",\"isPartOf\":{\"@id\":\"https:\/\/parafiaklimkowka.pl\/#website\"},\"datePublished\":\"2025-02-16T13:28:51+00:00\",\"dateModified\":\"2025-02-16T21:30:21+00:00\",\"breadcrumb\":{\"@id\":\"https:\/\/parafiaklimkowka.pl\/index.php\/2025\/02\/16\/12127\/#breadcrumb\"},\"inLanguage\":\"pl-PL\",\"potentialAction\":[{\"@type\":\"ReadAction\",\"target\":[\"https:\/\/parafiaklimkowka.pl\/index.php\/2025\/02\/16\/12127\/\"]}]},{\"@type\":\"BreadcrumbList\",\"@id\":\"https:\/\/parafiaklimkowka.pl\/index.php\/2025\/02\/16\/12127\/#breadcrumb\",\"itemListElement\":[{\"@type\":\"ListItem\",\"position\":1,\"name\":\"Strona g\u0142\u00f3wna\",\"item\":\"https:\/\/parafiaklimkowka.pl\/\"},{\"@type\":\"ListItem\",\"position\":2,\"name\":\"VI\u00a0 Niedziela Zwyk\u0142a\"}]},{\"@type\":\"WebSite\",\"@id\":\"https:\/\/parafiaklimkowka.pl\/#website\",\"url\":\"https:\/\/parafiaklimkowka.pl\/\",\"name\":\"Parafia w Klimk\u00f3wce\",\"description\":\"pw. \u015aw. Micha\u0142a Archanio\u0142a\",\"publisher\":{\"@id\":\"https:\/\/parafiaklimkowka.pl\/#organization\"},\"potentialAction\":[{\"@type\":\"SearchAction\",\"target\":{\"@type\":\"EntryPoint\",\"urlTemplate\":\"https:\/\/parafiaklimkowka.pl\/?s={search_term_string}\"},\"query-input\":\"required name=search_term_string\"}],\"inLanguage\":\"pl-PL\"},{\"@type\":\"Organization\",\"@id\":\"https:\/\/parafiaklimkowka.pl\/#organization\",\"name\":\"Parafia p.w. \u015bw. Micha\u0142a Archanio\u0142a w Klimk\u00f3wce\",\"url\":\"https:\/\/parafiaklimkowka.pl\/\",\"logo\":{\"@type\":\"ImageObject\",\"inLanguage\":\"pl-PL\",\"@id\":\"https:\/\/parafiaklimkowka.pl\/#\/schema\/logo\/image\/\",\"url\":\"http:\/\/parafiaklimkowka.pl\/wp-content\/uploads\/2019\/10\/anio\u01428_jpeg.jpg\",\"contentUrl\":\"http:\/\/parafiaklimkowka.pl\/wp-content\/uploads\/2019\/10\/anio\u01428_jpeg.jpg\",\"width\":658,\"height\":483,\"caption\":\"Parafia p.w. \u015bw. Micha\u0142a Archanio\u0142a w Klimk\u00f3wce\"},\"image\":{\"@id\":\"https:\/\/parafiaklimkowka.pl\/#\/schema\/logo\/image\/\"}},{\"@type\":\"Person\",\"@id\":\"https:\/\/parafiaklimkowka.pl\/#\/schema\/person\/8411339f73ed143172a1fc20b8c20562\",\"name\":\"kadmins70\",\"image\":{\"@type\":\"ImageObject\",\"inLanguage\":\"pl-PL\",\"@id\":\"https:\/\/parafiaklimkowka.pl\/#\/schema\/person\/image\/\",\"url\":\"https:\/\/secure.gravatar.com\/avatar\/2f1a9b134b0f743459e06c66845f8cf1?s=96&d=mm&r=g\",\"contentUrl\":\"https:\/\/secure.gravatar.com\/avatar\/2f1a9b134b0f743459e06c66845f8cf1?s=96&d=mm&r=g\",\"caption\":\"kadmins70\"}}]}<\/script>\n<!-- \/ Yoast SEO plugin. -->","yoast_head_json":{"title":"VI\u00a0 Niedziela Zwyk\u0142a - Parafia w Klimk\u00f3wce","robots":{"index":"index","follow":"follow","max-snippet":"max-snippet:-1","max-image-preview":"max-image-preview:large","max-video-preview":"max-video-preview:-1"},"canonical":"https:\/\/parafiaklimkowka.pl\/index.php\/2025\/02\/16\/12127\/","og_locale":"pl_PL","og_type":"article","og_title":"VI\u00a0 Niedziela Zwyk\u0142a - Parafia w Klimk\u00f3wce","og_description":"S\u0142owa dzisiejszej Ewangelii nie s\u0105 wy\u0142\u0105cznie przypomnieniem obowi\u0105zku troski o g\u0142odnych, ubogich i cierpi\u0105cych. Chrystus oczekuje od nas serc i umys\u0142\u00f3w zdolnych dostrzega\u0107 prawdziwe \u017ar\u00f3d\u0142a ludzkiej biedy. Pocz\u0105tkiem takiej postawy [&hellip;]","og_url":"https:\/\/parafiaklimkowka.pl\/index.php\/2025\/02\/16\/12127\/","og_site_name":"Parafia w Klimk\u00f3wce","article_published_time":"2025-02-16T13:28:51+00:00","article_modified_time":"2025-02-16T21:30:21+00:00","author":"kadmins70","twitter_card":"summary_large_image","twitter_misc":{"Napisane przez":"kadmins70","Szacowany czas czytania":"4 minuty"},"schema":{"@context":"https:\/\/schema.org","@graph":[{"@type":"Article","@id":"https:\/\/parafiaklimkowka.pl\/index.php\/2025\/02\/16\/12127\/#article","isPartOf":{"@id":"https:\/\/parafiaklimkowka.pl\/index.php\/2025\/02\/16\/12127\/"},"author":{"name":"kadmins70","@id":"https:\/\/parafiaklimkowka.pl\/#\/schema\/person\/8411339f73ed143172a1fc20b8c20562"},"headline":"VI\u00a0 Niedziela Zwyk\u0142a","datePublished":"2025-02-16T13:28:51+00:00","dateModified":"2025-02-16T21:30:21+00:00","mainEntityOfPage":{"@id":"https:\/\/parafiaklimkowka.pl\/index.php\/2025\/02\/16\/12127\/"},"wordCount":693,"publisher":{"@id":"https:\/\/parafiaklimkowka.pl\/#organization"},"articleSection":["Aktualno\u015bci","Og\u0142oszenia duszpasterskie"],"inLanguage":"pl-PL"},{"@type":"WebPage","@id":"https:\/\/parafiaklimkowka.pl\/index.php\/2025\/02\/16\/12127\/","url":"https:\/\/parafiaklimkowka.pl\/index.php\/2025\/02\/16\/12127\/","name":"VI\u00a0 Niedziela Zwyk\u0142a - Parafia w Klimk\u00f3wce","isPartOf":{"@id":"https:\/\/parafiaklimkowka.pl\/#website"},"datePublished":"2025-02-16T13:28:51+00:00","dateModified":"2025-02-16T21:30:21+00:00","breadcrumb":{"@id":"https:\/\/parafiaklimkowka.pl\/index.php\/2025\/02\/16\/12127\/#breadcrumb"},"inLanguage":"pl-PL","potentialAction":[{"@type":"ReadAction","target":["https:\/\/parafiaklimkowka.pl\/index.php\/2025\/02\/16\/12127\/"]}]},{"@type":"BreadcrumbList","@id":"https:\/\/parafiaklimkowka.pl\/index.php\/2025\/02\/16\/12127\/#breadcrumb","itemListElement":[{"@type":"ListItem","position":1,"name":"Strona g\u0142\u00f3wna","item":"https:\/\/parafiaklimkowka.pl\/"},{"@type":"ListItem","position":2,"name":"VI\u00a0 Niedziela Zwyk\u0142a"}]},{"@type":"WebSite","@id":"https:\/\/parafiaklimkowka.pl\/#website","url":"https:\/\/parafiaklimkowka.pl\/","name":"Parafia w Klimk\u00f3wce","description":"pw. \u015aw. Micha\u0142a Archanio\u0142a","publisher":{"@id":"https:\/\/parafiaklimkowka.pl\/#organization"},"potentialAction":[{"@type":"SearchAction","target":{"@type":"EntryPoint","urlTemplate":"https:\/\/parafiaklimkowka.pl\/?s={search_term_string}"},"query-input":"required name=search_term_string"}],"inLanguage":"pl-PL"},{"@type":"Organization","@id":"https:\/\/parafiaklimkowka.pl\/#organization","name":"Parafia p.w. \u015bw. Micha\u0142a Archanio\u0142a w Klimk\u00f3wce","url":"https:\/\/parafiaklimkowka.pl\/","logo":{"@type":"ImageObject","inLanguage":"pl-PL","@id":"https:\/\/parafiaklimkowka.pl\/#\/schema\/logo\/image\/","url":"http:\/\/parafiaklimkowka.pl\/wp-content\/uploads\/2019\/10\/anio\u01428_jpeg.jpg","contentUrl":"http:\/\/parafiaklimkowka.pl\/wp-content\/uploads\/2019\/10\/anio\u01428_jpeg.jpg","width":658,"height":483,"caption":"Parafia p.w. \u015bw. Micha\u0142a Archanio\u0142a w Klimk\u00f3wce"},"image":{"@id":"https:\/\/parafiaklimkowka.pl\/#\/schema\/logo\/image\/"}},{"@type":"Person","@id":"https:\/\/parafiaklimkowka.pl\/#\/schema\/person\/8411339f73ed143172a1fc20b8c20562","name":"kadmins70","image":{"@type":"ImageObject","inLanguage":"pl-PL","@id":"https:\/\/parafiaklimkowka.pl\/#\/schema\/person\/image\/","url":"https:\/\/secure.gravatar.com\/avatar\/2f1a9b134b0f743459e06c66845f8cf1?s=96&d=mm&r=g","contentUrl":"https:\/\/secure.gravatar.com\/avatar\/2f1a9b134b0f743459e06c66845f8cf1?s=96&d=mm&r=g","caption":"kadmins70"}}]}},"_links":{"self":[{"href":"https:\/\/parafiaklimkowka.pl\/index.php\/wp-json\/wp\/v2\/posts\/12127"}],"collection":[{"href":"https:\/\/parafiaklimkowka.pl\/index.php\/wp-json\/wp\/v2\/posts"}],"about":[{"href":"https:\/\/parafiaklimkowka.pl\/index.php\/wp-json\/wp\/v2\/types\/post"}],"author":[{"embeddable":true,"href":"https:\/\/parafiaklimkowka.pl\/index.php\/wp-json\/wp\/v2\/users\/1"}],"replies":[{"embeddable":true,"href":"https:\/\/parafiaklimkowka.pl\/index.php\/wp-json\/wp\/v2\/comments?post=12127"}],"version-history":[{"count":4,"href":"https:\/\/parafiaklimkowka.pl\/index.php\/wp-json\/wp\/v2\/posts\/12127\/revisions"}],"predecessor-version":[{"id":12132,"href":"https:\/\/parafiaklimkowka.pl\/index.php\/wp-json\/wp\/v2\/posts\/12127\/revisions\/12132"}],"wp:attachment":[{"href":"https:\/\/parafiaklimkowka.pl\/index.php\/wp-json\/wp\/v2\/media?parent=12127"}],"wp:term":[{"taxonomy":"category","embeddable":true,"href":"https:\/\/parafiaklimkowka.pl\/index.php\/wp-json\/wp\/v2\/categories?post=12127"},{"taxonomy":"post_tag","embeddable":true,"href":"https:\/\/parafiaklimkowka.pl\/index.php\/wp-json\/wp\/v2\/tags?post=12127"}],"curies":[{"name":"wp","href":"https:\/\/api.w.org\/{rel}","templated":true}]}}