{"id":1339,"date":"2020-01-12T11:59:34","date_gmt":"2020-01-12T10:59:34","guid":{"rendered":"http:\/\/parafiaklimkowka.pl\/?p=1339"},"modified":"2020-10-24T00:15:13","modified_gmt":"2020-10-23T22:15:13","slug":"koleda","status":"publish","type":"post","link":"https:\/\/parafiaklimkowka.pl\/index.php\/2020\/01\/12\/koleda\/","title":{"rendered":"Plan Kol\u0119dy"},"content":{"rendered":"<h4><span style=\"color: #000000;\">W tym tygodniu kol\u0119da:<\/span><\/h4>\n<p><span style=\"color: #000000;\"><strong><em>Poniedzia\u0142ek&nbsp; 13 stycznia, od godziny 9.00<\/em><\/strong><\/span><\/p>\n<p style=\"text-align: justify;\"><span style=\"color: #000000;\">Ulica Zdrojowa \u2013 od Pa\u0144stwa Wilusz Irena i Marian do Pa\u0144stwa Puchalskich za sklepem, nast\u0119pnie ulica Zdrojowa \u2013 uliczka od Pa\u0144stwa Bia\u0142as do Pa\u0144stwa Penar Stanis\u0142aw i El\u017cbieta&nbsp;&nbsp;&nbsp;&nbsp; i powr\u00f3t w kierunku Ko\u015bcio\u0142a lew\u0105 stron\u0105 od Pa\u0144stwa Penar Danuta i Marian&nbsp; do Pa\u0144 Krukar Anna i Grysztar Zofia (<strong><em>przerwa na pogrzeb od godziny 12.15 do 14.15)<\/em><\/strong><\/span><\/p>\n<p><span style=\"color: #000000;\"><strong><em>Wtorek&nbsp; 14 stycznia, od godziny 9.00<\/em><\/strong><\/span><\/p>\n<p style=\"text-align: justify;\"><span style=\"color: #000000;\">Ulica Zdrojowa od Pa\u0144stwa Jakubowicz Maria i Zenon do Pa\u0144 Penar i Ginalska (uliczka) i powr\u00f3t od&nbsp; Pa\u0144stwa Rygiel Monika i Krzysztof do Pani Cypcar Michalina.<\/span><\/p>\n<hr>\n<p><span style=\"color: #c4bebe;\"><strong><em>Wtorek 7 stycznia, od godziny 14.40 &#8211; <\/em><\/strong><\/span><\/p>\n<p style=\"text-align: justify;\"><span style=\"color: #c4bebe;\">Ulica Ksi\u0119dza Waisa od Pa\u0144stwa Grysztar (od g\u00f3ry) do Pa\u0144stwa Krysty\u0144skich.<\/span><\/p>\n<p><span style=\"color: #c4bebe;\"><strong><em>\u015aroda 8 stycznia, od godziny 9.00 \u2013<\/em><\/strong><\/span><\/p>\n<p style=\"text-align: justify;\"><span style=\"color: #c4bebe;\">Ulica Zdrojowa od Pa\u0144stwa Rogozi\u0144skich do Pa\u0144stwa Litwin Anna i Stanis\u0142aw, a nast\u0119pnie dalsza cz\u0119\u015b\u0107 ulicy Zdrojowej i ulica Kwiatowa, do Ko\u015bcio\u0142a.<\/span><\/p>\n<p><span style=\"color: #c4bebe;\"><strong><em>Czwartek 9 stycznia, od godziny 14.00 \u2013<\/em><\/strong><\/span><\/p>\n<p style=\"text-align: justify;\"><span style=\"color: #c4bebe;\">Ulica Zdrojowa, droga na cmentarz, od Pani Krukar Danuta do ulicy przy Ko\u015bciele &nbsp;i dalsza cz\u0119\u015b\u0107 ulicy Zdrojowej od Pani Ziajka Maria, domy za sklepem, do Pa\u0144stwa Chudzi\u0144skich i powr\u00f3t drog\u0105 w kierunku Ko\u015bcio\u0142a do Pa\u0144stwa Grysztar .<\/span><\/p>\n<p><span style=\"color: #c4bebe;\"><strong><em>Pi\u0105tek 10 stycznia, od godziny 9.00 do 14.00 (konferencja klasyfikacyjna w szkole) \u2013 <\/em><\/strong><\/span><\/p>\n<p style=\"text-align: justify;\"><span style=\"color: #c4bebe;\">Ulica Rzeczna. Najpierw 4 domy za mostkiem od Pa\u0144stwa Zych, a nast\u0119pnie ulica Rzeczna od Pa\u0144stwa Krukar do Pani Marii Wais.<\/span><\/p>\n<p><span style=\"color: #c4bebe;\"><strong><em>Sobota 11 stycznia, od godziny 9.00 \u2013<\/em><\/strong><\/span><\/p>\n<p style=\"text-align: justify;\"><span style=\"color: #c4bebe;\">Ulica Zdrojowa od Pa\u0144stwa Bek i Hali\u017cak do Pa\u0144stwa Penar Stanis\u0142aw i Aniela, a nast\u0119pnie ulica S\u0142oneczna od Pa\u0144stwa Potasiewicz do ko\u0144ca, do Pa\u0144stwa Uliasz i Dworza\u0144ski.<\/span><\/p>\n<hr>\n<p style=\"text-align: justify;\"><span style=\"color: #c4bebe;\"><em><strong>Poniedzia\u0142ek 30 grudnia, od godziny 9.00<\/strong><\/em> \u2013<\/span><\/p>\n<p style=\"text-align: justify;\"><span style=\"color: #c4bebe;\">Ulica Ogrodowa od Pa\u0144stwa Penar Anna i Marek, do ulicy Le\u015bnej, nast\u0119pnie ca\u0142a ulica Le\u015bna i dalszy ci\u0105g ulicy Ogrodowej do ko\u0144ca, do Pa\u0144stwa Jakubowicz i Barud.<\/span><\/p>\n<p style=\"text-align: justify;\"><span style=\"color: #c4bebe;\"><em><strong>Pi\u0105tek 3 stycznia, od godziny 10.30 \u2013<\/strong> <\/em><\/span><\/p>\n<p style=\"text-align: justify;\"><span style=\"color: #c4bebe;\">Ulica Zdrojowa od Pa\u0144stwa Rygiel Krystyna i Marian do Pa\u0144stwa Rajchel Jadwiga i J\u00f3zef, a nast\u0119pnie dalszy ci\u0105g ulicy Zdrojowej od Pani Krukar Stanis\u0142awa do Pa\u0144stwa Rajnik i So\u0142tysik.<\/span><\/p>\n<p style=\"text-align: justify;\"><span style=\"color: #c4bebe;\"><em><strong>Sobota 4 stycznia, od godziny 9.00 \u2013 <\/strong><\/em><\/span><\/p>\n<p style=\"text-align: justify;\"><span style=\"color: #c4bebe;\">Ulica Zdrojowa, od Pa\u0144stwa Penar Helena i Adam (obie strony do ulicy Ogrodowej), a nast\u0119pnie dalszy ci\u0105g ulicy Zdrojowej (lewa strona, domy przy drodze) do Pa\u0144stwa Wais Daniela i Andrzej.<\/span><\/p>\n<hr>\n<p><span style=\"color: #c4bebe;\"><strong><em>Pi\u0105tek 27 grudnia \u2013 od godziny&nbsp; 9.00<\/em><\/strong> \u2013<\/span><\/p>\n<p style=\"text-align: justify;\"><span style=\"color: #c4bebe;\">Ulica Kasztanowa od Pa\u0144stwa Zych, lewa strona w kierunku Rymanowa do Pa\u0144stwa Krukar i prawa strona od Pa\u0144stwa Rajchel do sklepu na Osiedlu.<\/span><\/p>\n<p><span style=\"color: #c4bebe;\"><strong><em>Sobota 28 grudnia \u2013 od godziny 9.00 \u2013<\/em><\/strong><\/span><\/p>\n<p style=\"text-align: justify;\"><span style=\"color: #c4bebe;\">Od Pa\u0144stwa \u0141uszcz i Wiernasz do Pa\u0144stwa Lenik, a nast\u0119pnie Osiedle \u2013 ulica w stron\u0119 Pustek od Pa\u0144stwa Puchalski do Pa\u0144stwa Michalak i Bogaczyk.<\/span><\/p>\n","protected":false},"excerpt":{"rendered":"<p>12 stycznia 2020<\/p>\n","protected":false},"author":1,"featured_media":0,"comment_status":"closed","ping_status":"open","sticky":false,"template":"","format":"standard","meta":{"ngg_post_thumbnail":0,"footnotes":""},"categories":[19],"tags":[],"yoast_head":"<!-- This site is optimized with the Yoast SEO plugin v23.2 - https:\/\/yoast.com\/wordpress\/plugins\/seo\/ -->\n<title>Plan Kol\u0119dy - Parafia w Klimk\u00f3wce<\/title>\n<meta name=\"robots\" content=\"index, follow, max-snippet:-1, max-image-preview:large, max-video-preview:-1\" \/>\n<link rel=\"canonical\" href=\"https:\/\/parafiaklimkowka.pl\/index.php\/2020\/01\/12\/koleda\/\" \/>\n<meta property=\"og:locale\" content=\"pl_PL\" \/>\n<meta property=\"og:type\" content=\"article\" \/>\n<meta property=\"og:title\" content=\"Plan Kol\u0119dy - Parafia w Klimk\u00f3wce\" \/>\n<meta property=\"og:description\" content=\"12 stycznia 2020\" \/>\n<meta property=\"og:url\" content=\"https:\/\/parafiaklimkowka.pl\/index.php\/2020\/01\/12\/koleda\/\" \/>\n<meta property=\"og:site_name\" content=\"Parafia w Klimk\u00f3wce\" \/>\n<meta property=\"article:published_time\" content=\"2020-01-12T10:59:34+00:00\" \/>\n<meta property=\"article:modified_time\" content=\"2020-10-23T22:15:13+00:00\" \/>\n<meta name=\"author\" content=\"kadmins70\" \/>\n<meta name=\"twitter:card\" content=\"summary_large_image\" \/>\n<meta name=\"twitter:label1\" content=\"Napisane przez\" \/>\n\t<meta name=\"twitter:data1\" content=\"kadmins70\" \/>\n\t<meta name=\"twitter:label2\" content=\"Szacowany czas czytania\" \/>\n\t<meta name=\"twitter:data2\" content=\"2 minuty\" \/>\n<script type=\"application\/ld+json\" class=\"yoast-schema-graph\">{\"@context\":\"https:\/\/schema.org\",\"@graph\":[{\"@type\":\"Article\",\"@id\":\"https:\/\/parafiaklimkowka.pl\/index.php\/2020\/01\/12\/koleda\/#article\",\"isPartOf\":{\"@id\":\"https:\/\/parafiaklimkowka.pl\/index.php\/2020\/01\/12\/koleda\/\"},\"author\":{\"name\":\"kadmins70\",\"@id\":\"https:\/\/parafiaklimkowka.pl\/#\/schema\/person\/8411339f73ed143172a1fc20b8c20562\"},\"headline\":\"Plan Kol\u0119dy\",\"datePublished\":\"2020-01-12T10:59:34+00:00\",\"dateModified\":\"2020-10-23T22:15:13+00:00\",\"mainEntityOfPage\":{\"@id\":\"https:\/\/parafiaklimkowka.pl\/index.php\/2020\/01\/12\/koleda\/\"},\"wordCount\":479,\"publisher\":{\"@id\":\"https:\/\/parafiaklimkowka.pl\/#organization\"},\"articleSection\":[\"Wiadomo\u015bci\"],\"inLanguage\":\"pl-PL\"},{\"@type\":\"WebPage\",\"@id\":\"https:\/\/parafiaklimkowka.pl\/index.php\/2020\/01\/12\/koleda\/\",\"url\":\"https:\/\/parafiaklimkowka.pl\/index.php\/2020\/01\/12\/koleda\/\",\"name\":\"Plan Kol\u0119dy - Parafia w Klimk\u00f3wce\",\"isPartOf\":{\"@id\":\"https:\/\/parafiaklimkowka.pl\/#website\"},\"datePublished\":\"2020-01-12T10:59:34+00:00\",\"dateModified\":\"2020-10-23T22:15:13+00:00\",\"breadcrumb\":{\"@id\":\"https:\/\/parafiaklimkowka.pl\/index.php\/2020\/01\/12\/koleda\/#breadcrumb\"},\"inLanguage\":\"pl-PL\",\"potentialAction\":[{\"@type\":\"ReadAction\",\"target\":[\"https:\/\/parafiaklimkowka.pl\/index.php\/2020\/01\/12\/koleda\/\"]}]},{\"@type\":\"BreadcrumbList\",\"@id\":\"https:\/\/parafiaklimkowka.pl\/index.php\/2020\/01\/12\/koleda\/#breadcrumb\",\"itemListElement\":[{\"@type\":\"ListItem\",\"position\":1,\"name\":\"Strona g\u0142\u00f3wna\",\"item\":\"https:\/\/parafiaklimkowka.pl\/\"},{\"@type\":\"ListItem\",\"position\":2,\"name\":\"Plan Kol\u0119dy\"}]},{\"@type\":\"WebSite\",\"@id\":\"https:\/\/parafiaklimkowka.pl\/#website\",\"url\":\"https:\/\/parafiaklimkowka.pl\/\",\"name\":\"Parafia w Klimk\u00f3wce\",\"description\":\"pw. \u015aw. Micha\u0142a Archanio\u0142a\",\"publisher\":{\"@id\":\"https:\/\/parafiaklimkowka.pl\/#organization\"},\"potentialAction\":[{\"@type\":\"SearchAction\",\"target\":{\"@type\":\"EntryPoint\",\"urlTemplate\":\"https:\/\/parafiaklimkowka.pl\/?s={search_term_string}\"},\"query-input\":\"required name=search_term_string\"}],\"inLanguage\":\"pl-PL\"},{\"@type\":\"Organization\",\"@id\":\"https:\/\/parafiaklimkowka.pl\/#organization\",\"name\":\"Parafia p.w. \u015bw. Micha\u0142a Archanio\u0142a w Klimk\u00f3wce\",\"url\":\"https:\/\/parafiaklimkowka.pl\/\",\"logo\":{\"@type\":\"ImageObject\",\"inLanguage\":\"pl-PL\",\"@id\":\"https:\/\/parafiaklimkowka.pl\/#\/schema\/logo\/image\/\",\"url\":\"http:\/\/parafiaklimkowka.pl\/wp-content\/uploads\/2019\/10\/anio\u01428_jpeg.jpg\",\"contentUrl\":\"http:\/\/parafiaklimkowka.pl\/wp-content\/uploads\/2019\/10\/anio\u01428_jpeg.jpg\",\"width\":658,\"height\":483,\"caption\":\"Parafia p.w. \u015bw. Micha\u0142a Archanio\u0142a w Klimk\u00f3wce\"},\"image\":{\"@id\":\"https:\/\/parafiaklimkowka.pl\/#\/schema\/logo\/image\/\"}},{\"@type\":\"Person\",\"@id\":\"https:\/\/parafiaklimkowka.pl\/#\/schema\/person\/8411339f73ed143172a1fc20b8c20562\",\"name\":\"kadmins70\",\"image\":{\"@type\":\"ImageObject\",\"inLanguage\":\"pl-PL\",\"@id\":\"https:\/\/parafiaklimkowka.pl\/#\/schema\/person\/image\/\",\"url\":\"https:\/\/secure.gravatar.com\/avatar\/2f1a9b134b0f743459e06c66845f8cf1?s=96&d=mm&r=g\",\"contentUrl\":\"https:\/\/secure.gravatar.com\/avatar\/2f1a9b134b0f743459e06c66845f8cf1?s=96&d=mm&r=g\",\"caption\":\"kadmins70\"}}]}<\/script>\n<!-- \/ Yoast SEO plugin. -->","yoast_head_json":{"title":"Plan Kol\u0119dy - Parafia w Klimk\u00f3wce","robots":{"index":"index","follow":"follow","max-snippet":"max-snippet:-1","max-image-preview":"max-image-preview:large","max-video-preview":"max-video-preview:-1"},"canonical":"https:\/\/parafiaklimkowka.pl\/index.php\/2020\/01\/12\/koleda\/","og_locale":"pl_PL","og_type":"article","og_title":"Plan Kol\u0119dy - Parafia w Klimk\u00f3wce","og_description":"12 stycznia 2020","og_url":"https:\/\/parafiaklimkowka.pl\/index.php\/2020\/01\/12\/koleda\/","og_site_name":"Parafia w Klimk\u00f3wce","article_published_time":"2020-01-12T10:59:34+00:00","article_modified_time":"2020-10-23T22:15:13+00:00","author":"kadmins70","twitter_card":"summary_large_image","twitter_misc":{"Napisane przez":"kadmins70","Szacowany czas czytania":"2 minuty"},"schema":{"@context":"https:\/\/schema.org","@graph":[{"@type":"Article","@id":"https:\/\/parafiaklimkowka.pl\/index.php\/2020\/01\/12\/koleda\/#article","isPartOf":{"@id":"https:\/\/parafiaklimkowka.pl\/index.php\/2020\/01\/12\/koleda\/"},"author":{"name":"kadmins70","@id":"https:\/\/parafiaklimkowka.pl\/#\/schema\/person\/8411339f73ed143172a1fc20b8c20562"},"headline":"Plan Kol\u0119dy","datePublished":"2020-01-12T10:59:34+00:00","dateModified":"2020-10-23T22:15:13+00:00","mainEntityOfPage":{"@id":"https:\/\/parafiaklimkowka.pl\/index.php\/2020\/01\/12\/koleda\/"},"wordCount":479,"publisher":{"@id":"https:\/\/parafiaklimkowka.pl\/#organization"},"articleSection":["Wiadomo\u015bci"],"inLanguage":"pl-PL"},{"@type":"WebPage","@id":"https:\/\/parafiaklimkowka.pl\/index.php\/2020\/01\/12\/koleda\/","url":"https:\/\/parafiaklimkowka.pl\/index.php\/2020\/01\/12\/koleda\/","name":"Plan Kol\u0119dy - Parafia w Klimk\u00f3wce","isPartOf":{"@id":"https:\/\/parafiaklimkowka.pl\/#website"},"datePublished":"2020-01-12T10:59:34+00:00","dateModified":"2020-10-23T22:15:13+00:00","breadcrumb":{"@id":"https:\/\/parafiaklimkowka.pl\/index.php\/2020\/01\/12\/koleda\/#breadcrumb"},"inLanguage":"pl-PL","potentialAction":[{"@type":"ReadAction","target":["https:\/\/parafiaklimkowka.pl\/index.php\/2020\/01\/12\/koleda\/"]}]},{"@type":"BreadcrumbList","@id":"https:\/\/parafiaklimkowka.pl\/index.php\/2020\/01\/12\/koleda\/#breadcrumb","itemListElement":[{"@type":"ListItem","position":1,"name":"Strona g\u0142\u00f3wna","item":"https:\/\/parafiaklimkowka.pl\/"},{"@type":"ListItem","position":2,"name":"Plan Kol\u0119dy"}]},{"@type":"WebSite","@id":"https:\/\/parafiaklimkowka.pl\/#website","url":"https:\/\/parafiaklimkowka.pl\/","name":"Parafia w Klimk\u00f3wce","description":"pw. \u015aw. Micha\u0142a Archanio\u0142a","publisher":{"@id":"https:\/\/parafiaklimkowka.pl\/#organization"},"potentialAction":[{"@type":"SearchAction","target":{"@type":"EntryPoint","urlTemplate":"https:\/\/parafiaklimkowka.pl\/?s={search_term_string}"},"query-input":"required name=search_term_string"}],"inLanguage":"pl-PL"},{"@type":"Organization","@id":"https:\/\/parafiaklimkowka.pl\/#organization","name":"Parafia p.w. \u015bw. Micha\u0142a Archanio\u0142a w Klimk\u00f3wce","url":"https:\/\/parafiaklimkowka.pl\/","logo":{"@type":"ImageObject","inLanguage":"pl-PL","@id":"https:\/\/parafiaklimkowka.pl\/#\/schema\/logo\/image\/","url":"http:\/\/parafiaklimkowka.pl\/wp-content\/uploads\/2019\/10\/anio\u01428_jpeg.jpg","contentUrl":"http:\/\/parafiaklimkowka.pl\/wp-content\/uploads\/2019\/10\/anio\u01428_jpeg.jpg","width":658,"height":483,"caption":"Parafia p.w. \u015bw. Micha\u0142a Archanio\u0142a w Klimk\u00f3wce"},"image":{"@id":"https:\/\/parafiaklimkowka.pl\/#\/schema\/logo\/image\/"}},{"@type":"Person","@id":"https:\/\/parafiaklimkowka.pl\/#\/schema\/person\/8411339f73ed143172a1fc20b8c20562","name":"kadmins70","image":{"@type":"ImageObject","inLanguage":"pl-PL","@id":"https:\/\/parafiaklimkowka.pl\/#\/schema\/person\/image\/","url":"https:\/\/secure.gravatar.com\/avatar\/2f1a9b134b0f743459e06c66845f8cf1?s=96&d=mm&r=g","contentUrl":"https:\/\/secure.gravatar.com\/avatar\/2f1a9b134b0f743459e06c66845f8cf1?s=96&d=mm&r=g","caption":"kadmins70"}}]}},"_links":{"self":[{"href":"https:\/\/parafiaklimkowka.pl\/index.php\/wp-json\/wp\/v2\/posts\/1339"}],"collection":[{"href":"https:\/\/parafiaklimkowka.pl\/index.php\/wp-json\/wp\/v2\/posts"}],"about":[{"href":"https:\/\/parafiaklimkowka.pl\/index.php\/wp-json\/wp\/v2\/types\/post"}],"author":[{"embeddable":true,"href":"https:\/\/parafiaklimkowka.pl\/index.php\/wp-json\/wp\/v2\/users\/1"}],"replies":[{"embeddable":true,"href":"https:\/\/parafiaklimkowka.pl\/index.php\/wp-json\/wp\/v2\/comments?post=1339"}],"version-history":[{"count":15,"href":"https:\/\/parafiaklimkowka.pl\/index.php\/wp-json\/wp\/v2\/posts\/1339\/revisions"}],"predecessor-version":[{"id":1740,"href":"https:\/\/parafiaklimkowka.pl\/index.php\/wp-json\/wp\/v2\/posts\/1339\/revisions\/1740"}],"wp:attachment":[{"href":"https:\/\/parafiaklimkowka.pl\/index.php\/wp-json\/wp\/v2\/media?parent=1339"}],"wp:term":[{"taxonomy":"category","embeddable":true,"href":"https:\/\/parafiaklimkowka.pl\/index.php\/wp-json\/wp\/v2\/categories?post=1339"},{"taxonomy":"post_tag","embeddable":true,"href":"https:\/\/parafiaklimkowka.pl\/index.php\/wp-json\/wp\/v2\/tags?post=1339"}],"curies":[{"name":"wp","href":"https:\/\/api.w.org\/{rel}","templated":true}]}}