{"id":13636,"date":"2025-11-28T19:24:39","date_gmt":"2025-11-28T18:24:39","guid":{"rendered":"https:\/\/parafiaklimkowka.pl\/?p=13636"},"modified":"2025-12-05T19:03:03","modified_gmt":"2025-12-05T18:03:03","slug":"i-niedziela-adwentu-4","status":"publish","type":"post","link":"https:\/\/parafiaklimkowka.pl\/index.php\/2025\/11\/28\/i-niedziela-adwentu-4\/","title":{"rendered":"I\u00a0 Niedziela Adwentu\u00a0"},"content":{"rendered":"<ol>\n<li style=\"text-align: justify;\"><strong>Rozpocz\u0119li\u015bmy okres Adwentu,<\/strong> kt\u00f3ry ma podw\u00f3jny charakter: najpierw nasza uwaga jest skierowana na powt\u00f3rne przyj\u015bcie Chrystusa przy ko\u0144cu dziej\u00f3w, a p\u00f3\u017aniej na przygotowania nas do uroczysto\u015bci Narodzenia Pa\u0144skiego. Adwent to czas oczekiwania na przyj\u015bcie Zbawiciela. Chc\u0105c dobrze przygotowa\u0107 si\u0119 na spotkanie z przychodz\u0105cym Jezusem Chrystusem podejmujemy r\u00f3\u017cne dobre uczynki. Jest okazja aby w Adwencie podj\u0105\u0107 dobrowoln\u0105 abstynencj\u0119. Rozpoczyna si\u0119 nowy rok duszpasterski 2025\/2026.<\/li>\n<li style=\"text-align: justify;\"><strong>Od jutra (1 grudzie\u0144) rozpoczynamy Msze \u015awi\u0119te roratnie. We wszystkie dni, z wyj\u0105tkiem niedziel i uroczysto\u015bci, o godz. 17.00. Msza \u015bw. o Matce Bo\u017cej, zwana roratni\u0105. Zach\u0119cam dzieci, m\u0142odzie\u017c, doros\u0142ych do przychodzenia z lampionami ju\u017c od poniedzia\u0142ku.<\/strong><\/li>\n<li style=\"text-align: justify;\"><strong>W tym tygodniu przypada pierwszy czwartek , pi\u0105tek i sobota miesi\u0105ca:<br \/>\n<\/strong>&#8211; w czwartek modlimy si\u0119 o nowe powo\u0142ania kap\u0142a\u0144skie i zakonne- Spowied\u017a \u015awi\u0119ta na pierwszy pi\u0105tek zawsze p\u00f3\u0142 godziny przed Msz\u0105 \u015awi\u0119t\u0105, spowied\u017a dzieci w czwartek od godziny 16.15 do 17.00. Spowied\u017a w pi\u0105tek dla starszych i pracuj\u0105cych od godziny 16.00 do 16.45. Zg\u0142oszonych chorych odwiedz\u0119 w pi\u0105tek od godziny 7.30.<\/p>\n<p>Prosz\u0119 zg\u0142asza\u0107 tak\u017ce chorych, kt\u00f3rych odwiedzam przed \u015awi\u0119tami, odwiedz\u0119 ich tak\u017ce w pi\u0105tek.<\/p>\n<p>&#8211; r\u00f3\u017caniec pierwszo sobotni prowadzony przez Akcj\u0119 Katolick\u0105 o godzinie 16.30<\/p>\n<p>&#8211; w przysz\u0142\u0105 niedziel\u0119 7 grudnia, po Mszy o godzinie 9.15 zmiana tajemnic r\u00f3\u017ca\u0144cowych<\/li>\n<li style=\"text-align: justify;\">Dzi\u015b ostatnia niedziela miesi\u0105ca, sk\u0142adka mszalna zbierana przez Rad\u0119 Parafialn\u0105, na potrzeby naszej Parafii i Ko\u015bcio\u0142a, sk\u0142adka mszalna z przysz\u0142ej niedzieli b\u0119dzie przeznaczona na Seminarium Duchowne w Przemy\u015blu.Dzi\u015b tak\u017ce zbi\u00f3rka do puszek na rzecz poszkodowanych przez huragan Melissa w Jamajce.<\/li>\n<li style=\"text-align: justify;\"><strong>W zakrystii s\u0105 do nabycia wigilijne \u015awiece Caritas (doch\u00f3d na potrzebuj\u0105cych).<\/strong><\/li>\n<li style=\"text-align: justify;\"><strong><em>W tym tygodniu Pan Organista b\u0119dzie dalej roznosi\u0142 op\u0142atki po rodzinach naszej Parafii:<br \/>\n<\/em><\/strong><strong><em>&#8211; w poniedzia\u0142ek i wtorek, od godziny 14.00 \u2013 IV Rejon naszej Parafii<\/em><\/strong><strong><em>&#8211; w \u015brod\u0119 i czwartek, od godziny 14.00 \u2013 V Rejon naszej Parafii<\/em><\/strong><\/p>\n<p><strong><em>&#8211; w pi\u0105tek, od godziny 14.00 i w sobot\u0119 od godziny 9.00 \u2013 VI Rejon naszej Parafii <\/em><\/strong><\/li>\n<\/ol>\n<hr>\n<p><strong>Ewangelia wed\u0142ug \u015awi\u0119tego Mateusza<\/strong><\/p>\n<p style=\"text-align: justify;\">Jezus powiedzia\u0142 do swoich uczni\u00f3w: \u201dJak by\u0142o za dni Noego, tak b\u0119dzie z przyj\u015bciem Syna Cz\u0142owieczego. Albowiem jak w czasie przed potopem jedli i pili, \u017cenili si\u0119 i za m\u0105\u017c wydawali a\u017c do dnia, kiedy Noe wszed\u0142 do arki, i nie spostrzegli si\u0119, \u017ce przyszed\u0142 potop i poch\u0142on\u0105\u0142 wszystkich, tak r\u00f3wnie\u017c b\u0119dzie z przyj\u015bciem Syna Cz\u0142owieczego. Wtedy dw\u00f3ch b\u0119dzie w polu: jeden b\u0119dzie wzi\u0119ty, drugi zostawiony. Dwie b\u0119d\u0105 mle\u0107 na \u017carnach: jedna b\u0119dzie wzi\u0119ta, druga zostawiona. Czuwajcie wi\u0119c, bo nie wiecie, w kt\u00f3rym dniu Pan wasz przyjdzie. A to rozumiejcie: Gdyby gospodarz wiedzia\u0142, o kt\u00f3rej porze nocy z\u0142odziej ma przyj\u015b\u0107, na pewno by czuwa\u0142 i nie pozwoli\u0142by w\u0142ama\u0107 si\u0119 do swego domu. Dlatego i wy b\u0105d\u017acie gotowi, bo w chwili, kt\u00f3rej si\u0119 nie domy\u015blacie, Syn Cz\u0142owieczy przyjdzie\u201d.<\/p>\n<p style=\"text-align: justify;\"><strong>Refleksja nad s\u0142owem Bo\u017cym<\/strong><\/p>\n<p style=\"text-align: justify;\">Chrystus w Ewangelii przypomina m\u0105drego ojca rodziny. Kim\u015b takim jest Noe, kt\u00f3ry budowa\u0142 dom wed\u0142ug koncepcji Boga, a nie swojej. Na trudny czas tak\u0105 koncepcj\u0105 by\u0142a arka, statek, kt\u00f3ry mia\u0142 ocali\u0107 cz\u0119\u015b\u0107 stworzenia przed wodami potopu. Oto model naszej m\u0105dro\u015bci. Tylko Jezus zna jutro naszej rodziny i ca\u0142ego \u015bwiata. Tylko On ma dobr\u0105 koncepcj\u0119 naszego rodzinnego szcz\u0119\u015bcia.<\/p>\n<hr>\n<h3><strong>Zapowiedzi przedma\u0142\u017ce\u0144skie<\/strong><\/h3>\n<hr>\n<h3><strong>Odes<\/strong><strong>zli do wieczno\u015bci<\/strong><\/h3>\n<hr>\n<h3><strong style=\"color: revert; font-size: revert;\">Spotkania grup duszpasterskich<\/strong><\/h3>\n<p style=\"text-align: justify;\">We czwartek po sko\u0144czonej Mszy \u015awi\u0119tej o godzinie 17.00 spotkanie formacyjne Akcji Katolickiej na plebanii.<\/p>\n<hr>\n<h3><strong>Intencje modlitewne na grudzie\u0144<\/strong><\/h3>\n<p><strong>Og\u00f3lna:<\/strong>&nbsp;<\/p>\n<p style=\"text-align: justify;\">Aby chrze\u015bcijanie \u017cyj\u0105cy&nbsp; w strefie wojny lub konfliktu, szczeg\u00f3lnie na Bliskim Wschodzie, byli siewcami pokoju, nadziei i pojednania.<\/p>\n<p><strong>Diecezjalna:&nbsp;<\/strong><\/p>\n<p style=\"text-align: justify;\">Aby \u0142aska ko\u0144cz\u0105cego si\u0119 Jubileuszu o\u017cywi\u0142a w wiernych Archidiecezji Przemyskiej pragnienie d\u00f3br niebieskich i nape\u0142ni\u0142a ich serca nadziej\u0105, rado\u015bci\u0105 i pokojem.<\/p>\n","protected":false},"excerpt":{"rendered":"<p>Rozpocz\u0119li\u015bmy okres Adwentu, kt\u00f3ry ma podw\u00f3jny charakter: najpierw nasza uwaga jest skierowana na powt\u00f3rne przyj\u015bcie Chrystusa przy ko\u0144cu dziej\u00f3w, a p\u00f3\u017aniej na przygotowania nas do uroczysto\u015bci Narodzenia Pa\u0144skiego. Adwent to [&hellip;]<\/p>\n","protected":false},"author":1,"featured_media":0,"comment_status":"closed","ping_status":"open","sticky":false,"template":"","format":"standard","meta":{"ngg_post_thumbnail":0,"footnotes":""},"categories":[1,4],"tags":[],"yoast_head":"<!-- This site is optimized with the Yoast SEO plugin v23.2 - https:\/\/yoast.com\/wordpress\/plugins\/seo\/ -->\n<title>I\u00a0 Niedziela Adwentu\u00a0 - Parafia w Klimk\u00f3wce<\/title>\n<meta name=\"robots\" content=\"index, follow, max-snippet:-1, max-image-preview:large, max-video-preview:-1\" \/>\n<link rel=\"canonical\" href=\"https:\/\/parafiaklimkowka.pl\/index.php\/2025\/11\/28\/i-niedziela-adwentu-4\/\" \/>\n<meta property=\"og:locale\" content=\"pl_PL\" \/>\n<meta property=\"og:type\" content=\"article\" \/>\n<meta property=\"og:title\" content=\"I\u00a0 Niedziela Adwentu\u00a0 - Parafia w Klimk\u00f3wce\" \/>\n<meta property=\"og:description\" content=\"Rozpocz\u0119li\u015bmy okres Adwentu, kt\u00f3ry ma podw\u00f3jny charakter: najpierw nasza uwaga jest skierowana na powt\u00f3rne przyj\u015bcie Chrystusa przy ko\u0144cu dziej\u00f3w, a p\u00f3\u017aniej na przygotowania nas do uroczysto\u015bci Narodzenia Pa\u0144skiego. Adwent to [&hellip;]\" \/>\n<meta property=\"og:url\" content=\"https:\/\/parafiaklimkowka.pl\/index.php\/2025\/11\/28\/i-niedziela-adwentu-4\/\" \/>\n<meta property=\"og:site_name\" content=\"Parafia w Klimk\u00f3wce\" \/>\n<meta property=\"article:published_time\" content=\"2025-11-28T18:24:39+00:00\" \/>\n<meta property=\"article:modified_time\" content=\"2025-12-05T18:03:03+00:00\" \/>\n<meta name=\"author\" content=\"kadmins70\" \/>\n<meta name=\"twitter:card\" content=\"summary_large_image\" \/>\n<meta name=\"twitter:label1\" content=\"Napisane przez\" \/>\n\t<meta name=\"twitter:data1\" content=\"kadmins70\" \/>\n\t<meta name=\"twitter:label2\" content=\"Szacowany czas czytania\" \/>\n\t<meta name=\"twitter:data2\" content=\"4 minuty\" \/>\n<script type=\"application\/ld+json\" class=\"yoast-schema-graph\">{\"@context\":\"https:\/\/schema.org\",\"@graph\":[{\"@type\":\"Article\",\"@id\":\"https:\/\/parafiaklimkowka.pl\/index.php\/2025\/11\/28\/i-niedziela-adwentu-4\/#article\",\"isPartOf\":{\"@id\":\"https:\/\/parafiaklimkowka.pl\/index.php\/2025\/11\/28\/i-niedziela-adwentu-4\/\"},\"author\":{\"name\":\"kadmins70\",\"@id\":\"https:\/\/parafiaklimkowka.pl\/#\/schema\/person\/8411339f73ed143172a1fc20b8c20562\"},\"headline\":\"I\u00a0 Niedziela Adwentu\u00a0\",\"datePublished\":\"2025-11-28T18:24:39+00:00\",\"dateModified\":\"2025-12-05T18:03:03+00:00\",\"mainEntityOfPage\":{\"@id\":\"https:\/\/parafiaklimkowka.pl\/index.php\/2025\/11\/28\/i-niedziela-adwentu-4\/\"},\"wordCount\":673,\"publisher\":{\"@id\":\"https:\/\/parafiaklimkowka.pl\/#organization\"},\"articleSection\":[\"Aktualno\u015bci\",\"Og\u0142oszenia duszpasterskie\"],\"inLanguage\":\"pl-PL\"},{\"@type\":\"WebPage\",\"@id\":\"https:\/\/parafiaklimkowka.pl\/index.php\/2025\/11\/28\/i-niedziela-adwentu-4\/\",\"url\":\"https:\/\/parafiaklimkowka.pl\/index.php\/2025\/11\/28\/i-niedziela-adwentu-4\/\",\"name\":\"I\u00a0 Niedziela Adwentu\u00a0 - Parafia w Klimk\u00f3wce\",\"isPartOf\":{\"@id\":\"https:\/\/parafiaklimkowka.pl\/#website\"},\"datePublished\":\"2025-11-28T18:24:39+00:00\",\"dateModified\":\"2025-12-05T18:03:03+00:00\",\"breadcrumb\":{\"@id\":\"https:\/\/parafiaklimkowka.pl\/index.php\/2025\/11\/28\/i-niedziela-adwentu-4\/#breadcrumb\"},\"inLanguage\":\"pl-PL\",\"potentialAction\":[{\"@type\":\"ReadAction\",\"target\":[\"https:\/\/parafiaklimkowka.pl\/index.php\/2025\/11\/28\/i-niedziela-adwentu-4\/\"]}]},{\"@type\":\"BreadcrumbList\",\"@id\":\"https:\/\/parafiaklimkowka.pl\/index.php\/2025\/11\/28\/i-niedziela-adwentu-4\/#breadcrumb\",\"itemListElement\":[{\"@type\":\"ListItem\",\"position\":1,\"name\":\"Strona g\u0142\u00f3wna\",\"item\":\"https:\/\/parafiaklimkowka.pl\/\"},{\"@type\":\"ListItem\",\"position\":2,\"name\":\"I\u00a0 Niedziela Adwentu\u00a0\"}]},{\"@type\":\"WebSite\",\"@id\":\"https:\/\/parafiaklimkowka.pl\/#website\",\"url\":\"https:\/\/parafiaklimkowka.pl\/\",\"name\":\"Parafia w Klimk\u00f3wce\",\"description\":\"pw. \u015aw. Micha\u0142a Archanio\u0142a\",\"publisher\":{\"@id\":\"https:\/\/parafiaklimkowka.pl\/#organization\"},\"potentialAction\":[{\"@type\":\"SearchAction\",\"target\":{\"@type\":\"EntryPoint\",\"urlTemplate\":\"https:\/\/parafiaklimkowka.pl\/?s={search_term_string}\"},\"query-input\":\"required name=search_term_string\"}],\"inLanguage\":\"pl-PL\"},{\"@type\":\"Organization\",\"@id\":\"https:\/\/parafiaklimkowka.pl\/#organization\",\"name\":\"Parafia p.w. \u015bw. Micha\u0142a Archanio\u0142a w Klimk\u00f3wce\",\"url\":\"https:\/\/parafiaklimkowka.pl\/\",\"logo\":{\"@type\":\"ImageObject\",\"inLanguage\":\"pl-PL\",\"@id\":\"https:\/\/parafiaklimkowka.pl\/#\/schema\/logo\/image\/\",\"url\":\"http:\/\/parafiaklimkowka.pl\/wp-content\/uploads\/2019\/10\/anio\u01428_jpeg.jpg\",\"contentUrl\":\"http:\/\/parafiaklimkowka.pl\/wp-content\/uploads\/2019\/10\/anio\u01428_jpeg.jpg\",\"width\":658,\"height\":483,\"caption\":\"Parafia p.w. \u015bw. Micha\u0142a Archanio\u0142a w Klimk\u00f3wce\"},\"image\":{\"@id\":\"https:\/\/parafiaklimkowka.pl\/#\/schema\/logo\/image\/\"}},{\"@type\":\"Person\",\"@id\":\"https:\/\/parafiaklimkowka.pl\/#\/schema\/person\/8411339f73ed143172a1fc20b8c20562\",\"name\":\"kadmins70\",\"image\":{\"@type\":\"ImageObject\",\"inLanguage\":\"pl-PL\",\"@id\":\"https:\/\/parafiaklimkowka.pl\/#\/schema\/person\/image\/\",\"url\":\"https:\/\/secure.gravatar.com\/avatar\/2f1a9b134b0f743459e06c66845f8cf1?s=96&d=mm&r=g\",\"contentUrl\":\"https:\/\/secure.gravatar.com\/avatar\/2f1a9b134b0f743459e06c66845f8cf1?s=96&d=mm&r=g\",\"caption\":\"kadmins70\"}}]}<\/script>\n<!-- \/ Yoast SEO plugin. -->","yoast_head_json":{"title":"I\u00a0 Niedziela Adwentu\u00a0 - Parafia w Klimk\u00f3wce","robots":{"index":"index","follow":"follow","max-snippet":"max-snippet:-1","max-image-preview":"max-image-preview:large","max-video-preview":"max-video-preview:-1"},"canonical":"https:\/\/parafiaklimkowka.pl\/index.php\/2025\/11\/28\/i-niedziela-adwentu-4\/","og_locale":"pl_PL","og_type":"article","og_title":"I\u00a0 Niedziela Adwentu\u00a0 - Parafia w Klimk\u00f3wce","og_description":"Rozpocz\u0119li\u015bmy okres Adwentu, kt\u00f3ry ma podw\u00f3jny charakter: najpierw nasza uwaga jest skierowana na powt\u00f3rne przyj\u015bcie Chrystusa przy ko\u0144cu dziej\u00f3w, a p\u00f3\u017aniej na przygotowania nas do uroczysto\u015bci Narodzenia Pa\u0144skiego. Adwent to [&hellip;]","og_url":"https:\/\/parafiaklimkowka.pl\/index.php\/2025\/11\/28\/i-niedziela-adwentu-4\/","og_site_name":"Parafia w Klimk\u00f3wce","article_published_time":"2025-11-28T18:24:39+00:00","article_modified_time":"2025-12-05T18:03:03+00:00","author":"kadmins70","twitter_card":"summary_large_image","twitter_misc":{"Napisane przez":"kadmins70","Szacowany czas czytania":"4 minuty"},"schema":{"@context":"https:\/\/schema.org","@graph":[{"@type":"Article","@id":"https:\/\/parafiaklimkowka.pl\/index.php\/2025\/11\/28\/i-niedziela-adwentu-4\/#article","isPartOf":{"@id":"https:\/\/parafiaklimkowka.pl\/index.php\/2025\/11\/28\/i-niedziela-adwentu-4\/"},"author":{"name":"kadmins70","@id":"https:\/\/parafiaklimkowka.pl\/#\/schema\/person\/8411339f73ed143172a1fc20b8c20562"},"headline":"I\u00a0 Niedziela Adwentu\u00a0","datePublished":"2025-11-28T18:24:39+00:00","dateModified":"2025-12-05T18:03:03+00:00","mainEntityOfPage":{"@id":"https:\/\/parafiaklimkowka.pl\/index.php\/2025\/11\/28\/i-niedziela-adwentu-4\/"},"wordCount":673,"publisher":{"@id":"https:\/\/parafiaklimkowka.pl\/#organization"},"articleSection":["Aktualno\u015bci","Og\u0142oszenia duszpasterskie"],"inLanguage":"pl-PL"},{"@type":"WebPage","@id":"https:\/\/parafiaklimkowka.pl\/index.php\/2025\/11\/28\/i-niedziela-adwentu-4\/","url":"https:\/\/parafiaklimkowka.pl\/index.php\/2025\/11\/28\/i-niedziela-adwentu-4\/","name":"I\u00a0 Niedziela Adwentu\u00a0 - Parafia w Klimk\u00f3wce","isPartOf":{"@id":"https:\/\/parafiaklimkowka.pl\/#website"},"datePublished":"2025-11-28T18:24:39+00:00","dateModified":"2025-12-05T18:03:03+00:00","breadcrumb":{"@id":"https:\/\/parafiaklimkowka.pl\/index.php\/2025\/11\/28\/i-niedziela-adwentu-4\/#breadcrumb"},"inLanguage":"pl-PL","potentialAction":[{"@type":"ReadAction","target":["https:\/\/parafiaklimkowka.pl\/index.php\/2025\/11\/28\/i-niedziela-adwentu-4\/"]}]},{"@type":"BreadcrumbList","@id":"https:\/\/parafiaklimkowka.pl\/index.php\/2025\/11\/28\/i-niedziela-adwentu-4\/#breadcrumb","itemListElement":[{"@type":"ListItem","position":1,"name":"Strona g\u0142\u00f3wna","item":"https:\/\/parafiaklimkowka.pl\/"},{"@type":"ListItem","position":2,"name":"I\u00a0 Niedziela Adwentu\u00a0"}]},{"@type":"WebSite","@id":"https:\/\/parafiaklimkowka.pl\/#website","url":"https:\/\/parafiaklimkowka.pl\/","name":"Parafia w Klimk\u00f3wce","description":"pw. \u015aw. Micha\u0142a Archanio\u0142a","publisher":{"@id":"https:\/\/parafiaklimkowka.pl\/#organization"},"potentialAction":[{"@type":"SearchAction","target":{"@type":"EntryPoint","urlTemplate":"https:\/\/parafiaklimkowka.pl\/?s={search_term_string}"},"query-input":"required name=search_term_string"}],"inLanguage":"pl-PL"},{"@type":"Organization","@id":"https:\/\/parafiaklimkowka.pl\/#organization","name":"Parafia p.w. \u015bw. Micha\u0142a Archanio\u0142a w Klimk\u00f3wce","url":"https:\/\/parafiaklimkowka.pl\/","logo":{"@type":"ImageObject","inLanguage":"pl-PL","@id":"https:\/\/parafiaklimkowka.pl\/#\/schema\/logo\/image\/","url":"http:\/\/parafiaklimkowka.pl\/wp-content\/uploads\/2019\/10\/anio\u01428_jpeg.jpg","contentUrl":"http:\/\/parafiaklimkowka.pl\/wp-content\/uploads\/2019\/10\/anio\u01428_jpeg.jpg","width":658,"height":483,"caption":"Parafia p.w. \u015bw. Micha\u0142a Archanio\u0142a w Klimk\u00f3wce"},"image":{"@id":"https:\/\/parafiaklimkowka.pl\/#\/schema\/logo\/image\/"}},{"@type":"Person","@id":"https:\/\/parafiaklimkowka.pl\/#\/schema\/person\/8411339f73ed143172a1fc20b8c20562","name":"kadmins70","image":{"@type":"ImageObject","inLanguage":"pl-PL","@id":"https:\/\/parafiaklimkowka.pl\/#\/schema\/person\/image\/","url":"https:\/\/secure.gravatar.com\/avatar\/2f1a9b134b0f743459e06c66845f8cf1?s=96&d=mm&r=g","contentUrl":"https:\/\/secure.gravatar.com\/avatar\/2f1a9b134b0f743459e06c66845f8cf1?s=96&d=mm&r=g","caption":"kadmins70"}}]}},"_links":{"self":[{"href":"https:\/\/parafiaklimkowka.pl\/index.php\/wp-json\/wp\/v2\/posts\/13636"}],"collection":[{"href":"https:\/\/parafiaklimkowka.pl\/index.php\/wp-json\/wp\/v2\/posts"}],"about":[{"href":"https:\/\/parafiaklimkowka.pl\/index.php\/wp-json\/wp\/v2\/types\/post"}],"author":[{"embeddable":true,"href":"https:\/\/parafiaklimkowka.pl\/index.php\/wp-json\/wp\/v2\/users\/1"}],"replies":[{"embeddable":true,"href":"https:\/\/parafiaklimkowka.pl\/index.php\/wp-json\/wp\/v2\/comments?post=13636"}],"version-history":[{"count":11,"href":"https:\/\/parafiaklimkowka.pl\/index.php\/wp-json\/wp\/v2\/posts\/13636\/revisions"}],"predecessor-version":[{"id":13678,"href":"https:\/\/parafiaklimkowka.pl\/index.php\/wp-json\/wp\/v2\/posts\/13636\/revisions\/13678"}],"wp:attachment":[{"href":"https:\/\/parafiaklimkowka.pl\/index.php\/wp-json\/wp\/v2\/media?parent=13636"}],"wp:term":[{"taxonomy":"category","embeddable":true,"href":"https:\/\/parafiaklimkowka.pl\/index.php\/wp-json\/wp\/v2\/categories?post=13636"},{"taxonomy":"post_tag","embeddable":true,"href":"https:\/\/parafiaklimkowka.pl\/index.php\/wp-json\/wp\/v2\/tags?post=13636"}],"curies":[{"name":"wp","href":"https:\/\/api.w.org\/{rel}","templated":true}]}}