{"id":13647,"date":"2025-11-28T19:27:41","date_gmt":"2025-11-28T18:27:41","guid":{"rendered":"https:\/\/parafiaklimkowka.pl\/?p=13647"},"modified":"2025-12-12T14:48:27","modified_gmt":"2025-12-12T13:48:27","slug":"adoracja-najswietszego-sakramentu-w-dniu-8-12-2025-r","status":"publish","type":"post","link":"https:\/\/parafiaklimkowka.pl\/index.php\/2025\/11\/28\/adoracja-najswietszego-sakramentu-w-dniu-8-12-2025-r\/","title":{"rendered":"ADORACJA NAJ\u015aWI\u0118TSZEGO SAKRAMENTU W DNIU 8.12.2025 r."},"content":{"rendered":"\n<figure class=\"wp-block-table\"><table><tbody><tr><td><strong><em>Lp.<\/em><\/strong><\/td><td><strong><em>GODZINA<\/em><\/strong> <strong><em>ADORACJI<\/em><\/strong><\/td><td><strong><em>R\u00d3\u017bA R\u00d3\u017bA\u0143COWA<\/em><\/strong><\/td><td><strong><em>OSOBA ODPOWIEDZIALNA<\/em><\/strong><\/td><\/tr><tr><td><strong>1.<\/strong><\/td><td><strong>9.00-10.00<\/strong><\/td><td><strong>R\u00f3\u017ca \u015bw. Barbary<\/strong> <strong>R\u00f3\u017ca \u015bw. Jadwigi<\/strong> <strong>R\u00f3\u017ca w. Moniki<\/strong><\/td><td><strong>Bo\u017cena Penar<\/strong> <strong>Zofia Penar<\/strong> <strong>Michalina Korfanty<\/strong><\/td><\/tr><tr><td><strong>2.<\/strong><\/td><td><strong>10.00-11.00<\/strong><\/td><td><strong>R\u00f3\u017ca \u015bw. St-wa Kostki<\/strong> <strong>R\u00f3\u017ca \u015bw. Antoniego<\/strong><\/td><td><strong>St-w J\u00f3zefowicz<\/strong> <strong>Penar W\u0142adys\u0142awa<\/strong><\/td><\/tr><tr><td><strong>3.<\/strong><\/td><td><strong>11.00-12.00<\/strong><\/td><td><strong>R\u00f3\u017ca \u015bw. Agnieszki<\/strong> <strong>R\u00f3\u017ca \u015bw. Anny<\/strong><\/td><td><strong>Gra\u017cyna Rygiel<\/strong> <strong>El\u017cbieta Walus<\/strong><\/td><\/tr><tr><td><strong>4.<\/strong><\/td><td><strong>12.00-13.00<\/strong><\/td><td><strong>GODZINA \u0141ASKI&nbsp;&nbsp;&nbsp;&nbsp;&nbsp;&nbsp;&nbsp;&nbsp;&nbsp;&nbsp;&nbsp;&nbsp;<\/strong><\/td><td><strong>&nbsp;<\/strong><\/td><\/tr><tr><td><strong>5.<\/strong><\/td><td><strong>13.00-14.00<\/strong><\/td><td><strong>R\u00f3\u017ca \u015bw. O. Pio<\/strong> <strong>R\u00f3\u017ca \u015bw. Faustyny<\/strong><\/td><td><strong>Les\u0142awa Penar<\/strong> <strong>Irena Kasperkowicz<\/strong><\/td><\/tr><tr><td><strong>6.<\/strong><\/td><td><strong>14.00-15.00<\/strong><\/td><td><strong>R\u00f3\u017ca \u015bw. Weroniki<\/strong> <strong>R\u00f3\u017ca \u015b<\/strong>w<strong>. Jana Paw\u0142a II<\/strong> <strong>R\u00f3\u017ca \u015bw. Marty<\/strong><\/td><td><strong>Weronika Hanus<\/strong> <strong>Marian Penar<\/strong> <strong>Maria Wais<\/strong><\/td><\/tr><tr><td><strong>7.<\/strong><\/td><td><strong>15.00-16.00<\/strong><\/td><td><strong>R\u00f3\u017ca \u015bw. Maksymiliana<\/strong> <strong>R\u00f3\u017ca \u015bw. Teresy od Dzieci\u0105tka Jezus<\/strong><\/td><td><strong>Jan Krukar<\/strong> <strong>Teresa Cypcar<\/strong><\/td><\/tr><tr><td><strong>8.<\/strong><\/td><td><strong>16.00-17.00<\/strong><\/td><td><strong>I R\u00f3\u017ca \u015bw. Rity<\/strong> <strong>II R\u00f3\u017ca \u015bw. Rity<\/strong> <strong>R\u00f3\u017ca \u015aw. A. Boboli<\/strong><\/td><td><strong>Jolanta Rajnik<\/strong> <strong>Aneta Grzesik<\/strong> <strong>Lucyna Penar<\/strong><\/td><\/tr><\/tbody><\/table><\/figure>\n","protected":false},"excerpt":{"rendered":"<p>Lp. GODZINA ADORACJI R\u00d3\u017bA R\u00d3\u017bA\u0143COWA OSOBA ODPOWIEDZIALNA 1. 9.00-10.00 R\u00f3\u017ca \u015bw. Barbary R\u00f3\u017ca \u015bw. Jadwigi R\u00f3\u017ca w. Moniki Bo\u017cena Penar Zofia Penar Michalina Korfanty 2. 10.00-11.00 R\u00f3\u017ca \u015bw. St-wa Kostki [&hellip;]<\/p>\n","protected":false},"author":1,"featured_media":0,"comment_status":"closed","ping_status":"open","sticky":false,"template":"","format":"standard","meta":{"ngg_post_thumbnail":0,"footnotes":""},"categories":[1,19],"tags":[],"yoast_head":"<!-- This site is optimized with the Yoast SEO plugin v23.2 - https:\/\/yoast.com\/wordpress\/plugins\/seo\/ -->\n<title>ADORACJA NAJ\u015aWI\u0118TSZEGO SAKRAMENTU W DNIU 8.12.2025 r. - Parafia w Klimk\u00f3wce<\/title>\n<meta name=\"robots\" content=\"index, follow, max-snippet:-1, max-image-preview:large, max-video-preview:-1\" \/>\n<link rel=\"canonical\" href=\"https:\/\/parafiaklimkowka.pl\/index.php\/2025\/11\/28\/adoracja-najswietszego-sakramentu-w-dniu-8-12-2025-r\/\" \/>\n<meta property=\"og:locale\" content=\"pl_PL\" \/>\n<meta property=\"og:type\" content=\"article\" \/>\n<meta property=\"og:title\" content=\"ADORACJA NAJ\u015aWI\u0118TSZEGO SAKRAMENTU W DNIU 8.12.2025 r. - Parafia w Klimk\u00f3wce\" \/>\n<meta property=\"og:description\" content=\"Lp. GODZINA ADORACJI R\u00d3\u017bA R\u00d3\u017bA\u0143COWA OSOBA ODPOWIEDZIALNA 1. 9.00-10.00 R\u00f3\u017ca \u015bw. Barbary R\u00f3\u017ca \u015bw. Jadwigi R\u00f3\u017ca w. Moniki Bo\u017cena Penar Zofia Penar Michalina Korfanty 2. 10.00-11.00 R\u00f3\u017ca \u015bw. St-wa Kostki [&hellip;]\" \/>\n<meta property=\"og:url\" content=\"https:\/\/parafiaklimkowka.pl\/index.php\/2025\/11\/28\/adoracja-najswietszego-sakramentu-w-dniu-8-12-2025-r\/\" \/>\n<meta property=\"og:site_name\" content=\"Parafia w Klimk\u00f3wce\" \/>\n<meta property=\"article:published_time\" content=\"2025-11-28T18:27:41+00:00\" \/>\n<meta property=\"article:modified_time\" content=\"2025-12-12T13:48:27+00:00\" \/>\n<meta name=\"author\" content=\"kadmins70\" \/>\n<meta name=\"twitter:card\" content=\"summary_large_image\" \/>\n<meta name=\"twitter:label1\" content=\"Napisane przez\" \/>\n\t<meta name=\"twitter:data1\" content=\"kadmins70\" \/>\n\t<meta name=\"twitter:label2\" content=\"Szacowany czas czytania\" \/>\n\t<meta name=\"twitter:data2\" content=\"1 minuta\" \/>\n<script type=\"application\/ld+json\" class=\"yoast-schema-graph\">{\"@context\":\"https:\/\/schema.org\",\"@graph\":[{\"@type\":\"Article\",\"@id\":\"https:\/\/parafiaklimkowka.pl\/index.php\/2025\/11\/28\/adoracja-najswietszego-sakramentu-w-dniu-8-12-2025-r\/#article\",\"isPartOf\":{\"@id\":\"https:\/\/parafiaklimkowka.pl\/index.php\/2025\/11\/28\/adoracja-najswietszego-sakramentu-w-dniu-8-12-2025-r\/\"},\"author\":{\"name\":\"kadmins70\",\"@id\":\"https:\/\/parafiaklimkowka.pl\/#\/schema\/person\/8411339f73ed143172a1fc20b8c20562\"},\"headline\":\"ADORACJA NAJ\u015aWI\u0118TSZEGO SAKRAMENTU W DNIU 8.12.2025 r.\",\"datePublished\":\"2025-11-28T18:27:41+00:00\",\"dateModified\":\"2025-12-12T13:48:27+00:00\",\"mainEntityOfPage\":{\"@id\":\"https:\/\/parafiaklimkowka.pl\/index.php\/2025\/11\/28\/adoracja-najswietszego-sakramentu-w-dniu-8-12-2025-r\/\"},\"wordCount\":162,\"publisher\":{\"@id\":\"https:\/\/parafiaklimkowka.pl\/#organization\"},\"articleSection\":[\"Aktualno\u015bci\",\"Wiadomo\u015bci\"],\"inLanguage\":\"pl-PL\"},{\"@type\":\"WebPage\",\"@id\":\"https:\/\/parafiaklimkowka.pl\/index.php\/2025\/11\/28\/adoracja-najswietszego-sakramentu-w-dniu-8-12-2025-r\/\",\"url\":\"https:\/\/parafiaklimkowka.pl\/index.php\/2025\/11\/28\/adoracja-najswietszego-sakramentu-w-dniu-8-12-2025-r\/\",\"name\":\"ADORACJA NAJ\u015aWI\u0118TSZEGO SAKRAMENTU W DNIU 8.12.2025 r. - Parafia w Klimk\u00f3wce\",\"isPartOf\":{\"@id\":\"https:\/\/parafiaklimkowka.pl\/#website\"},\"datePublished\":\"2025-11-28T18:27:41+00:00\",\"dateModified\":\"2025-12-12T13:48:27+00:00\",\"breadcrumb\":{\"@id\":\"https:\/\/parafiaklimkowka.pl\/index.php\/2025\/11\/28\/adoracja-najswietszego-sakramentu-w-dniu-8-12-2025-r\/#breadcrumb\"},\"inLanguage\":\"pl-PL\",\"potentialAction\":[{\"@type\":\"ReadAction\",\"target\":[\"https:\/\/parafiaklimkowka.pl\/index.php\/2025\/11\/28\/adoracja-najswietszego-sakramentu-w-dniu-8-12-2025-r\/\"]}]},{\"@type\":\"BreadcrumbList\",\"@id\":\"https:\/\/parafiaklimkowka.pl\/index.php\/2025\/11\/28\/adoracja-najswietszego-sakramentu-w-dniu-8-12-2025-r\/#breadcrumb\",\"itemListElement\":[{\"@type\":\"ListItem\",\"position\":1,\"name\":\"Strona g\u0142\u00f3wna\",\"item\":\"https:\/\/parafiaklimkowka.pl\/\"},{\"@type\":\"ListItem\",\"position\":2,\"name\":\"ADORACJA NAJ\u015aWI\u0118TSZEGO SAKRAMENTU W DNIU 8.12.2025 r.\"}]},{\"@type\":\"WebSite\",\"@id\":\"https:\/\/parafiaklimkowka.pl\/#website\",\"url\":\"https:\/\/parafiaklimkowka.pl\/\",\"name\":\"Parafia w Klimk\u00f3wce\",\"description\":\"pw. \u015aw. Micha\u0142a Archanio\u0142a\",\"publisher\":{\"@id\":\"https:\/\/parafiaklimkowka.pl\/#organization\"},\"potentialAction\":[{\"@type\":\"SearchAction\",\"target\":{\"@type\":\"EntryPoint\",\"urlTemplate\":\"https:\/\/parafiaklimkowka.pl\/?s={search_term_string}\"},\"query-input\":\"required name=search_term_string\"}],\"inLanguage\":\"pl-PL\"},{\"@type\":\"Organization\",\"@id\":\"https:\/\/parafiaklimkowka.pl\/#organization\",\"name\":\"Parafia p.w. \u015bw. Micha\u0142a Archanio\u0142a w Klimk\u00f3wce\",\"url\":\"https:\/\/parafiaklimkowka.pl\/\",\"logo\":{\"@type\":\"ImageObject\",\"inLanguage\":\"pl-PL\",\"@id\":\"https:\/\/parafiaklimkowka.pl\/#\/schema\/logo\/image\/\",\"url\":\"http:\/\/parafiaklimkowka.pl\/wp-content\/uploads\/2019\/10\/anio\u01428_jpeg.jpg\",\"contentUrl\":\"http:\/\/parafiaklimkowka.pl\/wp-content\/uploads\/2019\/10\/anio\u01428_jpeg.jpg\",\"width\":658,\"height\":483,\"caption\":\"Parafia p.w. \u015bw. Micha\u0142a Archanio\u0142a w Klimk\u00f3wce\"},\"image\":{\"@id\":\"https:\/\/parafiaklimkowka.pl\/#\/schema\/logo\/image\/\"}},{\"@type\":\"Person\",\"@id\":\"https:\/\/parafiaklimkowka.pl\/#\/schema\/person\/8411339f73ed143172a1fc20b8c20562\",\"name\":\"kadmins70\",\"image\":{\"@type\":\"ImageObject\",\"inLanguage\":\"pl-PL\",\"@id\":\"https:\/\/parafiaklimkowka.pl\/#\/schema\/person\/image\/\",\"url\":\"https:\/\/secure.gravatar.com\/avatar\/2f1a9b134b0f743459e06c66845f8cf1?s=96&d=mm&r=g\",\"contentUrl\":\"https:\/\/secure.gravatar.com\/avatar\/2f1a9b134b0f743459e06c66845f8cf1?s=96&d=mm&r=g\",\"caption\":\"kadmins70\"}}]}<\/script>\n<!-- \/ Yoast SEO plugin. -->","yoast_head_json":{"title":"ADORACJA NAJ\u015aWI\u0118TSZEGO SAKRAMENTU W DNIU 8.12.2025 r. - Parafia w Klimk\u00f3wce","robots":{"index":"index","follow":"follow","max-snippet":"max-snippet:-1","max-image-preview":"max-image-preview:large","max-video-preview":"max-video-preview:-1"},"canonical":"https:\/\/parafiaklimkowka.pl\/index.php\/2025\/11\/28\/adoracja-najswietszego-sakramentu-w-dniu-8-12-2025-r\/","og_locale":"pl_PL","og_type":"article","og_title":"ADORACJA NAJ\u015aWI\u0118TSZEGO SAKRAMENTU W DNIU 8.12.2025 r. - Parafia w Klimk\u00f3wce","og_description":"Lp. GODZINA ADORACJI R\u00d3\u017bA R\u00d3\u017bA\u0143COWA OSOBA ODPOWIEDZIALNA 1. 9.00-10.00 R\u00f3\u017ca \u015bw. Barbary R\u00f3\u017ca \u015bw. Jadwigi R\u00f3\u017ca w. Moniki Bo\u017cena Penar Zofia Penar Michalina Korfanty 2. 10.00-11.00 R\u00f3\u017ca \u015bw. St-wa Kostki [&hellip;]","og_url":"https:\/\/parafiaklimkowka.pl\/index.php\/2025\/11\/28\/adoracja-najswietszego-sakramentu-w-dniu-8-12-2025-r\/","og_site_name":"Parafia w Klimk\u00f3wce","article_published_time":"2025-11-28T18:27:41+00:00","article_modified_time":"2025-12-12T13:48:27+00:00","author":"kadmins70","twitter_card":"summary_large_image","twitter_misc":{"Napisane przez":"kadmins70","Szacowany czas czytania":"1 minuta"},"schema":{"@context":"https:\/\/schema.org","@graph":[{"@type":"Article","@id":"https:\/\/parafiaklimkowka.pl\/index.php\/2025\/11\/28\/adoracja-najswietszego-sakramentu-w-dniu-8-12-2025-r\/#article","isPartOf":{"@id":"https:\/\/parafiaklimkowka.pl\/index.php\/2025\/11\/28\/adoracja-najswietszego-sakramentu-w-dniu-8-12-2025-r\/"},"author":{"name":"kadmins70","@id":"https:\/\/parafiaklimkowka.pl\/#\/schema\/person\/8411339f73ed143172a1fc20b8c20562"},"headline":"ADORACJA NAJ\u015aWI\u0118TSZEGO SAKRAMENTU W DNIU 8.12.2025 r.","datePublished":"2025-11-28T18:27:41+00:00","dateModified":"2025-12-12T13:48:27+00:00","mainEntityOfPage":{"@id":"https:\/\/parafiaklimkowka.pl\/index.php\/2025\/11\/28\/adoracja-najswietszego-sakramentu-w-dniu-8-12-2025-r\/"},"wordCount":162,"publisher":{"@id":"https:\/\/parafiaklimkowka.pl\/#organization"},"articleSection":["Aktualno\u015bci","Wiadomo\u015bci"],"inLanguage":"pl-PL"},{"@type":"WebPage","@id":"https:\/\/parafiaklimkowka.pl\/index.php\/2025\/11\/28\/adoracja-najswietszego-sakramentu-w-dniu-8-12-2025-r\/","url":"https:\/\/parafiaklimkowka.pl\/index.php\/2025\/11\/28\/adoracja-najswietszego-sakramentu-w-dniu-8-12-2025-r\/","name":"ADORACJA NAJ\u015aWI\u0118TSZEGO SAKRAMENTU W DNIU 8.12.2025 r. - Parafia w Klimk\u00f3wce","isPartOf":{"@id":"https:\/\/parafiaklimkowka.pl\/#website"},"datePublished":"2025-11-28T18:27:41+00:00","dateModified":"2025-12-12T13:48:27+00:00","breadcrumb":{"@id":"https:\/\/parafiaklimkowka.pl\/index.php\/2025\/11\/28\/adoracja-najswietszego-sakramentu-w-dniu-8-12-2025-r\/#breadcrumb"},"inLanguage":"pl-PL","potentialAction":[{"@type":"ReadAction","target":["https:\/\/parafiaklimkowka.pl\/index.php\/2025\/11\/28\/adoracja-najswietszego-sakramentu-w-dniu-8-12-2025-r\/"]}]},{"@type":"BreadcrumbList","@id":"https:\/\/parafiaklimkowka.pl\/index.php\/2025\/11\/28\/adoracja-najswietszego-sakramentu-w-dniu-8-12-2025-r\/#breadcrumb","itemListElement":[{"@type":"ListItem","position":1,"name":"Strona g\u0142\u00f3wna","item":"https:\/\/parafiaklimkowka.pl\/"},{"@type":"ListItem","position":2,"name":"ADORACJA NAJ\u015aWI\u0118TSZEGO SAKRAMENTU W DNIU 8.12.2025 r."}]},{"@type":"WebSite","@id":"https:\/\/parafiaklimkowka.pl\/#website","url":"https:\/\/parafiaklimkowka.pl\/","name":"Parafia w Klimk\u00f3wce","description":"pw. \u015aw. Micha\u0142a Archanio\u0142a","publisher":{"@id":"https:\/\/parafiaklimkowka.pl\/#organization"},"potentialAction":[{"@type":"SearchAction","target":{"@type":"EntryPoint","urlTemplate":"https:\/\/parafiaklimkowka.pl\/?s={search_term_string}"},"query-input":"required name=search_term_string"}],"inLanguage":"pl-PL"},{"@type":"Organization","@id":"https:\/\/parafiaklimkowka.pl\/#organization","name":"Parafia p.w. \u015bw. Micha\u0142a Archanio\u0142a w Klimk\u00f3wce","url":"https:\/\/parafiaklimkowka.pl\/","logo":{"@type":"ImageObject","inLanguage":"pl-PL","@id":"https:\/\/parafiaklimkowka.pl\/#\/schema\/logo\/image\/","url":"http:\/\/parafiaklimkowka.pl\/wp-content\/uploads\/2019\/10\/anio\u01428_jpeg.jpg","contentUrl":"http:\/\/parafiaklimkowka.pl\/wp-content\/uploads\/2019\/10\/anio\u01428_jpeg.jpg","width":658,"height":483,"caption":"Parafia p.w. \u015bw. Micha\u0142a Archanio\u0142a w Klimk\u00f3wce"},"image":{"@id":"https:\/\/parafiaklimkowka.pl\/#\/schema\/logo\/image\/"}},{"@type":"Person","@id":"https:\/\/parafiaklimkowka.pl\/#\/schema\/person\/8411339f73ed143172a1fc20b8c20562","name":"kadmins70","image":{"@type":"ImageObject","inLanguage":"pl-PL","@id":"https:\/\/parafiaklimkowka.pl\/#\/schema\/person\/image\/","url":"https:\/\/secure.gravatar.com\/avatar\/2f1a9b134b0f743459e06c66845f8cf1?s=96&d=mm&r=g","contentUrl":"https:\/\/secure.gravatar.com\/avatar\/2f1a9b134b0f743459e06c66845f8cf1?s=96&d=mm&r=g","caption":"kadmins70"}}]}},"_links":{"self":[{"href":"https:\/\/parafiaklimkowka.pl\/index.php\/wp-json\/wp\/v2\/posts\/13647"}],"collection":[{"href":"https:\/\/parafiaklimkowka.pl\/index.php\/wp-json\/wp\/v2\/posts"}],"about":[{"href":"https:\/\/parafiaklimkowka.pl\/index.php\/wp-json\/wp\/v2\/types\/post"}],"author":[{"embeddable":true,"href":"https:\/\/parafiaklimkowka.pl\/index.php\/wp-json\/wp\/v2\/users\/1"}],"replies":[{"embeddable":true,"href":"https:\/\/parafiaklimkowka.pl\/index.php\/wp-json\/wp\/v2\/comments?post=13647"}],"version-history":[{"count":1,"href":"https:\/\/parafiaklimkowka.pl\/index.php\/wp-json\/wp\/v2\/posts\/13647\/revisions"}],"predecessor-version":[{"id":13648,"href":"https:\/\/parafiaklimkowka.pl\/index.php\/wp-json\/wp\/v2\/posts\/13647\/revisions\/13648"}],"wp:attachment":[{"href":"https:\/\/parafiaklimkowka.pl\/index.php\/wp-json\/wp\/v2\/media?parent=13647"}],"wp:term":[{"taxonomy":"category","embeddable":true,"href":"https:\/\/parafiaklimkowka.pl\/index.php\/wp-json\/wp\/v2\/categories?post=13647"},{"taxonomy":"post_tag","embeddable":true,"href":"https:\/\/parafiaklimkowka.pl\/index.php\/wp-json\/wp\/v2\/tags?post=13647"}],"curies":[{"name":"wp","href":"https:\/\/api.w.org\/{rel}","templated":true}]}}