{"id":13720,"date":"2025-12-28T10:46:27","date_gmt":"2025-12-28T09:46:27","guid":{"rendered":"https:\/\/parafiaklimkowka.pl\/?p=13720"},"modified":"2026-01-09T22:07:27","modified_gmt":"2026-01-09T21:07:27","slug":"13720","status":"publish","type":"post","link":"https:\/\/parafiaklimkowka.pl\/index.php\/2025\/12\/28\/13720\/","title":{"rendered":"Niedziela \u015awi\u0119tej Rodziny \u00a0\u00a0"},"content":{"rendered":"<ol>\n<li style=\"text-align: justify;\"><strong>W \u015brod\u0119 ostatni dzie\u0144 starego roku. Wspomnienie \u015aw. Sylwestra, Papie\u017ca. O godz. 16.00 Msza \u015awi\u0119ta, w czasie, kt\u00f3rej podzi\u0119kujemy Bogu za miniony rok.<\/strong> <strong>Przeprasza\u0107 b\u0119dziemy za nasze grzechy i prosi\u0107 o potrzebne \u0142aski i b\u0142ogos\u0142awie\u0144stwo na Nowy Rok Pa\u0144ski 2026. Po Mszy \u015awi\u0119tej wystawienie Naj\u015bwi\u0119tszego Sakramentu i nabo\u017ce\u0144stwo. Za udzia\u0142 w tym nabo\u017ce\u0144stwie&nbsp; mo\u017cna zyska\u0107 odpust zupe\u0142ny pod zwyk\u0142ymi warunkami.<\/strong><\/li>\n<li>\n<p style=\"text-align: justify;\"><strong>W czwartek&nbsp; Nowy Rok. Uroczysto\u015b\u0107 \u015awi\u0119tej Bo\u017cej Rodzicielki Maryi. Zako\u0144czenie Oktawy Bo\u017cego Narodzenia. \u015awiatowy dzie\u0144 modlitw o pok\u00f3j. Msze w parafii jak w ka\u017cd\u0105 niedziel\u0119 o godzinie 7.30, 9.15, 11.00 i dodatkowa Msza \u015awi\u0119ta o godzinie 15.00.<\/strong><\/p>\n<\/li>\n<li>\n<p style=\"text-align: justify;\"><strong>W tym tygodniu pierwszy czwartek, pierwszy pi\u0105tek i pierwsza sobota miesi\u0105ca.<\/strong> Zach\u0119camy do dzi\u0119kczynienia za dar Naj\u015bwi\u0119tszej Eucharystii w czwartek. Pierwszy pi\u0105tek sk\u0142ania nasze serca do uwielbienia Serca Jezusowego i przeb\u0142agania za grzechy. Po Mszy \u015awi\u0119tej wystawienie Naj\u015bwi\u0119tszego Sakramentu i Litania do Serca Pana Jezusa. <strong>Zg\u0142oszonych chorych odwiedz\u0119 w pi\u0105tek, od godziny 7.30.<\/strong> Jeste\u015bmy wszyscy po spowiedzi \u015bwi\u0105tecznej. Gdyby jednak zachodzi\u0142a konieczno\u015b\u0107 spowiedzi mo\u017cna skorzysta\u0107 z sakramentu w ka\u017cdy dzie\u0144 przed Msz\u0105 \u015awi\u0119t\u0105.&nbsp; W pierwszy pi\u0105tek spowied\u017a od godz. 16.30. <strong>W pierwsz\u0105 sobot\u0119 zapraszam aby wynagradza\u0107 Niepokalanemu Sercu Maryi za grzechy, kt\u00f3rymi jest zniewa\u017cane. R\u00f3\u017caniec pierwszo sobotni o godzinie 16.30.<\/strong><\/p>\n<\/li>\n<li>\n<p style=\"text-align: justify;\"><strong>W przysz\u0142\u0105 niedziel\u0119 4 stycznia po Mszy o godzinie 9.15 zmiana tajemnic r\u00f3\u017ca\u0144cowych.<\/strong><\/p>\n<\/li>\n<li><strong>Msze \u015awi\u0119te w tygodniu, w dni powszednie: <\/strong>\n<p><strong>&#8211; w poniedzia\u0142ek i wtorek o godzinie 8.00, <\/strong><\/p>\n<p><strong>&#8211; w \u015brod\u0119 Stary Rok, o godzinie 16.00,<\/strong><\/p>\n<p><strong>&#8211; w pierwszy pi\u0105tek miesi\u0105ca o godzinie 17.00,<\/strong><\/p>\n<p><strong>&#8211; w pierwsz\u0105 sobot\u0119 miesi\u0105ca r\u00f3\u017caniec o godzinie 16.30, Msza o godzinie 17.00 i Msza niedzielna o godzinie 18.00.<\/strong><\/li>\n<li>\n<p style=\"text-align: justify;\"><strong style=\"font-size: revert; color: initial;\">Czas Bo\u017cego Narodzenia zwi\u0105zany jest z tradycj\u0105 wizyty duszpasterskiej, zwanej kol\u0119d\u0105,<\/strong><span style=\"font-size: revert; color: initial;\"> kt\u00f3rej celem jest spotkanie z mieszka\u0144cami parafii, wsp\u00f3lna modlitwa, szczera rozmowa o codziennych rado\u015bciach i krzy\u017cach. Istot\u0105 kol\u0119dy jest b\u0142ogos\u0142awie\u0144stwo Bo\u017ce domu i rodziny w nowym roku. Na stole powinien by\u0107 Krzy\u017c, \u015bwiece, woda \u015bwi\u0119cona, kropid\u0142o, Pismo \u015bwi\u0119te.<br \/>\n<\/span><strong style=\"font-size: revert; color: initial;\"><em>W tym tygodniu kol\u0119da:<\/em><\/strong><\/p>\n<p style=\"text-align: justify;\"><strong><em>&#8211; w poniedzia\u0142ek 29 grudnia, od godziny 9.00 \u2013&nbsp; Ulica Zdrojowa, prawa storna od Pani Grysztar Zofii do Hurtowni budowlanej, nast\u0119pnie ulica Zdrojowa od strony ulicy Rzecznej i ulica Rzeczna, od ko\u0144ca do Pani Wais Marii,<\/em><\/strong><\/p>\n<p style=\"text-align: justify;\"><strong><em>&#8211; we wtorek&nbsp; 30 grudnia, od godziny 9.00&nbsp; \u2013 ulica Zdrojowa, od Pa\u0144stwa Ku\u015b, lewa strona w kierunku Sklepu Centrum do Pa\u0144stwa Hyla,<\/em><\/strong><\/p>\n<p style=\"text-align: justify;\"><strong><em>&#8211; w pi\u0105tek 2 stycznia, od godziny 10.00 \u2013 ulica Zdrojowa, od Pani Gierlach Zofii w stron\u0119 sklepu Centrum, do Pa\u0144stwa Puchalskich,<\/em><\/strong><\/p>\n<p style=\"text-align: justify;\"><strong><em>&#8211; w sobot\u0119 3 stycze\u0144, od godziny 9.00 \u2013 &nbsp;ulica Zdrojowa, od Pa\u0144stwa Bia\u0142as do Pa\u0144stwa Jakubowicz i ca\u0142a uliczka (domy przy drodze) do Pa\u0144stwa G\u0142adysiewicz,<\/em><\/strong><\/p>\n<p style=\"text-align: justify;\"><strong><em>&#8211; w poniedzia\u0142ek 5 stycznia, od godz.9.00 \u2013 ulica Zdrojowa, od Pani Michaliny Cypcar do ko\u0144ca lewej strony i prawa strona Rejonu V \u2013 do Ostoi (5 dom\u00f3w).<\/em><\/strong><\/p>\n<p><strong><em>Od \u015brody 7 stycznia kol\u0119da w Rejonie VI, szczeg\u00f3\u0142y b\u0119d\u0105 podane w niedziel\u0119 4 stycznia.<\/em><\/strong><\/li>\n<li style=\"text-align: justify;\"><strong style=\"font-size: revert; color: initial;\">W przysz\u0142\u0105 niedziel\u0119 (4 stycze\u0144) zapraszam mieszka\u0144c\u00f3w Rejonu I, na Msz\u0119 o godzinie 9.15, sprawowan\u0105 w ich intencji i na prze\u017cycie kol\u0119dy, najpierw w Ko\u015bciele, a potem w swoich rodzinach. Rejon II zapraszam dwa dni p\u00f3\u017aniej \u2013 6 stycznia (uroczysto\u015b\u0107 Objawienia Pa\u0144skiego), na Msz\u0119 o godzinie 9.15, a Rejon III \u2013 w niedziel\u0119 11 stycznia, tak\u017ce na Msz\u0119 o godzinie 9.15.<\/strong><\/li>\n<li style=\"text-align: justify;\"><strong><strong>Wyra\u017cam wdzi\u0119czno\u015b\u0107 tym, kt\u00f3rzy pomogli w \u015bwi\u0105tecznym wystroju naszej \u015awi\u0105tyni, za trud w\u0142o\u017cony w posprz\u0105tanie Ko\u015bcio\u0142a, za wystrojone choinek oraz za przygotowanie szopki bo\u017conarodzeniowej.<\/strong><\/strong><br \/>\n<hr>\n<\/li>\n<\/ol>\n<p><strong>Ewangelia wed\u0142ug \u015awi\u0119tego Mateusza<\/strong><\/p>\n<p style=\"text-align: justify;\">Gdy m\u0119drcy si\u0119 oddalili, oto anio\u0142 Pa\u0144ski ukaza\u0142 si\u0119 J\u00f3zefowi we \u015bnie i rzek\u0142: &#8222;Wsta\u0144, we\u017a dzieci\u0119 i Jego Matk\u0119 i uchod\u017a do Egiptu; pozosta\u0144 tam, a\u017c ci powiem; bo Herod b\u0119dzie szuka\u0142 dzieci\u0119cia, aby Je zg\u0142adzi\u0107&#8221;. On wsta\u0142, wzi\u0105\u0142 w nocy dzieci\u0119 i Jego Matk\u0119 i uda\u0142 si\u0119 do Egiptu; tam pozosta\u0142 a\u017c do \u015bmierci Heroda. Tak mia\u0142o si\u0119 spe\u0142ni\u0107 s\u0142owo, kt\u00f3re Pan powiedzia\u0142 przez Proroka: &#8222;z Egiptu wezwa\u0142em Syna mego&#8221;. A gdy Herod umar\u0142, oto J\u00f3zefowi w Egipcie ukaza\u0142 si\u0119 Anio\u0142 Pa\u0144ski we \u015bnie i rzek\u0142: &#8222;Wsta\u0144, we\u017a dzieci\u0119 i Jego Matk\u0119 i id\u017a do ziemi Izraela, bo ju\u017c umarli ci, kt\u00f3rzy czyhali na \u017cycie dzieci\u0119cia&#8221;. On wi\u0119c wsta\u0142, wzi\u0105\u0142 dzieci\u0119 i Jego Matk\u0119 i wr\u00f3ci\u0142 do ziemi Izraela. Lecz gdy pos\u0142ysza\u0142, \u017ce w Judei panuje Archelaos w miejsce ojca swego, Heroda, ba\u0142 si\u0119 tam i\u015b\u0107. Otrzymawszy za\u015b we \u015bnie nakaz, uda\u0142 si\u0119 w okolice Galilei. Przyby\u0142 do miasta zwanego Nazaret i tam osiad\u0142. Tak mia\u0142o si\u0119 spe\u0142ni\u0107 s\u0142owo Prorok\u00f3w: &#8222;Nazwany b\u0119dzie Nazarejczykiem&#8221;.<\/p>\n<p style=\"text-align: justify;\"><strong>Refleksja nad s\u0142owem Bo\u017cym<\/strong><\/p>\n<p style=\"text-align: justify;\">W \u015awi\u0119tej Rodzinie dziecko uczy\u0142o si\u0119 od rodzic\u00f3w sztuki \u017cycia, tak jak to czyni ka\u017cde dziecko. Ono pilnie obserwuje i drog\u0105 na\u015bladowania powtarza s\u0142owa, postawy, gesty, czyny starszych. Tak Jezus uczy\u0142 si\u0119 \u017cycia wpatrzony w swoj\u0105 mam\u0119 i w swego ziemskiego opiekuna, kt\u00f3rego nazywa\u0142 tat\u0105. Uczy\u0142 si\u0119 wszystkiego, co jest potrzebne do \u017cycia na ziemi. Od \u015bw. J\u00f3zefa uczy\u0142 si\u0119 r\u00f3wnie\u017c zawodu. By\u0142 wi\u0119c nie tylko synem cie\u015bli, ale i zosta\u0142 cie\u015bl\u0105.<\/p>\n<p style=\"text-align: justify;\">R\u00f3wnolegle z tym wychowywaniem i uczeniem Jezusa przez rodzic\u00f3w p\u0142yn\u0105\u0142 w ich rodzinie drugi nurt. Oto Maryja i J\u00f3zef nieustannie uczyli si\u0119 od Jezusa. On by\u0142 ich nauczycielem, a oni Jego uczniami. Uczyli si\u0119 boskiej sztuki \u017cycia na ziemi. Uczyli si\u0119 od Niego odniesie\u0144 do Boga Ojca.<\/p>\n<p style=\"text-align: justify;\">W rodzinie rodzice ucz\u0105 dzieci, ale i dzieci ucz\u0105 rodzic\u00f3w. M\u00f3wi o tym Syrach, a jeszcze ja\u015bniej pisze \u015bw. Pawe\u0142. Wszystko zale\u017cy od tego, w jakiej mierze ka\u017cdy chce si\u0119 uczy\u0107. Dziecko ma wiele do objawienia, a z czasem i do powiedzenia rodzicom. Ono chce widzie\u0107 w nich pewien idea\u0142 dobrego taty i dobrej mamy. Zawieraj\u0105c przyja\u017a\u0144 ze \u015awi\u0119t\u0105 Rodzin\u0105, mo\u017cna si\u0119 nauczy\u0107 sztuki budowania wi\u0119z\u00f3w rodzinnych w oparciu o prawdziw\u0105 mi\u0142o\u015b\u0107.<\/p>\n<hr>\n<h3 style=\"text-align: justify;\"><strong>Zapowiedzi przedma\u0142\u017ce\u0144skie<\/strong><\/h3>\n<hr>\n<h3><strong>Odes<\/strong><strong>zli do wieczno\u015bci<\/strong><\/h3>\n<p style=\"text-align: justify;\">Maria Helena Penar \u2013 urodzona 07.05.1952, zmar\u0142a 21.12.2025r., zamieszka\u0142a Klimk\u00f3wka, ul. Zdrojowa 314.<\/p>\n<hr>\n<h3><strong style=\"color: revert; font-size: revert;\">Spotkania grup duszpasterskich<\/strong><\/h3>\n<hr>\n<h3><strong>Intencje modlitewne na grudzie\u0144<\/strong><\/h3>\n<p><strong>Og\u00f3lna:<\/strong>&nbsp;<\/p>\n<p style=\"text-align: justify;\">Aby chrze\u015bcijanie \u017cyj\u0105cy&nbsp; w strefie wojny lub konfliktu, szczeg\u00f3lnie na Bliskim Wschodzie, byli siewcami pokoju, nadziei i pojednania.<\/p>\n<p><strong>Diecezjalna:&nbsp;<\/strong><\/p>\n<p style=\"text-align: justify;\">Aby \u0142aska ko\u0144cz\u0105cego si\u0119 Jubileuszu o\u017cywi\u0142a w wiernych Archidiecezji Przemyskiej pragnienie d\u00f3br niebieskich i nape\u0142ni\u0142a ich serca nadziej\u0105, rado\u015bci\u0105 i pokojem.<\/p>\n","protected":false},"excerpt":{"rendered":"<p>W \u015brod\u0119 ostatni dzie\u0144 starego roku. Wspomnienie \u015aw. Sylwestra, Papie\u017ca. O godz. 16.00 Msza \u015awi\u0119ta, w czasie, kt\u00f3rej podzi\u0119kujemy Bogu za miniony rok. Przeprasza\u0107 b\u0119dziemy za nasze grzechy i prosi\u0107 [&hellip;]<\/p>\n","protected":false},"author":1,"featured_media":0,"comment_status":"closed","ping_status":"open","sticky":false,"template":"","format":"standard","meta":{"ngg_post_thumbnail":0,"footnotes":""},"categories":[1,4],"tags":[],"yoast_head":"<!-- This site is optimized with the Yoast SEO plugin v23.2 - https:\/\/yoast.com\/wordpress\/plugins\/seo\/ -->\n<title>Niedziela \u015awi\u0119tej Rodziny \u00a0\u00a0 - Parafia w Klimk\u00f3wce<\/title>\n<meta name=\"robots\" content=\"index, follow, max-snippet:-1, max-image-preview:large, max-video-preview:-1\" \/>\n<link rel=\"canonical\" href=\"https:\/\/parafiaklimkowka.pl\/index.php\/2025\/12\/28\/13720\/\" \/>\n<meta property=\"og:locale\" content=\"pl_PL\" \/>\n<meta property=\"og:type\" content=\"article\" \/>\n<meta property=\"og:title\" content=\"Niedziela \u015awi\u0119tej Rodziny \u00a0\u00a0 - Parafia w Klimk\u00f3wce\" \/>\n<meta property=\"og:description\" content=\"W \u015brod\u0119 ostatni dzie\u0144 starego roku. Wspomnienie \u015aw. Sylwestra, Papie\u017ca. O godz. 16.00 Msza \u015awi\u0119ta, w czasie, kt\u00f3rej podzi\u0119kujemy Bogu za miniony rok. Przeprasza\u0107 b\u0119dziemy za nasze grzechy i prosi\u0107 [&hellip;]\" \/>\n<meta property=\"og:url\" content=\"https:\/\/parafiaklimkowka.pl\/index.php\/2025\/12\/28\/13720\/\" \/>\n<meta property=\"og:site_name\" content=\"Parafia w Klimk\u00f3wce\" \/>\n<meta property=\"article:published_time\" content=\"2025-12-28T09:46:27+00:00\" \/>\n<meta property=\"article:modified_time\" content=\"2026-01-09T21:07:27+00:00\" \/>\n<meta name=\"author\" content=\"kadmins70\" \/>\n<meta name=\"twitter:card\" content=\"summary_large_image\" \/>\n<meta name=\"twitter:label1\" content=\"Napisane przez\" \/>\n\t<meta name=\"twitter:data1\" content=\"kadmins70\" \/>\n\t<meta name=\"twitter:label2\" content=\"Szacowany czas czytania\" \/>\n\t<meta name=\"twitter:data2\" content=\"6 minut\" \/>\n<script type=\"application\/ld+json\" class=\"yoast-schema-graph\">{\"@context\":\"https:\/\/schema.org\",\"@graph\":[{\"@type\":\"Article\",\"@id\":\"https:\/\/parafiaklimkowka.pl\/index.php\/2025\/12\/28\/13720\/#article\",\"isPartOf\":{\"@id\":\"https:\/\/parafiaklimkowka.pl\/index.php\/2025\/12\/28\/13720\/\"},\"author\":{\"name\":\"kadmins70\",\"@id\":\"https:\/\/parafiaklimkowka.pl\/#\/schema\/person\/8411339f73ed143172a1fc20b8c20562\"},\"headline\":\"Niedziela \u015awi\u0119tej Rodziny \u00a0\u00a0\",\"datePublished\":\"2025-12-28T09:46:27+00:00\",\"dateModified\":\"2026-01-09T21:07:27+00:00\",\"mainEntityOfPage\":{\"@id\":\"https:\/\/parafiaklimkowka.pl\/index.php\/2025\/12\/28\/13720\/\"},\"wordCount\":1132,\"publisher\":{\"@id\":\"https:\/\/parafiaklimkowka.pl\/#organization\"},\"articleSection\":[\"Aktualno\u015bci\",\"Og\u0142oszenia duszpasterskie\"],\"inLanguage\":\"pl-PL\"},{\"@type\":\"WebPage\",\"@id\":\"https:\/\/parafiaklimkowka.pl\/index.php\/2025\/12\/28\/13720\/\",\"url\":\"https:\/\/parafiaklimkowka.pl\/index.php\/2025\/12\/28\/13720\/\",\"name\":\"Niedziela \u015awi\u0119tej Rodziny \u00a0\u00a0 - Parafia w Klimk\u00f3wce\",\"isPartOf\":{\"@id\":\"https:\/\/parafiaklimkowka.pl\/#website\"},\"datePublished\":\"2025-12-28T09:46:27+00:00\",\"dateModified\":\"2026-01-09T21:07:27+00:00\",\"breadcrumb\":{\"@id\":\"https:\/\/parafiaklimkowka.pl\/index.php\/2025\/12\/28\/13720\/#breadcrumb\"},\"inLanguage\":\"pl-PL\",\"potentialAction\":[{\"@type\":\"ReadAction\",\"target\":[\"https:\/\/parafiaklimkowka.pl\/index.php\/2025\/12\/28\/13720\/\"]}]},{\"@type\":\"BreadcrumbList\",\"@id\":\"https:\/\/parafiaklimkowka.pl\/index.php\/2025\/12\/28\/13720\/#breadcrumb\",\"itemListElement\":[{\"@type\":\"ListItem\",\"position\":1,\"name\":\"Strona g\u0142\u00f3wna\",\"item\":\"https:\/\/parafiaklimkowka.pl\/\"},{\"@type\":\"ListItem\",\"position\":2,\"name\":\"Niedziela \u015awi\u0119tej Rodziny \u00a0\u00a0\"}]},{\"@type\":\"WebSite\",\"@id\":\"https:\/\/parafiaklimkowka.pl\/#website\",\"url\":\"https:\/\/parafiaklimkowka.pl\/\",\"name\":\"Parafia w Klimk\u00f3wce\",\"description\":\"pw. \u015aw. Micha\u0142a Archanio\u0142a\",\"publisher\":{\"@id\":\"https:\/\/parafiaklimkowka.pl\/#organization\"},\"potentialAction\":[{\"@type\":\"SearchAction\",\"target\":{\"@type\":\"EntryPoint\",\"urlTemplate\":\"https:\/\/parafiaklimkowka.pl\/?s={search_term_string}\"},\"query-input\":\"required name=search_term_string\"}],\"inLanguage\":\"pl-PL\"},{\"@type\":\"Organization\",\"@id\":\"https:\/\/parafiaklimkowka.pl\/#organization\",\"name\":\"Parafia p.w. \u015bw. Micha\u0142a Archanio\u0142a w Klimk\u00f3wce\",\"url\":\"https:\/\/parafiaklimkowka.pl\/\",\"logo\":{\"@type\":\"ImageObject\",\"inLanguage\":\"pl-PL\",\"@id\":\"https:\/\/parafiaklimkowka.pl\/#\/schema\/logo\/image\/\",\"url\":\"http:\/\/parafiaklimkowka.pl\/wp-content\/uploads\/2019\/10\/anio\u01428_jpeg.jpg\",\"contentUrl\":\"http:\/\/parafiaklimkowka.pl\/wp-content\/uploads\/2019\/10\/anio\u01428_jpeg.jpg\",\"width\":658,\"height\":483,\"caption\":\"Parafia p.w. \u015bw. Micha\u0142a Archanio\u0142a w Klimk\u00f3wce\"},\"image\":{\"@id\":\"https:\/\/parafiaklimkowka.pl\/#\/schema\/logo\/image\/\"}},{\"@type\":\"Person\",\"@id\":\"https:\/\/parafiaklimkowka.pl\/#\/schema\/person\/8411339f73ed143172a1fc20b8c20562\",\"name\":\"kadmins70\",\"image\":{\"@type\":\"ImageObject\",\"inLanguage\":\"pl-PL\",\"@id\":\"https:\/\/parafiaklimkowka.pl\/#\/schema\/person\/image\/\",\"url\":\"https:\/\/secure.gravatar.com\/avatar\/2f1a9b134b0f743459e06c66845f8cf1?s=96&d=mm&r=g\",\"contentUrl\":\"https:\/\/secure.gravatar.com\/avatar\/2f1a9b134b0f743459e06c66845f8cf1?s=96&d=mm&r=g\",\"caption\":\"kadmins70\"}}]}<\/script>\n<!-- \/ Yoast SEO plugin. -->","yoast_head_json":{"title":"Niedziela \u015awi\u0119tej Rodziny \u00a0\u00a0 - Parafia w Klimk\u00f3wce","robots":{"index":"index","follow":"follow","max-snippet":"max-snippet:-1","max-image-preview":"max-image-preview:large","max-video-preview":"max-video-preview:-1"},"canonical":"https:\/\/parafiaklimkowka.pl\/index.php\/2025\/12\/28\/13720\/","og_locale":"pl_PL","og_type":"article","og_title":"Niedziela \u015awi\u0119tej Rodziny \u00a0\u00a0 - Parafia w Klimk\u00f3wce","og_description":"W \u015brod\u0119 ostatni dzie\u0144 starego roku. Wspomnienie \u015aw. Sylwestra, Papie\u017ca. O godz. 16.00 Msza \u015awi\u0119ta, w czasie, kt\u00f3rej podzi\u0119kujemy Bogu za miniony rok. Przeprasza\u0107 b\u0119dziemy za nasze grzechy i prosi\u0107 [&hellip;]","og_url":"https:\/\/parafiaklimkowka.pl\/index.php\/2025\/12\/28\/13720\/","og_site_name":"Parafia w Klimk\u00f3wce","article_published_time":"2025-12-28T09:46:27+00:00","article_modified_time":"2026-01-09T21:07:27+00:00","author":"kadmins70","twitter_card":"summary_large_image","twitter_misc":{"Napisane przez":"kadmins70","Szacowany czas czytania":"6 minut"},"schema":{"@context":"https:\/\/schema.org","@graph":[{"@type":"Article","@id":"https:\/\/parafiaklimkowka.pl\/index.php\/2025\/12\/28\/13720\/#article","isPartOf":{"@id":"https:\/\/parafiaklimkowka.pl\/index.php\/2025\/12\/28\/13720\/"},"author":{"name":"kadmins70","@id":"https:\/\/parafiaklimkowka.pl\/#\/schema\/person\/8411339f73ed143172a1fc20b8c20562"},"headline":"Niedziela \u015awi\u0119tej Rodziny \u00a0\u00a0","datePublished":"2025-12-28T09:46:27+00:00","dateModified":"2026-01-09T21:07:27+00:00","mainEntityOfPage":{"@id":"https:\/\/parafiaklimkowka.pl\/index.php\/2025\/12\/28\/13720\/"},"wordCount":1132,"publisher":{"@id":"https:\/\/parafiaklimkowka.pl\/#organization"},"articleSection":["Aktualno\u015bci","Og\u0142oszenia duszpasterskie"],"inLanguage":"pl-PL"},{"@type":"WebPage","@id":"https:\/\/parafiaklimkowka.pl\/index.php\/2025\/12\/28\/13720\/","url":"https:\/\/parafiaklimkowka.pl\/index.php\/2025\/12\/28\/13720\/","name":"Niedziela \u015awi\u0119tej Rodziny \u00a0\u00a0 - Parafia w Klimk\u00f3wce","isPartOf":{"@id":"https:\/\/parafiaklimkowka.pl\/#website"},"datePublished":"2025-12-28T09:46:27+00:00","dateModified":"2026-01-09T21:07:27+00:00","breadcrumb":{"@id":"https:\/\/parafiaklimkowka.pl\/index.php\/2025\/12\/28\/13720\/#breadcrumb"},"inLanguage":"pl-PL","potentialAction":[{"@type":"ReadAction","target":["https:\/\/parafiaklimkowka.pl\/index.php\/2025\/12\/28\/13720\/"]}]},{"@type":"BreadcrumbList","@id":"https:\/\/parafiaklimkowka.pl\/index.php\/2025\/12\/28\/13720\/#breadcrumb","itemListElement":[{"@type":"ListItem","position":1,"name":"Strona g\u0142\u00f3wna","item":"https:\/\/parafiaklimkowka.pl\/"},{"@type":"ListItem","position":2,"name":"Niedziela \u015awi\u0119tej Rodziny \u00a0\u00a0"}]},{"@type":"WebSite","@id":"https:\/\/parafiaklimkowka.pl\/#website","url":"https:\/\/parafiaklimkowka.pl\/","name":"Parafia w Klimk\u00f3wce","description":"pw. \u015aw. Micha\u0142a Archanio\u0142a","publisher":{"@id":"https:\/\/parafiaklimkowka.pl\/#organization"},"potentialAction":[{"@type":"SearchAction","target":{"@type":"EntryPoint","urlTemplate":"https:\/\/parafiaklimkowka.pl\/?s={search_term_string}"},"query-input":"required name=search_term_string"}],"inLanguage":"pl-PL"},{"@type":"Organization","@id":"https:\/\/parafiaklimkowka.pl\/#organization","name":"Parafia p.w. \u015bw. Micha\u0142a Archanio\u0142a w Klimk\u00f3wce","url":"https:\/\/parafiaklimkowka.pl\/","logo":{"@type":"ImageObject","inLanguage":"pl-PL","@id":"https:\/\/parafiaklimkowka.pl\/#\/schema\/logo\/image\/","url":"http:\/\/parafiaklimkowka.pl\/wp-content\/uploads\/2019\/10\/anio\u01428_jpeg.jpg","contentUrl":"http:\/\/parafiaklimkowka.pl\/wp-content\/uploads\/2019\/10\/anio\u01428_jpeg.jpg","width":658,"height":483,"caption":"Parafia p.w. \u015bw. Micha\u0142a Archanio\u0142a w Klimk\u00f3wce"},"image":{"@id":"https:\/\/parafiaklimkowka.pl\/#\/schema\/logo\/image\/"}},{"@type":"Person","@id":"https:\/\/parafiaklimkowka.pl\/#\/schema\/person\/8411339f73ed143172a1fc20b8c20562","name":"kadmins70","image":{"@type":"ImageObject","inLanguage":"pl-PL","@id":"https:\/\/parafiaklimkowka.pl\/#\/schema\/person\/image\/","url":"https:\/\/secure.gravatar.com\/avatar\/2f1a9b134b0f743459e06c66845f8cf1?s=96&d=mm&r=g","contentUrl":"https:\/\/secure.gravatar.com\/avatar\/2f1a9b134b0f743459e06c66845f8cf1?s=96&d=mm&r=g","caption":"kadmins70"}}]}},"_links":{"self":[{"href":"https:\/\/parafiaklimkowka.pl\/index.php\/wp-json\/wp\/v2\/posts\/13720"}],"collection":[{"href":"https:\/\/parafiaklimkowka.pl\/index.php\/wp-json\/wp\/v2\/posts"}],"about":[{"href":"https:\/\/parafiaklimkowka.pl\/index.php\/wp-json\/wp\/v2\/types\/post"}],"author":[{"embeddable":true,"href":"https:\/\/parafiaklimkowka.pl\/index.php\/wp-json\/wp\/v2\/users\/1"}],"replies":[{"embeddable":true,"href":"https:\/\/parafiaklimkowka.pl\/index.php\/wp-json\/wp\/v2\/comments?post=13720"}],"version-history":[{"count":6,"href":"https:\/\/parafiaklimkowka.pl\/index.php\/wp-json\/wp\/v2\/posts\/13720\/revisions"}],"predecessor-version":[{"id":13728,"href":"https:\/\/parafiaklimkowka.pl\/index.php\/wp-json\/wp\/v2\/posts\/13720\/revisions\/13728"}],"wp:attachment":[{"href":"https:\/\/parafiaklimkowka.pl\/index.php\/wp-json\/wp\/v2\/media?parent=13720"}],"wp:term":[{"taxonomy":"category","embeddable":true,"href":"https:\/\/parafiaklimkowka.pl\/index.php\/wp-json\/wp\/v2\/categories?post=13720"},{"taxonomy":"post_tag","embeddable":true,"href":"https:\/\/parafiaklimkowka.pl\/index.php\/wp-json\/wp\/v2\/tags?post=13720"}],"curies":[{"name":"wp","href":"https:\/\/api.w.org\/{rel}","templated":true}]}}