{"id":13942,"date":"2026-03-06T19:51:01","date_gmt":"2026-03-06T18:51:01","guid":{"rendered":"https:\/\/parafiaklimkowka.pl\/?p=13942"},"modified":"2026-03-21T07:24:32","modified_gmt":"2026-03-21T06:24:32","slug":"rekolekcje-wielkopostne-13-marzec-16-marzec-2026-rok","status":"publish","type":"post","link":"https:\/\/parafiaklimkowka.pl\/index.php\/2026\/03\/06\/rekolekcje-wielkopostne-13-marzec-16-marzec-2026-rok\/","title":{"rendered":"Rekolekcje Wielkopostne\u00a0 13 marzec \u2013 16 marzec\u00a0 2026 rok"},"content":{"rendered":"<p><strong><u>Pi\u0105tek&nbsp; 13 &nbsp;marzec<\/u><\/strong><\/p>\n<p><strong><em>Godz.16.30 Droga Krzy\u017cowa&nbsp; &#8211; doro\u015bli, &nbsp;m\u0142odzie\u017c i dzieci<\/em><\/strong><\/p>\n<p><strong><em>Godz.17.00 Msza \u015awi\u0119ta z nauk\u0105 dla wszystkich<\/em><\/strong><\/p>\n<p>&nbsp;<\/p>\n<p><strong><u>Sobota&nbsp; 14 &nbsp;marzec <\/u><\/strong><\/p>\n<p><strong><em>Godz.8.00 Msza \u015awi\u0119ta z nauk\u0105 dla wszystkich<\/em><\/strong><\/p>\n<p><strong><em>Godz.17.00 Msza \u015awi\u0119ta z nauk\u0105 dla wszystkich<\/em><\/strong><\/p>\n<p><strong><em>(oko\u0142o) Godz.18.00 Nauka stanowa dla rodzic\u00f3w \u2013 ojc\u00f3w i matek<\/em><\/strong><\/p>\n<p>&nbsp;<\/p>\n<p><strong><u>Niedziela&nbsp; 15 &nbsp;marzec <\/u><\/strong><\/p>\n<p><strong><em>Godz. 7.30, 9.15, 11.00&nbsp; &#8211; Msze \u015awi\u0119te z nauk\u0105 dla wszystkich<\/em><\/strong><\/p>\n<p><strong><em><u>Godz. 16.00 Gorzkie \u017bale z kazaniem pasyjnym<\/u><\/em><\/strong><\/p>\n<p><strong><em><u>Godz.16.45 &nbsp;Msza \u015awi\u0119ta (bez kazania)<\/u><\/em><\/strong><\/p>\n<p><strong><em>&nbsp;<\/em><\/strong><\/p>\n<p><strong><u>Poniedzia\u0142ek&nbsp; 16&nbsp; marzec<\/u><\/strong><\/p>\n<p><strong><em>Godz. 8.00 Msza \u015awi\u0119ta z nauk\u0105 dla wszystkich<\/em><\/strong><\/p>\n<p><strong><em>Godz. 10.30&nbsp;&nbsp; Dzieci klas I \u2013 III&nbsp; &#8211; konferencja<\/em><\/strong><\/p>\n<p><strong><em>Godz.11.00&nbsp; Msza \u015awi\u0119ta z nauk\u0105 dla wszystkich dzieci<\/em><\/strong><\/p>\n<p><strong><em>Godz.12.00&nbsp; Dzieci klas IV \u2013 VIII&nbsp; &#8211; konferencja<\/em><\/strong><\/p>\n<p><strong><em>Godz.17.00 Msza \u015awi\u0119ta z nauk\u0105 dla wszystkich &nbsp;i zako\u0144czenie Rekolekcji parafialnych<\/em><\/strong><\/p>\n","protected":false},"excerpt":{"rendered":"<p>Pi\u0105tek&nbsp; 13 &nbsp;marzec Godz.16.30 Droga Krzy\u017cowa&nbsp; &#8211; doro\u015bli, &nbsp;m\u0142odzie\u017c i dzieci Godz.17.00 Msza \u015awi\u0119ta z nauk\u0105 dla wszystkich &nbsp; Sobota&nbsp; 14 &nbsp;marzec Godz.8.00 Msza \u015awi\u0119ta z nauk\u0105 dla wszystkich Godz.17.00 [&hellip;]<\/p>\n","protected":false},"author":1,"featured_media":4036,"comment_status":"closed","ping_status":"open","sticky":false,"template":"","format":"standard","meta":{"ngg_post_thumbnail":0,"footnotes":""},"categories":[1,19],"tags":[],"yoast_head":"<!-- This site is optimized with the Yoast SEO plugin v23.2 - https:\/\/yoast.com\/wordpress\/plugins\/seo\/ -->\n<title>Rekolekcje Wielkopostne\u00a0 13 marzec \u2013 16 marzec\u00a0 2026 rok - Parafia w Klimk\u00f3wce<\/title>\n<meta name=\"robots\" content=\"index, follow, max-snippet:-1, max-image-preview:large, max-video-preview:-1\" \/>\n<link rel=\"canonical\" href=\"https:\/\/parafiaklimkowka.pl\/index.php\/2026\/03\/06\/rekolekcje-wielkopostne-13-marzec-16-marzec-2026-rok\/\" \/>\n<meta property=\"og:locale\" content=\"pl_PL\" \/>\n<meta property=\"og:type\" content=\"article\" \/>\n<meta property=\"og:title\" content=\"Rekolekcje Wielkopostne\u00a0 13 marzec \u2013 16 marzec\u00a0 2026 rok - Parafia w Klimk\u00f3wce\" \/>\n<meta property=\"og:description\" content=\"Pi\u0105tek&nbsp; 13 &nbsp;marzec Godz.16.30 Droga Krzy\u017cowa&nbsp; &#8211; doro\u015bli, &nbsp;m\u0142odzie\u017c i dzieci Godz.17.00 Msza \u015awi\u0119ta z nauk\u0105 dla wszystkich &nbsp; Sobota&nbsp; 14 &nbsp;marzec Godz.8.00 Msza \u015awi\u0119ta z nauk\u0105 dla wszystkich Godz.17.00 [&hellip;]\" \/>\n<meta property=\"og:url\" content=\"https:\/\/parafiaklimkowka.pl\/index.php\/2026\/03\/06\/rekolekcje-wielkopostne-13-marzec-16-marzec-2026-rok\/\" \/>\n<meta property=\"og:site_name\" content=\"Parafia w Klimk\u00f3wce\" \/>\n<meta property=\"article:published_time\" content=\"2026-03-06T18:51:01+00:00\" \/>\n<meta property=\"article:modified_time\" content=\"2026-03-21T06:24:32+00:00\" \/>\n<meta property=\"og:image\" content=\"https:\/\/parafiaklimkowka.pl\/wp-content\/uploads\/2021\/03\/rekolekcje1.jpg\" \/>\n\t<meta property=\"og:image:width\" content=\"485\" \/>\n\t<meta property=\"og:image:height\" content=\"130\" \/>\n\t<meta property=\"og:image:type\" content=\"image\/jpeg\" \/>\n<meta name=\"author\" content=\"kadmins70\" \/>\n<meta name=\"twitter:card\" content=\"summary_large_image\" \/>\n<meta name=\"twitter:label1\" content=\"Napisane przez\" \/>\n\t<meta name=\"twitter:data1\" content=\"kadmins70\" \/>\n\t<meta name=\"twitter:label2\" content=\"Szacowany czas czytania\" \/>\n\t<meta name=\"twitter:data2\" content=\"1 minuta\" \/>\n<script type=\"application\/ld+json\" class=\"yoast-schema-graph\">{\"@context\":\"https:\/\/schema.org\",\"@graph\":[{\"@type\":\"Article\",\"@id\":\"https:\/\/parafiaklimkowka.pl\/index.php\/2026\/03\/06\/rekolekcje-wielkopostne-13-marzec-16-marzec-2026-rok\/#article\",\"isPartOf\":{\"@id\":\"https:\/\/parafiaklimkowka.pl\/index.php\/2026\/03\/06\/rekolekcje-wielkopostne-13-marzec-16-marzec-2026-rok\/\"},\"author\":{\"name\":\"kadmins70\",\"@id\":\"https:\/\/parafiaklimkowka.pl\/#\/schema\/person\/8411339f73ed143172a1fc20b8c20562\"},\"headline\":\"Rekolekcje Wielkopostne\u00a0 13 marzec \u2013 16 marzec\u00a0 2026 rok\",\"datePublished\":\"2026-03-06T18:51:01+00:00\",\"dateModified\":\"2026-03-21T06:24:32+00:00\",\"mainEntityOfPage\":{\"@id\":\"https:\/\/parafiaklimkowka.pl\/index.php\/2026\/03\/06\/rekolekcje-wielkopostne-13-marzec-16-marzec-2026-rok\/\"},\"wordCount\":149,\"publisher\":{\"@id\":\"https:\/\/parafiaklimkowka.pl\/#organization\"},\"image\":{\"@id\":\"https:\/\/parafiaklimkowka.pl\/index.php\/2026\/03\/06\/rekolekcje-wielkopostne-13-marzec-16-marzec-2026-rok\/#primaryimage\"},\"thumbnailUrl\":\"https:\/\/parafiaklimkowka.pl\/wp-content\/uploads\/2021\/03\/rekolekcje1.jpg\",\"articleSection\":[\"Aktualno\u015bci\",\"Wiadomo\u015bci\"],\"inLanguage\":\"pl-PL\"},{\"@type\":\"WebPage\",\"@id\":\"https:\/\/parafiaklimkowka.pl\/index.php\/2026\/03\/06\/rekolekcje-wielkopostne-13-marzec-16-marzec-2026-rok\/\",\"url\":\"https:\/\/parafiaklimkowka.pl\/index.php\/2026\/03\/06\/rekolekcje-wielkopostne-13-marzec-16-marzec-2026-rok\/\",\"name\":\"Rekolekcje Wielkopostne\u00a0 13 marzec \u2013 16 marzec\u00a0 2026 rok - Parafia w Klimk\u00f3wce\",\"isPartOf\":{\"@id\":\"https:\/\/parafiaklimkowka.pl\/#website\"},\"primaryImageOfPage\":{\"@id\":\"https:\/\/parafiaklimkowka.pl\/index.php\/2026\/03\/06\/rekolekcje-wielkopostne-13-marzec-16-marzec-2026-rok\/#primaryimage\"},\"image\":{\"@id\":\"https:\/\/parafiaklimkowka.pl\/index.php\/2026\/03\/06\/rekolekcje-wielkopostne-13-marzec-16-marzec-2026-rok\/#primaryimage\"},\"thumbnailUrl\":\"https:\/\/parafiaklimkowka.pl\/wp-content\/uploads\/2021\/03\/rekolekcje1.jpg\",\"datePublished\":\"2026-03-06T18:51:01+00:00\",\"dateModified\":\"2026-03-21T06:24:32+00:00\",\"breadcrumb\":{\"@id\":\"https:\/\/parafiaklimkowka.pl\/index.php\/2026\/03\/06\/rekolekcje-wielkopostne-13-marzec-16-marzec-2026-rok\/#breadcrumb\"},\"inLanguage\":\"pl-PL\",\"potentialAction\":[{\"@type\":\"ReadAction\",\"target\":[\"https:\/\/parafiaklimkowka.pl\/index.php\/2026\/03\/06\/rekolekcje-wielkopostne-13-marzec-16-marzec-2026-rok\/\"]}]},{\"@type\":\"ImageObject\",\"inLanguage\":\"pl-PL\",\"@id\":\"https:\/\/parafiaklimkowka.pl\/index.php\/2026\/03\/06\/rekolekcje-wielkopostne-13-marzec-16-marzec-2026-rok\/#primaryimage\",\"url\":\"https:\/\/parafiaklimkowka.pl\/wp-content\/uploads\/2021\/03\/rekolekcje1.jpg\",\"contentUrl\":\"https:\/\/parafiaklimkowka.pl\/wp-content\/uploads\/2021\/03\/rekolekcje1.jpg\",\"width\":485,\"height\":130},{\"@type\":\"BreadcrumbList\",\"@id\":\"https:\/\/parafiaklimkowka.pl\/index.php\/2026\/03\/06\/rekolekcje-wielkopostne-13-marzec-16-marzec-2026-rok\/#breadcrumb\",\"itemListElement\":[{\"@type\":\"ListItem\",\"position\":1,\"name\":\"Strona g\u0142\u00f3wna\",\"item\":\"https:\/\/parafiaklimkowka.pl\/\"},{\"@type\":\"ListItem\",\"position\":2,\"name\":\"Rekolekcje Wielkopostne\u00a0 13 marzec \u2013 16 marzec\u00a0 2026 rok\"}]},{\"@type\":\"WebSite\",\"@id\":\"https:\/\/parafiaklimkowka.pl\/#website\",\"url\":\"https:\/\/parafiaklimkowka.pl\/\",\"name\":\"Parafia w Klimk\u00f3wce\",\"description\":\"pw. \u015aw. Micha\u0142a Archanio\u0142a\",\"publisher\":{\"@id\":\"https:\/\/parafiaklimkowka.pl\/#organization\"},\"potentialAction\":[{\"@type\":\"SearchAction\",\"target\":{\"@type\":\"EntryPoint\",\"urlTemplate\":\"https:\/\/parafiaklimkowka.pl\/?s={search_term_string}\"},\"query-input\":\"required name=search_term_string\"}],\"inLanguage\":\"pl-PL\"},{\"@type\":\"Organization\",\"@id\":\"https:\/\/parafiaklimkowka.pl\/#organization\",\"name\":\"Parafia p.w. \u015bw. Micha\u0142a Archanio\u0142a w Klimk\u00f3wce\",\"url\":\"https:\/\/parafiaklimkowka.pl\/\",\"logo\":{\"@type\":\"ImageObject\",\"inLanguage\":\"pl-PL\",\"@id\":\"https:\/\/parafiaklimkowka.pl\/#\/schema\/logo\/image\/\",\"url\":\"http:\/\/parafiaklimkowka.pl\/wp-content\/uploads\/2019\/10\/anio\u01428_jpeg.jpg\",\"contentUrl\":\"http:\/\/parafiaklimkowka.pl\/wp-content\/uploads\/2019\/10\/anio\u01428_jpeg.jpg\",\"width\":658,\"height\":483,\"caption\":\"Parafia p.w. \u015bw. Micha\u0142a Archanio\u0142a w Klimk\u00f3wce\"},\"image\":{\"@id\":\"https:\/\/parafiaklimkowka.pl\/#\/schema\/logo\/image\/\"}},{\"@type\":\"Person\",\"@id\":\"https:\/\/parafiaklimkowka.pl\/#\/schema\/person\/8411339f73ed143172a1fc20b8c20562\",\"name\":\"kadmins70\",\"image\":{\"@type\":\"ImageObject\",\"inLanguage\":\"pl-PL\",\"@id\":\"https:\/\/parafiaklimkowka.pl\/#\/schema\/person\/image\/\",\"url\":\"https:\/\/secure.gravatar.com\/avatar\/2f1a9b134b0f743459e06c66845f8cf1?s=96&d=mm&r=g\",\"contentUrl\":\"https:\/\/secure.gravatar.com\/avatar\/2f1a9b134b0f743459e06c66845f8cf1?s=96&d=mm&r=g\",\"caption\":\"kadmins70\"}}]}<\/script>\n<!-- \/ Yoast SEO plugin. -->","yoast_head_json":{"title":"Rekolekcje Wielkopostne\u00a0 13 marzec \u2013 16 marzec\u00a0 2026 rok - Parafia w Klimk\u00f3wce","robots":{"index":"index","follow":"follow","max-snippet":"max-snippet:-1","max-image-preview":"max-image-preview:large","max-video-preview":"max-video-preview:-1"},"canonical":"https:\/\/parafiaklimkowka.pl\/index.php\/2026\/03\/06\/rekolekcje-wielkopostne-13-marzec-16-marzec-2026-rok\/","og_locale":"pl_PL","og_type":"article","og_title":"Rekolekcje Wielkopostne\u00a0 13 marzec \u2013 16 marzec\u00a0 2026 rok - Parafia w Klimk\u00f3wce","og_description":"Pi\u0105tek&nbsp; 13 &nbsp;marzec Godz.16.30 Droga Krzy\u017cowa&nbsp; &#8211; doro\u015bli, &nbsp;m\u0142odzie\u017c i dzieci Godz.17.00 Msza \u015awi\u0119ta z nauk\u0105 dla wszystkich &nbsp; Sobota&nbsp; 14 &nbsp;marzec Godz.8.00 Msza \u015awi\u0119ta z nauk\u0105 dla wszystkich Godz.17.00 [&hellip;]","og_url":"https:\/\/parafiaklimkowka.pl\/index.php\/2026\/03\/06\/rekolekcje-wielkopostne-13-marzec-16-marzec-2026-rok\/","og_site_name":"Parafia w Klimk\u00f3wce","article_published_time":"2026-03-06T18:51:01+00:00","article_modified_time":"2026-03-21T06:24:32+00:00","og_image":[{"width":485,"height":130,"url":"https:\/\/parafiaklimkowka.pl\/wp-content\/uploads\/2021\/03\/rekolekcje1.jpg","type":"image\/jpeg"}],"author":"kadmins70","twitter_card":"summary_large_image","twitter_misc":{"Napisane przez":"kadmins70","Szacowany czas czytania":"1 minuta"},"schema":{"@context":"https:\/\/schema.org","@graph":[{"@type":"Article","@id":"https:\/\/parafiaklimkowka.pl\/index.php\/2026\/03\/06\/rekolekcje-wielkopostne-13-marzec-16-marzec-2026-rok\/#article","isPartOf":{"@id":"https:\/\/parafiaklimkowka.pl\/index.php\/2026\/03\/06\/rekolekcje-wielkopostne-13-marzec-16-marzec-2026-rok\/"},"author":{"name":"kadmins70","@id":"https:\/\/parafiaklimkowka.pl\/#\/schema\/person\/8411339f73ed143172a1fc20b8c20562"},"headline":"Rekolekcje Wielkopostne\u00a0 13 marzec \u2013 16 marzec\u00a0 2026 rok","datePublished":"2026-03-06T18:51:01+00:00","dateModified":"2026-03-21T06:24:32+00:00","mainEntityOfPage":{"@id":"https:\/\/parafiaklimkowka.pl\/index.php\/2026\/03\/06\/rekolekcje-wielkopostne-13-marzec-16-marzec-2026-rok\/"},"wordCount":149,"publisher":{"@id":"https:\/\/parafiaklimkowka.pl\/#organization"},"image":{"@id":"https:\/\/parafiaklimkowka.pl\/index.php\/2026\/03\/06\/rekolekcje-wielkopostne-13-marzec-16-marzec-2026-rok\/#primaryimage"},"thumbnailUrl":"https:\/\/parafiaklimkowka.pl\/wp-content\/uploads\/2021\/03\/rekolekcje1.jpg","articleSection":["Aktualno\u015bci","Wiadomo\u015bci"],"inLanguage":"pl-PL"},{"@type":"WebPage","@id":"https:\/\/parafiaklimkowka.pl\/index.php\/2026\/03\/06\/rekolekcje-wielkopostne-13-marzec-16-marzec-2026-rok\/","url":"https:\/\/parafiaklimkowka.pl\/index.php\/2026\/03\/06\/rekolekcje-wielkopostne-13-marzec-16-marzec-2026-rok\/","name":"Rekolekcje Wielkopostne\u00a0 13 marzec \u2013 16 marzec\u00a0 2026 rok - Parafia w Klimk\u00f3wce","isPartOf":{"@id":"https:\/\/parafiaklimkowka.pl\/#website"},"primaryImageOfPage":{"@id":"https:\/\/parafiaklimkowka.pl\/index.php\/2026\/03\/06\/rekolekcje-wielkopostne-13-marzec-16-marzec-2026-rok\/#primaryimage"},"image":{"@id":"https:\/\/parafiaklimkowka.pl\/index.php\/2026\/03\/06\/rekolekcje-wielkopostne-13-marzec-16-marzec-2026-rok\/#primaryimage"},"thumbnailUrl":"https:\/\/parafiaklimkowka.pl\/wp-content\/uploads\/2021\/03\/rekolekcje1.jpg","datePublished":"2026-03-06T18:51:01+00:00","dateModified":"2026-03-21T06:24:32+00:00","breadcrumb":{"@id":"https:\/\/parafiaklimkowka.pl\/index.php\/2026\/03\/06\/rekolekcje-wielkopostne-13-marzec-16-marzec-2026-rok\/#breadcrumb"},"inLanguage":"pl-PL","potentialAction":[{"@type":"ReadAction","target":["https:\/\/parafiaklimkowka.pl\/index.php\/2026\/03\/06\/rekolekcje-wielkopostne-13-marzec-16-marzec-2026-rok\/"]}]},{"@type":"ImageObject","inLanguage":"pl-PL","@id":"https:\/\/parafiaklimkowka.pl\/index.php\/2026\/03\/06\/rekolekcje-wielkopostne-13-marzec-16-marzec-2026-rok\/#primaryimage","url":"https:\/\/parafiaklimkowka.pl\/wp-content\/uploads\/2021\/03\/rekolekcje1.jpg","contentUrl":"https:\/\/parafiaklimkowka.pl\/wp-content\/uploads\/2021\/03\/rekolekcje1.jpg","width":485,"height":130},{"@type":"BreadcrumbList","@id":"https:\/\/parafiaklimkowka.pl\/index.php\/2026\/03\/06\/rekolekcje-wielkopostne-13-marzec-16-marzec-2026-rok\/#breadcrumb","itemListElement":[{"@type":"ListItem","position":1,"name":"Strona g\u0142\u00f3wna","item":"https:\/\/parafiaklimkowka.pl\/"},{"@type":"ListItem","position":2,"name":"Rekolekcje Wielkopostne\u00a0 13 marzec \u2013 16 marzec\u00a0 2026 rok"}]},{"@type":"WebSite","@id":"https:\/\/parafiaklimkowka.pl\/#website","url":"https:\/\/parafiaklimkowka.pl\/","name":"Parafia w Klimk\u00f3wce","description":"pw. \u015aw. Micha\u0142a Archanio\u0142a","publisher":{"@id":"https:\/\/parafiaklimkowka.pl\/#organization"},"potentialAction":[{"@type":"SearchAction","target":{"@type":"EntryPoint","urlTemplate":"https:\/\/parafiaklimkowka.pl\/?s={search_term_string}"},"query-input":"required name=search_term_string"}],"inLanguage":"pl-PL"},{"@type":"Organization","@id":"https:\/\/parafiaklimkowka.pl\/#organization","name":"Parafia p.w. \u015bw. Micha\u0142a Archanio\u0142a w Klimk\u00f3wce","url":"https:\/\/parafiaklimkowka.pl\/","logo":{"@type":"ImageObject","inLanguage":"pl-PL","@id":"https:\/\/parafiaklimkowka.pl\/#\/schema\/logo\/image\/","url":"http:\/\/parafiaklimkowka.pl\/wp-content\/uploads\/2019\/10\/anio\u01428_jpeg.jpg","contentUrl":"http:\/\/parafiaklimkowka.pl\/wp-content\/uploads\/2019\/10\/anio\u01428_jpeg.jpg","width":658,"height":483,"caption":"Parafia p.w. \u015bw. Micha\u0142a Archanio\u0142a w Klimk\u00f3wce"},"image":{"@id":"https:\/\/parafiaklimkowka.pl\/#\/schema\/logo\/image\/"}},{"@type":"Person","@id":"https:\/\/parafiaklimkowka.pl\/#\/schema\/person\/8411339f73ed143172a1fc20b8c20562","name":"kadmins70","image":{"@type":"ImageObject","inLanguage":"pl-PL","@id":"https:\/\/parafiaklimkowka.pl\/#\/schema\/person\/image\/","url":"https:\/\/secure.gravatar.com\/avatar\/2f1a9b134b0f743459e06c66845f8cf1?s=96&d=mm&r=g","contentUrl":"https:\/\/secure.gravatar.com\/avatar\/2f1a9b134b0f743459e06c66845f8cf1?s=96&d=mm&r=g","caption":"kadmins70"}}]}},"_links":{"self":[{"href":"https:\/\/parafiaklimkowka.pl\/index.php\/wp-json\/wp\/v2\/posts\/13942"}],"collection":[{"href":"https:\/\/parafiaklimkowka.pl\/index.php\/wp-json\/wp\/v2\/posts"}],"about":[{"href":"https:\/\/parafiaklimkowka.pl\/index.php\/wp-json\/wp\/v2\/types\/post"}],"author":[{"embeddable":true,"href":"https:\/\/parafiaklimkowka.pl\/index.php\/wp-json\/wp\/v2\/users\/1"}],"replies":[{"embeddable":true,"href":"https:\/\/parafiaklimkowka.pl\/index.php\/wp-json\/wp\/v2\/comments?post=13942"}],"version-history":[{"count":1,"href":"https:\/\/parafiaklimkowka.pl\/index.php\/wp-json\/wp\/v2\/posts\/13942\/revisions"}],"predecessor-version":[{"id":13943,"href":"https:\/\/parafiaklimkowka.pl\/index.php\/wp-json\/wp\/v2\/posts\/13942\/revisions\/13943"}],"wp:featuredmedia":[{"embeddable":true,"href":"https:\/\/parafiaklimkowka.pl\/index.php\/wp-json\/wp\/v2\/media\/4036"}],"wp:attachment":[{"href":"https:\/\/parafiaklimkowka.pl\/index.php\/wp-json\/wp\/v2\/media?parent=13942"}],"wp:term":[{"taxonomy":"category","embeddable":true,"href":"https:\/\/parafiaklimkowka.pl\/index.php\/wp-json\/wp\/v2\/categories?post=13942"},{"taxonomy":"post_tag","embeddable":true,"href":"https:\/\/parafiaklimkowka.pl\/index.php\/wp-json\/wp\/v2\/tags?post=13942"}],"curies":[{"name":"wp","href":"https:\/\/api.w.org\/{rel}","templated":true}]}}