{"id":13947,"date":"2026-03-15T19:08:39","date_gmt":"2026-03-15T18:08:39","guid":{"rendered":"https:\/\/parafiaklimkowka.pl\/?p=13947"},"modified":"2026-03-25T16:59:11","modified_gmt":"2026-03-25T15:59:11","slug":"iv-niedziela-wielkiego-postu-6","status":"publish","type":"post","link":"https:\/\/parafiaklimkowka.pl\/index.php\/2026\/03\/15\/iv-niedziela-wielkiego-postu-6\/","title":{"rendered":"IV\u00a0 Niedziela Wielkiego Postu\u00a0"},"content":{"rendered":"<ol>\n<li>\n<p style=\"text-align: justify;\">Czwarta Niedziela Wielkiego Postu nazywana jest niedziel\u0105 L\u00e6tare, co oznacza \u201ecieszcie si\u0119\u201d. Zbli\u017caj\u0105 si\u0119 bowiem \u015bwi\u0119te dni paschalne, podczas kt\u00f3rych B\u00f3g oka\u017ce swoje mi\u0142osierdzie. Najwi\u0119kszym znakiem tej mi\u0142o\u015bci b\u0119dzie Ofiara z\u0142o\u017cona przez Chrystusa na drzewie krzy\u017ca, kt\u00f3ra stanie si\u0119 \u017ar\u00f3d\u0142em zbawienia dla ca\u0142ej ludzko\u015bci.<\/p>\n<\/li>\n<li>\n<p style=\"text-align: justify;\"><strong>Trwamy w naszych rekolekcyjnych rozwa\u017caniach. Dzi\u015b Gorzkie \u017bale z nauk\u0105 pasyjna o godzinie 16.00. Jutro zako\u0144czenie Rekolekcji, Msze \u015awi\u0119te o godzinie 8.00 i 17.00.<\/strong><\/p>\n<p><strong>Jutro tak\u017ce dzieci i m\u0142odzie\u017c naszej Szko\u0142y prze\u017cywa\u0107 b\u0119d\u0105 rekolekcje wielkopostne.<\/strong><\/li>\n<li>\n<p style=\"text-align: justify;\"><strong>Przed nami kolejny tydzie\u0144 wielkopostnej zadumy i rozwa\u017cania m\u0119ki Chrystusa. Nabo\u017ce\u0144stwo Drogi krzy\u017cowej w pi\u0105tek o godz. 16.30. Gorzkich \u017bale w niedziel\u0119 o godzinie 16.00.<\/strong><\/p>\n<\/li>\n<li style=\"text-align: justify;\">\n<p style=\"text-align: justify;\"><strong>W tygodniu Masze \u015awi\u0119te o godzinie 17.00, w sobot\u0119 Msza sobotnia o godzinie 8.00 i Msza niedzielna o godzinie 18.00.<\/strong><\/p>\n<\/li>\n<li style=\"text-align: justify;\">\n<p style=\"text-align: justify;\"><strong style=\"font-size: revert; color: initial;\">Prze\u017cywamy Nowenn\u0119 przed Uroczysto\u015bci\u0105 \u015awi\u0119tego J\u00f3zefa, kt\u00f3r\u0105 b\u0119dziemy obchodzili w czwartek 19 marca.<\/strong><span style=\"font-size: revert; color: initial;\"> \u015awi\u0119ty J\u00f3zef, Patron Ko\u015bcio\u0142a Powszechnego, kt\u00f3rego uroczysto\u015b\u0107 b\u0119dziemy wkr\u00f3tce obchodzi\u0107, to cz\u0142owiek g\u0142\u0119bokiej wiary, odwa\u017cny, pokorny. Misja \u015bwi\u0119tego J\u00f3zefa jest z pewno\u015bci\u0105 wyj\u0105tkowa i niepowtarzalna, poniewa\u017c Jezus jest absolutnie wyj\u0105tkowy. A jednak w swej opiece nad Jezusem, wychowywaniu Go, by wzrasta\u0142 w latach, m\u0105dro\u015bci i \u0142asce, \u015bw. J\u00f3zef jest wzorem dla ka\u017cdego wychowawcy, a szczeg\u00f3lnie dla ka\u017cdego ojca. Powierzam wi\u0119c jego opiece wszystkich rodzic\u00f3w, kap\u0142an\u00f3w, kt\u00f3rzy s\u0105 ojcami i tych, kt\u00f3rzy maj\u0105 pe\u0142ni\u0107 w Ko\u015bciele i w spo\u0142ecze\u0144stwie rol\u0119 edukacyjn\u0105.<\/span><\/p>\n<\/li>\n<li style=\"text-align: justify;\"><strong>W przysz\u0142\u0105 niedziel\u0119 &nbsp;22 marca (V Niedziela Wielkiego Postu)&nbsp; m\u0142odzie\u017c z Caritas Szkolna b\u0119dzie rozprowadza\u0142a ozdoby wielkanocne<\/strong>. Zach\u0119cam do nabycia tych r\u00f3\u017cnych pami\u0105tek, kt\u00f3re wykonane zostan\u0105 przez dzieci i m\u0142odzie\u017c z naszej Parafii i Szko\u0142y, a doch\u00f3d przeznaczony b\u0119dzie na funkcjonowanie Ko\u0142a Caritas.<\/li>\n<\/ol>\n<hr>\n<p><strong style=\"font-size: revert; color: initial;\">Ewangelia wed\u0142ug \u015awi\u0119tego Jana<\/strong><\/p>\n<p style=\"text-align: justify;\">Jezus, przechodz\u0105c, ujrza\u0142 pewnego cz\u0142owieka, niewidomego od urodzenia. Uczniowie Jego zadali Mu pytanie: &#8222;Rabbi, kto zgrzeszy\u0142, \u017ce si\u0119 urodzi\u0142 niewidomy \u2013 on czy jego rodzice?&#8221; Jezus odpowiedzia\u0142: &#8222;Ani on nie zgrzeszy\u0142, ani rodzice jego, ale sta\u0142o si\u0119 tak, aby si\u0119 na nim objawi\u0142y sprawy Bo\u017ce. Trzeba nam pe\u0142ni\u0107 dzie\u0142a Tego, kt\u00f3ry Mnie pos\u0142a\u0142, dop\u00f3ki jest dzie\u0144. Nadchodzi noc, kiedy nikt nie b\u0119dzie m\u00f3g\u0142 dzia\u0142a\u0107. Jak d\u0142ugo jestem na \u015bwiecie, jestem \u015bwiat\u0142o\u015bci\u0105 \u015bwiata&#8221;. To powiedziawszy, splun\u0105\u0142 na ziemi\u0119, uczyni\u0142 b\u0142oto ze \u015bliny i na\u0142o\u017cy\u0142 je na oczy niewidomego, i rzek\u0142 do niego: &#8222;Id\u017a, obmyj si\u0119 w sadzawce Siloam&#8221; \u2013 co si\u0119 t\u0142umaczy: Pos\u0142any. On wi\u0119c odszed\u0142, obmy\u0142 si\u0119 i wr\u00f3ci\u0142, widz\u0105c. A s\u0105siedzi i ci, kt\u00f3rzy przedtem widywali go jako \u017cebraka, m\u00f3wili: &#8222;Czy\u017c to nie jest ten, kt\u00f3ry siedzi i \u017cebrze?&#8221; Jedni twierdzili: &#8222;Tak, to jest ten&#8221;, a inni przeczyli: &#8222;Nie, jest tylko do tamtego podobny&#8221;. On za\u015b m\u00f3wi\u0142: &#8222;To ja jestem&#8221;. M\u00f3wili wi\u0119c do niego: &#8222;Jak\u017ce\u017c oczy ci si\u0119 otworzy\u0142y?&#8221; On odpowiedzia\u0142: &#8222;Cz\u0142owiek, zwany Jezusem, uczyni\u0142 b\u0142oto, pomaza\u0142 moje oczy i rzek\u0142 do mnie: \u201eId\u017a do sadzawki Siloam i obmyj si\u0119\u201d. Poszed\u0142em wi\u0119c, obmy\u0142em si\u0119 i przejrza\u0142em&#8221;. Rzekli do niego: &#8222;Gdzie\u017c On jest?&#8221; Odrzek\u0142: &#8222;Nie wiem&#8221;. Zaprowadzili wi\u0119c tego cz\u0142owieka, niedawno jeszcze niewidomego, do faryzeusz\u00f3w. A tego dnia, w kt\u00f3rym Jezus uczyni\u0142 b\u0142oto i otworzy\u0142 mu oczy, by\u0142 szabat. I zn\u00f3w faryzeusze pytali go o to, w jaki spos\u00f3b przejrza\u0142. Powiedzia\u0142 do nich: &#8222;Po\u0142o\u017cy\u0142 mi b\u0142oto na oczy, obmy\u0142em si\u0119 i widz\u0119&#8221;. Niekt\u00f3rzy wi\u0119c spo\u015br\u00f3d faryzeusz\u00f3w rzekli: &#8222;Cz\u0142owiek ten nie jest od Boga, bo nie zachowuje szabatu&#8221;. Inni powiedzieli: &#8222;Ale w jaki spos\u00f3b cz\u0142owiek grzeszny mo\u017ce czyni\u0107 takie znaki?&#8221; I powsta\u0142 w\u015br\u00f3d nich roz\u0142am. Ponownie wi\u0119c zwr\u00f3cili si\u0119 do niewidomego: &#8222;A ty, co o Nim m\u00f3wisz, jako \u017ce ci otworzy\u0142 oczy?&#8221; Odpowiedzia\u0142: &#8222;To prorok&#8221;. \u017bydzi jednak nie uwierzyli, \u017ce by\u0142 niewidomy i \u017ce przejrza\u0142, a\u017c przywo\u0142ali rodzic\u00f3w tego, kt\u00f3ry przejrza\u0142; i wypytywali ich, m\u00f3wi\u0105c: &#8222;Czy waszym synem jest ten, o kt\u00f3rym twierdzicie, \u017ce si\u0119 niewidomy urodzi\u0142? W jaki to spos\u00f3b teraz widzi?&#8221; Rodzice za\u015b jego tak odpowiedzieli: &#8222;Wiemy, \u017ce to jest nasz syn i \u017ce si\u0119 urodzi\u0142 niewidomy. Nie wiemy, jak si\u0119 to sta\u0142o, \u017ce teraz widzi; nie wiemy tak\u017ce, kto mu otworzy\u0142 oczy. Zapytajcie jego samego, ma swoje lata, b\u0119dzie m\u00f3wi\u0142 sam za siebie&#8221;. Tak powiedzieli jego rodzice, gdy\u017c bali si\u0119 \u017byd\u00f3w. \u017bydzi bowiem ju\u017c postanowili, \u017ce gdy kto\u015b uzna Jezusa za Mesjasza, zostanie wy\u0142\u0105czony z synagogi. Oto dlaczego powiedzieli jego rodzice: &#8222;Ma swoje lata, jego samego zapytajcie&#8221;. Znowu wi\u0119c przywo\u0142ali tego cz\u0142owieka, kt\u00f3ry by\u0142 niewidomy, i rzekli do niego: &#8222;Oddaj chwa\u0142\u0119 Bogu. My wiemy, \u017ce cz\u0142owiek ten jest grzesznikiem&#8221;. Na to odpowiedzia\u0142: &#8222;Czy On jest grzesznikiem, tego nie wiem. Jedno wiem: by\u0142em niewidomy, a teraz widz\u0119&#8221;. Rzekli wi\u0119c do niego: &#8222;C\u00f3\u017c ci uczyni\u0142? W jaki spos\u00f3b otworzy\u0142 ci oczy?&#8221; Odpowiedzia\u0142 im: &#8222;Ju\u017c wam powiedzia\u0142em, a wy nie s\u0142uchali\u015bcie. Po co znowu chcecie s\u0142ucha\u0107? Czy i wy chcecie zosta\u0107 Jego uczniami?&#8221; W\u00f3wczas go obrzucili obelgami i rzekli: &#8222;To ty jeste\u015b Jego uczniem, a my jeste\u015bmy uczniami Moj\u017cesza. My wiemy, \u017ce B\u00f3g przem\u00f3wi\u0142 do Moj\u017cesza. Co do Niego za\u015b, to nie wiemy, sk\u0105d pochodzi&#8221;. Na to odpowiedzia\u0142 im \u00f3w cz\u0142owiek: &#8222;W tym wszystkim dziwne jest to, \u017ce wy nie wiecie, sk\u0105d pochodzi, a mnie oczy otworzy\u0142. Wiemy, \u017ce B\u00f3g nie wys\u0142uchuje grzesznik\u00f3w, ale wys\u0142uchuje ka\u017cdego, kto jest czcicielem Boga i pe\u0142ni Jego wol\u0119. Od wiek\u00f3w nie s\u0142yszano, aby kto\u015b otworzy\u0142 oczy niewidomemu od urodzenia. Gdyby ten cz\u0142owiek nie by\u0142 od Boga, nie m\u00f3g\u0142by nic uczyni\u0107&#8221;. Rzekli mu w odpowiedzi: &#8222;Ca\u0142y urodzi\u0142e\u015b si\u0119 w grzechach, a nas pouczasz?&#8221; I wyrzucili go precz. Jezus us\u0142ysza\u0142, \u017ce wyrzucili go precz, i spotkawszy go, rzek\u0142 do niego: &#8222;Czy ty wierzysz w Syna Cz\u0142owieczego?&#8221; On odpowiedzia\u0142: &#8222;A kt\u00f3\u017c to jest, Panie, abym w Niego uwierzy\u0142?&#8221; Rzek\u0142 do niego Jezus: &#8222;Jest nim Ten, kt\u00f3rego widzisz i kt\u00f3ry m\u00f3wi do ciebie&#8221;. On za\u015b odpowiedzia\u0142: &#8222;Wierz\u0119, Panie!&#8221; i odda\u0142 Mu pok\u0142on. A Jezus rzek\u0142: &#8222;Przyszed\u0142em na ten \u015bwiat, aby przeprowadzi\u0107 s\u0105d, \u017ceby ci, kt\u00f3rzy nie widz\u0105, przejrzeli, a ci, kt\u00f3rzy widz\u0105, stali si\u0119 niewidomymi&#8221;. Us\u0142yszeli to niekt\u00f3rzy faryzeusze, kt\u00f3rzy z Nim byli, i rzekli do Niego: &#8222;Czy\u017c i my jeste\u015bmy niewidomi?&#8221; Jezus powiedzia\u0142 do nich: &#8222;Gdyby\u015bcie byli niewidomi, nie mieliby\u015bcie grzechu, ale poniewa\u017c m\u00f3wicie: \u201eWidzimy\u201d, grzech wasz trwa nadal&#8221;.<\/p>\n<p style=\"text-align: justify;\"><strong>Refleksja nad s\u0142owem Bo\u017cym<\/strong><\/p>\n<p style=\"text-align: justify;\">Duchowa \u015blepota faryzeusz\u00f3w by\u0142a wi\u0119ksza ni\u017c fizyczny brak wzroku u ch\u0142opca, kt\u00f3ry zosta\u0142 uzdrowiony. Uczeni w Pi\u015bmie byli nieprzejednani w swoim uporze i wrogo\u015bci wzgl\u0119dem Jezusa. Poddawali w w\u0105tpliwo\u015b\u0107 nie tylko Jego s\u0142owa, ale te\u017c i znaki, kt\u00f3re czyni\u0142. Z ich zachowaniem kontrastuje postawa uzdrowionego \u2013 pe\u0142na pokory, uznania wzgl\u0119dem Nauczyciela z Nazaretu i czci wobec Boga.<\/p>\n<p style=\"text-align: justify;\">Opisana scena wzywa nas do zastanowienia si\u0119 nad naszym nastawieniem wzgl\u0119dem Jezusa. Jak zachowujemy si\u0119 wobec \u015bwiata, kt\u00f3ry nie wierzy w Chrystusa i poddaje w w\u0105tpliwo\u015b\u0107 Jego moc? Jak reagujemy, gdy strasz\u0105 nas wykluczeniem z jakiej\u015b grupy z powodu naszej wiary? Jak bardzo trzeba by\u0107 \u015blepym, by nie zobaczy\u0107 obecno\u015bci Jezusa w \u015bwiecie. Jak bardzo trzeba by\u0107 niewidomym, by nie dostrzec Jego blisko\u015bci w Ewangelii i Eucharystii. Czy chrze\u015bcija\u0144stwo, kt\u00f3re trwa od ponad dw\u00f3ch tysi\u0119cy lat, mo\u017ce by\u0107 tylko ludzkim wymys\u0142em? Czy gdyby by\u0142a to jedynie ludzka ideologia, tylu ludzi oddawa\u0142oby za ni\u0105 \u017cycie? Niech nigdy nie zabraknie nam odwagi, by zawsze, wsz\u0119dzie i ka\u017cdemu, bez wzgl\u0119du na okoliczno\u015bci m\u00f3wi\u0107 z pe\u0142nym przekonaniem: wierz\u0119 w Boga.<\/p>\n<hr>\n<h3 style=\"text-align: justify;\"><strong>Zapowiedzi przedma\u0142\u017ce\u0144skie<\/strong><\/h3>\n<hr>\n<h3><strong>Odes<\/strong><strong>zli do wieczno\u015bci<\/strong><\/h3>\n<hr>\n<h3><strong style=\"color: revert; font-size: revert;\">Spotkania grup duszpasterskich<\/strong><\/h3>\n<p>W pi\u0105tek po Drodze Krzy\u017cowej i Mszy zbi\u00f3rka ministrant\u00f3w, w Ko\u015bciele.<\/p>\n<hr>\n<h3><strong>Intencje modlitewne na marzec&nbsp;<\/strong><\/h3>\n<p><strong>Og\u00f3lna<\/strong><\/p>\n<p style=\"text-align: justify;\">Aby&nbsp;narody d\u0105\u017cy\u0142y do skutecznego rozbrojenia, zw\u0142aszcza nuklearnego i aby \u015bwiatowi przyw\u00f3dcy wybierali drog\u0119 dialogu i dyplomacji zamiast przemocy.<\/p>\n<p><strong>Diecezjalna:&nbsp;<\/strong><\/p>\n<p style=\"text-align: justify;\">Aby Bo\u017ca \u0142aska kierowa\u0142a my\u015bli i uczynki ma\u0142\u017conk\u00f3w naszej archidiecezji ku dobru ich w\u0142asnych rodzin i wszystkich rodzin na \u015bwiecie.<\/p>\n","protected":false},"excerpt":{"rendered":"<p>Czwarta Niedziela Wielkiego Postu nazywana jest niedziel\u0105 L\u00e6tare, co oznacza \u201ecieszcie si\u0119\u201d. Zbli\u017caj\u0105 si\u0119 bowiem \u015bwi\u0119te dni paschalne, podczas kt\u00f3rych B\u00f3g oka\u017ce swoje mi\u0142osierdzie. Najwi\u0119kszym znakiem tej mi\u0142o\u015bci b\u0119dzie Ofiara [&hellip;]<\/p>\n","protected":false},"author":1,"featured_media":0,"comment_status":"closed","ping_status":"open","sticky":false,"template":"","format":"standard","meta":{"ngg_post_thumbnail":0,"footnotes":""},"categories":[1,4],"tags":[],"yoast_head":"<!-- This site is optimized with the Yoast SEO plugin v23.2 - https:\/\/yoast.com\/wordpress\/plugins\/seo\/ -->\n<title>IV\u00a0 Niedziela Wielkiego Postu\u00a0 - Parafia w Klimk\u00f3wce<\/title>\n<meta name=\"robots\" content=\"index, follow, max-snippet:-1, max-image-preview:large, max-video-preview:-1\" \/>\n<link rel=\"canonical\" href=\"https:\/\/parafiaklimkowka.pl\/index.php\/2026\/03\/15\/iv-niedziela-wielkiego-postu-6\/\" \/>\n<meta property=\"og:locale\" content=\"pl_PL\" \/>\n<meta property=\"og:type\" content=\"article\" \/>\n<meta property=\"og:title\" content=\"IV\u00a0 Niedziela Wielkiego Postu\u00a0 - Parafia w Klimk\u00f3wce\" \/>\n<meta property=\"og:description\" content=\"Czwarta Niedziela Wielkiego Postu nazywana jest niedziel\u0105 L\u00e6tare, co oznacza \u201ecieszcie si\u0119\u201d. Zbli\u017caj\u0105 si\u0119 bowiem \u015bwi\u0119te dni paschalne, podczas kt\u00f3rych B\u00f3g oka\u017ce swoje mi\u0142osierdzie. Najwi\u0119kszym znakiem tej mi\u0142o\u015bci b\u0119dzie Ofiara [&hellip;]\" \/>\n<meta property=\"og:url\" content=\"https:\/\/parafiaklimkowka.pl\/index.php\/2026\/03\/15\/iv-niedziela-wielkiego-postu-6\/\" \/>\n<meta property=\"og:site_name\" content=\"Parafia w Klimk\u00f3wce\" \/>\n<meta property=\"article:published_time\" content=\"2026-03-15T18:08:39+00:00\" \/>\n<meta property=\"article:modified_time\" content=\"2026-03-25T15:59:11+00:00\" \/>\n<meta name=\"author\" content=\"kadmins70\" \/>\n<meta name=\"twitter:card\" content=\"summary_large_image\" \/>\n<meta name=\"twitter:label1\" content=\"Napisane przez\" \/>\n\t<meta name=\"twitter:data1\" content=\"kadmins70\" \/>\n\t<meta name=\"twitter:label2\" content=\"Szacowany czas czytania\" \/>\n\t<meta name=\"twitter:data2\" content=\"8 minut\" \/>\n<script type=\"application\/ld+json\" class=\"yoast-schema-graph\">{\"@context\":\"https:\/\/schema.org\",\"@graph\":[{\"@type\":\"Article\",\"@id\":\"https:\/\/parafiaklimkowka.pl\/index.php\/2026\/03\/15\/iv-niedziela-wielkiego-postu-6\/#article\",\"isPartOf\":{\"@id\":\"https:\/\/parafiaklimkowka.pl\/index.php\/2026\/03\/15\/iv-niedziela-wielkiego-postu-6\/\"},\"author\":{\"name\":\"kadmins70\",\"@id\":\"https:\/\/parafiaklimkowka.pl\/#\/schema\/person\/8411339f73ed143172a1fc20b8c20562\"},\"headline\":\"IV\u00a0 Niedziela Wielkiego Postu\u00a0\",\"datePublished\":\"2026-03-15T18:08:39+00:00\",\"dateModified\":\"2026-03-25T15:59:11+00:00\",\"mainEntityOfPage\":{\"@id\":\"https:\/\/parafiaklimkowka.pl\/index.php\/2026\/03\/15\/iv-niedziela-wielkiego-postu-6\/\"},\"wordCount\":1471,\"publisher\":{\"@id\":\"https:\/\/parafiaklimkowka.pl\/#organization\"},\"articleSection\":[\"Aktualno\u015bci\",\"Og\u0142oszenia duszpasterskie\"],\"inLanguage\":\"pl-PL\"},{\"@type\":\"WebPage\",\"@id\":\"https:\/\/parafiaklimkowka.pl\/index.php\/2026\/03\/15\/iv-niedziela-wielkiego-postu-6\/\",\"url\":\"https:\/\/parafiaklimkowka.pl\/index.php\/2026\/03\/15\/iv-niedziela-wielkiego-postu-6\/\",\"name\":\"IV\u00a0 Niedziela Wielkiego Postu\u00a0 - Parafia w Klimk\u00f3wce\",\"isPartOf\":{\"@id\":\"https:\/\/parafiaklimkowka.pl\/#website\"},\"datePublished\":\"2026-03-15T18:08:39+00:00\",\"dateModified\":\"2026-03-25T15:59:11+00:00\",\"breadcrumb\":{\"@id\":\"https:\/\/parafiaklimkowka.pl\/index.php\/2026\/03\/15\/iv-niedziela-wielkiego-postu-6\/#breadcrumb\"},\"inLanguage\":\"pl-PL\",\"potentialAction\":[{\"@type\":\"ReadAction\",\"target\":[\"https:\/\/parafiaklimkowka.pl\/index.php\/2026\/03\/15\/iv-niedziela-wielkiego-postu-6\/\"]}]},{\"@type\":\"BreadcrumbList\",\"@id\":\"https:\/\/parafiaklimkowka.pl\/index.php\/2026\/03\/15\/iv-niedziela-wielkiego-postu-6\/#breadcrumb\",\"itemListElement\":[{\"@type\":\"ListItem\",\"position\":1,\"name\":\"Strona g\u0142\u00f3wna\",\"item\":\"https:\/\/parafiaklimkowka.pl\/\"},{\"@type\":\"ListItem\",\"position\":2,\"name\":\"IV\u00a0 Niedziela Wielkiego Postu\u00a0\"}]},{\"@type\":\"WebSite\",\"@id\":\"https:\/\/parafiaklimkowka.pl\/#website\",\"url\":\"https:\/\/parafiaklimkowka.pl\/\",\"name\":\"Parafia w Klimk\u00f3wce\",\"description\":\"pw. \u015aw. Micha\u0142a Archanio\u0142a\",\"publisher\":{\"@id\":\"https:\/\/parafiaklimkowka.pl\/#organization\"},\"potentialAction\":[{\"@type\":\"SearchAction\",\"target\":{\"@type\":\"EntryPoint\",\"urlTemplate\":\"https:\/\/parafiaklimkowka.pl\/?s={search_term_string}\"},\"query-input\":\"required name=search_term_string\"}],\"inLanguage\":\"pl-PL\"},{\"@type\":\"Organization\",\"@id\":\"https:\/\/parafiaklimkowka.pl\/#organization\",\"name\":\"Parafia p.w. \u015bw. Micha\u0142a Archanio\u0142a w Klimk\u00f3wce\",\"url\":\"https:\/\/parafiaklimkowka.pl\/\",\"logo\":{\"@type\":\"ImageObject\",\"inLanguage\":\"pl-PL\",\"@id\":\"https:\/\/parafiaklimkowka.pl\/#\/schema\/logo\/image\/\",\"url\":\"http:\/\/parafiaklimkowka.pl\/wp-content\/uploads\/2019\/10\/anio\u01428_jpeg.jpg\",\"contentUrl\":\"http:\/\/parafiaklimkowka.pl\/wp-content\/uploads\/2019\/10\/anio\u01428_jpeg.jpg\",\"width\":658,\"height\":483,\"caption\":\"Parafia p.w. \u015bw. Micha\u0142a Archanio\u0142a w Klimk\u00f3wce\"},\"image\":{\"@id\":\"https:\/\/parafiaklimkowka.pl\/#\/schema\/logo\/image\/\"}},{\"@type\":\"Person\",\"@id\":\"https:\/\/parafiaklimkowka.pl\/#\/schema\/person\/8411339f73ed143172a1fc20b8c20562\",\"name\":\"kadmins70\",\"image\":{\"@type\":\"ImageObject\",\"inLanguage\":\"pl-PL\",\"@id\":\"https:\/\/parafiaklimkowka.pl\/#\/schema\/person\/image\/\",\"url\":\"https:\/\/secure.gravatar.com\/avatar\/2f1a9b134b0f743459e06c66845f8cf1?s=96&d=mm&r=g\",\"contentUrl\":\"https:\/\/secure.gravatar.com\/avatar\/2f1a9b134b0f743459e06c66845f8cf1?s=96&d=mm&r=g\",\"caption\":\"kadmins70\"}}]}<\/script>\n<!-- \/ Yoast SEO plugin. -->","yoast_head_json":{"title":"IV\u00a0 Niedziela Wielkiego Postu\u00a0 - Parafia w Klimk\u00f3wce","robots":{"index":"index","follow":"follow","max-snippet":"max-snippet:-1","max-image-preview":"max-image-preview:large","max-video-preview":"max-video-preview:-1"},"canonical":"https:\/\/parafiaklimkowka.pl\/index.php\/2026\/03\/15\/iv-niedziela-wielkiego-postu-6\/","og_locale":"pl_PL","og_type":"article","og_title":"IV\u00a0 Niedziela Wielkiego Postu\u00a0 - Parafia w Klimk\u00f3wce","og_description":"Czwarta Niedziela Wielkiego Postu nazywana jest niedziel\u0105 L\u00e6tare, co oznacza \u201ecieszcie si\u0119\u201d. Zbli\u017caj\u0105 si\u0119 bowiem \u015bwi\u0119te dni paschalne, podczas kt\u00f3rych B\u00f3g oka\u017ce swoje mi\u0142osierdzie. Najwi\u0119kszym znakiem tej mi\u0142o\u015bci b\u0119dzie Ofiara [&hellip;]","og_url":"https:\/\/parafiaklimkowka.pl\/index.php\/2026\/03\/15\/iv-niedziela-wielkiego-postu-6\/","og_site_name":"Parafia w Klimk\u00f3wce","article_published_time":"2026-03-15T18:08:39+00:00","article_modified_time":"2026-03-25T15:59:11+00:00","author":"kadmins70","twitter_card":"summary_large_image","twitter_misc":{"Napisane przez":"kadmins70","Szacowany czas czytania":"8 minut"},"schema":{"@context":"https:\/\/schema.org","@graph":[{"@type":"Article","@id":"https:\/\/parafiaklimkowka.pl\/index.php\/2026\/03\/15\/iv-niedziela-wielkiego-postu-6\/#article","isPartOf":{"@id":"https:\/\/parafiaklimkowka.pl\/index.php\/2026\/03\/15\/iv-niedziela-wielkiego-postu-6\/"},"author":{"name":"kadmins70","@id":"https:\/\/parafiaklimkowka.pl\/#\/schema\/person\/8411339f73ed143172a1fc20b8c20562"},"headline":"IV\u00a0 Niedziela Wielkiego Postu\u00a0","datePublished":"2026-03-15T18:08:39+00:00","dateModified":"2026-03-25T15:59:11+00:00","mainEntityOfPage":{"@id":"https:\/\/parafiaklimkowka.pl\/index.php\/2026\/03\/15\/iv-niedziela-wielkiego-postu-6\/"},"wordCount":1471,"publisher":{"@id":"https:\/\/parafiaklimkowka.pl\/#organization"},"articleSection":["Aktualno\u015bci","Og\u0142oszenia duszpasterskie"],"inLanguage":"pl-PL"},{"@type":"WebPage","@id":"https:\/\/parafiaklimkowka.pl\/index.php\/2026\/03\/15\/iv-niedziela-wielkiego-postu-6\/","url":"https:\/\/parafiaklimkowka.pl\/index.php\/2026\/03\/15\/iv-niedziela-wielkiego-postu-6\/","name":"IV\u00a0 Niedziela Wielkiego Postu\u00a0 - Parafia w Klimk\u00f3wce","isPartOf":{"@id":"https:\/\/parafiaklimkowka.pl\/#website"},"datePublished":"2026-03-15T18:08:39+00:00","dateModified":"2026-03-25T15:59:11+00:00","breadcrumb":{"@id":"https:\/\/parafiaklimkowka.pl\/index.php\/2026\/03\/15\/iv-niedziela-wielkiego-postu-6\/#breadcrumb"},"inLanguage":"pl-PL","potentialAction":[{"@type":"ReadAction","target":["https:\/\/parafiaklimkowka.pl\/index.php\/2026\/03\/15\/iv-niedziela-wielkiego-postu-6\/"]}]},{"@type":"BreadcrumbList","@id":"https:\/\/parafiaklimkowka.pl\/index.php\/2026\/03\/15\/iv-niedziela-wielkiego-postu-6\/#breadcrumb","itemListElement":[{"@type":"ListItem","position":1,"name":"Strona g\u0142\u00f3wna","item":"https:\/\/parafiaklimkowka.pl\/"},{"@type":"ListItem","position":2,"name":"IV\u00a0 Niedziela Wielkiego Postu\u00a0"}]},{"@type":"WebSite","@id":"https:\/\/parafiaklimkowka.pl\/#website","url":"https:\/\/parafiaklimkowka.pl\/","name":"Parafia w Klimk\u00f3wce","description":"pw. \u015aw. Micha\u0142a Archanio\u0142a","publisher":{"@id":"https:\/\/parafiaklimkowka.pl\/#organization"},"potentialAction":[{"@type":"SearchAction","target":{"@type":"EntryPoint","urlTemplate":"https:\/\/parafiaklimkowka.pl\/?s={search_term_string}"},"query-input":"required name=search_term_string"}],"inLanguage":"pl-PL"},{"@type":"Organization","@id":"https:\/\/parafiaklimkowka.pl\/#organization","name":"Parafia p.w. \u015bw. Micha\u0142a Archanio\u0142a w Klimk\u00f3wce","url":"https:\/\/parafiaklimkowka.pl\/","logo":{"@type":"ImageObject","inLanguage":"pl-PL","@id":"https:\/\/parafiaklimkowka.pl\/#\/schema\/logo\/image\/","url":"http:\/\/parafiaklimkowka.pl\/wp-content\/uploads\/2019\/10\/anio\u01428_jpeg.jpg","contentUrl":"http:\/\/parafiaklimkowka.pl\/wp-content\/uploads\/2019\/10\/anio\u01428_jpeg.jpg","width":658,"height":483,"caption":"Parafia p.w. \u015bw. Micha\u0142a Archanio\u0142a w Klimk\u00f3wce"},"image":{"@id":"https:\/\/parafiaklimkowka.pl\/#\/schema\/logo\/image\/"}},{"@type":"Person","@id":"https:\/\/parafiaklimkowka.pl\/#\/schema\/person\/8411339f73ed143172a1fc20b8c20562","name":"kadmins70","image":{"@type":"ImageObject","inLanguage":"pl-PL","@id":"https:\/\/parafiaklimkowka.pl\/#\/schema\/person\/image\/","url":"https:\/\/secure.gravatar.com\/avatar\/2f1a9b134b0f743459e06c66845f8cf1?s=96&d=mm&r=g","contentUrl":"https:\/\/secure.gravatar.com\/avatar\/2f1a9b134b0f743459e06c66845f8cf1?s=96&d=mm&r=g","caption":"kadmins70"}}]}},"_links":{"self":[{"href":"https:\/\/parafiaklimkowka.pl\/index.php\/wp-json\/wp\/v2\/posts\/13947"}],"collection":[{"href":"https:\/\/parafiaklimkowka.pl\/index.php\/wp-json\/wp\/v2\/posts"}],"about":[{"href":"https:\/\/parafiaklimkowka.pl\/index.php\/wp-json\/wp\/v2\/types\/post"}],"author":[{"embeddable":true,"href":"https:\/\/parafiaklimkowka.pl\/index.php\/wp-json\/wp\/v2\/users\/1"}],"replies":[{"embeddable":true,"href":"https:\/\/parafiaklimkowka.pl\/index.php\/wp-json\/wp\/v2\/comments?post=13947"}],"version-history":[{"count":3,"href":"https:\/\/parafiaklimkowka.pl\/index.php\/wp-json\/wp\/v2\/posts\/13947\/revisions"}],"predecessor-version":[{"id":13961,"href":"https:\/\/parafiaklimkowka.pl\/index.php\/wp-json\/wp\/v2\/posts\/13947\/revisions\/13961"}],"wp:attachment":[{"href":"https:\/\/parafiaklimkowka.pl\/index.php\/wp-json\/wp\/v2\/media?parent=13947"}],"wp:term":[{"taxonomy":"category","embeddable":true,"href":"https:\/\/parafiaklimkowka.pl\/index.php\/wp-json\/wp\/v2\/categories?post=13947"},{"taxonomy":"post_tag","embeddable":true,"href":"https:\/\/parafiaklimkowka.pl\/index.php\/wp-json\/wp\/v2\/tags?post=13947"}],"curies":[{"name":"wp","href":"https:\/\/api.w.org\/{rel}","templated":true}]}}