{"id":13957,"date":"2026-03-14T23:50:08","date_gmt":"2026-03-14T22:50:08","guid":{"rendered":"https:\/\/parafiaklimkowka.pl\/?p=13957"},"modified":"2026-03-21T07:26:20","modified_gmt":"2026-03-21T06:26:20","slug":"zyczenia-imieninowe-dla-ksiedza-proboszcza","status":"publish","type":"post","link":"https:\/\/parafiaklimkowka.pl\/index.php\/2026\/03\/14\/zyczenia-imieninowe-dla-ksiedza-proboszcza\/","title":{"rendered":"\u017byczenia imieninowe dla Ksi\u0119dza Proboszcza"},"content":{"rendered":"<p><strong><em>Drogi Ksi\u0119\u017ce Proboszczu<\/em><\/strong>,<\/p>\n<p>Wszystkiego dobrego z okazji imienin.<\/p>\n<p style=\"text-align: justify;\">Niech Chrystus, kt\u00f3rego g\u0142osisz, b\u0119dzie zawsze Twoj\u0105 moc\u0105 i \u015bwiat\u0142em na drodze kap\u0142a\u0144stwa i daje Ci si\u0142y w g\u0142oszeniu S\u0142owa Bo\u017cego i prowadzeniu parafii, a Matka Naj\u015bwi\u0119tsza niech Ci\u0119 zawsze ma w swojej opiece.<\/p>\n<p>Niech Pan B\u00f3g obdarza Ci\u0119 si\u0142\u0105, zdrowiem i niesko\u0144czon\u0105 mi\u0142o\u015bci\u0105.<\/p>\n<p>Niech \u015bwiat\u0142o Chrystusa rozprasza ka\u017cdy mrok Twojego serca.<\/p>\n<p>Oby \u017cycie zawsze obdarza\u0142o Ci\u0119 spokojem i tym, co najpi\u0119kniejsze.<\/p>\n<p>&nbsp;<\/p>\n<p>W imieniu ca\u0142ej parafii dzi\u0119kujemy za Twoje kap\u0142a\u0144skie serce i zaanga\u017cowanie.<\/p>\n<p>\u017byczymy Ci aby\u015b szed\u0142 przez&nbsp;&nbsp;\u017cycie, jak dot\u0105d z dobroci\u0105 w sercu, otoczony ludzk\u0105 \u017cyczliwo\u015bci\u0105.<\/p>\n<p><em><strong>Szcz\u0119\u015b\u0107 Bo\u017ce!<\/strong><\/em><\/p>\n","protected":false},"excerpt":{"rendered":"<p>Drogi Ksi\u0119\u017ce Proboszczu, Wszystkiego dobrego z okazji imienin. Niech Chrystus, kt\u00f3rego g\u0142osisz, b\u0119dzie zawsze Twoj\u0105 moc\u0105 i \u015bwiat\u0142em na drodze kap\u0142a\u0144stwa i daje Ci si\u0142y w g\u0142oszeniu S\u0142owa Bo\u017cego i [&hellip;]<\/p>\n","protected":false},"author":1,"featured_media":13956,"comment_status":"closed","ping_status":"open","sticky":false,"template":"","format":"standard","meta":{"ngg_post_thumbnail":0,"footnotes":""},"categories":[1,19],"tags":[],"yoast_head":"<!-- This site is optimized with the Yoast SEO plugin v23.2 - https:\/\/yoast.com\/wordpress\/plugins\/seo\/ -->\n<title>\u017byczenia imieninowe dla Ksi\u0119dza Proboszcza - Parafia w Klimk\u00f3wce<\/title>\n<meta name=\"robots\" content=\"index, follow, max-snippet:-1, max-image-preview:large, max-video-preview:-1\" \/>\n<link rel=\"canonical\" href=\"https:\/\/parafiaklimkowka.pl\/index.php\/2026\/03\/14\/zyczenia-imieninowe-dla-ksiedza-proboszcza\/\" \/>\n<meta property=\"og:locale\" content=\"pl_PL\" \/>\n<meta property=\"og:type\" content=\"article\" \/>\n<meta property=\"og:title\" content=\"\u017byczenia imieninowe dla Ksi\u0119dza Proboszcza - Parafia w Klimk\u00f3wce\" \/>\n<meta property=\"og:description\" content=\"Drogi Ksi\u0119\u017ce Proboszczu, Wszystkiego dobrego z okazji imienin. Niech Chrystus, kt\u00f3rego g\u0142osisz, b\u0119dzie zawsze Twoj\u0105 moc\u0105 i \u015bwiat\u0142em na drodze kap\u0142a\u0144stwa i daje Ci si\u0142y w g\u0142oszeniu S\u0142owa Bo\u017cego i [&hellip;]\" \/>\n<meta property=\"og:url\" content=\"https:\/\/parafiaklimkowka.pl\/index.php\/2026\/03\/14\/zyczenia-imieninowe-dla-ksiedza-proboszcza\/\" \/>\n<meta property=\"og:site_name\" content=\"Parafia w Klimk\u00f3wce\" \/>\n<meta property=\"article:published_time\" content=\"2026-03-14T22:50:08+00:00\" \/>\n<meta property=\"article:modified_time\" content=\"2026-03-21T06:26:20+00:00\" \/>\n<meta property=\"og:image\" content=\"https:\/\/parafiaklimkowka.pl\/wp-content\/uploads\/2026\/03\/IMG-20250908-WA0004-\u2014-kopia.jpg\" \/>\n\t<meta property=\"og:image:width\" content=\"540\" \/>\n\t<meta property=\"og:image:height\" content=\"360\" \/>\n\t<meta property=\"og:image:type\" content=\"image\/jpeg\" \/>\n<meta name=\"author\" content=\"kadmins70\" \/>\n<meta name=\"twitter:card\" content=\"summary_large_image\" \/>\n<meta name=\"twitter:label1\" content=\"Napisane przez\" \/>\n\t<meta name=\"twitter:data1\" content=\"kadmins70\" \/>\n\t<meta name=\"twitter:label2\" content=\"Szacowany czas czytania\" \/>\n\t<meta name=\"twitter:data2\" content=\"1 minuta\" \/>\n<script type=\"application\/ld+json\" class=\"yoast-schema-graph\">{\"@context\":\"https:\/\/schema.org\",\"@graph\":[{\"@type\":\"Article\",\"@id\":\"https:\/\/parafiaklimkowka.pl\/index.php\/2026\/03\/14\/zyczenia-imieninowe-dla-ksiedza-proboszcza\/#article\",\"isPartOf\":{\"@id\":\"https:\/\/parafiaklimkowka.pl\/index.php\/2026\/03\/14\/zyczenia-imieninowe-dla-ksiedza-proboszcza\/\"},\"author\":{\"name\":\"kadmins70\",\"@id\":\"https:\/\/parafiaklimkowka.pl\/#\/schema\/person\/8411339f73ed143172a1fc20b8c20562\"},\"headline\":\"\u017byczenia imieninowe dla Ksi\u0119dza Proboszcza\",\"datePublished\":\"2026-03-14T22:50:08+00:00\",\"dateModified\":\"2026-03-21T06:26:20+00:00\",\"mainEntityOfPage\":{\"@id\":\"https:\/\/parafiaklimkowka.pl\/index.php\/2026\/03\/14\/zyczenia-imieninowe-dla-ksiedza-proboszcza\/\"},\"wordCount\":136,\"publisher\":{\"@id\":\"https:\/\/parafiaklimkowka.pl\/#organization\"},\"image\":{\"@id\":\"https:\/\/parafiaklimkowka.pl\/index.php\/2026\/03\/14\/zyczenia-imieninowe-dla-ksiedza-proboszcza\/#primaryimage\"},\"thumbnailUrl\":\"https:\/\/parafiaklimkowka.pl\/wp-content\/uploads\/2026\/03\/IMG-20250908-WA0004-\u2014-kopia.jpg\",\"articleSection\":[\"Aktualno\u015bci\",\"Wiadomo\u015bci\"],\"inLanguage\":\"pl-PL\"},{\"@type\":\"WebPage\",\"@id\":\"https:\/\/parafiaklimkowka.pl\/index.php\/2026\/03\/14\/zyczenia-imieninowe-dla-ksiedza-proboszcza\/\",\"url\":\"https:\/\/parafiaklimkowka.pl\/index.php\/2026\/03\/14\/zyczenia-imieninowe-dla-ksiedza-proboszcza\/\",\"name\":\"\u017byczenia imieninowe dla Ksi\u0119dza Proboszcza - Parafia w Klimk\u00f3wce\",\"isPartOf\":{\"@id\":\"https:\/\/parafiaklimkowka.pl\/#website\"},\"primaryImageOfPage\":{\"@id\":\"https:\/\/parafiaklimkowka.pl\/index.php\/2026\/03\/14\/zyczenia-imieninowe-dla-ksiedza-proboszcza\/#primaryimage\"},\"image\":{\"@id\":\"https:\/\/parafiaklimkowka.pl\/index.php\/2026\/03\/14\/zyczenia-imieninowe-dla-ksiedza-proboszcza\/#primaryimage\"},\"thumbnailUrl\":\"https:\/\/parafiaklimkowka.pl\/wp-content\/uploads\/2026\/03\/IMG-20250908-WA0004-\u2014-kopia.jpg\",\"datePublished\":\"2026-03-14T22:50:08+00:00\",\"dateModified\":\"2026-03-21T06:26:20+00:00\",\"breadcrumb\":{\"@id\":\"https:\/\/parafiaklimkowka.pl\/index.php\/2026\/03\/14\/zyczenia-imieninowe-dla-ksiedza-proboszcza\/#breadcrumb\"},\"inLanguage\":\"pl-PL\",\"potentialAction\":[{\"@type\":\"ReadAction\",\"target\":[\"https:\/\/parafiaklimkowka.pl\/index.php\/2026\/03\/14\/zyczenia-imieninowe-dla-ksiedza-proboszcza\/\"]}]},{\"@type\":\"ImageObject\",\"inLanguage\":\"pl-PL\",\"@id\":\"https:\/\/parafiaklimkowka.pl\/index.php\/2026\/03\/14\/zyczenia-imieninowe-dla-ksiedza-proboszcza\/#primaryimage\",\"url\":\"https:\/\/parafiaklimkowka.pl\/wp-content\/uploads\/2026\/03\/IMG-20250908-WA0004-\u2014-kopia.jpg\",\"contentUrl\":\"https:\/\/parafiaklimkowka.pl\/wp-content\/uploads\/2026\/03\/IMG-20250908-WA0004-\u2014-kopia.jpg\",\"width\":540,\"height\":360},{\"@type\":\"BreadcrumbList\",\"@id\":\"https:\/\/parafiaklimkowka.pl\/index.php\/2026\/03\/14\/zyczenia-imieninowe-dla-ksiedza-proboszcza\/#breadcrumb\",\"itemListElement\":[{\"@type\":\"ListItem\",\"position\":1,\"name\":\"Strona g\u0142\u00f3wna\",\"item\":\"https:\/\/parafiaklimkowka.pl\/\"},{\"@type\":\"ListItem\",\"position\":2,\"name\":\"\u017byczenia imieninowe dla Ksi\u0119dza Proboszcza\"}]},{\"@type\":\"WebSite\",\"@id\":\"https:\/\/parafiaklimkowka.pl\/#website\",\"url\":\"https:\/\/parafiaklimkowka.pl\/\",\"name\":\"Parafia w Klimk\u00f3wce\",\"description\":\"pw. \u015aw. Micha\u0142a Archanio\u0142a\",\"publisher\":{\"@id\":\"https:\/\/parafiaklimkowka.pl\/#organization\"},\"potentialAction\":[{\"@type\":\"SearchAction\",\"target\":{\"@type\":\"EntryPoint\",\"urlTemplate\":\"https:\/\/parafiaklimkowka.pl\/?s={search_term_string}\"},\"query-input\":\"required name=search_term_string\"}],\"inLanguage\":\"pl-PL\"},{\"@type\":\"Organization\",\"@id\":\"https:\/\/parafiaklimkowka.pl\/#organization\",\"name\":\"Parafia p.w. \u015bw. Micha\u0142a Archanio\u0142a w Klimk\u00f3wce\",\"url\":\"https:\/\/parafiaklimkowka.pl\/\",\"logo\":{\"@type\":\"ImageObject\",\"inLanguage\":\"pl-PL\",\"@id\":\"https:\/\/parafiaklimkowka.pl\/#\/schema\/logo\/image\/\",\"url\":\"http:\/\/parafiaklimkowka.pl\/wp-content\/uploads\/2019\/10\/anio\u01428_jpeg.jpg\",\"contentUrl\":\"http:\/\/parafiaklimkowka.pl\/wp-content\/uploads\/2019\/10\/anio\u01428_jpeg.jpg\",\"width\":658,\"height\":483,\"caption\":\"Parafia p.w. \u015bw. Micha\u0142a Archanio\u0142a w Klimk\u00f3wce\"},\"image\":{\"@id\":\"https:\/\/parafiaklimkowka.pl\/#\/schema\/logo\/image\/\"}},{\"@type\":\"Person\",\"@id\":\"https:\/\/parafiaklimkowka.pl\/#\/schema\/person\/8411339f73ed143172a1fc20b8c20562\",\"name\":\"kadmins70\",\"image\":{\"@type\":\"ImageObject\",\"inLanguage\":\"pl-PL\",\"@id\":\"https:\/\/parafiaklimkowka.pl\/#\/schema\/person\/image\/\",\"url\":\"https:\/\/secure.gravatar.com\/avatar\/2f1a9b134b0f743459e06c66845f8cf1?s=96&d=mm&r=g\",\"contentUrl\":\"https:\/\/secure.gravatar.com\/avatar\/2f1a9b134b0f743459e06c66845f8cf1?s=96&d=mm&r=g\",\"caption\":\"kadmins70\"}}]}<\/script>\n<!-- \/ Yoast SEO plugin. -->","yoast_head_json":{"title":"\u017byczenia imieninowe dla Ksi\u0119dza Proboszcza - Parafia w Klimk\u00f3wce","robots":{"index":"index","follow":"follow","max-snippet":"max-snippet:-1","max-image-preview":"max-image-preview:large","max-video-preview":"max-video-preview:-1"},"canonical":"https:\/\/parafiaklimkowka.pl\/index.php\/2026\/03\/14\/zyczenia-imieninowe-dla-ksiedza-proboszcza\/","og_locale":"pl_PL","og_type":"article","og_title":"\u017byczenia imieninowe dla Ksi\u0119dza Proboszcza - Parafia w Klimk\u00f3wce","og_description":"Drogi Ksi\u0119\u017ce Proboszczu, Wszystkiego dobrego z okazji imienin. Niech Chrystus, kt\u00f3rego g\u0142osisz, b\u0119dzie zawsze Twoj\u0105 moc\u0105 i \u015bwiat\u0142em na drodze kap\u0142a\u0144stwa i daje Ci si\u0142y w g\u0142oszeniu S\u0142owa Bo\u017cego i [&hellip;]","og_url":"https:\/\/parafiaklimkowka.pl\/index.php\/2026\/03\/14\/zyczenia-imieninowe-dla-ksiedza-proboszcza\/","og_site_name":"Parafia w Klimk\u00f3wce","article_published_time":"2026-03-14T22:50:08+00:00","article_modified_time":"2026-03-21T06:26:20+00:00","og_image":[{"width":540,"height":360,"url":"https:\/\/parafiaklimkowka.pl\/wp-content\/uploads\/2026\/03\/IMG-20250908-WA0004-\u2014-kopia.jpg","type":"image\/jpeg"}],"author":"kadmins70","twitter_card":"summary_large_image","twitter_misc":{"Napisane przez":"kadmins70","Szacowany czas czytania":"1 minuta"},"schema":{"@context":"https:\/\/schema.org","@graph":[{"@type":"Article","@id":"https:\/\/parafiaklimkowka.pl\/index.php\/2026\/03\/14\/zyczenia-imieninowe-dla-ksiedza-proboszcza\/#article","isPartOf":{"@id":"https:\/\/parafiaklimkowka.pl\/index.php\/2026\/03\/14\/zyczenia-imieninowe-dla-ksiedza-proboszcza\/"},"author":{"name":"kadmins70","@id":"https:\/\/parafiaklimkowka.pl\/#\/schema\/person\/8411339f73ed143172a1fc20b8c20562"},"headline":"\u017byczenia imieninowe dla Ksi\u0119dza Proboszcza","datePublished":"2026-03-14T22:50:08+00:00","dateModified":"2026-03-21T06:26:20+00:00","mainEntityOfPage":{"@id":"https:\/\/parafiaklimkowka.pl\/index.php\/2026\/03\/14\/zyczenia-imieninowe-dla-ksiedza-proboszcza\/"},"wordCount":136,"publisher":{"@id":"https:\/\/parafiaklimkowka.pl\/#organization"},"image":{"@id":"https:\/\/parafiaklimkowka.pl\/index.php\/2026\/03\/14\/zyczenia-imieninowe-dla-ksiedza-proboszcza\/#primaryimage"},"thumbnailUrl":"https:\/\/parafiaklimkowka.pl\/wp-content\/uploads\/2026\/03\/IMG-20250908-WA0004-\u2014-kopia.jpg","articleSection":["Aktualno\u015bci","Wiadomo\u015bci"],"inLanguage":"pl-PL"},{"@type":"WebPage","@id":"https:\/\/parafiaklimkowka.pl\/index.php\/2026\/03\/14\/zyczenia-imieninowe-dla-ksiedza-proboszcza\/","url":"https:\/\/parafiaklimkowka.pl\/index.php\/2026\/03\/14\/zyczenia-imieninowe-dla-ksiedza-proboszcza\/","name":"\u017byczenia imieninowe dla Ksi\u0119dza Proboszcza - Parafia w Klimk\u00f3wce","isPartOf":{"@id":"https:\/\/parafiaklimkowka.pl\/#website"},"primaryImageOfPage":{"@id":"https:\/\/parafiaklimkowka.pl\/index.php\/2026\/03\/14\/zyczenia-imieninowe-dla-ksiedza-proboszcza\/#primaryimage"},"image":{"@id":"https:\/\/parafiaklimkowka.pl\/index.php\/2026\/03\/14\/zyczenia-imieninowe-dla-ksiedza-proboszcza\/#primaryimage"},"thumbnailUrl":"https:\/\/parafiaklimkowka.pl\/wp-content\/uploads\/2026\/03\/IMG-20250908-WA0004-\u2014-kopia.jpg","datePublished":"2026-03-14T22:50:08+00:00","dateModified":"2026-03-21T06:26:20+00:00","breadcrumb":{"@id":"https:\/\/parafiaklimkowka.pl\/index.php\/2026\/03\/14\/zyczenia-imieninowe-dla-ksiedza-proboszcza\/#breadcrumb"},"inLanguage":"pl-PL","potentialAction":[{"@type":"ReadAction","target":["https:\/\/parafiaklimkowka.pl\/index.php\/2026\/03\/14\/zyczenia-imieninowe-dla-ksiedza-proboszcza\/"]}]},{"@type":"ImageObject","inLanguage":"pl-PL","@id":"https:\/\/parafiaklimkowka.pl\/index.php\/2026\/03\/14\/zyczenia-imieninowe-dla-ksiedza-proboszcza\/#primaryimage","url":"https:\/\/parafiaklimkowka.pl\/wp-content\/uploads\/2026\/03\/IMG-20250908-WA0004-\u2014-kopia.jpg","contentUrl":"https:\/\/parafiaklimkowka.pl\/wp-content\/uploads\/2026\/03\/IMG-20250908-WA0004-\u2014-kopia.jpg","width":540,"height":360},{"@type":"BreadcrumbList","@id":"https:\/\/parafiaklimkowka.pl\/index.php\/2026\/03\/14\/zyczenia-imieninowe-dla-ksiedza-proboszcza\/#breadcrumb","itemListElement":[{"@type":"ListItem","position":1,"name":"Strona g\u0142\u00f3wna","item":"https:\/\/parafiaklimkowka.pl\/"},{"@type":"ListItem","position":2,"name":"\u017byczenia imieninowe dla Ksi\u0119dza Proboszcza"}]},{"@type":"WebSite","@id":"https:\/\/parafiaklimkowka.pl\/#website","url":"https:\/\/parafiaklimkowka.pl\/","name":"Parafia w Klimk\u00f3wce","description":"pw. \u015aw. Micha\u0142a Archanio\u0142a","publisher":{"@id":"https:\/\/parafiaklimkowka.pl\/#organization"},"potentialAction":[{"@type":"SearchAction","target":{"@type":"EntryPoint","urlTemplate":"https:\/\/parafiaklimkowka.pl\/?s={search_term_string}"},"query-input":"required name=search_term_string"}],"inLanguage":"pl-PL"},{"@type":"Organization","@id":"https:\/\/parafiaklimkowka.pl\/#organization","name":"Parafia p.w. \u015bw. Micha\u0142a Archanio\u0142a w Klimk\u00f3wce","url":"https:\/\/parafiaklimkowka.pl\/","logo":{"@type":"ImageObject","inLanguage":"pl-PL","@id":"https:\/\/parafiaklimkowka.pl\/#\/schema\/logo\/image\/","url":"http:\/\/parafiaklimkowka.pl\/wp-content\/uploads\/2019\/10\/anio\u01428_jpeg.jpg","contentUrl":"http:\/\/parafiaklimkowka.pl\/wp-content\/uploads\/2019\/10\/anio\u01428_jpeg.jpg","width":658,"height":483,"caption":"Parafia p.w. \u015bw. Micha\u0142a Archanio\u0142a w Klimk\u00f3wce"},"image":{"@id":"https:\/\/parafiaklimkowka.pl\/#\/schema\/logo\/image\/"}},{"@type":"Person","@id":"https:\/\/parafiaklimkowka.pl\/#\/schema\/person\/8411339f73ed143172a1fc20b8c20562","name":"kadmins70","image":{"@type":"ImageObject","inLanguage":"pl-PL","@id":"https:\/\/parafiaklimkowka.pl\/#\/schema\/person\/image\/","url":"https:\/\/secure.gravatar.com\/avatar\/2f1a9b134b0f743459e06c66845f8cf1?s=96&d=mm&r=g","contentUrl":"https:\/\/secure.gravatar.com\/avatar\/2f1a9b134b0f743459e06c66845f8cf1?s=96&d=mm&r=g","caption":"kadmins70"}}]}},"_links":{"self":[{"href":"https:\/\/parafiaklimkowka.pl\/index.php\/wp-json\/wp\/v2\/posts\/13957"}],"collection":[{"href":"https:\/\/parafiaklimkowka.pl\/index.php\/wp-json\/wp\/v2\/posts"}],"about":[{"href":"https:\/\/parafiaklimkowka.pl\/index.php\/wp-json\/wp\/v2\/types\/post"}],"author":[{"embeddable":true,"href":"https:\/\/parafiaklimkowka.pl\/index.php\/wp-json\/wp\/v2\/users\/1"}],"replies":[{"embeddable":true,"href":"https:\/\/parafiaklimkowka.pl\/index.php\/wp-json\/wp\/v2\/comments?post=13957"}],"version-history":[{"count":2,"href":"https:\/\/parafiaklimkowka.pl\/index.php\/wp-json\/wp\/v2\/posts\/13957\/revisions"}],"predecessor-version":[{"id":13959,"href":"https:\/\/parafiaklimkowka.pl\/index.php\/wp-json\/wp\/v2\/posts\/13957\/revisions\/13959"}],"wp:featuredmedia":[{"embeddable":true,"href":"https:\/\/parafiaklimkowka.pl\/index.php\/wp-json\/wp\/v2\/media\/13956"}],"wp:attachment":[{"href":"https:\/\/parafiaklimkowka.pl\/index.php\/wp-json\/wp\/v2\/media?parent=13957"}],"wp:term":[{"taxonomy":"category","embeddable":true,"href":"https:\/\/parafiaklimkowka.pl\/index.php\/wp-json\/wp\/v2\/categories?post=13957"},{"taxonomy":"post_tag","embeddable":true,"href":"https:\/\/parafiaklimkowka.pl\/index.php\/wp-json\/wp\/v2\/tags?post=13957"}],"curies":[{"name":"wp","href":"https:\/\/api.w.org\/{rel}","templated":true}]}}