{"id":13967,"date":"2026-03-22T07:23:22","date_gmt":"2026-03-22T06:23:22","guid":{"rendered":"https:\/\/parafiaklimkowka.pl\/?p=13967"},"modified":"2026-03-25T16:59:47","modified_gmt":"2026-03-25T15:59:47","slug":"intencje-mszalne-23-29-marzec-2","status":"publish","type":"post","link":"https:\/\/parafiaklimkowka.pl\/index.php\/2026\/03\/22\/intencje-mszalne-23-29-marzec-2\/","title":{"rendered":"Intencje mszalne \u2013 23 \u2013 29 marzec"},"content":{"rendered":"\n<table id=\"tablepress-347\" class=\"tablepress tablepress-id-347\">\n<thead>\n<tr class=\"row-1\">\n\t<th class=\"column-1\">Dni<\/th><th class=\"column-2\">Dni<\/th>\n<\/tr>\n<\/thead>\n<tbody class=\"row-striping row-hover\">\n<tr class=\"row-2\">\n\t<td class=\"column-1\"><strong>Poniedzia\u0142ek -  23.03.2026<\/strong <\/td><td class=\"column-2\"><strong>Poza Parafi\u0105 Gregorianki za <br \/>\n\u015aw.p. Aniel\u0119 Zych  (od 1.03. do 30.03.2026r.)<br \/>\n\u015aw.p. Iren\u0119 Litwin  (od 1.03. do 30.03.2026r.)<\/strong><br \/>\n<br \/>\n<strong>godz. 18.00<\/strong><br \/>\n+Rafa\u0142 Kurek \u2013 ofiara od kole\u017canek i koleg\u00f3w z Firmy Karabela<\/td>\n<\/tr>\n<tr class=\"row-3\">\n\t<td class=\"column-1\"><strong>Wtorek -  24.03.2026<\/strong <\/td><td class=\"column-2\"><strong>godz. 18.00<\/strong><br \/>\n+Rafa\u0142 Kurek \u2013 ofiara od s\u0105siada Grzegorza i rodziny Nycz<\/td>\n<\/tr>\n<tr class=\"row-4\">\n\t<td class=\"column-1\"><strong> \u015aroda - 25.03.2026<\/strong<\/td><td class=\"column-2\"><strong>godz. 17.45  Nowenna do MB Nieustaj\u0105cej Pomocy<\/strong><br \/>\n<strong>godz. 18.00<\/strong><br \/>\nO Bo\u017ce b\u0142ogos\u0142awie\u0144stwo i potrzebne \u0142aski dla Marii z okazji 85 urodzin<\/td>\n<\/tr>\n<tr class=\"row-5\">\n\t<td class=\"column-1\"><strong>Czwartek  - 26.03.2026<\/strong<\/td><td class=\"column-2\"><strong>godz. 8.00<\/strong><br \/>\n+Andrzej Wais \u2013 ofiara od rodziny<\/td>\n<\/tr>\n<tr class=\"row-6\">\n\t<td class=\"column-1\"><strong>Pi\u0105tek - 27.03.2026<\/strong<\/td><td class=\"column-2\"><strong>godz. 17.15<\/strong><br \/>\nNowenna do Bo\u017cego Mi\u0142osierdzia<br \/>\n<strong>godz. 17.30<\/strong><br \/>\nDroga Krzy\u017cowa<br \/>\n<strong>godz. 18.00<\/strong><br \/>\nO Bo\u017ce b\u0142ogos\u0142aw. i zdrowie dla Mi\u0142osza, z okazji chrztu i ca\u0142ej jego rodziny \u2013 ofiara od babci i dziadka<\/td>\n<\/tr>\n<tr class=\"row-7\">\n\t<td class=\"column-1\"><strong>Sobota - 28.03.2026<\/strong<\/td><td class=\"column-2\"><strong>godz.08.00<\/strong><br \/>\n+Rafa\u0142 Kurek \u2013 ofiara od Krystyny i Daniela Haduch  <br \/>\n<br \/>\n<strong>godz.18.00(Msza Niedzielna)<\/strong><br \/>\n+Stanis\u0142aw 18 rocznica \u015bmierci, Aniela Ma\u015bnik; <br \/>\n+J\u00f3zef, Aniela, Pawe\u0142 Ma\u015bnik \u2013 ofiara od rodziny<\/td>\n<\/tr>\n<tr class=\"row-8\">\n\t<td class=\"column-1\"><strong>Niedziela Palmowa - 29.03.2026<\/strong<\/td><td class=\"column-2\"><strong>godz. 7.30<\/strong><br \/>\n+Aniela 17 rocznica \u015bmierci, Leopold Zawadzki \u2013 ofiara od rodziny <br \/>\n<strong>godz. 9.15 Za  Parafian<\/strong><br \/>\n<strong>godz.11.00<\/strong><br \/>\nO Bo\u017ce b\u0142ogos\u0142awie\u0144stwo, zdrowie i potrzebne \u0142aski dla Wojciecha Antoniego Zygmunt z okazji chrztu \u015bw. i ca\u0142ej jego rodziny <br \/>\n<strong>godz.16.00  Gorzkie \u017bale<\/strong><br \/>\n<strong>godz.16.45 <\/strong><br \/>\n+Kazimierz Penar \u2013 ofiara od syna z rodzin\u0105<\/td>\n<\/tr>\n<\/tbody>\n<\/table>\n<!-- #tablepress-347 from cache -->\n","protected":false},"excerpt":{"rendered":"","protected":false},"author":1,"featured_media":0,"comment_status":"closed","ping_status":"open","sticky":false,"template":"","format":"standard","meta":{"ngg_post_thumbnail":0,"footnotes":""},"categories":[1,5],"tags":[],"yoast_head":"<!-- This site is optimized with the Yoast SEO plugin v23.2 - https:\/\/yoast.com\/wordpress\/plugins\/seo\/ -->\n<title>Intencje mszalne \u2013 23 \u2013 29 marzec - Parafia w Klimk\u00f3wce<\/title>\n<meta name=\"robots\" content=\"index, follow, max-snippet:-1, max-image-preview:large, max-video-preview:-1\" \/>\n<link rel=\"canonical\" href=\"https:\/\/parafiaklimkowka.pl\/index.php\/2026\/03\/22\/intencje-mszalne-23-29-marzec-2\/\" \/>\n<meta property=\"og:locale\" content=\"pl_PL\" \/>\n<meta property=\"og:type\" content=\"article\" \/>\n<meta property=\"og:title\" content=\"Intencje mszalne \u2013 23 \u2013 29 marzec - Parafia w Klimk\u00f3wce\" \/>\n<meta property=\"og:url\" content=\"https:\/\/parafiaklimkowka.pl\/index.php\/2026\/03\/22\/intencje-mszalne-23-29-marzec-2\/\" \/>\n<meta property=\"og:site_name\" content=\"Parafia w Klimk\u00f3wce\" \/>\n<meta property=\"article:published_time\" content=\"2026-03-22T06:23:22+00:00\" \/>\n<meta property=\"article:modified_time\" content=\"2026-03-25T15:59:47+00:00\" \/>\n<meta name=\"author\" content=\"kadmins70\" \/>\n<meta name=\"twitter:card\" content=\"summary_large_image\" \/>\n<meta name=\"twitter:label1\" content=\"Napisane przez\" \/>\n\t<meta name=\"twitter:data1\" content=\"kadmins70\" \/>\n\t<meta name=\"twitter:label2\" content=\"Szacowany czas czytania\" \/>\n\t<meta name=\"twitter:data2\" content=\"1 minuta\" \/>\n<script type=\"application\/ld+json\" class=\"yoast-schema-graph\">{\"@context\":\"https:\/\/schema.org\",\"@graph\":[{\"@type\":\"Article\",\"@id\":\"https:\/\/parafiaklimkowka.pl\/index.php\/2026\/03\/22\/intencje-mszalne-23-29-marzec-2\/#article\",\"isPartOf\":{\"@id\":\"https:\/\/parafiaklimkowka.pl\/index.php\/2026\/03\/22\/intencje-mszalne-23-29-marzec-2\/\"},\"author\":{\"name\":\"kadmins70\",\"@id\":\"https:\/\/parafiaklimkowka.pl\/#\/schema\/person\/8411339f73ed143172a1fc20b8c20562\"},\"headline\":\"Intencje mszalne \u2013 23 \u2013 29 marzec\",\"datePublished\":\"2026-03-22T06:23:22+00:00\",\"dateModified\":\"2026-03-25T15:59:47+00:00\",\"mainEntityOfPage\":{\"@id\":\"https:\/\/parafiaklimkowka.pl\/index.php\/2026\/03\/22\/intencje-mszalne-23-29-marzec-2\/\"},\"wordCount\":5,\"publisher\":{\"@id\":\"https:\/\/parafiaklimkowka.pl\/#organization\"},\"articleSection\":[\"Aktualno\u015bci\",\"Intencje Mszalne\"],\"inLanguage\":\"pl-PL\"},{\"@type\":\"WebPage\",\"@id\":\"https:\/\/parafiaklimkowka.pl\/index.php\/2026\/03\/22\/intencje-mszalne-23-29-marzec-2\/\",\"url\":\"https:\/\/parafiaklimkowka.pl\/index.php\/2026\/03\/22\/intencje-mszalne-23-29-marzec-2\/\",\"name\":\"Intencje mszalne \u2013 23 \u2013 29 marzec - Parafia w Klimk\u00f3wce\",\"isPartOf\":{\"@id\":\"https:\/\/parafiaklimkowka.pl\/#website\"},\"datePublished\":\"2026-03-22T06:23:22+00:00\",\"dateModified\":\"2026-03-25T15:59:47+00:00\",\"breadcrumb\":{\"@id\":\"https:\/\/parafiaklimkowka.pl\/index.php\/2026\/03\/22\/intencje-mszalne-23-29-marzec-2\/#breadcrumb\"},\"inLanguage\":\"pl-PL\",\"potentialAction\":[{\"@type\":\"ReadAction\",\"target\":[\"https:\/\/parafiaklimkowka.pl\/index.php\/2026\/03\/22\/intencje-mszalne-23-29-marzec-2\/\"]}]},{\"@type\":\"BreadcrumbList\",\"@id\":\"https:\/\/parafiaklimkowka.pl\/index.php\/2026\/03\/22\/intencje-mszalne-23-29-marzec-2\/#breadcrumb\",\"itemListElement\":[{\"@type\":\"ListItem\",\"position\":1,\"name\":\"Strona g\u0142\u00f3wna\",\"item\":\"https:\/\/parafiaklimkowka.pl\/\"},{\"@type\":\"ListItem\",\"position\":2,\"name\":\"Intencje mszalne \u2013 23 \u2013 29 marzec\"}]},{\"@type\":\"WebSite\",\"@id\":\"https:\/\/parafiaklimkowka.pl\/#website\",\"url\":\"https:\/\/parafiaklimkowka.pl\/\",\"name\":\"Parafia w Klimk\u00f3wce\",\"description\":\"pw. \u015aw. Micha\u0142a Archanio\u0142a\",\"publisher\":{\"@id\":\"https:\/\/parafiaklimkowka.pl\/#organization\"},\"potentialAction\":[{\"@type\":\"SearchAction\",\"target\":{\"@type\":\"EntryPoint\",\"urlTemplate\":\"https:\/\/parafiaklimkowka.pl\/?s={search_term_string}\"},\"query-input\":\"required name=search_term_string\"}],\"inLanguage\":\"pl-PL\"},{\"@type\":\"Organization\",\"@id\":\"https:\/\/parafiaklimkowka.pl\/#organization\",\"name\":\"Parafia p.w. \u015bw. Micha\u0142a Archanio\u0142a w Klimk\u00f3wce\",\"url\":\"https:\/\/parafiaklimkowka.pl\/\",\"logo\":{\"@type\":\"ImageObject\",\"inLanguage\":\"pl-PL\",\"@id\":\"https:\/\/parafiaklimkowka.pl\/#\/schema\/logo\/image\/\",\"url\":\"http:\/\/parafiaklimkowka.pl\/wp-content\/uploads\/2019\/10\/anio\u01428_jpeg.jpg\",\"contentUrl\":\"http:\/\/parafiaklimkowka.pl\/wp-content\/uploads\/2019\/10\/anio\u01428_jpeg.jpg\",\"width\":658,\"height\":483,\"caption\":\"Parafia p.w. \u015bw. Micha\u0142a Archanio\u0142a w Klimk\u00f3wce\"},\"image\":{\"@id\":\"https:\/\/parafiaklimkowka.pl\/#\/schema\/logo\/image\/\"}},{\"@type\":\"Person\",\"@id\":\"https:\/\/parafiaklimkowka.pl\/#\/schema\/person\/8411339f73ed143172a1fc20b8c20562\",\"name\":\"kadmins70\",\"image\":{\"@type\":\"ImageObject\",\"inLanguage\":\"pl-PL\",\"@id\":\"https:\/\/parafiaklimkowka.pl\/#\/schema\/person\/image\/\",\"url\":\"https:\/\/secure.gravatar.com\/avatar\/2f1a9b134b0f743459e06c66845f8cf1?s=96&d=mm&r=g\",\"contentUrl\":\"https:\/\/secure.gravatar.com\/avatar\/2f1a9b134b0f743459e06c66845f8cf1?s=96&d=mm&r=g\",\"caption\":\"kadmins70\"}}]}<\/script>\n<!-- \/ Yoast SEO plugin. -->","yoast_head_json":{"title":"Intencje mszalne \u2013 23 \u2013 29 marzec - Parafia w Klimk\u00f3wce","robots":{"index":"index","follow":"follow","max-snippet":"max-snippet:-1","max-image-preview":"max-image-preview:large","max-video-preview":"max-video-preview:-1"},"canonical":"https:\/\/parafiaklimkowka.pl\/index.php\/2026\/03\/22\/intencje-mszalne-23-29-marzec-2\/","og_locale":"pl_PL","og_type":"article","og_title":"Intencje mszalne \u2013 23 \u2013 29 marzec - Parafia w Klimk\u00f3wce","og_url":"https:\/\/parafiaklimkowka.pl\/index.php\/2026\/03\/22\/intencje-mszalne-23-29-marzec-2\/","og_site_name":"Parafia w Klimk\u00f3wce","article_published_time":"2026-03-22T06:23:22+00:00","article_modified_time":"2026-03-25T15:59:47+00:00","author":"kadmins70","twitter_card":"summary_large_image","twitter_misc":{"Napisane przez":"kadmins70","Szacowany czas czytania":"1 minuta"},"schema":{"@context":"https:\/\/schema.org","@graph":[{"@type":"Article","@id":"https:\/\/parafiaklimkowka.pl\/index.php\/2026\/03\/22\/intencje-mszalne-23-29-marzec-2\/#article","isPartOf":{"@id":"https:\/\/parafiaklimkowka.pl\/index.php\/2026\/03\/22\/intencje-mszalne-23-29-marzec-2\/"},"author":{"name":"kadmins70","@id":"https:\/\/parafiaklimkowka.pl\/#\/schema\/person\/8411339f73ed143172a1fc20b8c20562"},"headline":"Intencje mszalne \u2013 23 \u2013 29 marzec","datePublished":"2026-03-22T06:23:22+00:00","dateModified":"2026-03-25T15:59:47+00:00","mainEntityOfPage":{"@id":"https:\/\/parafiaklimkowka.pl\/index.php\/2026\/03\/22\/intencje-mszalne-23-29-marzec-2\/"},"wordCount":5,"publisher":{"@id":"https:\/\/parafiaklimkowka.pl\/#organization"},"articleSection":["Aktualno\u015bci","Intencje Mszalne"],"inLanguage":"pl-PL"},{"@type":"WebPage","@id":"https:\/\/parafiaklimkowka.pl\/index.php\/2026\/03\/22\/intencje-mszalne-23-29-marzec-2\/","url":"https:\/\/parafiaklimkowka.pl\/index.php\/2026\/03\/22\/intencje-mszalne-23-29-marzec-2\/","name":"Intencje mszalne \u2013 23 \u2013 29 marzec - Parafia w Klimk\u00f3wce","isPartOf":{"@id":"https:\/\/parafiaklimkowka.pl\/#website"},"datePublished":"2026-03-22T06:23:22+00:00","dateModified":"2026-03-25T15:59:47+00:00","breadcrumb":{"@id":"https:\/\/parafiaklimkowka.pl\/index.php\/2026\/03\/22\/intencje-mszalne-23-29-marzec-2\/#breadcrumb"},"inLanguage":"pl-PL","potentialAction":[{"@type":"ReadAction","target":["https:\/\/parafiaklimkowka.pl\/index.php\/2026\/03\/22\/intencje-mszalne-23-29-marzec-2\/"]}]},{"@type":"BreadcrumbList","@id":"https:\/\/parafiaklimkowka.pl\/index.php\/2026\/03\/22\/intencje-mszalne-23-29-marzec-2\/#breadcrumb","itemListElement":[{"@type":"ListItem","position":1,"name":"Strona g\u0142\u00f3wna","item":"https:\/\/parafiaklimkowka.pl\/"},{"@type":"ListItem","position":2,"name":"Intencje mszalne \u2013 23 \u2013 29 marzec"}]},{"@type":"WebSite","@id":"https:\/\/parafiaklimkowka.pl\/#website","url":"https:\/\/parafiaklimkowka.pl\/","name":"Parafia w Klimk\u00f3wce","description":"pw. \u015aw. Micha\u0142a Archanio\u0142a","publisher":{"@id":"https:\/\/parafiaklimkowka.pl\/#organization"},"potentialAction":[{"@type":"SearchAction","target":{"@type":"EntryPoint","urlTemplate":"https:\/\/parafiaklimkowka.pl\/?s={search_term_string}"},"query-input":"required name=search_term_string"}],"inLanguage":"pl-PL"},{"@type":"Organization","@id":"https:\/\/parafiaklimkowka.pl\/#organization","name":"Parafia p.w. \u015bw. Micha\u0142a Archanio\u0142a w Klimk\u00f3wce","url":"https:\/\/parafiaklimkowka.pl\/","logo":{"@type":"ImageObject","inLanguage":"pl-PL","@id":"https:\/\/parafiaklimkowka.pl\/#\/schema\/logo\/image\/","url":"http:\/\/parafiaklimkowka.pl\/wp-content\/uploads\/2019\/10\/anio\u01428_jpeg.jpg","contentUrl":"http:\/\/parafiaklimkowka.pl\/wp-content\/uploads\/2019\/10\/anio\u01428_jpeg.jpg","width":658,"height":483,"caption":"Parafia p.w. \u015bw. Micha\u0142a Archanio\u0142a w Klimk\u00f3wce"},"image":{"@id":"https:\/\/parafiaklimkowka.pl\/#\/schema\/logo\/image\/"}},{"@type":"Person","@id":"https:\/\/parafiaklimkowka.pl\/#\/schema\/person\/8411339f73ed143172a1fc20b8c20562","name":"kadmins70","image":{"@type":"ImageObject","inLanguage":"pl-PL","@id":"https:\/\/parafiaklimkowka.pl\/#\/schema\/person\/image\/","url":"https:\/\/secure.gravatar.com\/avatar\/2f1a9b134b0f743459e06c66845f8cf1?s=96&d=mm&r=g","contentUrl":"https:\/\/secure.gravatar.com\/avatar\/2f1a9b134b0f743459e06c66845f8cf1?s=96&d=mm&r=g","caption":"kadmins70"}}]}},"_links":{"self":[{"href":"https:\/\/parafiaklimkowka.pl\/index.php\/wp-json\/wp\/v2\/posts\/13967"}],"collection":[{"href":"https:\/\/parafiaklimkowka.pl\/index.php\/wp-json\/wp\/v2\/posts"}],"about":[{"href":"https:\/\/parafiaklimkowka.pl\/index.php\/wp-json\/wp\/v2\/types\/post"}],"author":[{"embeddable":true,"href":"https:\/\/parafiaklimkowka.pl\/index.php\/wp-json\/wp\/v2\/users\/1"}],"replies":[{"embeddable":true,"href":"https:\/\/parafiaklimkowka.pl\/index.php\/wp-json\/wp\/v2\/comments?post=13967"}],"version-history":[{"count":1,"href":"https:\/\/parafiaklimkowka.pl\/index.php\/wp-json\/wp\/v2\/posts\/13967\/revisions"}],"predecessor-version":[{"id":13968,"href":"https:\/\/parafiaklimkowka.pl\/index.php\/wp-json\/wp\/v2\/posts\/13967\/revisions\/13968"}],"wp:attachment":[{"href":"https:\/\/parafiaklimkowka.pl\/index.php\/wp-json\/wp\/v2\/media?parent=13967"}],"wp:term":[{"taxonomy":"category","embeddable":true,"href":"https:\/\/parafiaklimkowka.pl\/index.php\/wp-json\/wp\/v2\/categories?post=13967"},{"taxonomy":"post_tag","embeddable":true,"href":"https:\/\/parafiaklimkowka.pl\/index.php\/wp-json\/wp\/v2\/tags?post=13967"}],"curies":[{"name":"wp","href":"https:\/\/api.w.org\/{rel}","templated":true}]}}