{"id":14709,"date":"2026-04-19T09:59:05","date_gmt":"2026-04-19T07:59:05","guid":{"rendered":"https:\/\/parafiaklimkowka.pl\/?p=14709"},"modified":"2026-04-24T17:52:23","modified_gmt":"2026-04-24T15:52:23","slug":"iii-niedziela-wielkanocy-5","status":"publish","type":"post","link":"https:\/\/parafiaklimkowka.pl\/index.php\/2026\/04\/19\/iii-niedziela-wielkanocy-5\/","title":{"rendered":"III\u00a0 Niedziela Wielkanocy\u00a0"},"content":{"rendered":"<ol>\n<li style=\"text-align: justify;\"><strong>Dzisiaj i przez ca\u0142y tydzie\u0144 chcemy pochyla\u0107 si\u0119 nad Pismem \u015awi\u0119tym. W Tygodniu Biblijnym <\/strong>zach\u0119cam przede wszystkim do osobistej lektury s\u0142owa Bo\u017cego, kt\u00f3re pomog\u0105 nam zg\u0142\u0119bi\u0107 prawd\u0119 o Bogu przemawiaj\u0105cym do swojego ludu w ksi\u0119gach Starego i Nowego Testamentu.<\/li>\n<li style=\"text-align: justify;\">Za tydzie\u0144, w Niedziel\u0119 Dobrego Pasterza, b\u0119dziemy modli\u0107 si\u0119 o nowe powo\u0142ania do s\u0142u\u017cby w Ko\u015bciele: kap\u0142a\u0144skie, zakonne i misyjne.<\/li>\n<li style=\"text-align: justify;\">W czwartek 23 kwietnia prze\u017cywa\u0107 b\u0119dziemy Uroczysto\u015b\u0107 \u015awi\u0119tego Wojciecha, biskupa i m\u0119czennika, Patrona Polski.<\/li>\n<li style=\"text-align: justify;\"><strong>Zapraszam wszystkich Parafian do naszego Ko\u015bci\u00f3\u0142ka, w sobot\u0119 25 kwietnia , na godzin\u0119 8.30 , w celu przygotowania Go do sezonu wakacyjnego i naszego odpustu w dniu 3 Maja. Zapraszam wszystkich mi\u0142o\u015bnik\u00f3w tego miejsca. Rad\u0119 parafialn\u0105 prosz\u0119 o wywiezienie i u\u0142o\u017cenie \u0142awek.<\/strong><\/li>\n<li>Przysz\u0142a niedziela jest ostatni\u0105 niedziel\u0105 miesi\u0105ca. Sk\u0142adka mszalna zbierana przez Rad\u0119 Parafialn\u0105, z przeznaczeniem na potrzeby Parafii i Ko\u015bcio\u0142a.<\/li>\n<\/ol>\n<hr>\n<p><strong>Ewangelia wed\u0142ug \u015awi\u0119tego \u0141ukasza:<\/strong><\/p>\n<p style=\"text-align: justify;\">W pierwszy dzie\u0144 tygodnia dwaj uczniowie Jezusa byli w drodze do wsi, zwanej Emaus, oddalonej o sze\u015b\u0107dziesi\u0105t stadi\u00f3w od Jeruzalem. Rozmawiali oni z sob\u0105 o tym wszystkim, co si\u0119 wydarzy\u0142o. Gdy tak rozmawiali i rozprawiali z sob\u0105, sam Jezus przybli\u017cy\u0142 si\u0119 i szed\u0142 z nimi. Lecz oczy ich by\u0142y jakby przes\u0142oni\u0119te, tak \u017ce Go nie poznali. On za\u015b ich zapyta\u0142: &#8222;C\u00f3\u017c to za rozmowy prowadzicie z sob\u0105 w drodze?&#8221; Zatrzymali si\u0119 smutni. A jeden z nich, imieniem Kleofas, odpowiedzia\u0142 Mu: &#8222;Ty jeste\u015b chyba jedynym z przebywaj\u0105cych w Jerozolimie, kt\u00f3ry nie wie, co si\u0119 tam w tych dniach sta\u0142o&#8221;. Zapyta\u0142 ich: &#8222;C\u00f3\u017c takiego?&#8221; Odpowiedzieli Mu: &#8222;To, co si\u0119 sta\u0142o z Jezusem Nazarejczykiem, kt\u00f3ry by\u0142 prorokiem pot\u0119\u017cnym w czynie i s\u0142owie wobec Boga i ca\u0142ego ludu; jak arcykap\u0142ani i nasi przyw\u00f3dcy wydali Go na \u015bmier\u0107 i ukrzy\u017cowali. A my spodziewali\u015bmy si\u0119, \u017ce On w\u0142a\u015bnie mia\u0142 wyzwoli\u0107 Izraela. Ale po tym wszystkim dzi\u015b ju\u017c trzeci dzie\u0144, jak si\u0119 to sta\u0142o. Nadto, jeszcze niekt\u00f3re z naszych kobiet przerazi\u0142y nas: by\u0142y rano u grobu, a nie znalaz\u0142szy Jego cia\u0142a, wr\u00f3ci\u0142y i opowiedzia\u0142y, \u017ce mia\u0142y widzenie anio\u0142\u00f3w, kt\u00f3rzy zapewniaj\u0105, i\u017c On \u017cyje. Poszli niekt\u00f3rzy z naszych do grobu i zastali wszystko tak, jak kobiety opowiada\u0142y, ale Jego nie widzieli&#8221;. Na to On rzek\u0142 do nich: &#8222;O, nierozumni, jak nieskore s\u0105 wasze serca do wierzenia we wszystko, co powiedzieli prorocy! Czy\u017c Mesjasz nie mia\u0142 tego cierpie\u0107, aby wej\u015b\u0107 do swej chwa\u0142y?&#8221; I zaczynaj\u0105c od Moj\u017cesza, poprzez wszystkich prorok\u00f3w, wyk\u0142ada\u0142 im, co we wszystkich Pismach odnosi\u0142o si\u0119 do Niego. Tak przybli\u017cyli si\u0119 do wsi, do kt\u00f3rej zd\u0105\u017cali, a On okazywa\u0142, jakby mia\u0142 i\u015b\u0107 dalej. Lecz przymusili Go, m\u00f3wi\u0105c: &#8222;Zosta\u0144 z nami, gdy\u017c ma si\u0119 ku wieczorowi i dzie\u0144 si\u0119 ju\u017c nachyli\u0142&#8221;. Wszed\u0142 wi\u0119c, aby zosta\u0107 wraz z nimi. Gdy zaj\u0105\u0142 z nimi miejsce u sto\u0142u, wzi\u0105\u0142 chleb, odm\u00f3wi\u0142 b\u0142ogos\u0142awie\u0144stwo, po\u0142ama\u0142 go i dawa\u0142 im. Wtedy otworzy\u0142y si\u0119 im oczy i poznali Go, lecz On znikn\u0105\u0142 im z oczu. I m\u00f3wili mi\u0119dzy sob\u0105: &#8222;Czy serce nie pa\u0142a\u0142o w nas, kiedy rozmawia\u0142 z nami w drodze i Pisma nam wyja\u015bnia\u0142?&#8221; W tej samej godzinie zabrali si\u0119 i wr\u00f3cili do Jeruzalem. Tam zastali zebranych Jedenastu, a z nimi innych, kt\u00f3rzy im oznajmili: \u00abPan rzeczywi\u015bcie zmartwychwsta\u0142 i ukaza\u0142 si\u0119 Szymonowi&#8221;. Oni r\u00f3wnie\u017c opowiadali, co ich spotka\u0142o w drodze i jak Go poznali przy \u0142amaniu chleba.<\/p>\n<p style=\"text-align: justify;\"><strong>Refleksja nad s\u0142owem Bo\u017cym<\/strong><\/p>\n<p style=\"text-align: justify;\">Czy zmartwychwsta\u0142y Pan Jezus nie wiedzia\u0142, o czym rozmawiali dwaj uciekaj\u0105cy z Jerozolimy uczniowie? Zapyta\u0142 ich o to, aby si\u0119 dowiedzie\u0107? B\u0119d\u0105c Bogiem zapewne nie pyta\u0142 o to ze wzgl\u0119du na Siebie. Wiedzia\u0142 jednak, jak bardzo im potrzebne jest to opowiedzenie komu\u015b potrafi\u0105cemu s\u0142ucha\u0107 o tym, co dzieje si\u0119 w ich sercach. Jezus s\u0142ucha\u0142 z uwag\u0105, dopytywa\u0142 o szczeg\u00f3\u0142y, dopiero na ko\u0144cu szczerze zdziwi\u0142 si\u0119, \u017ce znaj\u0105c Pisma prorok\u00f3w nie potrafi\u0105 uwierzy\u0107 w tre\u015bci tam zawarte, kt\u00f3re dotycz\u0105 Mesjasza. Nie zostawi\u0142 ich jednak z tym niezrozumieniem, ale \u201ezaczynaj\u0105c od Moj\u017cesza, poprzez wszystkich prorok\u00f3w, wyk\u0142ada\u0142 im, co we wszystkich Pismach odnosi\u0142o si\u0119 do Niego\u201d. Pomimo tych wyja\u015bnie\u0144 uczniowie nadal nie rozpoznali, \u017ce towarzyszem ich podr\u00f3\u017cy by\u0142 Jezus. Postawa: \u201eA my spodziewali\u015bmy si\u0119&#8230;\u201d, nie dopuszcza\u0142a do ich \u015bwiadomo\u015bci tego, co by\u0142o faktem. Patrz\u0105c, nie mogli zobaczy\u0107. T\u0142umili pojawiaj\u0105ce si\u0119 uczucia, dopiero p\u00f3\u017aniej przypomnieli sobie, \u017ce serca ich pa\u0142a\u0142y, gdy Pisma im wyja\u015bnia\u0142. Jednak scena \u0142amania chleba gwa\u0142townie zmieni\u0142a uczni\u00f3w. Ich oczy otworzy\u0142y si\u0119, a serca przesta\u0142y by\u0107 boja\u017aliwe. Nie bacz\u0105c na niebezpiecze\u0144stwa nocnej podr\u00f3\u017cy, postanowili natychmiast wr\u00f3ci\u0107 do Jerozolimy, do braci, do tych, kt\u00f3rym mogli opowiedzie\u0107 to, czego sami do\u015bwiadczyli.<\/p>\n<p style=\"text-align: justify;\">Takie spotkanie z Jezusem zmartwychwsta\u0142ym prze\u017cywamy na ka\u017cdej Eucharystii. On w Liturgii S\u0142owa \u201ewyja\u015bnia nam Pisma\u201d, a na o\u0142tarzu r\u0119kami kap\u0142ana \u0142amie dla nas chleb i daje ka\u017cdemu, kto szczerze pragnie Go przyj\u0105\u0107. Wychodzimy z tego spotkania odwa\u017cni, pragn\u0105cy swoim \u017cyciem opowiada\u0107 o Jego wielkiej mi\u0142o\u015bci do ka\u017cdego, bez wyj\u0105tku, cz\u0142owieka.<\/p>\n<hr>\n<h3 style=\"text-align: justify;\"><strong>Zapowiedzi przedma\u0142\u017ce\u0144skie<\/strong><\/h3>\n<hr>\n<h3><strong>Odes<\/strong><strong>zli do wieczno\u015bci<\/strong><\/h3>\n<p>Stanis\u0142aw Penar \u2013 urodzony 28.09,1951, zmar\u0142 16.04.2026r., zamieszka\u0142y Klimk\u00f3wka, ul. Zdrojowa 244.&nbsp;<\/p>\n<hr>\n<h3><strong style=\"color: revert; font-size: revert;\">Spotkania grup duszpasterskich<\/strong><\/h3>\n<hr>\n<h3><strong>Intencje modlitewne na kwiecie\u0144<\/strong><\/h3>\n<p><strong>Og\u00f3lna<\/strong><\/p>\n<p style=\"text-align: justify;\">Za kap\u0142an\u00f3w prze\u017cywaj\u0105cych kryzys w swoim powo\u0142aniu, aby znale\u017ali towarzyszenie duchowe, kt\u00f3rego potrzebuj\u0105 i aby wsp\u00f3lnoty wspiera\u0142y ich w duchu zrozumienia i modlitwy.<\/p>\n<p><strong>Diecezjalna<\/strong><\/p>\n<p>Aby wielu m\u0142odych z rado\u015bci\u0105, odwag\u0105 i pokojem serca odpowiedzia\u0142o na g\u0142os Bo\u017cego powo\u0142ania<\/p>\n","protected":false},"excerpt":{"rendered":"<p>Dzisiaj i przez ca\u0142y tydzie\u0144 chcemy pochyla\u0107 si\u0119 nad Pismem \u015awi\u0119tym. W Tygodniu Biblijnym zach\u0119cam przede wszystkim do osobistej lektury s\u0142owa Bo\u017cego, kt\u00f3re pomog\u0105 nam zg\u0142\u0119bi\u0107 prawd\u0119 o Bogu przemawiaj\u0105cym [&hellip;]<\/p>\n","protected":false},"author":1,"featured_media":0,"comment_status":"closed","ping_status":"open","sticky":false,"template":"","format":"standard","meta":{"ngg_post_thumbnail":0,"footnotes":""},"categories":[1,4],"tags":[],"yoast_head":"<!-- This site is optimized with the Yoast SEO plugin v23.2 - https:\/\/yoast.com\/wordpress\/plugins\/seo\/ -->\n<title>III\u00a0 Niedziela Wielkanocy\u00a0 - Parafia w Klimk\u00f3wce<\/title>\n<meta name=\"robots\" content=\"index, follow, max-snippet:-1, max-image-preview:large, max-video-preview:-1\" \/>\n<link rel=\"canonical\" href=\"https:\/\/parafiaklimkowka.pl\/index.php\/2026\/04\/19\/iii-niedziela-wielkanocy-5\/\" \/>\n<meta property=\"og:locale\" content=\"pl_PL\" \/>\n<meta property=\"og:type\" content=\"article\" \/>\n<meta property=\"og:title\" content=\"III\u00a0 Niedziela Wielkanocy\u00a0 - Parafia w Klimk\u00f3wce\" \/>\n<meta property=\"og:description\" content=\"Dzisiaj i przez ca\u0142y tydzie\u0144 chcemy pochyla\u0107 si\u0119 nad Pismem \u015awi\u0119tym. W Tygodniu Biblijnym zach\u0119cam przede wszystkim do osobistej lektury s\u0142owa Bo\u017cego, kt\u00f3re pomog\u0105 nam zg\u0142\u0119bi\u0107 prawd\u0119 o Bogu przemawiaj\u0105cym [&hellip;]\" \/>\n<meta property=\"og:url\" content=\"https:\/\/parafiaklimkowka.pl\/index.php\/2026\/04\/19\/iii-niedziela-wielkanocy-5\/\" \/>\n<meta property=\"og:site_name\" content=\"Parafia w Klimk\u00f3wce\" \/>\n<meta property=\"article:published_time\" content=\"2026-04-19T07:59:05+00:00\" \/>\n<meta property=\"article:modified_time\" content=\"2026-04-24T15:52:23+00:00\" \/>\n<meta name=\"author\" content=\"kadmins70\" \/>\n<meta name=\"twitter:card\" content=\"summary_large_image\" \/>\n<meta name=\"twitter:label1\" content=\"Napisane przez\" \/>\n\t<meta name=\"twitter:data1\" content=\"kadmins70\" \/>\n\t<meta name=\"twitter:label2\" content=\"Szacowany czas czytania\" \/>\n\t<meta name=\"twitter:data2\" content=\"5 minut\" \/>\n<script type=\"application\/ld+json\" class=\"yoast-schema-graph\">{\"@context\":\"https:\/\/schema.org\",\"@graph\":[{\"@type\":\"Article\",\"@id\":\"https:\/\/parafiaklimkowka.pl\/index.php\/2026\/04\/19\/iii-niedziela-wielkanocy-5\/#article\",\"isPartOf\":{\"@id\":\"https:\/\/parafiaklimkowka.pl\/index.php\/2026\/04\/19\/iii-niedziela-wielkanocy-5\/\"},\"author\":{\"name\":\"kadmins70\",\"@id\":\"https:\/\/parafiaklimkowka.pl\/#\/schema\/person\/8411339f73ed143172a1fc20b8c20562\"},\"headline\":\"III\u00a0 Niedziela Wielkanocy\u00a0\",\"datePublished\":\"2026-04-19T07:59:05+00:00\",\"dateModified\":\"2026-04-24T15:52:23+00:00\",\"mainEntityOfPage\":{\"@id\":\"https:\/\/parafiaklimkowka.pl\/index.php\/2026\/04\/19\/iii-niedziela-wielkanocy-5\/\"},\"wordCount\":1006,\"publisher\":{\"@id\":\"https:\/\/parafiaklimkowka.pl\/#organization\"},\"articleSection\":[\"Aktualno\u015bci\",\"Og\u0142oszenia duszpasterskie\"],\"inLanguage\":\"pl-PL\"},{\"@type\":\"WebPage\",\"@id\":\"https:\/\/parafiaklimkowka.pl\/index.php\/2026\/04\/19\/iii-niedziela-wielkanocy-5\/\",\"url\":\"https:\/\/parafiaklimkowka.pl\/index.php\/2026\/04\/19\/iii-niedziela-wielkanocy-5\/\",\"name\":\"III\u00a0 Niedziela Wielkanocy\u00a0 - Parafia w Klimk\u00f3wce\",\"isPartOf\":{\"@id\":\"https:\/\/parafiaklimkowka.pl\/#website\"},\"datePublished\":\"2026-04-19T07:59:05+00:00\",\"dateModified\":\"2026-04-24T15:52:23+00:00\",\"breadcrumb\":{\"@id\":\"https:\/\/parafiaklimkowka.pl\/index.php\/2026\/04\/19\/iii-niedziela-wielkanocy-5\/#breadcrumb\"},\"inLanguage\":\"pl-PL\",\"potentialAction\":[{\"@type\":\"ReadAction\",\"target\":[\"https:\/\/parafiaklimkowka.pl\/index.php\/2026\/04\/19\/iii-niedziela-wielkanocy-5\/\"]}]},{\"@type\":\"BreadcrumbList\",\"@id\":\"https:\/\/parafiaklimkowka.pl\/index.php\/2026\/04\/19\/iii-niedziela-wielkanocy-5\/#breadcrumb\",\"itemListElement\":[{\"@type\":\"ListItem\",\"position\":1,\"name\":\"Strona g\u0142\u00f3wna\",\"item\":\"https:\/\/parafiaklimkowka.pl\/\"},{\"@type\":\"ListItem\",\"position\":2,\"name\":\"III\u00a0 Niedziela Wielkanocy\u00a0\"}]},{\"@type\":\"WebSite\",\"@id\":\"https:\/\/parafiaklimkowka.pl\/#website\",\"url\":\"https:\/\/parafiaklimkowka.pl\/\",\"name\":\"Parafia w Klimk\u00f3wce\",\"description\":\"pw. \u015aw. Micha\u0142a Archanio\u0142a\",\"publisher\":{\"@id\":\"https:\/\/parafiaklimkowka.pl\/#organization\"},\"potentialAction\":[{\"@type\":\"SearchAction\",\"target\":{\"@type\":\"EntryPoint\",\"urlTemplate\":\"https:\/\/parafiaklimkowka.pl\/?s={search_term_string}\"},\"query-input\":\"required name=search_term_string\"}],\"inLanguage\":\"pl-PL\"},{\"@type\":\"Organization\",\"@id\":\"https:\/\/parafiaklimkowka.pl\/#organization\",\"name\":\"Parafia p.w. \u015bw. Micha\u0142a Archanio\u0142a w Klimk\u00f3wce\",\"url\":\"https:\/\/parafiaklimkowka.pl\/\",\"logo\":{\"@type\":\"ImageObject\",\"inLanguage\":\"pl-PL\",\"@id\":\"https:\/\/parafiaklimkowka.pl\/#\/schema\/logo\/image\/\",\"url\":\"http:\/\/parafiaklimkowka.pl\/wp-content\/uploads\/2019\/10\/anio\u01428_jpeg.jpg\",\"contentUrl\":\"http:\/\/parafiaklimkowka.pl\/wp-content\/uploads\/2019\/10\/anio\u01428_jpeg.jpg\",\"width\":658,\"height\":483,\"caption\":\"Parafia p.w. \u015bw. Micha\u0142a Archanio\u0142a w Klimk\u00f3wce\"},\"image\":{\"@id\":\"https:\/\/parafiaklimkowka.pl\/#\/schema\/logo\/image\/\"}},{\"@type\":\"Person\",\"@id\":\"https:\/\/parafiaklimkowka.pl\/#\/schema\/person\/8411339f73ed143172a1fc20b8c20562\",\"name\":\"kadmins70\",\"image\":{\"@type\":\"ImageObject\",\"inLanguage\":\"pl-PL\",\"@id\":\"https:\/\/parafiaklimkowka.pl\/#\/schema\/person\/image\/\",\"url\":\"https:\/\/secure.gravatar.com\/avatar\/2f1a9b134b0f743459e06c66845f8cf1?s=96&d=mm&r=g\",\"contentUrl\":\"https:\/\/secure.gravatar.com\/avatar\/2f1a9b134b0f743459e06c66845f8cf1?s=96&d=mm&r=g\",\"caption\":\"kadmins70\"}}]}<\/script>\n<!-- \/ Yoast SEO plugin. -->","yoast_head_json":{"title":"III\u00a0 Niedziela Wielkanocy\u00a0 - Parafia w Klimk\u00f3wce","robots":{"index":"index","follow":"follow","max-snippet":"max-snippet:-1","max-image-preview":"max-image-preview:large","max-video-preview":"max-video-preview:-1"},"canonical":"https:\/\/parafiaklimkowka.pl\/index.php\/2026\/04\/19\/iii-niedziela-wielkanocy-5\/","og_locale":"pl_PL","og_type":"article","og_title":"III\u00a0 Niedziela Wielkanocy\u00a0 - Parafia w Klimk\u00f3wce","og_description":"Dzisiaj i przez ca\u0142y tydzie\u0144 chcemy pochyla\u0107 si\u0119 nad Pismem \u015awi\u0119tym. W Tygodniu Biblijnym zach\u0119cam przede wszystkim do osobistej lektury s\u0142owa Bo\u017cego, kt\u00f3re pomog\u0105 nam zg\u0142\u0119bi\u0107 prawd\u0119 o Bogu przemawiaj\u0105cym [&hellip;]","og_url":"https:\/\/parafiaklimkowka.pl\/index.php\/2026\/04\/19\/iii-niedziela-wielkanocy-5\/","og_site_name":"Parafia w Klimk\u00f3wce","article_published_time":"2026-04-19T07:59:05+00:00","article_modified_time":"2026-04-24T15:52:23+00:00","author":"kadmins70","twitter_card":"summary_large_image","twitter_misc":{"Napisane przez":"kadmins70","Szacowany czas czytania":"5 minut"},"schema":{"@context":"https:\/\/schema.org","@graph":[{"@type":"Article","@id":"https:\/\/parafiaklimkowka.pl\/index.php\/2026\/04\/19\/iii-niedziela-wielkanocy-5\/#article","isPartOf":{"@id":"https:\/\/parafiaklimkowka.pl\/index.php\/2026\/04\/19\/iii-niedziela-wielkanocy-5\/"},"author":{"name":"kadmins70","@id":"https:\/\/parafiaklimkowka.pl\/#\/schema\/person\/8411339f73ed143172a1fc20b8c20562"},"headline":"III\u00a0 Niedziela Wielkanocy\u00a0","datePublished":"2026-04-19T07:59:05+00:00","dateModified":"2026-04-24T15:52:23+00:00","mainEntityOfPage":{"@id":"https:\/\/parafiaklimkowka.pl\/index.php\/2026\/04\/19\/iii-niedziela-wielkanocy-5\/"},"wordCount":1006,"publisher":{"@id":"https:\/\/parafiaklimkowka.pl\/#organization"},"articleSection":["Aktualno\u015bci","Og\u0142oszenia duszpasterskie"],"inLanguage":"pl-PL"},{"@type":"WebPage","@id":"https:\/\/parafiaklimkowka.pl\/index.php\/2026\/04\/19\/iii-niedziela-wielkanocy-5\/","url":"https:\/\/parafiaklimkowka.pl\/index.php\/2026\/04\/19\/iii-niedziela-wielkanocy-5\/","name":"III\u00a0 Niedziela Wielkanocy\u00a0 - Parafia w Klimk\u00f3wce","isPartOf":{"@id":"https:\/\/parafiaklimkowka.pl\/#website"},"datePublished":"2026-04-19T07:59:05+00:00","dateModified":"2026-04-24T15:52:23+00:00","breadcrumb":{"@id":"https:\/\/parafiaklimkowka.pl\/index.php\/2026\/04\/19\/iii-niedziela-wielkanocy-5\/#breadcrumb"},"inLanguage":"pl-PL","potentialAction":[{"@type":"ReadAction","target":["https:\/\/parafiaklimkowka.pl\/index.php\/2026\/04\/19\/iii-niedziela-wielkanocy-5\/"]}]},{"@type":"BreadcrumbList","@id":"https:\/\/parafiaklimkowka.pl\/index.php\/2026\/04\/19\/iii-niedziela-wielkanocy-5\/#breadcrumb","itemListElement":[{"@type":"ListItem","position":1,"name":"Strona g\u0142\u00f3wna","item":"https:\/\/parafiaklimkowka.pl\/"},{"@type":"ListItem","position":2,"name":"III\u00a0 Niedziela Wielkanocy\u00a0"}]},{"@type":"WebSite","@id":"https:\/\/parafiaklimkowka.pl\/#website","url":"https:\/\/parafiaklimkowka.pl\/","name":"Parafia w Klimk\u00f3wce","description":"pw. \u015aw. Micha\u0142a Archanio\u0142a","publisher":{"@id":"https:\/\/parafiaklimkowka.pl\/#organization"},"potentialAction":[{"@type":"SearchAction","target":{"@type":"EntryPoint","urlTemplate":"https:\/\/parafiaklimkowka.pl\/?s={search_term_string}"},"query-input":"required name=search_term_string"}],"inLanguage":"pl-PL"},{"@type":"Organization","@id":"https:\/\/parafiaklimkowka.pl\/#organization","name":"Parafia p.w. \u015bw. Micha\u0142a Archanio\u0142a w Klimk\u00f3wce","url":"https:\/\/parafiaklimkowka.pl\/","logo":{"@type":"ImageObject","inLanguage":"pl-PL","@id":"https:\/\/parafiaklimkowka.pl\/#\/schema\/logo\/image\/","url":"http:\/\/parafiaklimkowka.pl\/wp-content\/uploads\/2019\/10\/anio\u01428_jpeg.jpg","contentUrl":"http:\/\/parafiaklimkowka.pl\/wp-content\/uploads\/2019\/10\/anio\u01428_jpeg.jpg","width":658,"height":483,"caption":"Parafia p.w. \u015bw. Micha\u0142a Archanio\u0142a w Klimk\u00f3wce"},"image":{"@id":"https:\/\/parafiaklimkowka.pl\/#\/schema\/logo\/image\/"}},{"@type":"Person","@id":"https:\/\/parafiaklimkowka.pl\/#\/schema\/person\/8411339f73ed143172a1fc20b8c20562","name":"kadmins70","image":{"@type":"ImageObject","inLanguage":"pl-PL","@id":"https:\/\/parafiaklimkowka.pl\/#\/schema\/person\/image\/","url":"https:\/\/secure.gravatar.com\/avatar\/2f1a9b134b0f743459e06c66845f8cf1?s=96&d=mm&r=g","contentUrl":"https:\/\/secure.gravatar.com\/avatar\/2f1a9b134b0f743459e06c66845f8cf1?s=96&d=mm&r=g","caption":"kadmins70"}}]}},"_links":{"self":[{"href":"https:\/\/parafiaklimkowka.pl\/index.php\/wp-json\/wp\/v2\/posts\/14709"}],"collection":[{"href":"https:\/\/parafiaklimkowka.pl\/index.php\/wp-json\/wp\/v2\/posts"}],"about":[{"href":"https:\/\/parafiaklimkowka.pl\/index.php\/wp-json\/wp\/v2\/types\/post"}],"author":[{"embeddable":true,"href":"https:\/\/parafiaklimkowka.pl\/index.php\/wp-json\/wp\/v2\/users\/1"}],"replies":[{"embeddable":true,"href":"https:\/\/parafiaklimkowka.pl\/index.php\/wp-json\/wp\/v2\/comments?post=14709"}],"version-history":[{"count":1,"href":"https:\/\/parafiaklimkowka.pl\/index.php\/wp-json\/wp\/v2\/posts\/14709\/revisions"}],"predecessor-version":[{"id":14710,"href":"https:\/\/parafiaklimkowka.pl\/index.php\/wp-json\/wp\/v2\/posts\/14709\/revisions\/14710"}],"wp:attachment":[{"href":"https:\/\/parafiaklimkowka.pl\/index.php\/wp-json\/wp\/v2\/media?parent=14709"}],"wp:term":[{"taxonomy":"category","embeddable":true,"href":"https:\/\/parafiaklimkowka.pl\/index.php\/wp-json\/wp\/v2\/categories?post=14709"},{"taxonomy":"post_tag","embeddable":true,"href":"https:\/\/parafiaklimkowka.pl\/index.php\/wp-json\/wp\/v2\/tags?post=14709"}],"curies":[{"name":"wp","href":"https:\/\/api.w.org\/{rel}","templated":true}]}}