{"id":14719,"date":"2026-04-24T19:51:36","date_gmt":"2026-04-24T17:51:36","guid":{"rendered":"https:\/\/parafiaklimkowka.pl\/?p=14719"},"modified":"2026-04-24T21:04:55","modified_gmt":"2026-04-24T19:04:55","slug":"iv-niedziela-wielkanocy-6","status":"publish","type":"post","link":"https:\/\/parafiaklimkowka.pl\/index.php\/2026\/04\/24\/iv-niedziela-wielkanocy-6\/","title":{"rendered":"IV\u00a0 Niedziela Wielkanocy\u00a0"},"content":{"rendered":"<ol>\n<li style=\"text-align: justify;\">Dzisiaj rozpoczynamy tydzie\u0144 modlitw o powo\u0142ania do s\u0142u\u017cby w Ko\u015bciele. Codziennie b\u0119dziemy prosi\u0107 o nowych kap\u0142an\u00f3w, misjonarzy, osoby konsekrowane. B\u0119dziemy modli\u0107 si\u0119, aby wezwani przez Pana \u017cniwa ochotnym sercem przyj\u0119li powo\u0142anie, a tak\u017ce, aby rodziny wspiera\u0142y tych, kt\u00f3rych Pan sobie wybra\u0142. Niech b\u0142ogos\u0142awie\u0144stwo nowych powo\u0142a\u0144 spocznie r\u00f3wnie\u017c na naszej wsp\u00f3lnocie parafialnej.<\/li>\n<li style=\"text-align: justify;\"><strong>W tym tygodniu, w pi\u0105tek rozpoczynamy miesi\u0105c maj, po\u015bwi\u0119cony Matce Bo\u017cej. Zapraszam na nabo\u017ce\u0144stwa majowe. W naszym Ko\u015bciele maj\u00f3wka o godzinie 17.30, bezpo\u015brednio po niej Msza \u015awi\u0119ta. W \u015brody nabo\u017ce\u0144stwo maryjne \u0142\u0105czone z Nowenn\u0105 do Matki Bo\u017cej Nieustaj\u0105cej Pomocy.<\/strong><\/li>\n<li style=\"text-align: justify;\"><strong>W sobot\u0119 2 maja Uroczysto\u015b\u0107 Naj\u015bwi\u0119tszej Marii Panny Kr\u00f3lowej Polski, przeniesiona z 3 maja. Niedziele wielkanocny znosz\u0105 wszelkie \u015awi\u0119ta i uroczysto\u015bci, dlatego w sobot\u0119 b\u0119dziemy czcili Maryj\u0119 Patronk\u0119 naszej Ojczyzny. Zapraszam na Msze \u015awi\u0119te o godzinie 7.30, 9.15 i 11.00.<\/strong><\/li>\n<li style=\"text-align: justify;\"><strong>W przysz\u0142\u0105 Niedziel\u0119, Dzie\u0144 Odpustu w Ko\u015bci\u00f3\u0142ku. Msza \u015awi\u0119ta odpustowa w Ko\u015bci\u00f3\u0142ku o godzinie 11.00. W tym dniu tak\u017ce Msze \u015awi\u0119te w Ko\u015bciele parafialnym o godzinie 7.30 i 9.15.<\/strong><\/li>\n<li style=\"text-align: justify;\"><strong style=\"font-size: revert; color: initial;\">W tym tygodniu pierwszy pi\u0105tek, sobota i niedziela miesi\u0105ca:<br \/>\n<\/strong><strong>&#8211; spowied\u017a \u015bwi\u0119ta przez ca\u0142y tydzie\u0144 p\u00f3\u0142 godziny przed Msz\u0105 \u015awi\u0119t\u0105, w czwartek spowied\u017a dzieci od godziny 17.15 do 18.00, a w pi\u0105tek od godziny 16.45 do 17.30 doros\u0142ych. Zg\u0142oszonych chorym pierwszo pi\u0105tkowych odwiedz\u0119 w pi\u0105tek, od godziny 7.30.<br \/>\n<\/strong><strong>&#8211; w pierwsz\u0105 sobot\u0119 miesi\u0105ca \u2013 Uroczysto\u015b\u0107 Matki Bo\u017cej Kr\u00f3lowej Polski. R\u00f3\u017caniec i odmawiana Litania przed Msz\u0105 o godzinie 9.15, prowadzony przez Akcj\u0119 Katolick\u0105.<br \/>\n<\/strong><strong>&#8211; w sobot\u0119 po Mszy o godzinie 9.15 zmiana tajemnic r\u00f3\u017ca\u0144cowych.<\/strong><\/li>\n<li style=\"text-align: justify;\"><strong>Od przysz\u0142ej niedzieli 3 maja, Msze \u015awi\u0119te niedzielne w Ko\u015bci\u00f3\u0142ku o godzinie 11.00. Nie b\u0119dzie wtedy Mszy o 11.00 w Ko\u015bciele parafialnym. Pozostaj\u0105 Msze w Ko\u015bciele parafialnym o godz. 7.30, 9.15 i Msza Niedzielna Sobotnia o godzinie 18.00.<br \/>\nW sobot\u0119 2 maja, z racji Uroczysto\u015bci i odpustu \u2013 nie b\u0119dzie Mszy sobotniej niedzielnej o godzinie 18.00.<br \/>\n<\/strong><strong><br \/>\nOd \u015brody 6 maja rozpoczynamy tak\u017ce Msz\u0119 \u015awi\u0119te w Ko\u015bci\u00f3\u0142ku w dni powszednie:<br \/>\n<\/strong><strong><br \/>\nW \u015brody wystawienie Naj\u015bwi\u0119tszego Sakramentu o godzinie 9.15, adoracja do godziny 9.45 i bezpo\u015brednio po zako\u0144czonej adoracji Msza \u015awi\u0119ta, oko\u0142o godziny 9.55.<\/strong>&nbsp;<strong><strong>W pi\u0105tki wystawienie Naj\u015bwi\u0119tszego Sakramentu o godzinie 9.15, adoracja do godziny 9.45 i nabo\u017ce\u0144stwo do Bo\u017cego Mi\u0142osierdzia (Koronka). Bezpo\u015brednio po zako\u0144czonym nabo\u017ce\u0144stwie Msza \u015awi\u0119ta, oko\u0142o godziny 9.55.<\/strong><\/strong>&nbsp;<\/p>\n<p><strong style=\"font-size: revert; color: initial;\">Ponadto Ko\u015bci\u00f3\u0142ek b\u0119dzie otwierany zawsze rano, ka\u017cdego dnia&nbsp; i b\u0119dzie mo\u017cliwo\u015b\u0107 modlitwy indywidualnej dla wszystkich ch\u0119tnych.<\/strong><\/li>\n<\/ol>\n<p style=\"text-align: justify;\">7. Sk\u0142adka mszalna z dzisiejszej niedzieli, zbierana przez Rad\u0119 Parafialn\u0105 z przeznaczeniem na potrzeby Parafii i Ko\u015bcio\u0142a.<\/p>\n<h2><strong><u>UWAGA !!!<\/u><\/strong><\/h2>\n<p><strong><u>W NIEDZIEL\u0118 18 MAJA I 25 MAJA , OBCHODZI\u0106 B\u0118DZIEMY W NASZEJ PARAFII UROCZYSTO\u015a\u0106 I KOMUNII \u015aWI\u0118TEJ ORAZ ROCZNIC\u0118 PIERWSZEJ KOMUNII \u015aWI\u0118TEJ. W TE DWIE NIEDZIELE NIE B\u0118DZIE MSZY W KO\u015aCI\u00d3\u0141KU O GODZINIE 11.00.<\/u><\/strong><\/p>\n<hr>\n<p><strong style=\"color: initial; font-size: revert;\">Ewangelia wed\u0142ug \u015awi\u0119tego Jana<\/strong><\/p>\n<p style=\"text-align: justify;\">Jezus powiedzia\u0142: &#8222;Zaprawd\u0119, zaprawd\u0119 powiadam wam: Kto nie wchodzi do owczarni przez bram\u0119, ale wdziera si\u0119 inn\u0105 drog\u0105, ten jest z\u0142odziejem i rozb\u00f3jnikiem. Kto jednak wchodzi przez bram\u0119, jest pasterzem owiec. Temu otwiera od\u017awierny, a owce s\u0142uchaj\u0105 jego g\u0142osu; wo\u0142a on swoje owce po imieniu i wyprowadza je. A kiedy wszystkie wyprowadzi, staje na ich czele, a owce post\u0119puj\u0105 za nim, poniewa\u017c g\u0142os jego znaj\u0105. Natomiast za obcym nie p\u00f3jd\u0105, lecz b\u0119d\u0105 ucieka\u0107 od niego, bo nie znaj\u0105 g\u0142osu obcych&#8221;. T\u0119 przypowie\u015b\u0107 opowiedzia\u0142 im Jezus, lecz oni nie poj\u0119li znaczenia tego, co im m\u00f3wi\u0142. Powt\u00f3rnie wi\u0119c powiedzia\u0142 do nich Jezus: &#8222;Zaprawd\u0119, zaprawd\u0119 powiadam wam: Ja jestem bram\u0105 owiec. Wszyscy, kt\u00f3rzy przyszli przede Mn\u0105, s\u0105 z\u0142odziejami i rozb\u00f3jnikami, a nie pos\u0142ucha\u0142y ich, owce. Ja jestem bram\u0105. Je\u017celi kto\u015b wejdzie przeze Mnie, b\u0119dzie zbawiony \u2013 wejdzie i wyjdzie, i znajdzie pasz\u0119. Z\u0142odziej przychodzi tylko po to, aby kra\u015b\u0107, zabija\u0107 i niszczy\u0107. Ja przyszed\u0142em po to, aby owce mia\u0142y \u017cycie i mia\u0142y je w obfito\u015bci&#8221;.<\/p>\n<p style=\"text-align: justify;\"><strong>Refleksja nad s\u0142owem Bo\u017cym<\/strong><\/p>\n<p style=\"text-align: justify;\">Na tym \u015bwiecie jest wiele g\u0142os\u00f3w, kt\u00f3re czyni\u0105 zgie\u0142k, jednak wyostrzona mi\u0142o\u015bci\u0105, wierno\u015bci\u0105, modlitw\u0105 percepcja duszy dostrzega co\u015b, co r\u00f3\u017cni si\u0119 od wszystkiego wok\u00f3\u0142 \u2013 rozpoznaje g\u0142os Pasterza. Od ci\u0105g\u0142ego nas\u0142uchiwania Jego g\u0142osu powstaje spokojna pewno\u015b\u0107, zdolno\u015b\u0107 rozpoznawania bez trudno\u015bci, co pochodzi od Niego. Pasterz za\u015b ma g\u0142\u0119boko osobisty stosunek do owiec \u2013 wo\u0142a je po imieniu! Sam cz\u0142owiek nie zna swojego imienia (siebie), dop\u00f3ki Chrystus go nie wezwie. To wezwanie p\u0142ynie do najtajniejszych g\u0142\u0119bin duszy. Zawo\u0142any w ten spos\u00f3b cz\u0142owiek staje si\u0119 naprawd\u0119 sob\u0105 i zna siebie. Zadaniem owieczki jest us\u0142ysze\u0107 i rozpozna\u0107 ten g\u0142os, kt\u00f3ry wzywa po imieniu, przyj\u0105\u0107 ten intymny stosunek z Nim, pozwoli\u0107 wyprowadzi\u0107 si\u0119 na wolno\u015b\u0107, a potem wpatruj\u0105c si\u0119 w Pasterza wiernie i\u015b\u0107 za Nim.<\/p>\n<hr>\n<h3 style=\"text-align: justify;\"><strong>Zapowiedzi przedma\u0142\u017ce\u0144skie<\/strong><\/h3>\n<hr>\n<h3><strong>Odes<\/strong><strong>zli do wieczno\u015bci<\/strong>&nbsp;<\/h3>\n<p>Zofia Agata Lenik \u2013 urodzona 15.01.1943, zmar\u0142a 20.04.2026r., zamieszka\u0142a Klimk\u00f3wka, ul. Osiedlowa 105.<\/p>\n<p>Jan Kukla \u2013 urodzony 31.03.1932, zmar\u0142 21.04.2026r., zamieszka\u0142y Klimk\u00f3wka, ul. Zdrojowa 65.&nbsp;&nbsp;<\/p>\n<hr>\n<h3><strong style=\"color: revert; font-size: revert;\">Spotkania grup duszpasterskich<\/strong><\/h3>\n<hr>\n<h3><strong>Intencje modlitewne na kwiecie\u0144<\/strong><\/h3>\n<p><strong>Og\u00f3lna<\/strong><\/p>\n<p style=\"text-align: justify;\">Za kap\u0142an\u00f3w prze\u017cywaj\u0105cych kryzys w swoim powo\u0142aniu, aby znale\u017ali towarzyszenie duchowe, kt\u00f3rego potrzebuj\u0105 i aby wsp\u00f3lnoty wspiera\u0142y ich w duchu zrozumienia i modlitwy.<\/p>\n<p><strong>Diecezjalna<\/strong><\/p>\n<p>Aby wielu m\u0142odych z rado\u015bci\u0105, odwag\u0105 i pokojem serca odpowiedzia\u0142o na g\u0142os Bo\u017cego powo\u0142ania<\/p>\n<h3><strong>Intencje modlitewne na maj<\/strong><\/h3>\n<p><strong>Og\u00f3lna<\/strong><\/p>\n<p style=\"text-align: justify;\">Aby wszyscy &#8211; od du\u017cych producent\u00f3w po drobnych konsument\u00f3w &#8211; unikali marnowania \u017cywno\u015bci i d\u0105\u017cyli do zapewnienia ka\u017cdemu dost\u0119pu do po\u017cywienia dobrej jako\u015bci.<\/p>\n<p><strong>Diecezjalna<\/strong><\/p>\n<p>Aby kap\u0142ani i diakoni naszej archidiecezji ofiarnie s\u0142u\u017cyli ludowi Bo\u017cemu i trwali w wierno\u015bci swojemu powo\u0142aniu.<\/p>\n","protected":false},"excerpt":{"rendered":"<p>Dzisiaj rozpoczynamy tydzie\u0144 modlitw o powo\u0142ania do s\u0142u\u017cby w Ko\u015bciele. Codziennie b\u0119dziemy prosi\u0107 o nowych kap\u0142an\u00f3w, misjonarzy, osoby konsekrowane. B\u0119dziemy modli\u0107 si\u0119, aby wezwani przez Pana \u017cniwa ochotnym sercem przyj\u0119li [&hellip;]<\/p>\n","protected":false},"author":1,"featured_media":0,"comment_status":"closed","ping_status":"open","sticky":false,"template":"","format":"standard","meta":{"ngg_post_thumbnail":0,"footnotes":""},"categories":[1,4],"tags":[],"yoast_head":"<!-- This site is optimized with the Yoast SEO plugin v23.2 - https:\/\/yoast.com\/wordpress\/plugins\/seo\/ -->\n<title>IV\u00a0 Niedziela Wielkanocy\u00a0 - Parafia w Klimk\u00f3wce<\/title>\n<meta name=\"robots\" content=\"index, follow, max-snippet:-1, max-image-preview:large, max-video-preview:-1\" \/>\n<link rel=\"canonical\" href=\"https:\/\/parafiaklimkowka.pl\/index.php\/2026\/04\/24\/iv-niedziela-wielkanocy-6\/\" \/>\n<meta property=\"og:locale\" content=\"pl_PL\" \/>\n<meta property=\"og:type\" content=\"article\" \/>\n<meta property=\"og:title\" content=\"IV\u00a0 Niedziela Wielkanocy\u00a0 - Parafia w Klimk\u00f3wce\" \/>\n<meta property=\"og:description\" content=\"Dzisiaj rozpoczynamy tydzie\u0144 modlitw o powo\u0142ania do s\u0142u\u017cby w Ko\u015bciele. Codziennie b\u0119dziemy prosi\u0107 o nowych kap\u0142an\u00f3w, misjonarzy, osoby konsekrowane. B\u0119dziemy modli\u0107 si\u0119, aby wezwani przez Pana \u017cniwa ochotnym sercem przyj\u0119li [&hellip;]\" \/>\n<meta property=\"og:url\" content=\"https:\/\/parafiaklimkowka.pl\/index.php\/2026\/04\/24\/iv-niedziela-wielkanocy-6\/\" \/>\n<meta property=\"og:site_name\" content=\"Parafia w Klimk\u00f3wce\" \/>\n<meta property=\"article:published_time\" content=\"2026-04-24T17:51:36+00:00\" \/>\n<meta property=\"article:modified_time\" content=\"2026-04-24T19:04:55+00:00\" \/>\n<meta name=\"author\" content=\"kadmins70\" \/>\n<meta name=\"twitter:card\" content=\"summary_large_image\" \/>\n<meta name=\"twitter:label1\" content=\"Napisane przez\" \/>\n\t<meta name=\"twitter:data1\" content=\"kadmins70\" \/>\n\t<meta name=\"twitter:label2\" content=\"Szacowany czas czytania\" \/>\n\t<meta name=\"twitter:data2\" content=\"5 minut\" \/>\n<script type=\"application\/ld+json\" class=\"yoast-schema-graph\">{\"@context\":\"https:\/\/schema.org\",\"@graph\":[{\"@type\":\"Article\",\"@id\":\"https:\/\/parafiaklimkowka.pl\/index.php\/2026\/04\/24\/iv-niedziela-wielkanocy-6\/#article\",\"isPartOf\":{\"@id\":\"https:\/\/parafiaklimkowka.pl\/index.php\/2026\/04\/24\/iv-niedziela-wielkanocy-6\/\"},\"author\":{\"name\":\"kadmins70\",\"@id\":\"https:\/\/parafiaklimkowka.pl\/#\/schema\/person\/8411339f73ed143172a1fc20b8c20562\"},\"headline\":\"IV\u00a0 Niedziela Wielkanocy\u00a0\",\"datePublished\":\"2026-04-24T17:51:36+00:00\",\"dateModified\":\"2026-04-24T19:04:55+00:00\",\"mainEntityOfPage\":{\"@id\":\"https:\/\/parafiaklimkowka.pl\/index.php\/2026\/04\/24\/iv-niedziela-wielkanocy-6\/\"},\"wordCount\":1014,\"publisher\":{\"@id\":\"https:\/\/parafiaklimkowka.pl\/#organization\"},\"articleSection\":[\"Aktualno\u015bci\",\"Og\u0142oszenia duszpasterskie\"],\"inLanguage\":\"pl-PL\"},{\"@type\":\"WebPage\",\"@id\":\"https:\/\/parafiaklimkowka.pl\/index.php\/2026\/04\/24\/iv-niedziela-wielkanocy-6\/\",\"url\":\"https:\/\/parafiaklimkowka.pl\/index.php\/2026\/04\/24\/iv-niedziela-wielkanocy-6\/\",\"name\":\"IV\u00a0 Niedziela Wielkanocy\u00a0 - Parafia w Klimk\u00f3wce\",\"isPartOf\":{\"@id\":\"https:\/\/parafiaklimkowka.pl\/#website\"},\"datePublished\":\"2026-04-24T17:51:36+00:00\",\"dateModified\":\"2026-04-24T19:04:55+00:00\",\"breadcrumb\":{\"@id\":\"https:\/\/parafiaklimkowka.pl\/index.php\/2026\/04\/24\/iv-niedziela-wielkanocy-6\/#breadcrumb\"},\"inLanguage\":\"pl-PL\",\"potentialAction\":[{\"@type\":\"ReadAction\",\"target\":[\"https:\/\/parafiaklimkowka.pl\/index.php\/2026\/04\/24\/iv-niedziela-wielkanocy-6\/\"]}]},{\"@type\":\"BreadcrumbList\",\"@id\":\"https:\/\/parafiaklimkowka.pl\/index.php\/2026\/04\/24\/iv-niedziela-wielkanocy-6\/#breadcrumb\",\"itemListElement\":[{\"@type\":\"ListItem\",\"position\":1,\"name\":\"Strona g\u0142\u00f3wna\",\"item\":\"https:\/\/parafiaklimkowka.pl\/\"},{\"@type\":\"ListItem\",\"position\":2,\"name\":\"IV\u00a0 Niedziela Wielkanocy\u00a0\"}]},{\"@type\":\"WebSite\",\"@id\":\"https:\/\/parafiaklimkowka.pl\/#website\",\"url\":\"https:\/\/parafiaklimkowka.pl\/\",\"name\":\"Parafia w Klimk\u00f3wce\",\"description\":\"pw. \u015aw. Micha\u0142a Archanio\u0142a\",\"publisher\":{\"@id\":\"https:\/\/parafiaklimkowka.pl\/#organization\"},\"potentialAction\":[{\"@type\":\"SearchAction\",\"target\":{\"@type\":\"EntryPoint\",\"urlTemplate\":\"https:\/\/parafiaklimkowka.pl\/?s={search_term_string}\"},\"query-input\":\"required name=search_term_string\"}],\"inLanguage\":\"pl-PL\"},{\"@type\":\"Organization\",\"@id\":\"https:\/\/parafiaklimkowka.pl\/#organization\",\"name\":\"Parafia p.w. \u015bw. Micha\u0142a Archanio\u0142a w Klimk\u00f3wce\",\"url\":\"https:\/\/parafiaklimkowka.pl\/\",\"logo\":{\"@type\":\"ImageObject\",\"inLanguage\":\"pl-PL\",\"@id\":\"https:\/\/parafiaklimkowka.pl\/#\/schema\/logo\/image\/\",\"url\":\"http:\/\/parafiaklimkowka.pl\/wp-content\/uploads\/2019\/10\/anio\u01428_jpeg.jpg\",\"contentUrl\":\"http:\/\/parafiaklimkowka.pl\/wp-content\/uploads\/2019\/10\/anio\u01428_jpeg.jpg\",\"width\":658,\"height\":483,\"caption\":\"Parafia p.w. \u015bw. Micha\u0142a Archanio\u0142a w Klimk\u00f3wce\"},\"image\":{\"@id\":\"https:\/\/parafiaklimkowka.pl\/#\/schema\/logo\/image\/\"}},{\"@type\":\"Person\",\"@id\":\"https:\/\/parafiaklimkowka.pl\/#\/schema\/person\/8411339f73ed143172a1fc20b8c20562\",\"name\":\"kadmins70\",\"image\":{\"@type\":\"ImageObject\",\"inLanguage\":\"pl-PL\",\"@id\":\"https:\/\/parafiaklimkowka.pl\/#\/schema\/person\/image\/\",\"url\":\"https:\/\/secure.gravatar.com\/avatar\/2f1a9b134b0f743459e06c66845f8cf1?s=96&d=mm&r=g\",\"contentUrl\":\"https:\/\/secure.gravatar.com\/avatar\/2f1a9b134b0f743459e06c66845f8cf1?s=96&d=mm&r=g\",\"caption\":\"kadmins70\"}}]}<\/script>\n<!-- \/ Yoast SEO plugin. -->","yoast_head_json":{"title":"IV\u00a0 Niedziela Wielkanocy\u00a0 - Parafia w Klimk\u00f3wce","robots":{"index":"index","follow":"follow","max-snippet":"max-snippet:-1","max-image-preview":"max-image-preview:large","max-video-preview":"max-video-preview:-1"},"canonical":"https:\/\/parafiaklimkowka.pl\/index.php\/2026\/04\/24\/iv-niedziela-wielkanocy-6\/","og_locale":"pl_PL","og_type":"article","og_title":"IV\u00a0 Niedziela Wielkanocy\u00a0 - Parafia w Klimk\u00f3wce","og_description":"Dzisiaj rozpoczynamy tydzie\u0144 modlitw o powo\u0142ania do s\u0142u\u017cby w Ko\u015bciele. Codziennie b\u0119dziemy prosi\u0107 o nowych kap\u0142an\u00f3w, misjonarzy, osoby konsekrowane. B\u0119dziemy modli\u0107 si\u0119, aby wezwani przez Pana \u017cniwa ochotnym sercem przyj\u0119li [&hellip;]","og_url":"https:\/\/parafiaklimkowka.pl\/index.php\/2026\/04\/24\/iv-niedziela-wielkanocy-6\/","og_site_name":"Parafia w Klimk\u00f3wce","article_published_time":"2026-04-24T17:51:36+00:00","article_modified_time":"2026-04-24T19:04:55+00:00","author":"kadmins70","twitter_card":"summary_large_image","twitter_misc":{"Napisane przez":"kadmins70","Szacowany czas czytania":"5 minut"},"schema":{"@context":"https:\/\/schema.org","@graph":[{"@type":"Article","@id":"https:\/\/parafiaklimkowka.pl\/index.php\/2026\/04\/24\/iv-niedziela-wielkanocy-6\/#article","isPartOf":{"@id":"https:\/\/parafiaklimkowka.pl\/index.php\/2026\/04\/24\/iv-niedziela-wielkanocy-6\/"},"author":{"name":"kadmins70","@id":"https:\/\/parafiaklimkowka.pl\/#\/schema\/person\/8411339f73ed143172a1fc20b8c20562"},"headline":"IV\u00a0 Niedziela Wielkanocy\u00a0","datePublished":"2026-04-24T17:51:36+00:00","dateModified":"2026-04-24T19:04:55+00:00","mainEntityOfPage":{"@id":"https:\/\/parafiaklimkowka.pl\/index.php\/2026\/04\/24\/iv-niedziela-wielkanocy-6\/"},"wordCount":1014,"publisher":{"@id":"https:\/\/parafiaklimkowka.pl\/#organization"},"articleSection":["Aktualno\u015bci","Og\u0142oszenia duszpasterskie"],"inLanguage":"pl-PL"},{"@type":"WebPage","@id":"https:\/\/parafiaklimkowka.pl\/index.php\/2026\/04\/24\/iv-niedziela-wielkanocy-6\/","url":"https:\/\/parafiaklimkowka.pl\/index.php\/2026\/04\/24\/iv-niedziela-wielkanocy-6\/","name":"IV\u00a0 Niedziela Wielkanocy\u00a0 - Parafia w Klimk\u00f3wce","isPartOf":{"@id":"https:\/\/parafiaklimkowka.pl\/#website"},"datePublished":"2026-04-24T17:51:36+00:00","dateModified":"2026-04-24T19:04:55+00:00","breadcrumb":{"@id":"https:\/\/parafiaklimkowka.pl\/index.php\/2026\/04\/24\/iv-niedziela-wielkanocy-6\/#breadcrumb"},"inLanguage":"pl-PL","potentialAction":[{"@type":"ReadAction","target":["https:\/\/parafiaklimkowka.pl\/index.php\/2026\/04\/24\/iv-niedziela-wielkanocy-6\/"]}]},{"@type":"BreadcrumbList","@id":"https:\/\/parafiaklimkowka.pl\/index.php\/2026\/04\/24\/iv-niedziela-wielkanocy-6\/#breadcrumb","itemListElement":[{"@type":"ListItem","position":1,"name":"Strona g\u0142\u00f3wna","item":"https:\/\/parafiaklimkowka.pl\/"},{"@type":"ListItem","position":2,"name":"IV\u00a0 Niedziela Wielkanocy\u00a0"}]},{"@type":"WebSite","@id":"https:\/\/parafiaklimkowka.pl\/#website","url":"https:\/\/parafiaklimkowka.pl\/","name":"Parafia w Klimk\u00f3wce","description":"pw. \u015aw. Micha\u0142a Archanio\u0142a","publisher":{"@id":"https:\/\/parafiaklimkowka.pl\/#organization"},"potentialAction":[{"@type":"SearchAction","target":{"@type":"EntryPoint","urlTemplate":"https:\/\/parafiaklimkowka.pl\/?s={search_term_string}"},"query-input":"required name=search_term_string"}],"inLanguage":"pl-PL"},{"@type":"Organization","@id":"https:\/\/parafiaklimkowka.pl\/#organization","name":"Parafia p.w. \u015bw. Micha\u0142a Archanio\u0142a w Klimk\u00f3wce","url":"https:\/\/parafiaklimkowka.pl\/","logo":{"@type":"ImageObject","inLanguage":"pl-PL","@id":"https:\/\/parafiaklimkowka.pl\/#\/schema\/logo\/image\/","url":"http:\/\/parafiaklimkowka.pl\/wp-content\/uploads\/2019\/10\/anio\u01428_jpeg.jpg","contentUrl":"http:\/\/parafiaklimkowka.pl\/wp-content\/uploads\/2019\/10\/anio\u01428_jpeg.jpg","width":658,"height":483,"caption":"Parafia p.w. \u015bw. Micha\u0142a Archanio\u0142a w Klimk\u00f3wce"},"image":{"@id":"https:\/\/parafiaklimkowka.pl\/#\/schema\/logo\/image\/"}},{"@type":"Person","@id":"https:\/\/parafiaklimkowka.pl\/#\/schema\/person\/8411339f73ed143172a1fc20b8c20562","name":"kadmins70","image":{"@type":"ImageObject","inLanguage":"pl-PL","@id":"https:\/\/parafiaklimkowka.pl\/#\/schema\/person\/image\/","url":"https:\/\/secure.gravatar.com\/avatar\/2f1a9b134b0f743459e06c66845f8cf1?s=96&d=mm&r=g","contentUrl":"https:\/\/secure.gravatar.com\/avatar\/2f1a9b134b0f743459e06c66845f8cf1?s=96&d=mm&r=g","caption":"kadmins70"}}]}},"_links":{"self":[{"href":"https:\/\/parafiaklimkowka.pl\/index.php\/wp-json\/wp\/v2\/posts\/14719"}],"collection":[{"href":"https:\/\/parafiaklimkowka.pl\/index.php\/wp-json\/wp\/v2\/posts"}],"about":[{"href":"https:\/\/parafiaklimkowka.pl\/index.php\/wp-json\/wp\/v2\/types\/post"}],"author":[{"embeddable":true,"href":"https:\/\/parafiaklimkowka.pl\/index.php\/wp-json\/wp\/v2\/users\/1"}],"replies":[{"embeddable":true,"href":"https:\/\/parafiaklimkowka.pl\/index.php\/wp-json\/wp\/v2\/comments?post=14719"}],"version-history":[{"count":6,"href":"https:\/\/parafiaklimkowka.pl\/index.php\/wp-json\/wp\/v2\/posts\/14719\/revisions"}],"predecessor-version":[{"id":14740,"href":"https:\/\/parafiaklimkowka.pl\/index.php\/wp-json\/wp\/v2\/posts\/14719\/revisions\/14740"}],"wp:attachment":[{"href":"https:\/\/parafiaklimkowka.pl\/index.php\/wp-json\/wp\/v2\/media?parent=14719"}],"wp:term":[{"taxonomy":"category","embeddable":true,"href":"https:\/\/parafiaklimkowka.pl\/index.php\/wp-json\/wp\/v2\/categories?post=14719"},{"taxonomy":"post_tag","embeddable":true,"href":"https:\/\/parafiaklimkowka.pl\/index.php\/wp-json\/wp\/v2\/tags?post=14719"}],"curies":[{"name":"wp","href":"https:\/\/api.w.org\/{rel}","templated":true}]}}