{"id":14742,"date":"2026-05-01T14:12:47","date_gmt":"2026-05-01T12:12:47","guid":{"rendered":"https:\/\/parafiaklimkowka.pl\/?p=14742"},"modified":"2026-05-01T14:12:48","modified_gmt":"2026-05-01T12:12:48","slug":"v-niedziela-wielkanocy-6","status":"publish","type":"post","link":"https:\/\/parafiaklimkowka.pl\/index.php\/2026\/05\/01\/v-niedziela-wielkanocy-6\/","title":{"rendered":"V\u00a0 Niedziela Wielkanocy\u00a0"},"content":{"rendered":"<ol>\n<li style=\"text-align: justify;\">Dzi\u015b pi\u0105ta niedziela Wielkanocy. Gromadzimy si\u0119 na Eucharystii, kt\u00f3ra jest darem niesko\u0144czonej mi\u0142o\u015bci Pana Boga. Mo\u017cemy ten wielkanocny sakrament przyj\u0105\u0107 i pozwoli\u0107, aby przemienia\u0142 nas wewn\u0119trznie, czyni\u0142 coraz bardziej podobnymi do Chrystusa. Wszyscy jeste\u015bmy zaproszeni, aby ju\u017c tu, na ziemi, zacz\u0105\u0107 wchodzi\u0107 w \u015bwi\u0119t\u0105 rzeczywisto\u015b\u0107 nieba. Najdoskonalsz\u0105 nauczycielk\u0105 na tej drodze jest dla nas Maryja \u2013 Ta, kt\u00f3ra wypowiedziawszy przy zwiastowaniu fiat, nigdy go nie cofn\u0119\u0142a, nigdy nie odst\u0105pi\u0142a od Bo\u017cego Syna, sz\u0142a z Nim a\u017c na Kalwari\u0119, trwa\u0142a w komunii za\u0142o\u017conej przez Niego wsp\u00f3lnoty \u2013 Ko\u015bcio\u0142a.<\/li>\n<li style=\"text-align: justify;\"><strong>Dzi\u015b dzie\u0144 Odpustu w Ko\u015bci\u00f3\u0142ku. Uroczysta suma odpustowa o godzinie 11.00. W tym dniu Msze w Ko\u015bciele parafialnym o godzinie 7.30 i 9.15.<\/strong><\/li>\n<li style=\"text-align: justify;\">W tym tygodniu rozpoczynamy odprawianie Mszy \u015awi\u0119tych w Ko\u015bci\u00f3\u0142ku:- w \u015brod\u0119 wystawienie Naj\u015bwi\u0119tszego Sakramentu o godzinie 9.20, adoracja w ciszy i Litania do Krzy\u017ca \u015awi\u0119tego, a nast\u0119pnie Msza oko\u0142o&nbsp; godziny 9.55.\n<p>&#8211; w pi\u0105tek wystawienie Naj\u015bwi\u0119tszego Sakramentu o godzinie 9.20, adoracja w ciszy, Nowenna do Bo\u017cego Mi\u0142osierdzia i Msza \u015awi\u0119ta oko\u0142o godziny 9.55.<\/p>\n<p>&#8211; w niedziel\u0119 Msza \u015awi\u0119ta w Ko\u015bci\u00f3\u0142ku o godzinie 11.00. Nie b\u0119dzie wtedy Mszy o 11.00 w Ko\u015bciele parafialnym. Msze w Ko\u015bciele g\u0142\u00f3wnym pozostaj\u0105 7.30, 9.15 i Msza w sobot\u0119 o godzinie 18.00 \u2013 Msza niedzielna.<\/li>\n<li style=\"text-align: justify;\"><strong>Przez te kolejne majowe dni razem z Maryj\u0105 trwamy na modlitwie podczas nabo\u017ce\u0144stwa majowego, kt\u00f3re celebrujemy w naszym ko\u015bciele o godzinie 17.30. Bezpo\u015brednio po nabo\u017ce\u0144stwie Msza \u015awi\u0119ta.<\/strong><\/li>\n<li style=\"text-align: justify;\">W \u015brod\u0119 8 maja Uroczysto\u015b\u0107 \u015awi\u0119tego Stanis\u0142awa, biskupa i m\u0119czennika, Patrona Polski. Jest to zarazem dzie\u0144 imienin naszego Ksi\u0119dza Biskupa Stanis\u0142awa Jamrozka. Osob\u0119 solenizanta otoczmy nasz\u0105 modlitw\u0105. Z racji Uroczysto\u015bci w pi\u0105tek nie obowi\u0105zuje wstrzemi\u0119\u017aliwo\u015b\u0107 od pokarm\u00f3w mi\u0119snych. W tym dniu tak\u017ce odpust w Parafii Ryman\u00f3w Zdr\u00f3j.<\/li>\n<li><strong><strong>Sk\u0142adka mszalna z dzisiejszej niedzieli przeznaczona jest na potrzeby naszej Archidiecezji.<\/strong><\/strong><\/li>\n<li>W tym tygodniu pr\u00f3by dzieci klas III przed Uroczysto\u015bci\u0105 Pierwszej Komunii \u015awi\u0119tej:<br \/>\n&#8211; w \u015brod\u0119 i pi\u0105tek po nabo\u017ce\u0144stwie majowym i Mszy \u015awi\u0119tej.<strong><br \/>\n<\/strong><\/li>\n<\/ol>\n<hr>\n<p><strong style=\"color: initial; font-size: revert;\">Ewangelia wed\u0142ug \u015awi\u0119tego Jana<\/strong><\/p>\n<p style=\"text-align: justify;\">Jezus powiedzia\u0142 do swoich uczni\u00f3w: &#8222;Niech si\u0119 nie trwo\u017cy serce wasze. Wierzycie w Boga? I we Mnie wierzcie. W domu Ojca mego jest mieszka\u0144 wiele. Gdyby tak nie by\u0142o, to bym wam powiedzia\u0142. Id\u0119 przecie\u017c przygotowa\u0107 wam miejsce. A gdy odejd\u0119 i przygotuj\u0119 wam miejsce, przyjd\u0119 powt\u00f3rnie i zabior\u0119 was do siebie, aby\u015bcie i wy byli tam, gdzie Ja jestem. Znacie drog\u0119, dok\u0105d Ja id\u0119&#8221;. Odezwa\u0142 si\u0119 do Niego Tomasz: &#8222;Panie, nie wiemy, dok\u0105d idziesz. Jak wi\u0119c mo\u017cemy zna\u0107 drog\u0119?&#8221; Odpowiedzia\u0142 mu Jezus: &#8222;Ja jestem drog\u0105 i prawd\u0105, i \u017cyciem. Nikt nie przychodzi do Ojca inaczej, jak tylko przeze Mnie. Gdyby\u015bcie Mnie poznali, znaliby\u015bcie i mojego Ojca. Ale teraz ju\u017c Go znacie i zobaczyli\u015bcie&#8221;. Rzek\u0142 do Niego Filip: &#8222;Panie, poka\u017c nam Ojca, a to nam wystarczy&#8221;. Odpowiedzia\u0142 mu Jezus: &#8222;Filipie, tak d\u0142ugo jestem z wami, a jeszcze Mnie nie pozna\u0142e\u015b? Kto Mnie zobaczy\u0142, zobaczy\u0142 tak\u017ce i Ojca. Dlaczego wi\u0119c m\u00f3wisz: Poka\u017c nam Ojca? Czy nie wierzysz, \u017ce Ja jestem w Ojcu, a Ojciec we Mnie? S\u0142\u00f3w tych, kt\u00f3re wam m\u00f3wi\u0119, nie wypowiadam od siebie. Ojciec, kt\u00f3ry trwa we Mnie, On sam dokonuje tych dzie\u0142. Wierzcie Mi, \u017ce Ja jestem w Ojcu, a Ojciec we Mnie. Je\u017celi za\u015b nie, wierzcie przynajmniej ze wzgl\u0119du na same dzie\u0142a. Zaprawd\u0119, zaprawd\u0119 powiadam wam: Kto we Mnie wierzy, b\u0119dzie tak\u017ce dokonywa\u0142 tych dzie\u0142, kt\u00f3rych Ja dokonuj\u0119, owszem i wi\u0119ksze od tych uczyni, bo Ja id\u0119 do Ojca&#8221;.<\/p>\n<p style=\"text-align: justify;\"><strong>Refleksja nad s\u0142owem Bo\u017cym<\/strong><\/p>\n<p style=\"text-align: justify;\">&#8230; Wierzcie Mi, \u017ce Ja jestem w Ojcu, a Ojciec we Mnie! Nie bez powodu wi\u0119c wczytujemy i ws\u0142uchujemy si\u0119 w ten dziwny dialog dopiero w okresie wielkanocnym, oczekuj\u0105c na dope\u0142nienie misterium paschalnego przez Wniebowst\u0105pienie i Pi\u0119\u0107dziesi\u0105tnic\u0119: uczniowie bez pomocy Ducha \u015awi\u0119tego nie s\u0105 w stanie wnikn\u0105\u0107 w rzeczywisto\u015b\u0107 Tr\u00f3jcy przekazywan\u0105 przez s\u0142owa Jezusa \u2013 dlatego wik\u0142aj\u0105 si\u0119 w rozumowania, kt\u00f3re nie przynosz\u0105 sensownych konkluzji; dopiero o\u015bwiecenie umys\u0142u przez Ducha \u015awi\u0119tego pozwala im przejrze\u0107.<\/p>\n<hr>\n<h3 style=\"text-align: justify;\"><strong>Zapowiedzi przedma\u0142\u017ce\u0144skie<\/strong><\/h3>\n<hr>\n<h3><strong>Odes<\/strong><strong>zli do wieczno\u015bci<\/strong><\/h3>\n<hr>\n<h3><strong style=\"color: revert; font-size: revert;\">Spotkania grup duszpasterskich<\/strong><\/h3>\n<hr>\n<h3><strong>Intencje modlitewne na maj<\/strong><\/h3>\n<p><strong>Og\u00f3lna<\/strong><\/p>\n<p style=\"text-align: justify;\">Aby wszyscy &#8211; od du\u017cych producent\u00f3w po drobnych konsument\u00f3w &#8211; unikali marnowania \u017cywno\u015bci i d\u0105\u017cyli do zapewnienia ka\u017cdemu dost\u0119pu do po\u017cywienia dobrej jako\u015bci.<\/p>\n<p><strong>Diecezjalna<\/strong><\/p>\n<p style=\"text-align: justify;\">Aby kap\u0142ani i diakoni naszej archidiecezji ofiarnie s\u0142u\u017cyli ludowi Bo\u017cemu i trwali w wierno\u015bci swojemu powo\u0142aniu.<\/p>\n<p><strong>Papieska<\/strong><\/p>\n<p>Aby wszyscy mieli dost\u0119p do po\u017cywienia<\/p>\n","protected":false},"excerpt":{"rendered":"<p>Dzi\u015b pi\u0105ta niedziela Wielkanocy. Gromadzimy si\u0119 na Eucharystii, kt\u00f3ra jest darem niesko\u0144czonej mi\u0142o\u015bci Pana Boga. Mo\u017cemy ten wielkanocny sakrament przyj\u0105\u0107 i pozwoli\u0107, aby przemienia\u0142 nas wewn\u0119trznie, czyni\u0142 coraz bardziej podobnymi [&hellip;]<\/p>\n","protected":false},"author":1,"featured_media":0,"comment_status":"closed","ping_status":"open","sticky":false,"template":"","format":"standard","meta":{"ngg_post_thumbnail":0,"footnotes":""},"categories":[1,4],"tags":[],"yoast_head":"<!-- This site is optimized with the Yoast SEO plugin v23.2 - https:\/\/yoast.com\/wordpress\/plugins\/seo\/ -->\n<title>V\u00a0 Niedziela Wielkanocy\u00a0 - Parafia w Klimk\u00f3wce<\/title>\n<meta name=\"robots\" content=\"index, follow, max-snippet:-1, max-image-preview:large, max-video-preview:-1\" \/>\n<link rel=\"canonical\" href=\"https:\/\/parafiaklimkowka.pl\/index.php\/2026\/05\/01\/v-niedziela-wielkanocy-6\/\" \/>\n<meta property=\"og:locale\" content=\"pl_PL\" \/>\n<meta property=\"og:type\" content=\"article\" \/>\n<meta property=\"og:title\" content=\"V\u00a0 Niedziela Wielkanocy\u00a0 - Parafia w Klimk\u00f3wce\" \/>\n<meta property=\"og:description\" content=\"Dzi\u015b pi\u0105ta niedziela Wielkanocy. Gromadzimy si\u0119 na Eucharystii, kt\u00f3ra jest darem niesko\u0144czonej mi\u0142o\u015bci Pana Boga. Mo\u017cemy ten wielkanocny sakrament przyj\u0105\u0107 i pozwoli\u0107, aby przemienia\u0142 nas wewn\u0119trznie, czyni\u0142 coraz bardziej podobnymi [&hellip;]\" \/>\n<meta property=\"og:url\" content=\"https:\/\/parafiaklimkowka.pl\/index.php\/2026\/05\/01\/v-niedziela-wielkanocy-6\/\" \/>\n<meta property=\"og:site_name\" content=\"Parafia w Klimk\u00f3wce\" \/>\n<meta property=\"article:published_time\" content=\"2026-05-01T12:12:47+00:00\" \/>\n<meta property=\"article:modified_time\" content=\"2026-05-01T12:12:48+00:00\" \/>\n<meta name=\"author\" content=\"kadmins70\" \/>\n<meta name=\"twitter:card\" content=\"summary_large_image\" \/>\n<meta name=\"twitter:label1\" content=\"Napisane przez\" \/>\n\t<meta name=\"twitter:data1\" content=\"kadmins70\" \/>\n\t<meta name=\"twitter:label2\" content=\"Szacowany czas czytania\" \/>\n\t<meta name=\"twitter:data2\" content=\"5 minut\" \/>\n<script type=\"application\/ld+json\" class=\"yoast-schema-graph\">{\"@context\":\"https:\/\/schema.org\",\"@graph\":[{\"@type\":\"Article\",\"@id\":\"https:\/\/parafiaklimkowka.pl\/index.php\/2026\/05\/01\/v-niedziela-wielkanocy-6\/#article\",\"isPartOf\":{\"@id\":\"https:\/\/parafiaklimkowka.pl\/index.php\/2026\/05\/01\/v-niedziela-wielkanocy-6\/\"},\"author\":{\"name\":\"kadmins70\",\"@id\":\"https:\/\/parafiaklimkowka.pl\/#\/schema\/person\/8411339f73ed143172a1fc20b8c20562\"},\"headline\":\"V\u00a0 Niedziela Wielkanocy\u00a0\",\"datePublished\":\"2026-05-01T12:12:47+00:00\",\"dateModified\":\"2026-05-01T12:12:48+00:00\",\"mainEntityOfPage\":{\"@id\":\"https:\/\/parafiaklimkowka.pl\/index.php\/2026\/05\/01\/v-niedziela-wielkanocy-6\/\"},\"wordCount\":813,\"publisher\":{\"@id\":\"https:\/\/parafiaklimkowka.pl\/#organization\"},\"articleSection\":[\"Aktualno\u015bci\",\"Og\u0142oszenia duszpasterskie\"],\"inLanguage\":\"pl-PL\"},{\"@type\":\"WebPage\",\"@id\":\"https:\/\/parafiaklimkowka.pl\/index.php\/2026\/05\/01\/v-niedziela-wielkanocy-6\/\",\"url\":\"https:\/\/parafiaklimkowka.pl\/index.php\/2026\/05\/01\/v-niedziela-wielkanocy-6\/\",\"name\":\"V\u00a0 Niedziela Wielkanocy\u00a0 - Parafia w Klimk\u00f3wce\",\"isPartOf\":{\"@id\":\"https:\/\/parafiaklimkowka.pl\/#website\"},\"datePublished\":\"2026-05-01T12:12:47+00:00\",\"dateModified\":\"2026-05-01T12:12:48+00:00\",\"breadcrumb\":{\"@id\":\"https:\/\/parafiaklimkowka.pl\/index.php\/2026\/05\/01\/v-niedziela-wielkanocy-6\/#breadcrumb\"},\"inLanguage\":\"pl-PL\",\"potentialAction\":[{\"@type\":\"ReadAction\",\"target\":[\"https:\/\/parafiaklimkowka.pl\/index.php\/2026\/05\/01\/v-niedziela-wielkanocy-6\/\"]}]},{\"@type\":\"BreadcrumbList\",\"@id\":\"https:\/\/parafiaklimkowka.pl\/index.php\/2026\/05\/01\/v-niedziela-wielkanocy-6\/#breadcrumb\",\"itemListElement\":[{\"@type\":\"ListItem\",\"position\":1,\"name\":\"Strona g\u0142\u00f3wna\",\"item\":\"https:\/\/parafiaklimkowka.pl\/\"},{\"@type\":\"ListItem\",\"position\":2,\"name\":\"V\u00a0 Niedziela Wielkanocy\u00a0\"}]},{\"@type\":\"WebSite\",\"@id\":\"https:\/\/parafiaklimkowka.pl\/#website\",\"url\":\"https:\/\/parafiaklimkowka.pl\/\",\"name\":\"Parafia w Klimk\u00f3wce\",\"description\":\"pw. \u015aw. Micha\u0142a Archanio\u0142a\",\"publisher\":{\"@id\":\"https:\/\/parafiaklimkowka.pl\/#organization\"},\"potentialAction\":[{\"@type\":\"SearchAction\",\"target\":{\"@type\":\"EntryPoint\",\"urlTemplate\":\"https:\/\/parafiaklimkowka.pl\/?s={search_term_string}\"},\"query-input\":\"required name=search_term_string\"}],\"inLanguage\":\"pl-PL\"},{\"@type\":\"Organization\",\"@id\":\"https:\/\/parafiaklimkowka.pl\/#organization\",\"name\":\"Parafia p.w. \u015bw. Micha\u0142a Archanio\u0142a w Klimk\u00f3wce\",\"url\":\"https:\/\/parafiaklimkowka.pl\/\",\"logo\":{\"@type\":\"ImageObject\",\"inLanguage\":\"pl-PL\",\"@id\":\"https:\/\/parafiaklimkowka.pl\/#\/schema\/logo\/image\/\",\"url\":\"http:\/\/parafiaklimkowka.pl\/wp-content\/uploads\/2019\/10\/anio\u01428_jpeg.jpg\",\"contentUrl\":\"http:\/\/parafiaklimkowka.pl\/wp-content\/uploads\/2019\/10\/anio\u01428_jpeg.jpg\",\"width\":658,\"height\":483,\"caption\":\"Parafia p.w. \u015bw. Micha\u0142a Archanio\u0142a w Klimk\u00f3wce\"},\"image\":{\"@id\":\"https:\/\/parafiaklimkowka.pl\/#\/schema\/logo\/image\/\"}},{\"@type\":\"Person\",\"@id\":\"https:\/\/parafiaklimkowka.pl\/#\/schema\/person\/8411339f73ed143172a1fc20b8c20562\",\"name\":\"kadmins70\",\"image\":{\"@type\":\"ImageObject\",\"inLanguage\":\"pl-PL\",\"@id\":\"https:\/\/parafiaklimkowka.pl\/#\/schema\/person\/image\/\",\"url\":\"https:\/\/secure.gravatar.com\/avatar\/2f1a9b134b0f743459e06c66845f8cf1?s=96&d=mm&r=g\",\"contentUrl\":\"https:\/\/secure.gravatar.com\/avatar\/2f1a9b134b0f743459e06c66845f8cf1?s=96&d=mm&r=g\",\"caption\":\"kadmins70\"}}]}<\/script>\n<!-- \/ Yoast SEO plugin. -->","yoast_head_json":{"title":"V\u00a0 Niedziela Wielkanocy\u00a0 - Parafia w Klimk\u00f3wce","robots":{"index":"index","follow":"follow","max-snippet":"max-snippet:-1","max-image-preview":"max-image-preview:large","max-video-preview":"max-video-preview:-1"},"canonical":"https:\/\/parafiaklimkowka.pl\/index.php\/2026\/05\/01\/v-niedziela-wielkanocy-6\/","og_locale":"pl_PL","og_type":"article","og_title":"V\u00a0 Niedziela Wielkanocy\u00a0 - Parafia w Klimk\u00f3wce","og_description":"Dzi\u015b pi\u0105ta niedziela Wielkanocy. Gromadzimy si\u0119 na Eucharystii, kt\u00f3ra jest darem niesko\u0144czonej mi\u0142o\u015bci Pana Boga. Mo\u017cemy ten wielkanocny sakrament przyj\u0105\u0107 i pozwoli\u0107, aby przemienia\u0142 nas wewn\u0119trznie, czyni\u0142 coraz bardziej podobnymi [&hellip;]","og_url":"https:\/\/parafiaklimkowka.pl\/index.php\/2026\/05\/01\/v-niedziela-wielkanocy-6\/","og_site_name":"Parafia w Klimk\u00f3wce","article_published_time":"2026-05-01T12:12:47+00:00","article_modified_time":"2026-05-01T12:12:48+00:00","author":"kadmins70","twitter_card":"summary_large_image","twitter_misc":{"Napisane przez":"kadmins70","Szacowany czas czytania":"5 minut"},"schema":{"@context":"https:\/\/schema.org","@graph":[{"@type":"Article","@id":"https:\/\/parafiaklimkowka.pl\/index.php\/2026\/05\/01\/v-niedziela-wielkanocy-6\/#article","isPartOf":{"@id":"https:\/\/parafiaklimkowka.pl\/index.php\/2026\/05\/01\/v-niedziela-wielkanocy-6\/"},"author":{"name":"kadmins70","@id":"https:\/\/parafiaklimkowka.pl\/#\/schema\/person\/8411339f73ed143172a1fc20b8c20562"},"headline":"V\u00a0 Niedziela Wielkanocy\u00a0","datePublished":"2026-05-01T12:12:47+00:00","dateModified":"2026-05-01T12:12:48+00:00","mainEntityOfPage":{"@id":"https:\/\/parafiaklimkowka.pl\/index.php\/2026\/05\/01\/v-niedziela-wielkanocy-6\/"},"wordCount":813,"publisher":{"@id":"https:\/\/parafiaklimkowka.pl\/#organization"},"articleSection":["Aktualno\u015bci","Og\u0142oszenia duszpasterskie"],"inLanguage":"pl-PL"},{"@type":"WebPage","@id":"https:\/\/parafiaklimkowka.pl\/index.php\/2026\/05\/01\/v-niedziela-wielkanocy-6\/","url":"https:\/\/parafiaklimkowka.pl\/index.php\/2026\/05\/01\/v-niedziela-wielkanocy-6\/","name":"V\u00a0 Niedziela Wielkanocy\u00a0 - Parafia w Klimk\u00f3wce","isPartOf":{"@id":"https:\/\/parafiaklimkowka.pl\/#website"},"datePublished":"2026-05-01T12:12:47+00:00","dateModified":"2026-05-01T12:12:48+00:00","breadcrumb":{"@id":"https:\/\/parafiaklimkowka.pl\/index.php\/2026\/05\/01\/v-niedziela-wielkanocy-6\/#breadcrumb"},"inLanguage":"pl-PL","potentialAction":[{"@type":"ReadAction","target":["https:\/\/parafiaklimkowka.pl\/index.php\/2026\/05\/01\/v-niedziela-wielkanocy-6\/"]}]},{"@type":"BreadcrumbList","@id":"https:\/\/parafiaklimkowka.pl\/index.php\/2026\/05\/01\/v-niedziela-wielkanocy-6\/#breadcrumb","itemListElement":[{"@type":"ListItem","position":1,"name":"Strona g\u0142\u00f3wna","item":"https:\/\/parafiaklimkowka.pl\/"},{"@type":"ListItem","position":2,"name":"V\u00a0 Niedziela Wielkanocy\u00a0"}]},{"@type":"WebSite","@id":"https:\/\/parafiaklimkowka.pl\/#website","url":"https:\/\/parafiaklimkowka.pl\/","name":"Parafia w Klimk\u00f3wce","description":"pw. \u015aw. Micha\u0142a Archanio\u0142a","publisher":{"@id":"https:\/\/parafiaklimkowka.pl\/#organization"},"potentialAction":[{"@type":"SearchAction","target":{"@type":"EntryPoint","urlTemplate":"https:\/\/parafiaklimkowka.pl\/?s={search_term_string}"},"query-input":"required name=search_term_string"}],"inLanguage":"pl-PL"},{"@type":"Organization","@id":"https:\/\/parafiaklimkowka.pl\/#organization","name":"Parafia p.w. \u015bw. Micha\u0142a Archanio\u0142a w Klimk\u00f3wce","url":"https:\/\/parafiaklimkowka.pl\/","logo":{"@type":"ImageObject","inLanguage":"pl-PL","@id":"https:\/\/parafiaklimkowka.pl\/#\/schema\/logo\/image\/","url":"http:\/\/parafiaklimkowka.pl\/wp-content\/uploads\/2019\/10\/anio\u01428_jpeg.jpg","contentUrl":"http:\/\/parafiaklimkowka.pl\/wp-content\/uploads\/2019\/10\/anio\u01428_jpeg.jpg","width":658,"height":483,"caption":"Parafia p.w. \u015bw. Micha\u0142a Archanio\u0142a w Klimk\u00f3wce"},"image":{"@id":"https:\/\/parafiaklimkowka.pl\/#\/schema\/logo\/image\/"}},{"@type":"Person","@id":"https:\/\/parafiaklimkowka.pl\/#\/schema\/person\/8411339f73ed143172a1fc20b8c20562","name":"kadmins70","image":{"@type":"ImageObject","inLanguage":"pl-PL","@id":"https:\/\/parafiaklimkowka.pl\/#\/schema\/person\/image\/","url":"https:\/\/secure.gravatar.com\/avatar\/2f1a9b134b0f743459e06c66845f8cf1?s=96&d=mm&r=g","contentUrl":"https:\/\/secure.gravatar.com\/avatar\/2f1a9b134b0f743459e06c66845f8cf1?s=96&d=mm&r=g","caption":"kadmins70"}}]}},"_links":{"self":[{"href":"https:\/\/parafiaklimkowka.pl\/index.php\/wp-json\/wp\/v2\/posts\/14742"}],"collection":[{"href":"https:\/\/parafiaklimkowka.pl\/index.php\/wp-json\/wp\/v2\/posts"}],"about":[{"href":"https:\/\/parafiaklimkowka.pl\/index.php\/wp-json\/wp\/v2\/types\/post"}],"author":[{"embeddable":true,"href":"https:\/\/parafiaklimkowka.pl\/index.php\/wp-json\/wp\/v2\/users\/1"}],"replies":[{"embeddable":true,"href":"https:\/\/parafiaklimkowka.pl\/index.php\/wp-json\/wp\/v2\/comments?post=14742"}],"version-history":[{"count":2,"href":"https:\/\/parafiaklimkowka.pl\/index.php\/wp-json\/wp\/v2\/posts\/14742\/revisions"}],"predecessor-version":[{"id":14750,"href":"https:\/\/parafiaklimkowka.pl\/index.php\/wp-json\/wp\/v2\/posts\/14742\/revisions\/14750"}],"wp:attachment":[{"href":"https:\/\/parafiaklimkowka.pl\/index.php\/wp-json\/wp\/v2\/media?parent=14742"}],"wp:term":[{"taxonomy":"category","embeddable":true,"href":"https:\/\/parafiaklimkowka.pl\/index.php\/wp-json\/wp\/v2\/categories?post=14742"},{"taxonomy":"post_tag","embeddable":true,"href":"https:\/\/parafiaklimkowka.pl\/index.php\/wp-json\/wp\/v2\/tags?post=14742"}],"curies":[{"name":"wp","href":"https:\/\/api.w.org\/{rel}","templated":true}]}}