{"id":1807,"date":"2020-01-26T09:49:00","date_gmt":"2020-01-26T08:49:00","guid":{"rendered":"http:\/\/parafiaklimkowka.pl\/?p=1807"},"modified":"2020-10-23T23:20:58","modified_gmt":"2020-10-23T21:20:58","slug":"ogloszenia-duszpasterskie-iii-niedziela-zwykla-26-01-2020","status":"publish","type":"post","link":"https:\/\/parafiaklimkowka.pl\/index.php\/2020\/01\/26\/ogloszenia-duszpasterskie-iii-niedziela-zwykla-26-01-2020\/","title":{"rendered":"Og\u0142oszenia duszpasterskie &#8211; III Niedziela Zwyk\u0142a \u2013 26.01.2020"},"content":{"rendered":"<p style=\"text-align: justify;\">1. Chocia\u017c Tydzie\u0144 Powszechnej Modlitwy o Jedno\u015b\u0107 Chrze\u015bcijan zako\u0144czy\u0142 si\u0119 wczoraj, 25 stycznia, w \u015bwi\u0119to Nawr\u00f3cenia \u015bw. Paw\u0142a, nie ustawajmy w wysi\u0142kach na rzecz jej ca\u0142kowitego przywr\u00f3cenia. Tak bardzo pragnie jej sam Pan Jezus, a cz\u0119sto jej brak jest zgorszeniem dla wsp\u00f3\u0142czesnego \u015bwiata i wielu \u017ale nastawia do Chrystusowego Ko\u015bcio\u0142a. Dlatego w tej intencji ofiarujmy nasze modlitwy, trudy i cierpienia.<\/p>\n<p style=\"text-align: justify;\">2. Dzi\u015b obchodzimy Dzie\u0144 Islamu. Dzi\u015b s\u0142owo \u201eislam\u201d cz\u0119sto budzi niepok\u00f3j, a nawet wywo\u0142uje wrogo\u015b\u0107. Mimo wszystkich trudnych do\u015bwiadcze\u0144, kt\u00f3rymi naznaczona jest nasza wsp\u00f3\u0142czesno\u015b\u0107, pro\u015bmy tego dnia o \u015bwiat\u0142o Ducha \u015awi\u0119tego, aby\u015bmy potrafili patrze\u0107 na siebie z mi\u0142o\u015bci\u0105 i zrozumieniem, przez pami\u0119\u0107 o naszym wsp\u00f3lnym ojcu wiary \u2013 Abrahamie.<\/p>\n<p style=\"text-align: justify;\">3. W przysz\u0142\u0105 niedziel\u0119 obchodzi\u0107 b\u0119dziemy \u015awi\u0119to Ofiarowania Pana Jezusa \u2013 Matki Bo\u017cej Gromnicznej. Na wszystkich Mszach \u015awi\u0119tych po\u015bwi\u0119cenie gromnic. Na Msz\u0119 o godzinie 9.15 zapraszam dzieci klas III przygotowuj\u0105ce si\u0119 do pierwszej Komunii \u015awi\u0119tej wraz z rodzicami, otrzymaj\u0105 po\u015bwi\u0119cone modlitewniki.<\/p>\n<p style=\"text-align: justify;\">4. 2 luty to tak\u017ce Dzie\u0144 \u017bycia Konsekrowanego. W 1997 r. Jan Pawe\u0142 II w\u0142a\u015bnie w to \u015bwi\u0119to ustanowi\u0142 \u015awiatowy Dzie\u0144 \u017bycia Konsekrowanego, stwarzaj\u0105c okazj\u0119 do g\u0142\u0119bszej refleksji ca\u0142ego Ko\u015bcio\u0142a nad darem \u017cycia po\u015bwi\u0119conego Bogu. Matka Naj\u015bwi\u0119tsza ofiaruje Panu Bogu najwi\u0119kszy Dar, jaki otrzyma\u0142a &#8211; Syna, Jezusa Chrystusa, a tym samym sk\u0142ada w ofierze siebie. Podobn\u0105 ofiar\u0119, z siebie samych w mi\u0142o\u015bci do Chrystusa, sk\u0142adaj\u0105 osoby konsekrowane. Podkre\u015bli\u0142 to Jan Pawe\u0142 II, m\u00f3wi\u0105c: &#8222;Ofiarowanie Jezusa staje si\u0119 wymown\u0105 ikon\u0105 ca\u0142kowitego oddania w\u0142asnego \u017cycia dla tych, kt\u00f3rzy powo\u0142ani s\u0105, aby odtworzy\u0107 w Ko\u015bciele i w \u015bwiecie, poprzez rady ewangeliczne \u00abcharakterystyczne przymioty Jezusa, dziewictwo, ub\u00f3stwo i pos\u0142usze\u0144stwo\u201d.<\/p>\n<p class=\"Standard\" style=\"text-align: justify;\"><span style=\"font-size: 12.0pt; line-height: 115%;\">5. W tym tygodniu pierwsza sobota miesi\u0105ca. Zapraszam na Msz\u0119 \u015awi\u0119t\u0105 o godzinie 17.00, wcze\u015bniej o godzinie 16.30 r\u00f3\u017caniec pierwszo sobotni.<\/span><\/p>\n<p class=\"Standard\" style=\"text-align: justify;\"><span style=\"font-size: 12.0pt; line-height: 115%;\">6.&nbsp;<\/span>W przysz\u0142\u0105 niedziel\u0119 po Mszy o godzinie 9.15 zmiana tajemnic r\u00f3\u017ca\u0144cowych.<\/p>\n<p style=\"text-align: justify;\">7. W pi\u0105tek na godzin\u0119 15.30 zapraszam do \u015awietlicy \u201eKlub Senior+\u201d wszystkie dziewczynki pragn\u0105ce \u015bpiewa\u0107 w scholi parafialnej.<\/p>\n<p style=\"text-align: justify;\">8. Sk\u0142adka mszalna z dzisiejszej niedzieli, zbierana przez Rad\u0119 Parafialn\u0105, przeznaczona jest na potrzeby naszej Parafii i Ko\u015bcio\u0142a. Za tydzie\u0144 sk\u0142adka mszalna przeznaczona b\u0119dzie na potrzeby naszej Archidiecezji. Za tydzie\u0144 tak\u017ce zbi\u00f3rka do puszek na Zakony Kontemplacyjne z naszej Archidiecezji.<\/p>\n<p style=\"text-align: justify;\">9. Dzi\u0119kujemy za sprz\u0105tanie Ko\u015bcio\u0142a tym osobom, kt\u00f3re to uczyni\u0142y w minionym tygodniu, a na sobot\u0119, na godzin\u0119 8.00 zapraszamy wiernych z ulicy Zdrojowej, numery 336, 340, 346, 350.<\/p>\n\n\n<hr>\n\n<h3>Ewangelia <strong>&#8211; na III Niedziel\u0119 Zwyk\u0142\u0105<\/strong><\/h3>\n<h4 style=\"text-align: justify;\"><em><strong data-rich-text-format-boundary=\"true\">Ewangelia wed\u0142ug \u015awi\u0119tego Mateusza<\/strong><\/em><\/h4>\n<p style=\"text-align: justify;\">Gdy Jezus pos\u0142ysza\u0142, \u017ce Jan zosta\u0142 uwi\u0119ziony, usun\u0105\u0142 si\u0119 do Galilei. Opu\u015bci\u0142 jednak Nazaret, przyszed\u0142 i osiad\u0142 w Kafarnaum nad jeziorem, na pograniczu ziem Zabulona i Neftalego. Tak mia\u0142o si\u0119 spe\u0142ni\u0107 s\u0142owo proroka Izajasza: &#8222;Ziemia Zabulona i ziemia Neftalego, na drodze ku morzu, Zajordanie, Galilea pogan! Lud, kt\u00f3ry siedzia\u0142 w ciemno\u015bci, ujrza\u0142 \u015bwiat\u0142o wielkie, i mieszka\u0144com cienistej krainy \u015bmierci wzesz\u0142o \u015bwiat\u0142o&#8221;. Odt\u0105d pocz\u0105\u0142 Jezus naucza\u0107 i m\u00f3wi\u0107: &#8222;Nawracajcie si\u0119, albowiem bliskie jest kr\u00f3lestwo niebieskie&#8221;. Przechodz\u0105c obok Jeziora Galilejskiego, Jezus ujrza\u0142 dw\u00f3ch braci: Szymona, zwanego Piotrem, i brata jego, Andrzeja, jak zarzucali sie\u0107 w jezioro; byli bowiem rybakami. I rzek\u0142 do nich: &#8222;P\u00f3jd\u017acie za Mn\u0105, a uczyni\u0119 was rybakami ludzi&#8221;. Oni natychmiast, zostawiwszy sieci, poszli za Nim. A id\u0105c stamt\u0105d dalej, ujrza\u0142 innych dw\u00f3ch braci: Jakuba, syna Zebedeusza, i brata jego, Jana, jak z ojcem swym Zebedeuszem naprawiali w \u0142odzi swe sieci. Ich te\u017c powo\u0142a\u0142. A oni natychmiast zostawili \u0142\u00f3d\u017a i ojca i poszli za Nim. I obchodzi\u0142 Jezus ca\u0142\u0105 Galile\u0119, nauczaj\u0105c w tamtejszych synagogach, g\u0142osz\u0105c Ewangeli\u0119 o kr\u00f3lestwie i lecz\u0105c wszelkie choroby i wszelkie s\u0142abo\u015bci w\u015br\u00f3d ludu.<\/p>\n\n<h4 style=\"text-align: justify;\"><strong data-rich-text-format-boundary=\"true\">Refleksja nad S\u0142owem Bo\u017cym<\/strong><\/h4>\n<p style=\"text-align: justify;\">Jezus wybiera aposto\u0142\u00f3w. Ocenia ich wed\u0142ug umiej\u0119tno\u015bci wsp\u00f3\u0142pracy. Rybacy, znajduj\u0105c si\u0119 w \u0142odzi lub kutrze, musz\u0105 umie\u0107 \u015bci\u015ble ze sob\u0105 wsp\u00f3\u0142pracowa\u0107. Bez tego praca na jeziorze czy morzu jest niemo\u017cliwa. Dodatkowo aposto\u0142owie byli po\u0142\u0105czeni wi\u0119zami rodzinnymi. Umieli wsp\u00f3\u0142pracowa\u0107 z ojcem i rodze\u0144stwem.<\/p>\n<p style=\"text-align: justify;\">Jezus m\u00f3wi do nich j\u0119zykiem zawodowym. Wzywa ich \u201edo p\u00f3j\u015bcia za Nim\u201d, ale ma na uwadze dalsz\u0105 ich prac\u0119 i wsp\u00f3\u0142prac\u0119. Maj\u0105 by\u0107 \u201erybakami ludzi\u201d. Ta wsp\u00f3\u0142praca w przepowiadaniu Ewangelii jest jej kart\u0105 atutow\u0105.<\/p>\n<p style=\"text-align: justify;\">Pytania dotycz\u0105ce naszej wsp\u00f3\u0142pracy w zawodzie: Czy ona jest \u015bwiadectwem naszej przynale\u017cno\u015bci do Jezusa? Czy umiemy wsp\u00f3\u0142pracowa\u0107 z innymi? Je\u015bli tak, to wszyscy na tym korzystaj\u0105: jako\u015b\u0107 pracy, szef, instytucja, my sami. Je\u015bli tego zabraknie, miejsce pracy zamienia si\u0119 w teren stresogenny, a on przypomina stref\u0119 trz\u0119sienia ziemi, kt\u00f3re w u\u0142amkach sekundy potrafi zniszczy\u0107 wszystko.<\/p>\n\n\n<hr>\n\n<h3><strong>Zapowiedzi p<\/strong><strong>rzedma\u0142\u017ce\u0144skie<\/strong><\/h3>\n\n<hr>\n\n<h3><strong>Odeszli do wieczno\u015bci<\/strong><\/h3>\n\n<hr>\n\n<!-- \/wp:heading -->\n<h3><strong>Spotkania grup duszpasterskich<\/strong><\/h3>\n\n<hr>\n\n<h3><strong>Komunikaty<\/strong><\/h3>\n\n<hr>\n\n<h3><strong>Intencje modlitewne na stycze\u0144<\/strong><\/h3>\n<!-- \/wp:heading --> <!-- wp:paragraph -->\n<h5><strong>Og\u00f3lna:<\/strong><\/h5>\n<p style=\"text-align: justify;\">M\u00f3dlmy si\u0119, aby chrze\u015bcijanie i Ci, kt\u00f3rzy nale\u017c\u0105 do innych religii oraz ludzie dobrej woli umacniali pok\u00f3j i sprawiedliwo\u015b\u0107 na \u015bwiecie.<\/p>\n\n<h5><strong>Diecezjalna r\u00f3\u017ca\u0144cowa: <\/strong><\/h5>\n<p style=\"text-align: justify;\">Aby Eucharystia by\u0142a dla nas \u017ar\u00f3d\u0142em pokoju i jedno\u015bci.<\/p>\n\n<h3><strong>Intencje modlitewne na luty<\/strong><\/h3>\n<!-- \/wp:heading --> <!-- wp:paragraph -->\n<h5><strong>Og\u00f3lna:<\/strong><\/h5>\n<p style=\"text-align: justify;\">M\u00f3dlmy si\u0119, aby g\u0142os braci migrant\u00f3w, kt\u00f3rzy wpadli w r\u0119ce przemytnik\u00f3w, pozbawionych skrupu\u0142\u00f3w, by\u0142 us\u0142yszany oraz wzi\u0119ty pod uwag\u0119.<\/p>\n\n<h5><strong>Diecezjalna r\u00f3\u017ca\u0144cowa: <\/strong><\/h5>\n<p style=\"text-align: justify;\">Za chorych, aby w Eucharystii znajdowali umocnienie i uzdrowienie.<\/p>","protected":false},"excerpt":{"rendered":"<p>26 stycznia 2020<\/p>\n","protected":false},"author":1,"featured_media":0,"comment_status":"closed","ping_status":"open","sticky":false,"template":"","format":"standard","meta":{"ngg_post_thumbnail":0,"footnotes":""},"categories":[4],"tags":[],"yoast_head":"<!-- This site is optimized with the Yoast SEO plugin v23.2 - https:\/\/yoast.com\/wordpress\/plugins\/seo\/ -->\n<title>Og\u0142oszenia duszpasterskie - III Niedziela Zwyk\u0142a \u2013 26.01.2020 - Parafia w Klimk\u00f3wce<\/title>\n<meta name=\"robots\" content=\"index, follow, max-snippet:-1, max-image-preview:large, max-video-preview:-1\" \/>\n<link rel=\"canonical\" href=\"https:\/\/parafiaklimkowka.pl\/index.php\/2020\/01\/26\/ogloszenia-duszpasterskie-iii-niedziela-zwykla-26-01-2020\/\" \/>\n<meta property=\"og:locale\" content=\"pl_PL\" \/>\n<meta property=\"og:type\" content=\"article\" \/>\n<meta property=\"og:title\" content=\"Og\u0142oszenia duszpasterskie - III Niedziela Zwyk\u0142a \u2013 26.01.2020 - Parafia w Klimk\u00f3wce\" \/>\n<meta property=\"og:description\" content=\"26 stycznia 2020\" \/>\n<meta property=\"og:url\" content=\"https:\/\/parafiaklimkowka.pl\/index.php\/2020\/01\/26\/ogloszenia-duszpasterskie-iii-niedziela-zwykla-26-01-2020\/\" \/>\n<meta property=\"og:site_name\" content=\"Parafia w Klimk\u00f3wce\" \/>\n<meta property=\"article:published_time\" content=\"2020-01-26T08:49:00+00:00\" \/>\n<meta property=\"article:modified_time\" content=\"2020-10-23T21:20:58+00:00\" \/>\n<meta name=\"author\" content=\"kadmins70\" \/>\n<meta name=\"twitter:card\" content=\"summary_large_image\" \/>\n<meta name=\"twitter:label1\" content=\"Napisane przez\" \/>\n\t<meta name=\"twitter:data1\" content=\"kadmins70\" \/>\n\t<meta name=\"twitter:label2\" content=\"Szacowany czas czytania\" \/>\n\t<meta name=\"twitter:data2\" content=\"5 minut\" \/>\n<script type=\"application\/ld+json\" class=\"yoast-schema-graph\">{\"@context\":\"https:\/\/schema.org\",\"@graph\":[{\"@type\":\"Article\",\"@id\":\"https:\/\/parafiaklimkowka.pl\/index.php\/2020\/01\/26\/ogloszenia-duszpasterskie-iii-niedziela-zwykla-26-01-2020\/#article\",\"isPartOf\":{\"@id\":\"https:\/\/parafiaklimkowka.pl\/index.php\/2020\/01\/26\/ogloszenia-duszpasterskie-iii-niedziela-zwykla-26-01-2020\/\"},\"author\":{\"name\":\"kadmins70\",\"@id\":\"https:\/\/parafiaklimkowka.pl\/#\/schema\/person\/8411339f73ed143172a1fc20b8c20562\"},\"headline\":\"Og\u0142oszenia duszpasterskie &#8211; III Niedziela Zwyk\u0142a \u2013 26.01.2020\",\"datePublished\":\"2020-01-26T08:49:00+00:00\",\"dateModified\":\"2020-10-23T21:20:58+00:00\",\"mainEntityOfPage\":{\"@id\":\"https:\/\/parafiaklimkowka.pl\/index.php\/2020\/01\/26\/ogloszenia-duszpasterskie-iii-niedziela-zwykla-26-01-2020\/\"},\"wordCount\":943,\"publisher\":{\"@id\":\"https:\/\/parafiaklimkowka.pl\/#organization\"},\"articleSection\":[\"Og\u0142oszenia duszpasterskie\"],\"inLanguage\":\"pl-PL\"},{\"@type\":\"WebPage\",\"@id\":\"https:\/\/parafiaklimkowka.pl\/index.php\/2020\/01\/26\/ogloszenia-duszpasterskie-iii-niedziela-zwykla-26-01-2020\/\",\"url\":\"https:\/\/parafiaklimkowka.pl\/index.php\/2020\/01\/26\/ogloszenia-duszpasterskie-iii-niedziela-zwykla-26-01-2020\/\",\"name\":\"Og\u0142oszenia duszpasterskie - III Niedziela Zwyk\u0142a \u2013 26.01.2020 - Parafia w Klimk\u00f3wce\",\"isPartOf\":{\"@id\":\"https:\/\/parafiaklimkowka.pl\/#website\"},\"datePublished\":\"2020-01-26T08:49:00+00:00\",\"dateModified\":\"2020-10-23T21:20:58+00:00\",\"breadcrumb\":{\"@id\":\"https:\/\/parafiaklimkowka.pl\/index.php\/2020\/01\/26\/ogloszenia-duszpasterskie-iii-niedziela-zwykla-26-01-2020\/#breadcrumb\"},\"inLanguage\":\"pl-PL\",\"potentialAction\":[{\"@type\":\"ReadAction\",\"target\":[\"https:\/\/parafiaklimkowka.pl\/index.php\/2020\/01\/26\/ogloszenia-duszpasterskie-iii-niedziela-zwykla-26-01-2020\/\"]}]},{\"@type\":\"BreadcrumbList\",\"@id\":\"https:\/\/parafiaklimkowka.pl\/index.php\/2020\/01\/26\/ogloszenia-duszpasterskie-iii-niedziela-zwykla-26-01-2020\/#breadcrumb\",\"itemListElement\":[{\"@type\":\"ListItem\",\"position\":1,\"name\":\"Strona g\u0142\u00f3wna\",\"item\":\"https:\/\/parafiaklimkowka.pl\/\"},{\"@type\":\"ListItem\",\"position\":2,\"name\":\"Og\u0142oszenia duszpasterskie &#8211; III Niedziela Zwyk\u0142a \u2013 26.01.2020\"}]},{\"@type\":\"WebSite\",\"@id\":\"https:\/\/parafiaklimkowka.pl\/#website\",\"url\":\"https:\/\/parafiaklimkowka.pl\/\",\"name\":\"Parafia w Klimk\u00f3wce\",\"description\":\"pw. \u015aw. Micha\u0142a Archanio\u0142a\",\"publisher\":{\"@id\":\"https:\/\/parafiaklimkowka.pl\/#organization\"},\"potentialAction\":[{\"@type\":\"SearchAction\",\"target\":{\"@type\":\"EntryPoint\",\"urlTemplate\":\"https:\/\/parafiaklimkowka.pl\/?s={search_term_string}\"},\"query-input\":\"required name=search_term_string\"}],\"inLanguage\":\"pl-PL\"},{\"@type\":\"Organization\",\"@id\":\"https:\/\/parafiaklimkowka.pl\/#organization\",\"name\":\"Parafia p.w. \u015bw. Micha\u0142a Archanio\u0142a w Klimk\u00f3wce\",\"url\":\"https:\/\/parafiaklimkowka.pl\/\",\"logo\":{\"@type\":\"ImageObject\",\"inLanguage\":\"pl-PL\",\"@id\":\"https:\/\/parafiaklimkowka.pl\/#\/schema\/logo\/image\/\",\"url\":\"http:\/\/parafiaklimkowka.pl\/wp-content\/uploads\/2019\/10\/anio\u01428_jpeg.jpg\",\"contentUrl\":\"http:\/\/parafiaklimkowka.pl\/wp-content\/uploads\/2019\/10\/anio\u01428_jpeg.jpg\",\"width\":658,\"height\":483,\"caption\":\"Parafia p.w. \u015bw. Micha\u0142a Archanio\u0142a w Klimk\u00f3wce\"},\"image\":{\"@id\":\"https:\/\/parafiaklimkowka.pl\/#\/schema\/logo\/image\/\"}},{\"@type\":\"Person\",\"@id\":\"https:\/\/parafiaklimkowka.pl\/#\/schema\/person\/8411339f73ed143172a1fc20b8c20562\",\"name\":\"kadmins70\",\"image\":{\"@type\":\"ImageObject\",\"inLanguage\":\"pl-PL\",\"@id\":\"https:\/\/parafiaklimkowka.pl\/#\/schema\/person\/image\/\",\"url\":\"https:\/\/secure.gravatar.com\/avatar\/2f1a9b134b0f743459e06c66845f8cf1?s=96&d=mm&r=g\",\"contentUrl\":\"https:\/\/secure.gravatar.com\/avatar\/2f1a9b134b0f743459e06c66845f8cf1?s=96&d=mm&r=g\",\"caption\":\"kadmins70\"}}]}<\/script>\n<!-- \/ Yoast SEO plugin. -->","yoast_head_json":{"title":"Og\u0142oszenia duszpasterskie - III Niedziela Zwyk\u0142a \u2013 26.01.2020 - Parafia w Klimk\u00f3wce","robots":{"index":"index","follow":"follow","max-snippet":"max-snippet:-1","max-image-preview":"max-image-preview:large","max-video-preview":"max-video-preview:-1"},"canonical":"https:\/\/parafiaklimkowka.pl\/index.php\/2020\/01\/26\/ogloszenia-duszpasterskie-iii-niedziela-zwykla-26-01-2020\/","og_locale":"pl_PL","og_type":"article","og_title":"Og\u0142oszenia duszpasterskie - III Niedziela Zwyk\u0142a \u2013 26.01.2020 - Parafia w Klimk\u00f3wce","og_description":"26 stycznia 2020","og_url":"https:\/\/parafiaklimkowka.pl\/index.php\/2020\/01\/26\/ogloszenia-duszpasterskie-iii-niedziela-zwykla-26-01-2020\/","og_site_name":"Parafia w Klimk\u00f3wce","article_published_time":"2020-01-26T08:49:00+00:00","article_modified_time":"2020-10-23T21:20:58+00:00","author":"kadmins70","twitter_card":"summary_large_image","twitter_misc":{"Napisane przez":"kadmins70","Szacowany czas czytania":"5 minut"},"schema":{"@context":"https:\/\/schema.org","@graph":[{"@type":"Article","@id":"https:\/\/parafiaklimkowka.pl\/index.php\/2020\/01\/26\/ogloszenia-duszpasterskie-iii-niedziela-zwykla-26-01-2020\/#article","isPartOf":{"@id":"https:\/\/parafiaklimkowka.pl\/index.php\/2020\/01\/26\/ogloszenia-duszpasterskie-iii-niedziela-zwykla-26-01-2020\/"},"author":{"name":"kadmins70","@id":"https:\/\/parafiaklimkowka.pl\/#\/schema\/person\/8411339f73ed143172a1fc20b8c20562"},"headline":"Og\u0142oszenia duszpasterskie &#8211; III Niedziela Zwyk\u0142a \u2013 26.01.2020","datePublished":"2020-01-26T08:49:00+00:00","dateModified":"2020-10-23T21:20:58+00:00","mainEntityOfPage":{"@id":"https:\/\/parafiaklimkowka.pl\/index.php\/2020\/01\/26\/ogloszenia-duszpasterskie-iii-niedziela-zwykla-26-01-2020\/"},"wordCount":943,"publisher":{"@id":"https:\/\/parafiaklimkowka.pl\/#organization"},"articleSection":["Og\u0142oszenia duszpasterskie"],"inLanguage":"pl-PL"},{"@type":"WebPage","@id":"https:\/\/parafiaklimkowka.pl\/index.php\/2020\/01\/26\/ogloszenia-duszpasterskie-iii-niedziela-zwykla-26-01-2020\/","url":"https:\/\/parafiaklimkowka.pl\/index.php\/2020\/01\/26\/ogloszenia-duszpasterskie-iii-niedziela-zwykla-26-01-2020\/","name":"Og\u0142oszenia duszpasterskie - III Niedziela Zwyk\u0142a \u2013 26.01.2020 - Parafia w Klimk\u00f3wce","isPartOf":{"@id":"https:\/\/parafiaklimkowka.pl\/#website"},"datePublished":"2020-01-26T08:49:00+00:00","dateModified":"2020-10-23T21:20:58+00:00","breadcrumb":{"@id":"https:\/\/parafiaklimkowka.pl\/index.php\/2020\/01\/26\/ogloszenia-duszpasterskie-iii-niedziela-zwykla-26-01-2020\/#breadcrumb"},"inLanguage":"pl-PL","potentialAction":[{"@type":"ReadAction","target":["https:\/\/parafiaklimkowka.pl\/index.php\/2020\/01\/26\/ogloszenia-duszpasterskie-iii-niedziela-zwykla-26-01-2020\/"]}]},{"@type":"BreadcrumbList","@id":"https:\/\/parafiaklimkowka.pl\/index.php\/2020\/01\/26\/ogloszenia-duszpasterskie-iii-niedziela-zwykla-26-01-2020\/#breadcrumb","itemListElement":[{"@type":"ListItem","position":1,"name":"Strona g\u0142\u00f3wna","item":"https:\/\/parafiaklimkowka.pl\/"},{"@type":"ListItem","position":2,"name":"Og\u0142oszenia duszpasterskie &#8211; III Niedziela Zwyk\u0142a \u2013 26.01.2020"}]},{"@type":"WebSite","@id":"https:\/\/parafiaklimkowka.pl\/#website","url":"https:\/\/parafiaklimkowka.pl\/","name":"Parafia w Klimk\u00f3wce","description":"pw. \u015aw. Micha\u0142a Archanio\u0142a","publisher":{"@id":"https:\/\/parafiaklimkowka.pl\/#organization"},"potentialAction":[{"@type":"SearchAction","target":{"@type":"EntryPoint","urlTemplate":"https:\/\/parafiaklimkowka.pl\/?s={search_term_string}"},"query-input":"required name=search_term_string"}],"inLanguage":"pl-PL"},{"@type":"Organization","@id":"https:\/\/parafiaklimkowka.pl\/#organization","name":"Parafia p.w. \u015bw. Micha\u0142a Archanio\u0142a w Klimk\u00f3wce","url":"https:\/\/parafiaklimkowka.pl\/","logo":{"@type":"ImageObject","inLanguage":"pl-PL","@id":"https:\/\/parafiaklimkowka.pl\/#\/schema\/logo\/image\/","url":"http:\/\/parafiaklimkowka.pl\/wp-content\/uploads\/2019\/10\/anio\u01428_jpeg.jpg","contentUrl":"http:\/\/parafiaklimkowka.pl\/wp-content\/uploads\/2019\/10\/anio\u01428_jpeg.jpg","width":658,"height":483,"caption":"Parafia p.w. \u015bw. Micha\u0142a Archanio\u0142a w Klimk\u00f3wce"},"image":{"@id":"https:\/\/parafiaklimkowka.pl\/#\/schema\/logo\/image\/"}},{"@type":"Person","@id":"https:\/\/parafiaklimkowka.pl\/#\/schema\/person\/8411339f73ed143172a1fc20b8c20562","name":"kadmins70","image":{"@type":"ImageObject","inLanguage":"pl-PL","@id":"https:\/\/parafiaklimkowka.pl\/#\/schema\/person\/image\/","url":"https:\/\/secure.gravatar.com\/avatar\/2f1a9b134b0f743459e06c66845f8cf1?s=96&d=mm&r=g","contentUrl":"https:\/\/secure.gravatar.com\/avatar\/2f1a9b134b0f743459e06c66845f8cf1?s=96&d=mm&r=g","caption":"kadmins70"}}]}},"_links":{"self":[{"href":"https:\/\/parafiaklimkowka.pl\/index.php\/wp-json\/wp\/v2\/posts\/1807"}],"collection":[{"href":"https:\/\/parafiaklimkowka.pl\/index.php\/wp-json\/wp\/v2\/posts"}],"about":[{"href":"https:\/\/parafiaklimkowka.pl\/index.php\/wp-json\/wp\/v2\/types\/post"}],"author":[{"embeddable":true,"href":"https:\/\/parafiaklimkowka.pl\/index.php\/wp-json\/wp\/v2\/users\/1"}],"replies":[{"embeddable":true,"href":"https:\/\/parafiaklimkowka.pl\/index.php\/wp-json\/wp\/v2\/comments?post=1807"}],"version-history":[{"count":6,"href":"https:\/\/parafiaklimkowka.pl\/index.php\/wp-json\/wp\/v2\/posts\/1807\/revisions"}],"predecessor-version":[{"id":1822,"href":"https:\/\/parafiaklimkowka.pl\/index.php\/wp-json\/wp\/v2\/posts\/1807\/revisions\/1822"}],"wp:attachment":[{"href":"https:\/\/parafiaklimkowka.pl\/index.php\/wp-json\/wp\/v2\/media?parent=1807"}],"wp:term":[{"taxonomy":"category","embeddable":true,"href":"https:\/\/parafiaklimkowka.pl\/index.php\/wp-json\/wp\/v2\/categories?post=1807"},{"taxonomy":"post_tag","embeddable":true,"href":"https:\/\/parafiaklimkowka.pl\/index.php\/wp-json\/wp\/v2\/tags?post=1807"}],"curies":[{"name":"wp","href":"https:\/\/api.w.org\/{rel}","templated":true}]}}