{"id":217,"date":"2019-11-03T00:02:03","date_gmt":"2019-11-02T23:02:03","guid":{"rendered":"http:\/\/parafiaklimkowka.pl\/?p=217"},"modified":"2020-10-23T23:07:39","modified_gmt":"2020-10-23T21:07:39","slug":"intencje-mszalne-4-10-listopad","status":"publish","type":"post","link":"https:\/\/parafiaklimkowka.pl\/index.php\/2019\/11\/03\/intencje-mszalne-4-10-listopad\/","title":{"rendered":"Intencje Mszalne 4 &#8211; 10 listopad"},"content":{"rendered":"\n<table id=\"tablepress-1\" class=\"tablepress tablepress-id-1\">\n<thead>\n<tr class=\"row-1\">\n\t<th class=\"column-1\">Dni:<\/th><th class=\"column-2\">Intencje:<\/th>\n<\/tr>\n<\/thead>\n<tbody class=\"row-striping row-hover\">\n<tr class=\"row-2\">\n\t<td class=\"column-1\"><strong>Poniedzia\u0142ek - 4.11.2019<\/strong><\/td><td class=\"column-2\"><strong>Msza \u015awi\u0119ta \u2013 godz. 16.00<\/strong><br \/>\n  1.+Franciszek Penar \u2013 ofiara od rodziny Famielec<br \/>\n  2.+Maria Penar \u2013 ofiara od wnuczki Ewy z rodzin\u0105 <br \/>\n<strong>Wypominki \u2013 godz. 16.30 <br \/>\nPo wypominkach Msza \u015awi\u0119ta <\/strong><br \/>\n  1.+Kazimierz, Karolina, Piotr Kielar \u2013 ofiara od rodziny<br \/>\n  2.+W\u0142adys\u0142aw Penar i za zmar\u0142ych z rodziny Kielar \u2013 ofiara od rodziny<\/td>\n<\/tr>\n<tr class=\"row-3\">\n\t<td class=\"column-1\"><strong>Wtorek - 5.11.2019<\/strong><\/td><td class=\"column-2\"><strong>Msza \u015awi\u0119ta \u2013 godz. 16.00<\/strong><br \/>\n   1.+Franciszek Penar \u2013 ofiara do rodziny Zych\u00f3w<br \/>\n  2.+Maria Penar \u2013 ofiara od wnuczki Katarzyny z rodzin\u0105 <br \/>\n<strong>Wypominki \u2013 godz. 16.30 <br \/>\nPo wypominkach Msza \u015awi\u0119ta<\/strong> <br \/>\n  1.+Cecylia, Eugeniusz, Andrzej Bilek \u2013 ofiara od rodziny<br \/>\n  2.+W\u0142adys\u0142aw, Kazimiera Rygiel 11 rocznica \u015bmierci \u2013 ofiara od dzieci<\/td>\n<\/tr>\n<tr class=\"row-4\">\n\t<td class=\"column-1\"><strong>\u015aroda - 6.11.2019<\/strong><\/td><td class=\"column-2\"><strong>Msza \u015awi\u0119ta \u2013 godz. 16.00<\/strong><br \/>\n  1.+Franciszek Penar \u2013 ofiara od rodziny Zych\u00f3w<br \/>\n  2.+Maria Penar \u2013 ofiara od wnuczki Marioli z rodzin\u0105 <br \/>\n<strong>Wypominki \u2013 godz. 16.30 <br \/>\nPo wypominkach Msza \u015awi\u0119ta <\/strong><br \/>\n  1.+Grzegorz, Stanis\u0142awa, Andrzej Kielar \u2013 of. od Genowefy Kielar z rodzin\u0105<br \/>\n  2.+Jadwiga Rajchel - 30 dzie\u0144 po \u015bmierci<\/td>\n<\/tr>\n<tr class=\"row-5\">\n\t<td class=\"column-1\"><strong>Czwartek - 7.11.2019<\/strong><\/td><td class=\"column-2\"><strong>Msza \u015awi\u0119ta \u2013 godz. 16.00<\/strong><br \/>\n  1.+Franciszek Penar \u2013 ofiara od rodziny So\u0142tysik\u00f3w z Rymanowa<br \/>\n  2.+Maria Penar \u2013 ofiara od syna Tadeusza z rodzin\u0105 <br \/>\n<strong>Wypominki \u2013 godz. 16.30 <br \/>\nPo wypominkach Msza \u015awi\u0119ta <\/strong><br \/>\n  1.Przeb\u0142agalna, o nowe powo\u0142ania do Zgromadzenia Si\u00f3str Michalitek<br \/>\n  2.+Honorata, Stanis\u0142aw D\u0105browski i za zmar\u0142ych z rodziny \u2013 od syna Czes\u0142awa<\/td>\n<\/tr>\n<tr class=\"row-6\">\n\t<td class=\"column-1\"><strong>Pi\u0105tek - 8.11.2019<\/strong><\/td><td class=\"column-2\"><strong>Msza \u015awi\u0119ta \u2013 godz. 16.00<\/strong><br \/>\n  1.+Franiszek Penar \u2013 ofiara od rodziny Klimkiewicz\u00f3w<br \/>\n  2.+Maria Penar \u2013 ofiara od syna Kazimierza z \u017con\u0105 <br \/>\n<strong>Wypominki \u2013 godz. 16.30 <br \/>\nPo wypominkach Msza \u015awi\u0119ta <\/strong><br \/>\n  1.+Ryszard Penar \u2013 ofiara od s\u0105siad\u00f3w<br \/>\n  2.+Julian Puchalski 14 rocznica \u015bmierci \u2013 ofiara od \u017cony<\/td>\n<\/tr>\n<tr class=\"row-7\">\n\t<td class=\"column-1\"><strong>Sobota - 9.11.2019<\/strong><\/td><td class=\"column-2\"><strong>Msza \u015awi\u0119ta \u2013 godz. 16.00<\/strong><br \/>\n  1.+Franciszek Penar \u2013 ofiara od rodziny Ziemia\u0144skich z Widacza <br \/>\n  2.+Maria Penar \u2013 ofiara od wnuk\u00f3w Natalii i Przemys\u0142awa z rodzinami <br \/>\n<strong>Wypominki \u2013 godz. 16.30 <br \/>\nPo wypominkach Msza \u015awi\u0119ta <\/strong><br \/>\n  1.+Kazimierz Rajchel 7 rocznica \u015bmierci \u2013 ofiara od rodziny <br \/>\n  2.+Agata, J\u00f3zef, Maria Grysztar \u2013 ofiara od rodziny<\/td>\n<\/tr>\n<tr class=\"row-8\">\n\t<td class=\"column-1\"><strong>Niedziela - 10.11.2019<\/strong><\/td><td class=\"column-2\"><strong>Godz. 7.30<\/strong> <br \/>\n<strong>(1)<\/strong>+Helena , Maria , W\u0142adys\u0142aw Rajchel \u2013 ofiara od rodziny <br \/>\n        <strong>(2)<\/strong>+Helena Krukar 27 rocznica \u015bmierci \u2013 ofiara od rodziny<br \/>\n<strong>Godz. 9.15<\/strong>  Za Parafian <br \/>\n<strong>Godz.11.00<\/strong> +Marian Grysztar \u2013 ofiara od rodziny<br \/>\n<strong>Godz.15.30<\/strong> +Marian Ryczkowski 1 rocznica \u015bmierci \u2013 ofiara od rodziny <\/td>\n<\/tr>\n<\/tbody>\n<\/table>\n<!-- #tablepress-1 from cache -->\n","protected":false},"excerpt":{"rendered":"<p>3 listopada 2019<\/p>\n","protected":false},"author":1,"featured_media":0,"comment_status":"closed","ping_status":"closed","sticky":false,"template":"","format":"standard","meta":{"ngg_post_thumbnail":0,"footnotes":""},"categories":[5],"tags":[],"yoast_head":"<!-- This site is optimized with the Yoast SEO plugin v23.2 - https:\/\/yoast.com\/wordpress\/plugins\/seo\/ -->\n<title>Intencje Mszalne 4 - 10 listopad - Parafia w Klimk\u00f3wce<\/title>\n<meta name=\"description\" content=\"Intencje Mszalne\" \/>\n<meta name=\"robots\" content=\"index, follow, max-snippet:-1, max-image-preview:large, max-video-preview:-1\" \/>\n<link rel=\"canonical\" href=\"https:\/\/parafiaklimkowka.pl\/index.php\/2019\/11\/03\/intencje-mszalne-4-10-listopad\/\" \/>\n<meta property=\"og:locale\" content=\"pl_PL\" \/>\n<meta property=\"og:type\" content=\"article\" \/>\n<meta property=\"og:title\" content=\"Intencje Mszalne 4 - 10 listopad - Parafia w Klimk\u00f3wce\" \/>\n<meta property=\"og:description\" content=\"Intencje Mszalne\" \/>\n<meta property=\"og:url\" content=\"https:\/\/parafiaklimkowka.pl\/index.php\/2019\/11\/03\/intencje-mszalne-4-10-listopad\/\" \/>\n<meta property=\"og:site_name\" content=\"Parafia w Klimk\u00f3wce\" \/>\n<meta property=\"article:published_time\" content=\"2019-11-02T23:02:03+00:00\" \/>\n<meta property=\"article:modified_time\" content=\"2020-10-23T21:07:39+00:00\" \/>\n<meta name=\"author\" content=\"kadmins70\" \/>\n<meta name=\"twitter:card\" content=\"summary_large_image\" \/>\n<meta name=\"twitter:label1\" content=\"Napisane przez\" \/>\n\t<meta name=\"twitter:data1\" content=\"kadmins70\" \/>\n<script type=\"application\/ld+json\" class=\"yoast-schema-graph\">{\"@context\":\"https:\/\/schema.org\",\"@graph\":[{\"@type\":\"Article\",\"@id\":\"https:\/\/parafiaklimkowka.pl\/index.php\/2019\/11\/03\/intencje-mszalne-4-10-listopad\/#article\",\"isPartOf\":{\"@id\":\"https:\/\/parafiaklimkowka.pl\/index.php\/2019\/11\/03\/intencje-mszalne-4-10-listopad\/\"},\"author\":{\"name\":\"kadmins70\",\"@id\":\"https:\/\/parafiaklimkowka.pl\/#\/schema\/person\/8411339f73ed143172a1fc20b8c20562\"},\"headline\":\"Intencje Mszalne 4 &#8211; 10 listopad\",\"datePublished\":\"2019-11-02T23:02:03+00:00\",\"dateModified\":\"2020-10-23T21:07:39+00:00\",\"mainEntityOfPage\":{\"@id\":\"https:\/\/parafiaklimkowka.pl\/index.php\/2019\/11\/03\/intencje-mszalne-4-10-listopad\/\"},\"wordCount\":6,\"publisher\":{\"@id\":\"https:\/\/parafiaklimkowka.pl\/#organization\"},\"articleSection\":[\"Intencje Mszalne\"],\"inLanguage\":\"pl-PL\"},{\"@type\":\"WebPage\",\"@id\":\"https:\/\/parafiaklimkowka.pl\/index.php\/2019\/11\/03\/intencje-mszalne-4-10-listopad\/\",\"url\":\"https:\/\/parafiaklimkowka.pl\/index.php\/2019\/11\/03\/intencje-mszalne-4-10-listopad\/\",\"name\":\"Intencje Mszalne 4 - 10 listopad - Parafia w Klimk\u00f3wce\",\"isPartOf\":{\"@id\":\"https:\/\/parafiaklimkowka.pl\/#website\"},\"datePublished\":\"2019-11-02T23:02:03+00:00\",\"dateModified\":\"2020-10-23T21:07:39+00:00\",\"description\":\"Intencje Mszalne\",\"breadcrumb\":{\"@id\":\"https:\/\/parafiaklimkowka.pl\/index.php\/2019\/11\/03\/intencje-mszalne-4-10-listopad\/#breadcrumb\"},\"inLanguage\":\"pl-PL\",\"potentialAction\":[{\"@type\":\"ReadAction\",\"target\":[\"https:\/\/parafiaklimkowka.pl\/index.php\/2019\/11\/03\/intencje-mszalne-4-10-listopad\/\"]}]},{\"@type\":\"BreadcrumbList\",\"@id\":\"https:\/\/parafiaklimkowka.pl\/index.php\/2019\/11\/03\/intencje-mszalne-4-10-listopad\/#breadcrumb\",\"itemListElement\":[{\"@type\":\"ListItem\",\"position\":1,\"name\":\"Strona g\u0142\u00f3wna\",\"item\":\"https:\/\/parafiaklimkowka.pl\/\"},{\"@type\":\"ListItem\",\"position\":2,\"name\":\"Intencje Mszalne 4 &#8211; 10 listopad\"}]},{\"@type\":\"WebSite\",\"@id\":\"https:\/\/parafiaklimkowka.pl\/#website\",\"url\":\"https:\/\/parafiaklimkowka.pl\/\",\"name\":\"Parafia w Klimk\u00f3wce\",\"description\":\"pw. \u015aw. Micha\u0142a Archanio\u0142a\",\"publisher\":{\"@id\":\"https:\/\/parafiaklimkowka.pl\/#organization\"},\"potentialAction\":[{\"@type\":\"SearchAction\",\"target\":{\"@type\":\"EntryPoint\",\"urlTemplate\":\"https:\/\/parafiaklimkowka.pl\/?s={search_term_string}\"},\"query-input\":\"required name=search_term_string\"}],\"inLanguage\":\"pl-PL\"},{\"@type\":\"Organization\",\"@id\":\"https:\/\/parafiaklimkowka.pl\/#organization\",\"name\":\"Parafia p.w. \u015bw. Micha\u0142a Archanio\u0142a w Klimk\u00f3wce\",\"url\":\"https:\/\/parafiaklimkowka.pl\/\",\"logo\":{\"@type\":\"ImageObject\",\"inLanguage\":\"pl-PL\",\"@id\":\"https:\/\/parafiaklimkowka.pl\/#\/schema\/logo\/image\/\",\"url\":\"http:\/\/parafiaklimkowka.pl\/wp-content\/uploads\/2019\/10\/anio\u01428_jpeg.jpg\",\"contentUrl\":\"http:\/\/parafiaklimkowka.pl\/wp-content\/uploads\/2019\/10\/anio\u01428_jpeg.jpg\",\"width\":658,\"height\":483,\"caption\":\"Parafia p.w. \u015bw. Micha\u0142a Archanio\u0142a w Klimk\u00f3wce\"},\"image\":{\"@id\":\"https:\/\/parafiaklimkowka.pl\/#\/schema\/logo\/image\/\"}},{\"@type\":\"Person\",\"@id\":\"https:\/\/parafiaklimkowka.pl\/#\/schema\/person\/8411339f73ed143172a1fc20b8c20562\",\"name\":\"kadmins70\",\"image\":{\"@type\":\"ImageObject\",\"inLanguage\":\"pl-PL\",\"@id\":\"https:\/\/parafiaklimkowka.pl\/#\/schema\/person\/image\/\",\"url\":\"https:\/\/secure.gravatar.com\/avatar\/2f1a9b134b0f743459e06c66845f8cf1?s=96&d=mm&r=g\",\"contentUrl\":\"https:\/\/secure.gravatar.com\/avatar\/2f1a9b134b0f743459e06c66845f8cf1?s=96&d=mm&r=g\",\"caption\":\"kadmins70\"}}]}<\/script>\n<!-- \/ Yoast SEO plugin. -->","yoast_head_json":{"title":"Intencje Mszalne 4 - 10 listopad - Parafia w Klimk\u00f3wce","description":"Intencje Mszalne","robots":{"index":"index","follow":"follow","max-snippet":"max-snippet:-1","max-image-preview":"max-image-preview:large","max-video-preview":"max-video-preview:-1"},"canonical":"https:\/\/parafiaklimkowka.pl\/index.php\/2019\/11\/03\/intencje-mszalne-4-10-listopad\/","og_locale":"pl_PL","og_type":"article","og_title":"Intencje Mszalne 4 - 10 listopad - Parafia w Klimk\u00f3wce","og_description":"Intencje Mszalne","og_url":"https:\/\/parafiaklimkowka.pl\/index.php\/2019\/11\/03\/intencje-mszalne-4-10-listopad\/","og_site_name":"Parafia w Klimk\u00f3wce","article_published_time":"2019-11-02T23:02:03+00:00","article_modified_time":"2020-10-23T21:07:39+00:00","author":"kadmins70","twitter_card":"summary_large_image","twitter_misc":{"Napisane przez":"kadmins70"},"schema":{"@context":"https:\/\/schema.org","@graph":[{"@type":"Article","@id":"https:\/\/parafiaklimkowka.pl\/index.php\/2019\/11\/03\/intencje-mszalne-4-10-listopad\/#article","isPartOf":{"@id":"https:\/\/parafiaklimkowka.pl\/index.php\/2019\/11\/03\/intencje-mszalne-4-10-listopad\/"},"author":{"name":"kadmins70","@id":"https:\/\/parafiaklimkowka.pl\/#\/schema\/person\/8411339f73ed143172a1fc20b8c20562"},"headline":"Intencje Mszalne 4 &#8211; 10 listopad","datePublished":"2019-11-02T23:02:03+00:00","dateModified":"2020-10-23T21:07:39+00:00","mainEntityOfPage":{"@id":"https:\/\/parafiaklimkowka.pl\/index.php\/2019\/11\/03\/intencje-mszalne-4-10-listopad\/"},"wordCount":6,"publisher":{"@id":"https:\/\/parafiaklimkowka.pl\/#organization"},"articleSection":["Intencje Mszalne"],"inLanguage":"pl-PL"},{"@type":"WebPage","@id":"https:\/\/parafiaklimkowka.pl\/index.php\/2019\/11\/03\/intencje-mszalne-4-10-listopad\/","url":"https:\/\/parafiaklimkowka.pl\/index.php\/2019\/11\/03\/intencje-mszalne-4-10-listopad\/","name":"Intencje Mszalne 4 - 10 listopad - Parafia w Klimk\u00f3wce","isPartOf":{"@id":"https:\/\/parafiaklimkowka.pl\/#website"},"datePublished":"2019-11-02T23:02:03+00:00","dateModified":"2020-10-23T21:07:39+00:00","description":"Intencje Mszalne","breadcrumb":{"@id":"https:\/\/parafiaklimkowka.pl\/index.php\/2019\/11\/03\/intencje-mszalne-4-10-listopad\/#breadcrumb"},"inLanguage":"pl-PL","potentialAction":[{"@type":"ReadAction","target":["https:\/\/parafiaklimkowka.pl\/index.php\/2019\/11\/03\/intencje-mszalne-4-10-listopad\/"]}]},{"@type":"BreadcrumbList","@id":"https:\/\/parafiaklimkowka.pl\/index.php\/2019\/11\/03\/intencje-mszalne-4-10-listopad\/#breadcrumb","itemListElement":[{"@type":"ListItem","position":1,"name":"Strona g\u0142\u00f3wna","item":"https:\/\/parafiaklimkowka.pl\/"},{"@type":"ListItem","position":2,"name":"Intencje Mszalne 4 &#8211; 10 listopad"}]},{"@type":"WebSite","@id":"https:\/\/parafiaklimkowka.pl\/#website","url":"https:\/\/parafiaklimkowka.pl\/","name":"Parafia w Klimk\u00f3wce","description":"pw. \u015aw. Micha\u0142a Archanio\u0142a","publisher":{"@id":"https:\/\/parafiaklimkowka.pl\/#organization"},"potentialAction":[{"@type":"SearchAction","target":{"@type":"EntryPoint","urlTemplate":"https:\/\/parafiaklimkowka.pl\/?s={search_term_string}"},"query-input":"required name=search_term_string"}],"inLanguage":"pl-PL"},{"@type":"Organization","@id":"https:\/\/parafiaklimkowka.pl\/#organization","name":"Parafia p.w. \u015bw. Micha\u0142a Archanio\u0142a w Klimk\u00f3wce","url":"https:\/\/parafiaklimkowka.pl\/","logo":{"@type":"ImageObject","inLanguage":"pl-PL","@id":"https:\/\/parafiaklimkowka.pl\/#\/schema\/logo\/image\/","url":"http:\/\/parafiaklimkowka.pl\/wp-content\/uploads\/2019\/10\/anio\u01428_jpeg.jpg","contentUrl":"http:\/\/parafiaklimkowka.pl\/wp-content\/uploads\/2019\/10\/anio\u01428_jpeg.jpg","width":658,"height":483,"caption":"Parafia p.w. \u015bw. Micha\u0142a Archanio\u0142a w Klimk\u00f3wce"},"image":{"@id":"https:\/\/parafiaklimkowka.pl\/#\/schema\/logo\/image\/"}},{"@type":"Person","@id":"https:\/\/parafiaklimkowka.pl\/#\/schema\/person\/8411339f73ed143172a1fc20b8c20562","name":"kadmins70","image":{"@type":"ImageObject","inLanguage":"pl-PL","@id":"https:\/\/parafiaklimkowka.pl\/#\/schema\/person\/image\/","url":"https:\/\/secure.gravatar.com\/avatar\/2f1a9b134b0f743459e06c66845f8cf1?s=96&d=mm&r=g","contentUrl":"https:\/\/secure.gravatar.com\/avatar\/2f1a9b134b0f743459e06c66845f8cf1?s=96&d=mm&r=g","caption":"kadmins70"}}]}},"_links":{"self":[{"href":"https:\/\/parafiaklimkowka.pl\/index.php\/wp-json\/wp\/v2\/posts\/217"}],"collection":[{"href":"https:\/\/parafiaklimkowka.pl\/index.php\/wp-json\/wp\/v2\/posts"}],"about":[{"href":"https:\/\/parafiaklimkowka.pl\/index.php\/wp-json\/wp\/v2\/types\/post"}],"author":[{"embeddable":true,"href":"https:\/\/parafiaklimkowka.pl\/index.php\/wp-json\/wp\/v2\/users\/1"}],"replies":[{"embeddable":true,"href":"https:\/\/parafiaklimkowka.pl\/index.php\/wp-json\/wp\/v2\/comments?post=217"}],"version-history":[{"count":17,"href":"https:\/\/parafiaklimkowka.pl\/index.php\/wp-json\/wp\/v2\/posts\/217\/revisions"}],"predecessor-version":[{"id":660,"href":"https:\/\/parafiaklimkowka.pl\/index.php\/wp-json\/wp\/v2\/posts\/217\/revisions\/660"}],"wp:attachment":[{"href":"https:\/\/parafiaklimkowka.pl\/index.php\/wp-json\/wp\/v2\/media?parent=217"}],"wp:term":[{"taxonomy":"category","embeddable":true,"href":"https:\/\/parafiaklimkowka.pl\/index.php\/wp-json\/wp\/v2\/categories?post=217"},{"taxonomy":"post_tag","embeddable":true,"href":"https:\/\/parafiaklimkowka.pl\/index.php\/wp-json\/wp\/v2\/tags?post=217"}],"curies":[{"name":"wp","href":"https:\/\/api.w.org\/{rel}","templated":true}]}}