{"id":2482,"date":"2020-04-17T16:57:45","date_gmt":"2020-04-17T14:57:45","guid":{"rendered":"http:\/\/parafiaklimkowka.pl\/?p=2482"},"modified":"2020-10-24T00:17:09","modified_gmt":"2020-10-23T22:17:09","slug":"wiekszy-limit-osob-w-kosciele","status":"publish","type":"post","link":"https:\/\/parafiaklimkowka.pl\/index.php\/2020\/04\/17\/wiekszy-limit-osob-w-kosciele\/","title":{"rendered":"Wi\u0119kszy limit os\u00f3b w ko\u015bciele"},"content":{"rendered":"<p style=\"text-align: justify;\">Z dniem 20 kwietnia (poniedzia\u0142ek) zmieniaj\u0105&nbsp;si\u0119 regu\u0142y dotycz\u0105ce uczestniczenia w&nbsp;nabo\u017ce\u0144stwach religijnych. Zwi\u0119kszeniu ulega limit os\u00f3b w miejscach kultu religijnego, do 1 osoby na&nbsp;15 mkw.<\/p>\n<p style=\"text-align: justify;\">Do&nbsp;19 kwietnia wci\u0105\u017c obowi\u0105zuj\u0105 jednak wcze\u015bniej wprowadzone przez rz\u0105d regulacje, zgodnie z&nbsp;kt\u00f3rymi w&nbsp;mszy lub&nbsp;innym obrz\u0119dzie religijnym nie&nbsp;mo\u017ce uczestniczy\u0107 jednocze\u015bnie wi\u0119cej ni\u017c&nbsp;5 os\u00f3b, wy\u0142\u0105czaj\u0105c z tego duchownych i osoby pos\u0142uguj\u0105ce.<\/p>\n<p style=\"text-align: justify;\">Pami\u0119tajmy r\u00f3wnie\u017c o obowi\u0105zku zakrywania ust i nosa w przestrzeni publicznej, w miejscach og\u00f3lnodost\u0119pnych, &nbsp;jak i o zachowaniu bezpiecznej odleg\u0142o\u015bci poza budynkiem ko\u015bcio\u0142a.<\/p>\n<p style=\"text-align: justify;\">Zgodnie z rozporz\u0105dzeniem Rady Ministr\u00f3w, od 16 kwietnia, osoby przebywaj\u0105ce w ko\u015bcio\u0142ach i kaplicach, maj\u0105 obowi\u0105zek zakrywania ust i nosa za pomoc\u0105 maseczki lub cz\u0119\u015bci odzie\u017cy. Z tego obowi\u0105zku wy\u0142\u0105czeni s\u0105 duchowni sprawuj\u0105cy kult religijny, w tym czynno\u015bci lub obrz\u0119dy religijne, podczas jego sprawowania.<\/p>\n<p style=\"text-align: justify;\">Ust i nosa nie musz\u0105 mie\u0107 zakrywane dzieci do uko\u0144czenia czwartego roku \u017cycia oraz osoby, kt\u00f3re nie mog\u0105 zakrywa\u0107 ust lub nosa z powodu stanu zdrowia, niepe\u0142nosprawno\u015bci intelektualnej w stopniu umiarkowanym albo g\u0142\u0119bokim lub niesamodzielno\u015bci.<\/p>\n<p style=\"text-align: justify;\">Ministerstwo Zdrowia przypomina, aby podczas zdejmowania maseczki jednorazowej nie dotyka\u0107 ni\u0105 oczu, nosa i ust. Maseczk\u0119 nale\u017cy wyrzuci\u0107 do kosza na odpady, a nast\u0119pnie umy\u0107 r\u0119ce wod\u0105 i myd\u0142em. Z kolei wielorazowe maseczki wymagaj\u0105 regularnej sterylizacji \u2013 tak\u0105 maseczk\u0119 nale\u017cy pra\u0107 w temperaturze co najmniej 60 st. C.<\/p>\n","protected":false},"excerpt":{"rendered":"<p>17 kwietnia 2020<\/p>\n","protected":false},"author":1,"featured_media":2483,"comment_status":"closed","ping_status":"open","sticky":false,"template":"","format":"standard","meta":{"ngg_post_thumbnail":0,"footnotes":""},"categories":[19],"tags":[],"yoast_head":"<!-- This site is optimized with the Yoast SEO plugin v23.2 - https:\/\/yoast.com\/wordpress\/plugins\/seo\/ -->\n<title>Wi\u0119kszy limit os\u00f3b w ko\u015bciele - Parafia w Klimk\u00f3wce<\/title>\n<meta name=\"robots\" content=\"index, follow, max-snippet:-1, max-image-preview:large, max-video-preview:-1\" \/>\n<link rel=\"canonical\" href=\"https:\/\/parafiaklimkowka.pl\/index.php\/2020\/04\/17\/wiekszy-limit-osob-w-kosciele\/\" \/>\n<meta property=\"og:locale\" content=\"pl_PL\" \/>\n<meta property=\"og:type\" content=\"article\" \/>\n<meta property=\"og:title\" content=\"Wi\u0119kszy limit os\u00f3b w ko\u015bciele - Parafia w Klimk\u00f3wce\" \/>\n<meta property=\"og:description\" content=\"17 kwietnia 2020\" \/>\n<meta property=\"og:url\" content=\"https:\/\/parafiaklimkowka.pl\/index.php\/2020\/04\/17\/wiekszy-limit-osob-w-kosciele\/\" \/>\n<meta property=\"og:site_name\" content=\"Parafia w Klimk\u00f3wce\" \/>\n<meta property=\"article:published_time\" content=\"2020-04-17T14:57:45+00:00\" \/>\n<meta property=\"article:modified_time\" content=\"2020-10-23T22:17:09+00:00\" \/>\n<meta property=\"og:image\" content=\"https:\/\/parafiaklimkowka.pl\/wp-content\/uploads\/2020\/04\/koronawirus.jpg\" \/>\n\t<meta property=\"og:image:width\" content=\"240\" \/>\n\t<meta property=\"og:image:height\" content=\"244\" \/>\n\t<meta property=\"og:image:type\" content=\"image\/jpeg\" \/>\n<meta name=\"author\" content=\"kadmins70\" \/>\n<meta name=\"twitter:card\" content=\"summary_large_image\" \/>\n<meta name=\"twitter:label1\" content=\"Napisane przez\" \/>\n\t<meta name=\"twitter:data1\" content=\"kadmins70\" \/>\n\t<meta name=\"twitter:label2\" content=\"Szacowany czas czytania\" \/>\n\t<meta name=\"twitter:data2\" content=\"1 minuta\" \/>\n<script type=\"application\/ld+json\" class=\"yoast-schema-graph\">{\"@context\":\"https:\/\/schema.org\",\"@graph\":[{\"@type\":\"Article\",\"@id\":\"https:\/\/parafiaklimkowka.pl\/index.php\/2020\/04\/17\/wiekszy-limit-osob-w-kosciele\/#article\",\"isPartOf\":{\"@id\":\"https:\/\/parafiaklimkowka.pl\/index.php\/2020\/04\/17\/wiekszy-limit-osob-w-kosciele\/\"},\"author\":{\"name\":\"kadmins70\",\"@id\":\"https:\/\/parafiaklimkowka.pl\/#\/schema\/person\/8411339f73ed143172a1fc20b8c20562\"},\"headline\":\"Wi\u0119kszy limit os\u00f3b w ko\u015bciele\",\"datePublished\":\"2020-04-17T14:57:45+00:00\",\"dateModified\":\"2020-10-23T22:17:09+00:00\",\"mainEntityOfPage\":{\"@id\":\"https:\/\/parafiaklimkowka.pl\/index.php\/2020\/04\/17\/wiekszy-limit-osob-w-kosciele\/\"},\"wordCount\":275,\"publisher\":{\"@id\":\"https:\/\/parafiaklimkowka.pl\/#organization\"},\"image\":{\"@id\":\"https:\/\/parafiaklimkowka.pl\/index.php\/2020\/04\/17\/wiekszy-limit-osob-w-kosciele\/#primaryimage\"},\"thumbnailUrl\":\"https:\/\/parafiaklimkowka.pl\/wp-content\/uploads\/2020\/04\/koronawirus.jpg\",\"articleSection\":[\"Wiadomo\u015bci\"],\"inLanguage\":\"pl-PL\"},{\"@type\":\"WebPage\",\"@id\":\"https:\/\/parafiaklimkowka.pl\/index.php\/2020\/04\/17\/wiekszy-limit-osob-w-kosciele\/\",\"url\":\"https:\/\/parafiaklimkowka.pl\/index.php\/2020\/04\/17\/wiekszy-limit-osob-w-kosciele\/\",\"name\":\"Wi\u0119kszy limit os\u00f3b w ko\u015bciele - Parafia w Klimk\u00f3wce\",\"isPartOf\":{\"@id\":\"https:\/\/parafiaklimkowka.pl\/#website\"},\"primaryImageOfPage\":{\"@id\":\"https:\/\/parafiaklimkowka.pl\/index.php\/2020\/04\/17\/wiekszy-limit-osob-w-kosciele\/#primaryimage\"},\"image\":{\"@id\":\"https:\/\/parafiaklimkowka.pl\/index.php\/2020\/04\/17\/wiekszy-limit-osob-w-kosciele\/#primaryimage\"},\"thumbnailUrl\":\"https:\/\/parafiaklimkowka.pl\/wp-content\/uploads\/2020\/04\/koronawirus.jpg\",\"datePublished\":\"2020-04-17T14:57:45+00:00\",\"dateModified\":\"2020-10-23T22:17:09+00:00\",\"breadcrumb\":{\"@id\":\"https:\/\/parafiaklimkowka.pl\/index.php\/2020\/04\/17\/wiekszy-limit-osob-w-kosciele\/#breadcrumb\"},\"inLanguage\":\"pl-PL\",\"potentialAction\":[{\"@type\":\"ReadAction\",\"target\":[\"https:\/\/parafiaklimkowka.pl\/index.php\/2020\/04\/17\/wiekszy-limit-osob-w-kosciele\/\"]}]},{\"@type\":\"ImageObject\",\"inLanguage\":\"pl-PL\",\"@id\":\"https:\/\/parafiaklimkowka.pl\/index.php\/2020\/04\/17\/wiekszy-limit-osob-w-kosciele\/#primaryimage\",\"url\":\"https:\/\/parafiaklimkowka.pl\/wp-content\/uploads\/2020\/04\/koronawirus.jpg\",\"contentUrl\":\"https:\/\/parafiaklimkowka.pl\/wp-content\/uploads\/2020\/04\/koronawirus.jpg\",\"width\":240,\"height\":244},{\"@type\":\"BreadcrumbList\",\"@id\":\"https:\/\/parafiaklimkowka.pl\/index.php\/2020\/04\/17\/wiekszy-limit-osob-w-kosciele\/#breadcrumb\",\"itemListElement\":[{\"@type\":\"ListItem\",\"position\":1,\"name\":\"Strona g\u0142\u00f3wna\",\"item\":\"https:\/\/parafiaklimkowka.pl\/\"},{\"@type\":\"ListItem\",\"position\":2,\"name\":\"Wi\u0119kszy limit os\u00f3b w ko\u015bciele\"}]},{\"@type\":\"WebSite\",\"@id\":\"https:\/\/parafiaklimkowka.pl\/#website\",\"url\":\"https:\/\/parafiaklimkowka.pl\/\",\"name\":\"Parafia w Klimk\u00f3wce\",\"description\":\"pw. \u015aw. Micha\u0142a Archanio\u0142a\",\"publisher\":{\"@id\":\"https:\/\/parafiaklimkowka.pl\/#organization\"},\"potentialAction\":[{\"@type\":\"SearchAction\",\"target\":{\"@type\":\"EntryPoint\",\"urlTemplate\":\"https:\/\/parafiaklimkowka.pl\/?s={search_term_string}\"},\"query-input\":\"required name=search_term_string\"}],\"inLanguage\":\"pl-PL\"},{\"@type\":\"Organization\",\"@id\":\"https:\/\/parafiaklimkowka.pl\/#organization\",\"name\":\"Parafia p.w. \u015bw. Micha\u0142a Archanio\u0142a w Klimk\u00f3wce\",\"url\":\"https:\/\/parafiaklimkowka.pl\/\",\"logo\":{\"@type\":\"ImageObject\",\"inLanguage\":\"pl-PL\",\"@id\":\"https:\/\/parafiaklimkowka.pl\/#\/schema\/logo\/image\/\",\"url\":\"http:\/\/parafiaklimkowka.pl\/wp-content\/uploads\/2019\/10\/anio\u01428_jpeg.jpg\",\"contentUrl\":\"http:\/\/parafiaklimkowka.pl\/wp-content\/uploads\/2019\/10\/anio\u01428_jpeg.jpg\",\"width\":658,\"height\":483,\"caption\":\"Parafia p.w. \u015bw. Micha\u0142a Archanio\u0142a w Klimk\u00f3wce\"},\"image\":{\"@id\":\"https:\/\/parafiaklimkowka.pl\/#\/schema\/logo\/image\/\"}},{\"@type\":\"Person\",\"@id\":\"https:\/\/parafiaklimkowka.pl\/#\/schema\/person\/8411339f73ed143172a1fc20b8c20562\",\"name\":\"kadmins70\",\"image\":{\"@type\":\"ImageObject\",\"inLanguage\":\"pl-PL\",\"@id\":\"https:\/\/parafiaklimkowka.pl\/#\/schema\/person\/image\/\",\"url\":\"https:\/\/secure.gravatar.com\/avatar\/2f1a9b134b0f743459e06c66845f8cf1?s=96&d=mm&r=g\",\"contentUrl\":\"https:\/\/secure.gravatar.com\/avatar\/2f1a9b134b0f743459e06c66845f8cf1?s=96&d=mm&r=g\",\"caption\":\"kadmins70\"}}]}<\/script>\n<!-- \/ Yoast SEO plugin. -->","yoast_head_json":{"title":"Wi\u0119kszy limit os\u00f3b w ko\u015bciele - Parafia w Klimk\u00f3wce","robots":{"index":"index","follow":"follow","max-snippet":"max-snippet:-1","max-image-preview":"max-image-preview:large","max-video-preview":"max-video-preview:-1"},"canonical":"https:\/\/parafiaklimkowka.pl\/index.php\/2020\/04\/17\/wiekszy-limit-osob-w-kosciele\/","og_locale":"pl_PL","og_type":"article","og_title":"Wi\u0119kszy limit os\u00f3b w ko\u015bciele - Parafia w Klimk\u00f3wce","og_description":"17 kwietnia 2020","og_url":"https:\/\/parafiaklimkowka.pl\/index.php\/2020\/04\/17\/wiekszy-limit-osob-w-kosciele\/","og_site_name":"Parafia w Klimk\u00f3wce","article_published_time":"2020-04-17T14:57:45+00:00","article_modified_time":"2020-10-23T22:17:09+00:00","og_image":[{"width":240,"height":244,"url":"https:\/\/parafiaklimkowka.pl\/wp-content\/uploads\/2020\/04\/koronawirus.jpg","type":"image\/jpeg"}],"author":"kadmins70","twitter_card":"summary_large_image","twitter_misc":{"Napisane przez":"kadmins70","Szacowany czas czytania":"1 minuta"},"schema":{"@context":"https:\/\/schema.org","@graph":[{"@type":"Article","@id":"https:\/\/parafiaklimkowka.pl\/index.php\/2020\/04\/17\/wiekszy-limit-osob-w-kosciele\/#article","isPartOf":{"@id":"https:\/\/parafiaklimkowka.pl\/index.php\/2020\/04\/17\/wiekszy-limit-osob-w-kosciele\/"},"author":{"name":"kadmins70","@id":"https:\/\/parafiaklimkowka.pl\/#\/schema\/person\/8411339f73ed143172a1fc20b8c20562"},"headline":"Wi\u0119kszy limit os\u00f3b w ko\u015bciele","datePublished":"2020-04-17T14:57:45+00:00","dateModified":"2020-10-23T22:17:09+00:00","mainEntityOfPage":{"@id":"https:\/\/parafiaklimkowka.pl\/index.php\/2020\/04\/17\/wiekszy-limit-osob-w-kosciele\/"},"wordCount":275,"publisher":{"@id":"https:\/\/parafiaklimkowka.pl\/#organization"},"image":{"@id":"https:\/\/parafiaklimkowka.pl\/index.php\/2020\/04\/17\/wiekszy-limit-osob-w-kosciele\/#primaryimage"},"thumbnailUrl":"https:\/\/parafiaklimkowka.pl\/wp-content\/uploads\/2020\/04\/koronawirus.jpg","articleSection":["Wiadomo\u015bci"],"inLanguage":"pl-PL"},{"@type":"WebPage","@id":"https:\/\/parafiaklimkowka.pl\/index.php\/2020\/04\/17\/wiekszy-limit-osob-w-kosciele\/","url":"https:\/\/parafiaklimkowka.pl\/index.php\/2020\/04\/17\/wiekszy-limit-osob-w-kosciele\/","name":"Wi\u0119kszy limit os\u00f3b w ko\u015bciele - Parafia w Klimk\u00f3wce","isPartOf":{"@id":"https:\/\/parafiaklimkowka.pl\/#website"},"primaryImageOfPage":{"@id":"https:\/\/parafiaklimkowka.pl\/index.php\/2020\/04\/17\/wiekszy-limit-osob-w-kosciele\/#primaryimage"},"image":{"@id":"https:\/\/parafiaklimkowka.pl\/index.php\/2020\/04\/17\/wiekszy-limit-osob-w-kosciele\/#primaryimage"},"thumbnailUrl":"https:\/\/parafiaklimkowka.pl\/wp-content\/uploads\/2020\/04\/koronawirus.jpg","datePublished":"2020-04-17T14:57:45+00:00","dateModified":"2020-10-23T22:17:09+00:00","breadcrumb":{"@id":"https:\/\/parafiaklimkowka.pl\/index.php\/2020\/04\/17\/wiekszy-limit-osob-w-kosciele\/#breadcrumb"},"inLanguage":"pl-PL","potentialAction":[{"@type":"ReadAction","target":["https:\/\/parafiaklimkowka.pl\/index.php\/2020\/04\/17\/wiekszy-limit-osob-w-kosciele\/"]}]},{"@type":"ImageObject","inLanguage":"pl-PL","@id":"https:\/\/parafiaklimkowka.pl\/index.php\/2020\/04\/17\/wiekszy-limit-osob-w-kosciele\/#primaryimage","url":"https:\/\/parafiaklimkowka.pl\/wp-content\/uploads\/2020\/04\/koronawirus.jpg","contentUrl":"https:\/\/parafiaklimkowka.pl\/wp-content\/uploads\/2020\/04\/koronawirus.jpg","width":240,"height":244},{"@type":"BreadcrumbList","@id":"https:\/\/parafiaklimkowka.pl\/index.php\/2020\/04\/17\/wiekszy-limit-osob-w-kosciele\/#breadcrumb","itemListElement":[{"@type":"ListItem","position":1,"name":"Strona g\u0142\u00f3wna","item":"https:\/\/parafiaklimkowka.pl\/"},{"@type":"ListItem","position":2,"name":"Wi\u0119kszy limit os\u00f3b w ko\u015bciele"}]},{"@type":"WebSite","@id":"https:\/\/parafiaklimkowka.pl\/#website","url":"https:\/\/parafiaklimkowka.pl\/","name":"Parafia w Klimk\u00f3wce","description":"pw. \u015aw. Micha\u0142a Archanio\u0142a","publisher":{"@id":"https:\/\/parafiaklimkowka.pl\/#organization"},"potentialAction":[{"@type":"SearchAction","target":{"@type":"EntryPoint","urlTemplate":"https:\/\/parafiaklimkowka.pl\/?s={search_term_string}"},"query-input":"required name=search_term_string"}],"inLanguage":"pl-PL"},{"@type":"Organization","@id":"https:\/\/parafiaklimkowka.pl\/#organization","name":"Parafia p.w. \u015bw. Micha\u0142a Archanio\u0142a w Klimk\u00f3wce","url":"https:\/\/parafiaklimkowka.pl\/","logo":{"@type":"ImageObject","inLanguage":"pl-PL","@id":"https:\/\/parafiaklimkowka.pl\/#\/schema\/logo\/image\/","url":"http:\/\/parafiaklimkowka.pl\/wp-content\/uploads\/2019\/10\/anio\u01428_jpeg.jpg","contentUrl":"http:\/\/parafiaklimkowka.pl\/wp-content\/uploads\/2019\/10\/anio\u01428_jpeg.jpg","width":658,"height":483,"caption":"Parafia p.w. \u015bw. Micha\u0142a Archanio\u0142a w Klimk\u00f3wce"},"image":{"@id":"https:\/\/parafiaklimkowka.pl\/#\/schema\/logo\/image\/"}},{"@type":"Person","@id":"https:\/\/parafiaklimkowka.pl\/#\/schema\/person\/8411339f73ed143172a1fc20b8c20562","name":"kadmins70","image":{"@type":"ImageObject","inLanguage":"pl-PL","@id":"https:\/\/parafiaklimkowka.pl\/#\/schema\/person\/image\/","url":"https:\/\/secure.gravatar.com\/avatar\/2f1a9b134b0f743459e06c66845f8cf1?s=96&d=mm&r=g","contentUrl":"https:\/\/secure.gravatar.com\/avatar\/2f1a9b134b0f743459e06c66845f8cf1?s=96&d=mm&r=g","caption":"kadmins70"}}]}},"_links":{"self":[{"href":"https:\/\/parafiaklimkowka.pl\/index.php\/wp-json\/wp\/v2\/posts\/2482"}],"collection":[{"href":"https:\/\/parafiaklimkowka.pl\/index.php\/wp-json\/wp\/v2\/posts"}],"about":[{"href":"https:\/\/parafiaklimkowka.pl\/index.php\/wp-json\/wp\/v2\/types\/post"}],"author":[{"embeddable":true,"href":"https:\/\/parafiaklimkowka.pl\/index.php\/wp-json\/wp\/v2\/users\/1"}],"replies":[{"embeddable":true,"href":"https:\/\/parafiaklimkowka.pl\/index.php\/wp-json\/wp\/v2\/comments?post=2482"}],"version-history":[{"count":3,"href":"https:\/\/parafiaklimkowka.pl\/index.php\/wp-json\/wp\/v2\/posts\/2482\/revisions"}],"predecessor-version":[{"id":2490,"href":"https:\/\/parafiaklimkowka.pl\/index.php\/wp-json\/wp\/v2\/posts\/2482\/revisions\/2490"}],"wp:featuredmedia":[{"embeddable":true,"href":"https:\/\/parafiaklimkowka.pl\/index.php\/wp-json\/wp\/v2\/media\/2483"}],"wp:attachment":[{"href":"https:\/\/parafiaklimkowka.pl\/index.php\/wp-json\/wp\/v2\/media?parent=2482"}],"wp:term":[{"taxonomy":"category","embeddable":true,"href":"https:\/\/parafiaklimkowka.pl\/index.php\/wp-json\/wp\/v2\/categories?post=2482"},{"taxonomy":"post_tag","embeddable":true,"href":"https:\/\/parafiaklimkowka.pl\/index.php\/wp-json\/wp\/v2\/tags?post=2482"}],"curies":[{"name":"wp","href":"https:\/\/api.w.org\/{rel}","templated":true}]}}