{"id":2926,"date":"2020-07-19T09:11:18","date_gmt":"2020-07-19T07:11:18","guid":{"rendered":"http:\/\/parafiaklimkowka.pl\/?p=2926"},"modified":"2020-10-23T23:27:41","modified_gmt":"2020-10-23T21:27:41","slug":"ogloszenia-duszpasterskie-xvi-niedziela-zwykla-19-07-2020","status":"publish","type":"post","link":"https:\/\/parafiaklimkowka.pl\/index.php\/2020\/07\/19\/ogloszenia-duszpasterskie-xvi-niedziela-zwykla-19-07-2020\/","title":{"rendered":"Og\u0142oszenia duszpasterskie \u2013 XVI Niedziela Zwyk\u0142a \u2013 19.07.2020"},"content":{"rendered":"<p style=\"text-align: justify;\">1.Trwa pe\u0142nia lata, wakacji, urlop\u00f3w. Bywa, \u017ce zapatrzeni w siebie nie dostrzegamy tych, kt\u00f3rzy pozostali na uboczu, kt\u00f3rzy mo\u017ce w szczeg\u00f3lny spos\u00f3b potrzebuj\u0105 naszej pomocy. Nie wszyscy maj\u0105 radosne wakacje. Popatrzmy, ile dzieci z biednych rodzin, cz\u0119sto dotkni\u0119tych bezrobociem, rozbitych, patologicznych, nie wyjecha\u0142o na wakacyjny wypoczynek. Ich los nie mo\u017ce by\u0107 nam oboj\u0119tny. Pami\u0119tajmy te\u017c o trudzie rolnik\u00f3w podczas \u017cniw; pami\u0119tajmy, \u017ce ka\u017cda kromka chleba to pot i wiele godzin ludzkiej pracy. Szanujmy to i nie przestawajmy im \u017cyczy\u0107: szcz\u0119\u015b\u0107 Bo\u017ce.<\/p>\n<p style=\"text-align: justify;\"><strong>2. W najbli\u017csz\u0105 sobot\u0119 25 lipca, obchodzimy \u015bwi\u0119to \u015bw. Jakuba Aposto\u0142a<\/strong>. Zosta\u0142 powo\u0142any jako jeden z pierwszych uczni\u00f3w Pana Jezusa wraz ze swoim bratem Janem, st\u0105d Jakub Starszy albo Wi\u0119kszy. Spo\u015br\u00f3d Aposto\u0142\u00f3w jest pierwszym, a po Szczepanie drugim m\u0119czennikiem Ko\u015bcio\u0142a. Ju\u017c w 44 roku na rozkaz Heroda zosta\u0142 \u015bci\u0119ty mieczem (Dz 12,1-2). Jego kr\u00f3tkie \u017cycie \u015bwiadczy o tym, \u017ce tylko mi\u0142o\u015b\u0107 i pokorna s\u0142u\u017cba s\u0105 drog\u0105 do prawdziwej wielko\u015bci.<\/p>\n<p style=\"text-align: justify;\"><strong>3. Pod t\u0105 sam\u0105 dat\u0105 czcimy te\u017c \u015bw. Krzysztofa, <\/strong>m\u0119czennika z po\u0142owy III wieku, patrona kierowc\u00f3w i podr\u00f3\u017cuj\u0105cych, or\u0119downika w \u015bmiertelnych niebezpiecze\u0144stwach. Mo\u017ce warto pami\u0119ta\u0107 o nim podczas wakacyjnych woja\u017cy, prosi\u0107 go o opiek\u0119, aby szcz\u0119\u015bliwie i ca\u0142o powr\u00f3ci\u0107 do domu. Z racji wspomnienia tego \u015bwi\u0119tego, dzi\u015b po wszystkich Mszach \u015awi\u0119tych, b\u0142ogos\u0142awie\u0144stwo kierowc\u00f3w i naszych pojazd\u00f3w mechanicznych. Modlili si\u0119 o roztropne ich wykorzystywanie. Prze\u017cywamy Tydzie\u0144 \u015awi\u0119tego Krzysztofa i akcj\u0119 Miva Polska, kt\u00f3ra wspiera Polskich Misjonarzy, dlatego dzi\u015b tak\u017ce zbi\u00f3rka do puszek na ten cel.<\/p>\n<p style=\"text-align: justify;\">4. W przysz\u0142\u0105 niedziel\u0119 b\u0119dziemy obchodzili 17 Niedziel\u0119 Zwyk\u0142\u0105. Gdyby nie niedziela w liturgii <strong>obchodziliby\u015bmy wspominamy \u015bw. Joachima i \u015bw. Ann\u0119, rodzic\u00f3w Naj\u015bwi\u0119tszej Maryi Panny.<\/strong> W dzisiejszych trudnych czasach pomniejszania roli rodziny warto zwr\u00f3ci\u0107 si\u0119 w modlitwie do tych \u015bwi\u0119tych ma\u0142\u017conk\u00f3w, prosz\u0105c o pomoc w budowaniu silnej Bogiem polskiej rodziny. M\u00f3dlmy si\u0119 te\u017c za naszych rodzic\u00f3w i dziadk\u00f3w \u2013 tych \u017cyj\u0105cych i tych powo\u0142anych ju\u017c do wieczno\u015bci.<\/p>\n<p style=\"text-align: justify;\">5.W tym tygodniu Msze \u015awi\u0119te w dzie\u0144 powszedni w poniedzia\u0142ek i wtorek o godzinie 8.00, w \u015brod\u0119, czwartek i &nbsp;pi\u0105tek o godzinie 17.15 i 18.00, w sobot\u0119 o 16.00 i 18.00.<\/p>\n<p style=\"text-align: justify;\">6. Dzi\u0119kujemy za sprz\u0105tanie Ko\u015bcio\u0142a tym osobom, kt\u00f3re to uczyni\u0142y w minionym tygodniu, a na sobot\u0119, na godzin\u0119 8.00 zapraszamy wiernych, <strong>z ulicy S\u0142onecznej, numery 32, 38, 44, 46 (Ko\u015bci\u00f3\u0142) i z ulicy S\u0142onecznej, numery 48, 50 (Ko\u015bci\u00f3\u0142ek).<\/strong><\/p>\n<p style=\"text-align: justify;\"><strong>7. W sobot\u0119 25 czerwca, sz\u00f3sty miesi\u0105c Nowenny przed Jubileuszem 25 lecia Akcji Katolickiej w naszej Archidiecezji. <\/strong><strong>Msza \u015awi\u0119ta o godzinie 16.00, po niej wystawienie Naj\u015bwi\u0119tszego Sakramentu, adoracja w ciszy, o godzinie 17.40 Nowenna Akcji Katolickiej i Msza \u015awi\u0119ta o godzinie 18.00.<\/strong><\/p>\n<p style=\"text-align: justify;\">8.Przysz\u0142a niedziela jest ostatni\u0105 niedziel\u0105 miesi\u0105ca. <strong>Sk\u0142adka mszalna, zbierana przez Rad\u0119 Parafialn\u0105, z przeznaczeniem na potrzeby naszej Parafii i Ko\u015bcio\u0142a<\/strong>.<\/p>\n\n\n<hr>\n\n<h3 style=\"text-align: justify;\">Ewangelia <strong>&#8211; na XVI Niedziel\u0119 Zwyk\u0142\u0105<\/strong><\/h3>\n<h4 style=\"text-align: justify;\"><em><strong data-rich-text-format-boundary=\"true\">Ewangelia wed\u0142ug \u015awi\u0119tego Mateusza<\/strong><\/em><\/h4>\n<p style=\"text-align: justify;\">Jezus opowiedzia\u0142 t\u0142umom t\u0119 przypowie\u015b\u0107:<\/p>\n<p style=\"text-align: justify;\">\u201eKr\u00f3lestwo niebieskie podobne jest do cz\u0142owieka, kt\u00f3ry posia\u0142 dobre nasienie na swojej roli. Lecz gdy ludzie spali, przyszed\u0142 jego nieprzyjaciel, nasia\u0142 chwastu mi\u0119dzy pszenic\u0119 i odszed\u0142.<\/p>\n<p style=\"text-align: justify;\">A gdy zbo\u017ce wyros\u0142o i wypu\u015bci\u0142o k\u0142osy, wtedy pojawi\u0142 si\u0119 i chwast. S\u0142udzy gospodarza przyszli i zapytali go: \u00abPanie, czy nie posia\u0142e\u015b dobrego nasienia na swej roli? Sk\u0105d wi\u0119c si\u0119 wzi\u0105\u0142 na niej chwast?\u00bb Odpowiedzia\u0142 im: \u00abNieprzyjazny cz\u0142owiek to sprawi\u0142\u00bb. Rzekli mu s\u0142udzy: \u00abChcesz wi\u0119c, \u017ceby\u015bmy poszli i zebrali go?\u00bb A on im odrzek\u0142: \u00abNie, by\u015bcie zbieraj\u0105c chwast nie wyrwali razem z nim i pszenicy. Pozw\u00f3lcie obojgu r\u00f3\u015b\u0107 a\u017c do \u017cniwa; a w czasie \u017cniwa powiem \u017ce\u0144com: Zbierzcie najpierw chwast i powi\u0105\u017ccie go w snopki na spalenie; pszenic\u0119 za\u015b zwie\u017acie do mego spichlerza\u00bb\u201d.<\/p>\n<p style=\"text-align: justify;\">Inn\u0105 przypowie\u015b\u0107 im powiedzia\u0142: \u201eKr\u00f3lestwo niebieskie podobne jest do ziarnka gorczycy, kt\u00f3re kto\u015b wzi\u0105\u0142 i posia\u0142 na swej roli. Jest ono najmniejsze ze wszystkich nasion, lecz gdy wyro\u015bnie, jest wi\u0119ksze od innych jarzyn i staje si\u0119 drzewem, tak \u017ce ptaki przylatuj\u0105 z powietrza i gnie\u017cd\u017c\u0105 si\u0119 na jego ga\u0142\u0119ziach\u201d.<\/p>\n<p style=\"text-align: justify;\">Powiedzia\u0142 im inn\u0105 przypowie\u015b\u0107: \u201eKr\u00f3lestwo niebieskie podobne jest do zaczynu, kt\u00f3ry pewna kobieta wzi\u0119\u0142a i w\u0142o\u017cy\u0142a w trzy miary m\u0105ki, a\u017c si\u0119 wszystko zakwasi\u0142o\u201d.<\/p>\n<p style=\"text-align: justify;\">To wszystko m\u00f3wi\u0142 Jezus t\u0142umom w przypowie\u015bciach, a bez przypowie\u015bci nic im nie m\u00f3wi\u0142. Tak mia\u0142o si\u0119 spe\u0142ni\u0107 s\u0142owo Proroka: \u201eOtworz\u0119 usta w przypowie\u015bciach, wypowiem rzeczy ukryte od za\u0142o\u017cenia \u015bwiata\u201d.<\/p>\n<p style=\"text-align: justify;\">Wtedy odprawi\u0142 t\u0142umy i wr\u00f3ci\u0142 do domu. Tam przyst\u0105pili do Niego uczniowie i prosili Go: \u201eWyja\u015bnij nam przypowie\u015b\u0107 o chwa\u015bcie\u201d. On odpowiedzia\u0142:<\/p>\n<p style=\"text-align: justify;\">\u201eTym, kt\u00f3ry sieje dobre nasienie, jest Syn Cz\u0142owieczy. Rol\u0105 jest \u015bwiat, dobrym nasieniem s\u0105 synowie kr\u00f3lestwa, chwastem za\u015b synowie Z\u0142ego. Nieprzyjacielem, kt\u00f3ry posia\u0142 chwast, jest diabe\u0142; \u017cniwem jest koniec \u015bwiata, a \u017ce\u0144cami s\u0105 anio\u0142owie.<\/p>\n<p style=\"text-align: justify;\">Jak wi\u0119c zbiera si\u0119 chwast i spala ogniem, tak b\u0119dzie przy ko\u0144cu \u015bwiata. Syn Cz\u0142owieczy po\u015ble anio\u0142\u00f3w swoich: ci zbior\u0105 z Jego kr\u00f3lestwa wszystkie zgorszenia i tych, kt\u00f3rzy dopuszczaj\u0105 si\u0119 nieprawo\u015bci, i wrzuc\u0105 ich w piec rozpalony; tam b\u0119dzie p\u0142acz i zgrzytanie z\u0119b\u00f3w. Wtedy sprawiedliwi ja\u015bnie\u0107 b\u0119d\u0105 jak s\u0142o\u0144ce w kr\u00f3lestwie Ojca swego.<\/p>\n<p style=\"text-align: justify;\">Kto ma uszy, niechaj s\u0142ucha\u201d.<\/p>\n\n<h4 style=\"text-align: justify;\"><strong data-rich-text-format-boundary=\"true\">Refleksja nad S\u0142owem Bo\u017cym<\/strong><\/h4>\n<p style=\"text-align: justify;\">Ludzka logika zmierza do oczyszczenia \u015brodowisk z ludzi z\u0142ych. Bo\u017ca logika wzywa do m\u0105drego dojrzewania do \u015bwi\u0119to\u015bci w bliskim s\u0105siedztwie z\u0142ych. To jest jedna z form mi\u0142osierdzia Bo\u017cego. Dobrzy s\u0105 nieustannie testowani przez blisk\u0105 obecno\u015b\u0107 z\u0142a w ich \u015brodowiskach. \u0179li za\u015b, widz\u0105c przyk\u0142ad uczciwego \u017cycia innych, s\u0105 nieustannie wzywani do nawr\u00f3cenia. Rosn\u0105 w tym samym czasie, w tych samych warunkach, w tych samych uk\u0142adach. Jedni gorsz\u0105, inni daj\u0105 dobry przyk\u0142ad. Tak b\u0119dzie do ko\u0144ca \u015bwiata. To zmaganie zgorszenia z dobrym przyk\u0142adem jest nieustannie ostrym frontem. Z\u0142o chce odnie\u015b\u0107 zwyci\u0119stwo, a dobro ro\u015bnie i wydaje owoce mimo jego atak\u00f3w.<\/p>\n<p style=\"text-align: justify;\">Nasza moc w tym, \u017ce Duch \u015awi\u0119ty jest po stronie dobra. Przypomina o tym \u015bw. Pawe\u0142: \u201eDuch przychodzi z pomoc\u0105 naszej s\u0142abo\u015bci\u201d (Rz. 8,26). Boga nie ma w dzia\u0142aniu z\u0142a. W nim jest obecny inny duch \u2013 mocny, inteligentny, gro\u017any \u2013 Szatan.<\/p>\n<p style=\"text-align: justify;\">Chwasty pija\u0144stwa, agresji, psychopatii, gwa\u0142tu, pornografii, kl\u0105twy. Chwasty niesprawiedliwo\u015bci, zak\u0142amania, zdrady, lenistwa, chciwo\u015bci&#8230; W jednym ma\u0142ym sercu mo\u017ce by\u0107 ich wiele. Znacznie wi\u0119cej jest ich w ma\u0142\u017ce\u0144stwie, w rodzinie, w s\u0105siedztwie, w parafii, w pa\u0144stwie czy w Ko\u015bciele. Pokusa ich wyrywania jest mocna. A Jezus m\u00f3wi wyra\u017anie: \u201ePozw\u00f3lcie obojgu r\u00f3\u015b\u0107 a\u017c do \u017cniwa\u201d (Mt 13,20). Pozw\u00f3lcie!<\/p>\n<p style=\"text-align: justify;\">Chrystus nie pozwala wyrywa\u0107 chwast\u00f3w. On sam rozprawi si\u0119 ze zgorszeniem u kresu dziej\u00f3w. Taka jest Jego logika. On daje nam Ducha \u015awi\u0119tego, by\u015bmy Jego moc\u0105 wygrali. Ucze\u0144 Chrystusa winien \u017cy\u0107 logik\u0105 Mistrza, a nie swoj\u0105.<\/p>\n\n\n<hr>\n\n<h3><strong>Zapowiedzi p<\/strong><strong>rzedma\u0142\u017ce\u0144skie<\/strong><\/h3>\n<ol>\n \t<li style=\"text-align: justify;\"><strong><em>\u0141ukasz Mariusz Wilusz, zamieszka\u0142y w Klimk\u00f3wce, ulica Zdrojowa, Parafia nasza <\/em><\/strong><strong><em>i Anna \u017bak, zamieszka\u0142a w Nisku, ulica D\u0142uga, Parafia \u015aw. Jana Chrzciciela.\n<\/em><\/strong><\/li>\n \t<li style=\"text-align: justify;\"><strong style=\"font-size: inherit;\"><em>Kamil Zbylut, zamieszka\u0142y w Przyb\u00f3wce, Parafia \u015aw. Kazimierza Kr\u00f3lewicza <\/em><\/strong><strong style=\"font-size: inherit;\"><em>i&nbsp; Ewelina Rygiel, zamieszka\u0142a w Klimk\u00f3wce, ulica Osiedlowa, Parafia nasza. <\/em><\/strong>&nbsp;<\/li>\n \t<li style=\"text-align: justify;\"><strong style=\"font-size: inherit;\"><em>Rafa\u0142 Stanis\u0142aw Kasperkiewicz,zamieszka\u0142y w Klimk\u00f3wce, ulica Zdrojowa, Parafia nasza <\/em><\/strong><strong style=\"font-size: inherit;\"><em>i Adrianna Olga So\u0142tysik, zamieszka\u0142a w Klimk\u00f3wce, ulica Kasztanowa, Parafia nasza. <\/em><\/strong>&nbsp;<\/li>\n \t<li style=\"text-align: justify;\"><strong style=\"font-size: inherit;\"><em>Kamil J\u00f3zef Litwin, zamieszka\u0142y w Klimk\u00f3wce, ulica Zdrojowa, Parafia nasza<\/em><\/strong><strong style=\"font-size: inherit;\"><em> i Joanna Natalia Penar, zamieszka\u0142a w Klimk\u00f3wce, ulica Zdrojowa, Parafia nasza.<\/em><\/strong><\/li>\n<\/ol>\n\n<hr>\n\n<h3><strong>Odeszli do wieczno\u015bci<\/strong><\/h3>\n\n<hr>\n\n<!-- \/wp:heading -->\n<h3><strong>Spotkania grup duszpasterskich<\/strong><\/h3>\n\n<hr>\n\n<h3><strong>Komunikaty<\/strong><\/h3>\n\n<hr>\n\n<h3><strong>Intencje modlitewne na lipiec<\/strong><\/h3>\n<!-- \/wp:heading --> <!-- wp:paragraph -->\n<h5><strong>Og\u00f3lna:<\/strong><\/h5>\n<p style=\"text-align: justify;\">M\u00f3dlmy si\u0119, aby dzisiejszym rodzinom towarzyszy\u0142y: mi\u0142o\u015b\u0107, szacunek oraz rada.<\/p>\n\n<h5><strong>Diecezjalna r\u00f3\u017ca\u0144cowa: <\/strong><\/h5>\n<p style=\"text-align: justify;\">Za przebywaj\u0105cych na wakacjach, aby nie zapominali o uczestnictwie w niedzielnej Eucharystii.<\/p>\n<!--EndFragment-->","protected":false},"excerpt":{"rendered":"<p>1.Trwa pe\u0142nia lata, wakacji, urlop\u00f3w. Bywa, \u017ce zapatrzeni w siebie nie dostrzegamy tych, kt\u00f3rzy pozostali na uboczu, kt\u00f3rzy mo\u017ce w szczeg\u00f3lny spos\u00f3b potrzebuj\u0105 naszej pomocy. Nie wszyscy maj\u0105 radosne wakacje. [&hellip;]<\/p>\n","protected":false},"author":1,"featured_media":0,"comment_status":"closed","ping_status":"open","sticky":false,"template":"","format":"standard","meta":{"ngg_post_thumbnail":0,"footnotes":""},"categories":[4],"tags":[],"yoast_head":"<!-- This site is optimized with the Yoast SEO plugin v23.2 - https:\/\/yoast.com\/wordpress\/plugins\/seo\/ -->\n<title>Og\u0142oszenia duszpasterskie \u2013 XVI Niedziela Zwyk\u0142a \u2013 19.07.2020 - Parafia w Klimk\u00f3wce<\/title>\n<meta name=\"robots\" content=\"index, follow, max-snippet:-1, max-image-preview:large, max-video-preview:-1\" \/>\n<link rel=\"canonical\" href=\"https:\/\/parafiaklimkowka.pl\/index.php\/2020\/07\/19\/ogloszenia-duszpasterskie-xvi-niedziela-zwykla-19-07-2020\/\" \/>\n<meta property=\"og:locale\" content=\"pl_PL\" \/>\n<meta property=\"og:type\" content=\"article\" \/>\n<meta property=\"og:title\" content=\"Og\u0142oszenia duszpasterskie \u2013 XVI Niedziela Zwyk\u0142a \u2013 19.07.2020 - Parafia w Klimk\u00f3wce\" \/>\n<meta property=\"og:description\" content=\"1.Trwa pe\u0142nia lata, wakacji, urlop\u00f3w. Bywa, \u017ce zapatrzeni w siebie nie dostrzegamy tych, kt\u00f3rzy pozostali na uboczu, kt\u00f3rzy mo\u017ce w szczeg\u00f3lny spos\u00f3b potrzebuj\u0105 naszej pomocy. Nie wszyscy maj\u0105 radosne wakacje. [&hellip;]\" \/>\n<meta property=\"og:url\" content=\"https:\/\/parafiaklimkowka.pl\/index.php\/2020\/07\/19\/ogloszenia-duszpasterskie-xvi-niedziela-zwykla-19-07-2020\/\" \/>\n<meta property=\"og:site_name\" content=\"Parafia w Klimk\u00f3wce\" \/>\n<meta property=\"article:published_time\" content=\"2020-07-19T07:11:18+00:00\" \/>\n<meta property=\"article:modified_time\" content=\"2020-10-23T21:27:41+00:00\" \/>\n<meta name=\"author\" content=\"kadmins70\" \/>\n<meta name=\"twitter:card\" content=\"summary_large_image\" \/>\n<meta name=\"twitter:label1\" content=\"Napisane przez\" \/>\n\t<meta name=\"twitter:data1\" content=\"kadmins70\" \/>\n\t<meta name=\"twitter:label2\" content=\"Szacowany czas czytania\" \/>\n\t<meta name=\"twitter:data2\" content=\"7 minut\" \/>\n<script type=\"application\/ld+json\" class=\"yoast-schema-graph\">{\"@context\":\"https:\/\/schema.org\",\"@graph\":[{\"@type\":\"Article\",\"@id\":\"https:\/\/parafiaklimkowka.pl\/index.php\/2020\/07\/19\/ogloszenia-duszpasterskie-xvi-niedziela-zwykla-19-07-2020\/#article\",\"isPartOf\":{\"@id\":\"https:\/\/parafiaklimkowka.pl\/index.php\/2020\/07\/19\/ogloszenia-duszpasterskie-xvi-niedziela-zwykla-19-07-2020\/\"},\"author\":{\"name\":\"kadmins70\",\"@id\":\"https:\/\/parafiaklimkowka.pl\/#\/schema\/person\/8411339f73ed143172a1fc20b8c20562\"},\"headline\":\"Og\u0142oszenia duszpasterskie \u2013 XVI Niedziela Zwyk\u0142a \u2013 19.07.2020\",\"datePublished\":\"2020-07-19T07:11:18+00:00\",\"dateModified\":\"2020-10-23T21:27:41+00:00\",\"mainEntityOfPage\":{\"@id\":\"https:\/\/parafiaklimkowka.pl\/index.php\/2020\/07\/19\/ogloszenia-duszpasterskie-xvi-niedziela-zwykla-19-07-2020\/\"},\"wordCount\":1388,\"publisher\":{\"@id\":\"https:\/\/parafiaklimkowka.pl\/#organization\"},\"articleSection\":[\"Og\u0142oszenia duszpasterskie\"],\"inLanguage\":\"pl-PL\"},{\"@type\":\"WebPage\",\"@id\":\"https:\/\/parafiaklimkowka.pl\/index.php\/2020\/07\/19\/ogloszenia-duszpasterskie-xvi-niedziela-zwykla-19-07-2020\/\",\"url\":\"https:\/\/parafiaklimkowka.pl\/index.php\/2020\/07\/19\/ogloszenia-duszpasterskie-xvi-niedziela-zwykla-19-07-2020\/\",\"name\":\"Og\u0142oszenia duszpasterskie \u2013 XVI Niedziela Zwyk\u0142a \u2013 19.07.2020 - Parafia w Klimk\u00f3wce\",\"isPartOf\":{\"@id\":\"https:\/\/parafiaklimkowka.pl\/#website\"},\"datePublished\":\"2020-07-19T07:11:18+00:00\",\"dateModified\":\"2020-10-23T21:27:41+00:00\",\"breadcrumb\":{\"@id\":\"https:\/\/parafiaklimkowka.pl\/index.php\/2020\/07\/19\/ogloszenia-duszpasterskie-xvi-niedziela-zwykla-19-07-2020\/#breadcrumb\"},\"inLanguage\":\"pl-PL\",\"potentialAction\":[{\"@type\":\"ReadAction\",\"target\":[\"https:\/\/parafiaklimkowka.pl\/index.php\/2020\/07\/19\/ogloszenia-duszpasterskie-xvi-niedziela-zwykla-19-07-2020\/\"]}]},{\"@type\":\"BreadcrumbList\",\"@id\":\"https:\/\/parafiaklimkowka.pl\/index.php\/2020\/07\/19\/ogloszenia-duszpasterskie-xvi-niedziela-zwykla-19-07-2020\/#breadcrumb\",\"itemListElement\":[{\"@type\":\"ListItem\",\"position\":1,\"name\":\"Strona g\u0142\u00f3wna\",\"item\":\"https:\/\/parafiaklimkowka.pl\/\"},{\"@type\":\"ListItem\",\"position\":2,\"name\":\"Og\u0142oszenia duszpasterskie \u2013 XVI Niedziela Zwyk\u0142a \u2013 19.07.2020\"}]},{\"@type\":\"WebSite\",\"@id\":\"https:\/\/parafiaklimkowka.pl\/#website\",\"url\":\"https:\/\/parafiaklimkowka.pl\/\",\"name\":\"Parafia w Klimk\u00f3wce\",\"description\":\"pw. \u015aw. Micha\u0142a Archanio\u0142a\",\"publisher\":{\"@id\":\"https:\/\/parafiaklimkowka.pl\/#organization\"},\"potentialAction\":[{\"@type\":\"SearchAction\",\"target\":{\"@type\":\"EntryPoint\",\"urlTemplate\":\"https:\/\/parafiaklimkowka.pl\/?s={search_term_string}\"},\"query-input\":\"required name=search_term_string\"}],\"inLanguage\":\"pl-PL\"},{\"@type\":\"Organization\",\"@id\":\"https:\/\/parafiaklimkowka.pl\/#organization\",\"name\":\"Parafia p.w. \u015bw. Micha\u0142a Archanio\u0142a w Klimk\u00f3wce\",\"url\":\"https:\/\/parafiaklimkowka.pl\/\",\"logo\":{\"@type\":\"ImageObject\",\"inLanguage\":\"pl-PL\",\"@id\":\"https:\/\/parafiaklimkowka.pl\/#\/schema\/logo\/image\/\",\"url\":\"http:\/\/parafiaklimkowka.pl\/wp-content\/uploads\/2019\/10\/anio\u01428_jpeg.jpg\",\"contentUrl\":\"http:\/\/parafiaklimkowka.pl\/wp-content\/uploads\/2019\/10\/anio\u01428_jpeg.jpg\",\"width\":658,\"height\":483,\"caption\":\"Parafia p.w. \u015bw. Micha\u0142a Archanio\u0142a w Klimk\u00f3wce\"},\"image\":{\"@id\":\"https:\/\/parafiaklimkowka.pl\/#\/schema\/logo\/image\/\"}},{\"@type\":\"Person\",\"@id\":\"https:\/\/parafiaklimkowka.pl\/#\/schema\/person\/8411339f73ed143172a1fc20b8c20562\",\"name\":\"kadmins70\",\"image\":{\"@type\":\"ImageObject\",\"inLanguage\":\"pl-PL\",\"@id\":\"https:\/\/parafiaklimkowka.pl\/#\/schema\/person\/image\/\",\"url\":\"https:\/\/secure.gravatar.com\/avatar\/2f1a9b134b0f743459e06c66845f8cf1?s=96&d=mm&r=g\",\"contentUrl\":\"https:\/\/secure.gravatar.com\/avatar\/2f1a9b134b0f743459e06c66845f8cf1?s=96&d=mm&r=g\",\"caption\":\"kadmins70\"}}]}<\/script>\n<!-- \/ Yoast SEO plugin. -->","yoast_head_json":{"title":"Og\u0142oszenia duszpasterskie \u2013 XVI Niedziela Zwyk\u0142a \u2013 19.07.2020 - Parafia w Klimk\u00f3wce","robots":{"index":"index","follow":"follow","max-snippet":"max-snippet:-1","max-image-preview":"max-image-preview:large","max-video-preview":"max-video-preview:-1"},"canonical":"https:\/\/parafiaklimkowka.pl\/index.php\/2020\/07\/19\/ogloszenia-duszpasterskie-xvi-niedziela-zwykla-19-07-2020\/","og_locale":"pl_PL","og_type":"article","og_title":"Og\u0142oszenia duszpasterskie \u2013 XVI Niedziela Zwyk\u0142a \u2013 19.07.2020 - Parafia w Klimk\u00f3wce","og_description":"1.Trwa pe\u0142nia lata, wakacji, urlop\u00f3w. Bywa, \u017ce zapatrzeni w siebie nie dostrzegamy tych, kt\u00f3rzy pozostali na uboczu, kt\u00f3rzy mo\u017ce w szczeg\u00f3lny spos\u00f3b potrzebuj\u0105 naszej pomocy. Nie wszyscy maj\u0105 radosne wakacje. [&hellip;]","og_url":"https:\/\/parafiaklimkowka.pl\/index.php\/2020\/07\/19\/ogloszenia-duszpasterskie-xvi-niedziela-zwykla-19-07-2020\/","og_site_name":"Parafia w Klimk\u00f3wce","article_published_time":"2020-07-19T07:11:18+00:00","article_modified_time":"2020-10-23T21:27:41+00:00","author":"kadmins70","twitter_card":"summary_large_image","twitter_misc":{"Napisane przez":"kadmins70","Szacowany czas czytania":"7 minut"},"schema":{"@context":"https:\/\/schema.org","@graph":[{"@type":"Article","@id":"https:\/\/parafiaklimkowka.pl\/index.php\/2020\/07\/19\/ogloszenia-duszpasterskie-xvi-niedziela-zwykla-19-07-2020\/#article","isPartOf":{"@id":"https:\/\/parafiaklimkowka.pl\/index.php\/2020\/07\/19\/ogloszenia-duszpasterskie-xvi-niedziela-zwykla-19-07-2020\/"},"author":{"name":"kadmins70","@id":"https:\/\/parafiaklimkowka.pl\/#\/schema\/person\/8411339f73ed143172a1fc20b8c20562"},"headline":"Og\u0142oszenia duszpasterskie \u2013 XVI Niedziela Zwyk\u0142a \u2013 19.07.2020","datePublished":"2020-07-19T07:11:18+00:00","dateModified":"2020-10-23T21:27:41+00:00","mainEntityOfPage":{"@id":"https:\/\/parafiaklimkowka.pl\/index.php\/2020\/07\/19\/ogloszenia-duszpasterskie-xvi-niedziela-zwykla-19-07-2020\/"},"wordCount":1388,"publisher":{"@id":"https:\/\/parafiaklimkowka.pl\/#organization"},"articleSection":["Og\u0142oszenia duszpasterskie"],"inLanguage":"pl-PL"},{"@type":"WebPage","@id":"https:\/\/parafiaklimkowka.pl\/index.php\/2020\/07\/19\/ogloszenia-duszpasterskie-xvi-niedziela-zwykla-19-07-2020\/","url":"https:\/\/parafiaklimkowka.pl\/index.php\/2020\/07\/19\/ogloszenia-duszpasterskie-xvi-niedziela-zwykla-19-07-2020\/","name":"Og\u0142oszenia duszpasterskie \u2013 XVI Niedziela Zwyk\u0142a \u2013 19.07.2020 - Parafia w Klimk\u00f3wce","isPartOf":{"@id":"https:\/\/parafiaklimkowka.pl\/#website"},"datePublished":"2020-07-19T07:11:18+00:00","dateModified":"2020-10-23T21:27:41+00:00","breadcrumb":{"@id":"https:\/\/parafiaklimkowka.pl\/index.php\/2020\/07\/19\/ogloszenia-duszpasterskie-xvi-niedziela-zwykla-19-07-2020\/#breadcrumb"},"inLanguage":"pl-PL","potentialAction":[{"@type":"ReadAction","target":["https:\/\/parafiaklimkowka.pl\/index.php\/2020\/07\/19\/ogloszenia-duszpasterskie-xvi-niedziela-zwykla-19-07-2020\/"]}]},{"@type":"BreadcrumbList","@id":"https:\/\/parafiaklimkowka.pl\/index.php\/2020\/07\/19\/ogloszenia-duszpasterskie-xvi-niedziela-zwykla-19-07-2020\/#breadcrumb","itemListElement":[{"@type":"ListItem","position":1,"name":"Strona g\u0142\u00f3wna","item":"https:\/\/parafiaklimkowka.pl\/"},{"@type":"ListItem","position":2,"name":"Og\u0142oszenia duszpasterskie \u2013 XVI Niedziela Zwyk\u0142a \u2013 19.07.2020"}]},{"@type":"WebSite","@id":"https:\/\/parafiaklimkowka.pl\/#website","url":"https:\/\/parafiaklimkowka.pl\/","name":"Parafia w Klimk\u00f3wce","description":"pw. \u015aw. Micha\u0142a Archanio\u0142a","publisher":{"@id":"https:\/\/parafiaklimkowka.pl\/#organization"},"potentialAction":[{"@type":"SearchAction","target":{"@type":"EntryPoint","urlTemplate":"https:\/\/parafiaklimkowka.pl\/?s={search_term_string}"},"query-input":"required name=search_term_string"}],"inLanguage":"pl-PL"},{"@type":"Organization","@id":"https:\/\/parafiaklimkowka.pl\/#organization","name":"Parafia p.w. \u015bw. Micha\u0142a Archanio\u0142a w Klimk\u00f3wce","url":"https:\/\/parafiaklimkowka.pl\/","logo":{"@type":"ImageObject","inLanguage":"pl-PL","@id":"https:\/\/parafiaklimkowka.pl\/#\/schema\/logo\/image\/","url":"http:\/\/parafiaklimkowka.pl\/wp-content\/uploads\/2019\/10\/anio\u01428_jpeg.jpg","contentUrl":"http:\/\/parafiaklimkowka.pl\/wp-content\/uploads\/2019\/10\/anio\u01428_jpeg.jpg","width":658,"height":483,"caption":"Parafia p.w. \u015bw. Micha\u0142a Archanio\u0142a w Klimk\u00f3wce"},"image":{"@id":"https:\/\/parafiaklimkowka.pl\/#\/schema\/logo\/image\/"}},{"@type":"Person","@id":"https:\/\/parafiaklimkowka.pl\/#\/schema\/person\/8411339f73ed143172a1fc20b8c20562","name":"kadmins70","image":{"@type":"ImageObject","inLanguage":"pl-PL","@id":"https:\/\/parafiaklimkowka.pl\/#\/schema\/person\/image\/","url":"https:\/\/secure.gravatar.com\/avatar\/2f1a9b134b0f743459e06c66845f8cf1?s=96&d=mm&r=g","contentUrl":"https:\/\/secure.gravatar.com\/avatar\/2f1a9b134b0f743459e06c66845f8cf1?s=96&d=mm&r=g","caption":"kadmins70"}}]}},"_links":{"self":[{"href":"https:\/\/parafiaklimkowka.pl\/index.php\/wp-json\/wp\/v2\/posts\/2926"}],"collection":[{"href":"https:\/\/parafiaklimkowka.pl\/index.php\/wp-json\/wp\/v2\/posts"}],"about":[{"href":"https:\/\/parafiaklimkowka.pl\/index.php\/wp-json\/wp\/v2\/types\/post"}],"author":[{"embeddable":true,"href":"https:\/\/parafiaklimkowka.pl\/index.php\/wp-json\/wp\/v2\/users\/1"}],"replies":[{"embeddable":true,"href":"https:\/\/parafiaklimkowka.pl\/index.php\/wp-json\/wp\/v2\/comments?post=2926"}],"version-history":[{"count":1,"href":"https:\/\/parafiaklimkowka.pl\/index.php\/wp-json\/wp\/v2\/posts\/2926\/revisions"}],"predecessor-version":[{"id":2927,"href":"https:\/\/parafiaklimkowka.pl\/index.php\/wp-json\/wp\/v2\/posts\/2926\/revisions\/2927"}],"wp:attachment":[{"href":"https:\/\/parafiaklimkowka.pl\/index.php\/wp-json\/wp\/v2\/media?parent=2926"}],"wp:term":[{"taxonomy":"category","embeddable":true,"href":"https:\/\/parafiaklimkowka.pl\/index.php\/wp-json\/wp\/v2\/categories?post=2926"},{"taxonomy":"post_tag","embeddable":true,"href":"https:\/\/parafiaklimkowka.pl\/index.php\/wp-json\/wp\/v2\/tags?post=2926"}],"curies":[{"name":"wp","href":"https:\/\/api.w.org\/{rel}","templated":true}]}}