{"id":2937,"date":"2020-07-26T21:55:43","date_gmt":"2020-07-26T19:55:43","guid":{"rendered":"http:\/\/parafiaklimkowka.pl\/?p=2937"},"modified":"2020-10-23T23:26:36","modified_gmt":"2020-10-23T21:26:36","slug":"ogloszenia-duszpasterskie-xvii-niedziela-zwykla-26-07-2020","status":"publish","type":"post","link":"https:\/\/parafiaklimkowka.pl\/index.php\/2020\/07\/26\/ogloszenia-duszpasterskie-xvii-niedziela-zwykla-26-07-2020\/","title":{"rendered":"Og\u0142oszenia duszpasterskie \u2013 XVII Niedziela Zwyk\u0142a \u2013 26.07.2020"},"content":{"rendered":"<p style=\"text-align: justify;\">1.Mija ju\u017c prawie po\u0142owa wakacji. Wraz z pocz\u0105tkiem obecnego tygodnia rozpoczniemy sierpie\u0144. To miesi\u0105c dla nas szczeg\u00f3lny na p\u0142aszczy\u017anie tak religijnej, jak i historycznej. W tym miesi\u0105cu ze wszystkich stron Polski i Europy setki tysi\u0119cy pielgrzym\u00f3w zd\u0105\u017caj\u0105 na Jasn\u0105 G\u00f3r\u0119. \u0141\u0105czmy si\u0119 w modlitwie z tymi, kt\u00f3rzy podj\u0119li trud wyj\u015bcia na p\u0105tnicze szlaki. W\u0142\u0105czmy si\u0119 te\u017c w wielk\u0105 modlitw\u0119 o trze\u017awo\u015b\u0107 naszego narodu. Mo\u017ce dla wyrwania z na\u0142ogu pija\u0144stwa czy narkomanii kogo\u015b bliskiego, znajomego warto ofiarowa\u0107 Panu Bogu czasow\u0105 lub ca\u0142kowit\u0105 abstynencj\u0119. Naszym or\u0119downikiem w modlitwie o trze\u017awo\u015b\u0107 jest \u015bw. Maksymilian Maria Kolbe.<\/p>\n<p style=\"text-align: justify;\">2. W najbli\u017csz\u0105 sobot\u0119 1 sierpnia, przypada 76 rocznica wybuchu powstania warszawskiego. W po\u0142owie miesi\u0105ca przedmiotem refleksji stan\u0105 si\u0119 sierpniowe dni narodowego przebudzenia na prze\u0142omie lat osiemdziesi\u0105tych na polskim wybrze\u017cu. Wspomnijmy te\u017c \u201eCud nad Wis\u0142\u0105\u201d z 1920 roku. Niech to bogactwo sierpniowych rocznic i wielkich \u015bwi\u0105t utwierdzi nasz\u0105 wiar\u0119 i ufno\u015b\u0107 w moc i pot\u0119g\u0119 Pana wiek\u00f3w.<\/p>\n<p style=\"text-align: justify;\">3. <strong>W tym tygodniu tak\u017ce pierwsza sobota i niedziela miesi\u0105ca.<\/strong> W sobot\u0119 <strong>o godzinie 17.30<\/strong> r\u00f3\u017caniec pierwszo sobotni, a w niedziel\u0119 po Mszy o <strong>godzinie 9.15 zmiana tajemnic r\u00f3\u017ca\u0144cowych.<\/strong><\/p>\n<p style=\"text-align: justify;\">4. Dzi\u0119kujemy za sprz\u0105tanie Ko\u015bcio\u0142a tym osobom, kt\u00f3re to uczyni\u0142y w minionym tygodniu, a na sobot\u0119, na godzin\u0119 8.00 zapraszamy wiernych, <strong>z ulicy Ogrodowej, numery 1, 2, 3, 4, 5 (Ko\u015bci\u00f3\u0142) i z ulicy Ogrodowej, numery 6,9,12 (Ko\u015bci\u00f3\u0142ek).<\/strong><\/p>\n<p style=\"text-align: justify;\">5. W tym tygodniu Msze \u015awi\u0119te w dni powszednie : <strong>w poniedzia\u0142ek,&nbsp; \u015brod\u0119, czwartek, pi\u0105tek o godzinie 17.15 i 18.00<\/strong>. <strong>We wtorek o godzinie 7.30 i 8.00,<\/strong> <strong>a w sobot\u0119 dwa&nbsp; \u015bluby&nbsp; o godzinie 14.00 i 15.00 i Msza \u015awi\u0119ta o godzinie 18.00. Wcze\u015bniej r\u00f3\u017caniec pierwszo sobotni o godzinie 17.30.<\/strong><\/p>\n<p style=\"text-align: justify;\">6. Dzi\u015b ostatnia niedziela miesi\u0105ca, sk\u0142adka Mszalna zbierana przez Rad\u0119 Parafialn\u0105, na potrzeby naszej Parafii i Ko\u015bcio\u0142a.<\/p>\n\n<h4 style=\"text-align: justify;\"><strong>\u015aw. Joachim i \u015bw. Anna &#8211; rodzice, dziadkowie i wychowawcy<\/strong><\/h4>\n<p style=\"text-align: justify;\">Imiona rodzic\u00f3w Maryi i zarazem dziadk\u00f3w Jezusa s\u0105 nam dobrze znane. Wynika to z faktu, \u017ce ich kult w Polsce jest do\u015b\u0107 rozpowszechniony. Zapewne powodem tego jest nasze, pe\u0142ne sentymentu, podej\u015bcie do kobiecej cz\u0119\u015bci rodu Jezusa. Kochamy mocno Naj\u015bwi\u0119tsz\u0105 Maryj\u0119 Pann\u0119 i sw\u0105 mi\u0142o\u015b\u0107 przelewamy r\u00f3wnie\u017c na Jej matk\u0119 &#8211; \u015bw. Ann\u0119. Dlatego liturgiczne wspomnienie \u015bw. Anny i \u015bw. Joachima cieszy si\u0119 u nas tak du\u017cymi wzgl\u0119dami.<\/p>\n<p style=\"text-align: justify;\">Wsp\u00f3\u0142cze\u015bnie czcimy rodzic\u00f3w Maryi wsp\u00f3lnie, cho\u0107 pocz\u0105tkowo przewa\u017ca\u0142 kult \u015bw. Anny. Przyw\u0119drowa\u0142 on do Polski ju\u017c w XIV wieku, kiedy Stolica Apostolska ustali\u0142a dat\u0119 \u015bwi\u0119ta na 26 lipca. Zawsze wyj\u0105tkow\u0105 czci\u0105 otaczano babci\u0119 Jezusa na \u015al\u0105sku. Do dzi\u015b najwi\u0119kszej czci doznaje ona na G\u00f3rze \u015bw. Anny k. Opola, gdzie znajduje si\u0119 cudowna figura tej \u015awi\u0119tej. Przedstawia ona \u015bw. Ann\u0119 piastuj\u0105c\u0105 dwoje dzieci: Maryj\u0119 i Jezusa, dlatego powszechnie jest nazywana \u015awi\u0119t\u0105 Ann\u0105 Samotrzeci\u0105 &#8211; co mo\u017cna t\u0142umaczy\u0107 \u201ewe troje razem\u201d.<\/p>\n<p style=\"text-align: justify;\">O \u015bw. Joachimie i \u015bw. Annie nie wiemy jednak za du\u017co. Pismo \u015awi\u0119te o nich nie wspomina. Troch\u0119 wi\u0119cej \u015bwiat\u0142a na te postaci rzuca jeden z apokryf\u00f3w &#8211; Protoewangelia Jakuba z ko\u0144ca II wieku. Z niego w\u0142a\u015bnie dowiadujemy si\u0119 o imionach dziadk\u00f3w Jezusa. Wiemy te\u017c, \u017ce byli oni d\u0142ugo bezdzietni. Dopiero wytrwa\u0142a modlitwa Joachima przez czterdzie\u015bci dni na pustyni wyjedna\u0142a \u0142ask\u0119 u Boga. Dar dany im w podesz\u0142ym wieku zosta\u0142 przepowiedziany przez anio\u0142a, kt\u00f3ry okre\u015bli\u0142 maj\u0105c\u0105 si\u0119 narodzi\u0107 c\u00f3rk\u0119 jako \u201erado\u015b\u0107 ziemi\u201d.<\/p>\n<p style=\"text-align: justify;\">Zapewne \u015bw. Joachim i \u015bw. Anna byli dobrymi rodzicami, czego bezdyskusyjnym przyk\u0142adem jest Maryja. W\u0142a\u015bnie Ona przyj\u0119\u0142a w pokorze Bo\u017ce wybranie, spe\u0142niaj\u0105c Jego wol\u0119 wobec siebie. Podkre\u015bli\u0142 to s\u0142uga Bo\u017cy Jan Pawe\u0142 II 21 czerwca 1983 r. w\u0142a\u015bnie na G\u00f3rze \u015bw. Anny, kiedy powiedzia\u0142, \u017ce: \u201eSyn Bo\u017cy sta\u0142 si\u0119 cz\u0142owiekiem dlatego, \u017ce Maryja sta\u0142a si\u0119 Jego Matk\u0105\u201d.<\/p>\n<p style=\"text-align: justify;\">W wielkiej mierze Maryja mog\u0142a sta\u0107 si\u0119 Matk\u0105 Zbawiciela dzi\u0119ki dobremu wychowaniu, kt\u00f3re otrzyma\u0142a w domu rodzinnym. Warto wi\u0119c postawi\u0107 pytanie: Czy my potrafimy wyci\u0105gn\u0105\u0107 z tego w\u0142a\u015bciwe wnioski dla nas samych? Trzeba nam pyta\u0107 o styl wychowywania naszych pociech. Z niego wynika ich stosunek do sacrum, do \u015bwiata Bo\u017cych plan\u00f3w wobec ka\u017cdego z naszych dzieci.<\/p>\n<p style=\"text-align: justify;\">\u015aw. Joachim i \u015bw. Anna na pewno mieli \u015bwiadomo\u015b\u0107 tego, \u017ce ich obowi\u0105zkiem jest dobre przygotowanie Maryi do wype\u0142nienia zada\u0144, kt\u00f3re B\u00f3g przed Ni\u0105 postawi\u0142.<\/p>\n\n\n<hr>\n\n<h3 style=\"text-align: justify;\">Ewangelia <strong>&#8211; na XVII Niedziel\u0119 Zwyk\u0142\u0105<\/strong><\/h3>\n<h4 style=\"text-align: justify;\"><em><strong data-rich-text-format-boundary=\"true\">Ewangelia wed\u0142ug \u015awi\u0119tego Mateusza<\/strong><\/em><\/h4>\n<p style=\"text-align: justify;\">Kr\u00f3lestwo niebieskie podobne jest do skarbu ukrytego w roli. Znalaz\u0142 go pewien cz\u0142owiek i ukry\u0142 ponownie. Z rado\u015bci poszed\u0142, sprzeda\u0142 wszystko, co mia\u0142, i kupi\u0142 t\u0119 rol\u0119. Dalej, podobne jest kr\u00f3lestwo niebieskie do kupca, poszukuj\u0105cego pi\u0119knych pere\u0142. Gdy znalaz\u0142 jedn\u0105 drogocenn\u0105 per\u0142\u0119, poszed\u0142, sprzeda\u0142 wszystko, co mia\u0142, i kupi\u0142 j\u0105. Dalej, podobne jest kr\u00f3lestwo niebieskie do sieci, zarzuconej w morze i zagarniaj\u0105cej ryby wszelkiego rodzaju. Gdy si\u0119 nape\u0142ni\u0142a, wyci\u0105gn\u0119li j\u0105 na brzeg i usiad\u0142szy, dobre zebrali w naczynia, a z\u0142e odrzucili. Tak b\u0119dzie przy ko\u0144cu \u015bwiata: wyjd\u0105 anio\u0142owie, wy\u0142\u0105cz\u0105 z\u0142ych spo\u015br\u00f3d sprawiedliwych i wrzuc\u0105 w piec rozpalony; tam b\u0119dzie p\u0142acz i zgrzytanie z\u0119b\u00f3w. Zrozumieli\u015bcie to wszystko? Odpowiedzieli Mu: Tak jest. A On rzek\u0142 do nich: Dlatego ka\u017cdy uczony w Pi\u015bmie, kt\u00f3ry sta\u0142 si\u0119 uczniem kr\u00f3lestwa niebieskiego, podobny jest do ojca rodziny, kt\u00f3ry ze swego skarbca wydobywa rzeczy nowe i stare.<\/p>\n\n<h4 style=\"text-align: justify;\"><strong data-rich-text-format-boundary=\"true\">Refleksja nad S\u0142owem Bo\u017cym<\/strong><\/h4>\n<p style=\"text-align: justify;\">Nie ma wi\u0119kszego specjalisty od biznesu ni\u017c B\u00f3g. Jego Syn przyby\u0142, by nas tego biznesu nauczy\u0107. Poda\u0142 dok\u0142adne zasady i ukaza\u0142, jak nale\u017cy ten biznes prowadzi\u0107. Wymaga on rozpoznania tego, co jest najwy\u017csz\u0105 warto\u015bci\u0105. To rozpoznanie nale\u017cy do m\u0105dro\u015bci. Ona zawsze by\u0142a, jest i b\u0119dzie ceniona, jako szko\u0142a Bo\u017cego biznesu.<\/p>\n<p style=\"text-align: justify;\">Jezus podaje metody opanowania sztuki Bo\u017cego biznesu. Pierwsza polega na otrzymaniu daru m\u0105dro\u015bci. To szcz\u0119\u015bcie, gdy cz\u0142owiek niespodziewanie odkrywa ten dar (skarb w roli). Druga polega \u2013 na stopniowym zamienianiu mniejszych warto\u015bci na wi\u0119ksze (per\u0142a). Trzecia \u2013 na codziennej selekcji i wyborze pokarmu dobrego, a odrzuceniu z\u0142ego (ryby w sieci). Ten Bo\u017cy biznes wymaga ryzyka. W pierwszych dw\u00f3ch metodach trzeba by\u0107 gotowym sprzeda\u0107 wszystko, co si\u0119 ma, by naby\u0107 ziemi\u0119 kryj\u0105c\u0105 skarb m\u0105dro\u015bci lub drogocenn\u0105 per\u0142\u0119. Nie wolno jednak nic sprzedawa\u0107, zanim si\u0119 nie dostrze\u017ce skarbu m\u0105dro\u015bci. Trzeba zawsze zamienia\u0107 to, co mniej warto\u015bciowe, na to, co jest cenniejsze.<\/p>\n<p style=\"text-align: justify;\">Mamy by\u0107 specjalistami Bo\u017cego biznesu. Jezus chce, by\u015bmy byli najszcz\u0119\u015bliwszymi i najbogatszymi lud\u017ami na \u015bwiecie. Warunek jest jeden: trzeba posi\u0105\u015b\u0107 m\u0105dro\u015b\u0107. S\u0105d ostateczny b\u0119dzie polega\u0142 na ukazaniu szcz\u0119\u015bcia Bo\u017cych biznesmen\u00f3w i b\u00f3lu bankrut\u00f3w, kt\u00f3rzy przegrali doczesno\u015b\u0107 i wieczno\u015b\u0107. Piek\u0142o to wieczny wstyd z powodu w\u0142asnego bankructwa.<\/p>\n\n\n<hr>\n\n<h3><strong>Zapowiedzi p<\/strong><strong>rzedma\u0142\u017ce\u0144skie<\/strong><\/h3>\n<ol>\n \t<li style=\"text-align: justify;\"><strong><em>Dawid Litwin, zamieszka\u0142y na ulicy Osiedlowej, Parafia \u015awi\u0119tego Micha\u0142a Archanio\u0142a w Klimk\u00f3wce&nbsp; i Kinga Ewa Wo\u0142cza\u0144ska, zamieszka\u0142a Posada G\u00f3rna, ulica Nadbrze\u017cna, Parafia \u015awi\u0119tego Stanis\u0142awa Biskupa w Rymanowie Zdroju.<\/em><\/strong><\/li>\n<\/ol>\n\n<hr>\n\n<h3><strong>Odeszli do wieczno\u015bci<\/strong><\/h3>\n\n<hr>\n\n<!-- \/wp:heading -->\n<h3><strong>Spotkania grup duszpasterskich<\/strong><\/h3>\n\n<hr>\n\n<h3><strong>Komunikaty<\/strong><\/h3>\n\n<hr>\n\n<h3><strong>Intencje modlitewne na lipiec<\/strong><\/h3>\n<!-- \/wp:heading --> <!-- wp:paragraph -->\n<h5><strong>Og\u00f3lna:<\/strong><\/h5>\n<p style=\"text-align: justify;\">M\u00f3dlmy si\u0119, aby dzisiejszym rodzinom towarzyszy\u0142y: mi\u0142o\u015b\u0107, szacunek oraz rada.<\/p>\n\n<h5><strong>Diecezjalna r\u00f3\u017ca\u0144cowa: <\/strong><\/h5>\n<p style=\"text-align: justify;\">Za przebywaj\u0105cych na wakacjach, aby nie zapominali o uczestnictwie w niedzielnej Eucharystii.<\/p>\n<!-- wp:paragraph -->\n\n<!-- \/wp:paragraph -->","protected":false},"excerpt":{"rendered":"<p>1.Mija ju\u017c prawie po\u0142owa wakacji. Wraz z pocz\u0105tkiem obecnego tygodnia rozpoczniemy sierpie\u0144. To miesi\u0105c dla nas szczeg\u00f3lny na p\u0142aszczy\u017anie tak religijnej, jak i historycznej. W tym miesi\u0105cu ze wszystkich stron [&hellip;]<\/p>\n","protected":false},"author":1,"featured_media":0,"comment_status":"closed","ping_status":"open","sticky":false,"template":"","format":"standard","meta":{"ngg_post_thumbnail":0,"footnotes":""},"categories":[4],"tags":[],"yoast_head":"<!-- This site is optimized with the Yoast SEO plugin v23.2 - https:\/\/yoast.com\/wordpress\/plugins\/seo\/ -->\n<title>Og\u0142oszenia duszpasterskie \u2013 XVII Niedziela Zwyk\u0142a \u2013 26.07.2020 - Parafia w Klimk\u00f3wce<\/title>\n<meta name=\"robots\" content=\"index, follow, max-snippet:-1, max-image-preview:large, max-video-preview:-1\" \/>\n<link rel=\"canonical\" href=\"https:\/\/parafiaklimkowka.pl\/index.php\/2020\/07\/26\/ogloszenia-duszpasterskie-xvii-niedziela-zwykla-26-07-2020\/\" \/>\n<meta property=\"og:locale\" content=\"pl_PL\" \/>\n<meta property=\"og:type\" content=\"article\" \/>\n<meta property=\"og:title\" content=\"Og\u0142oszenia duszpasterskie \u2013 XVII Niedziela Zwyk\u0142a \u2013 26.07.2020 - Parafia w Klimk\u00f3wce\" \/>\n<meta property=\"og:description\" content=\"1.Mija ju\u017c prawie po\u0142owa wakacji. Wraz z pocz\u0105tkiem obecnego tygodnia rozpoczniemy sierpie\u0144. To miesi\u0105c dla nas szczeg\u00f3lny na p\u0142aszczy\u017anie tak religijnej, jak i historycznej. W tym miesi\u0105cu ze wszystkich stron [&hellip;]\" \/>\n<meta property=\"og:url\" content=\"https:\/\/parafiaklimkowka.pl\/index.php\/2020\/07\/26\/ogloszenia-duszpasterskie-xvii-niedziela-zwykla-26-07-2020\/\" \/>\n<meta property=\"og:site_name\" content=\"Parafia w Klimk\u00f3wce\" \/>\n<meta property=\"article:published_time\" content=\"2020-07-26T19:55:43+00:00\" \/>\n<meta property=\"article:modified_time\" content=\"2020-10-23T21:26:36+00:00\" \/>\n<meta name=\"author\" content=\"kadmins70\" \/>\n<meta name=\"twitter:card\" content=\"summary_large_image\" \/>\n<meta name=\"twitter:label1\" content=\"Napisane przez\" \/>\n\t<meta name=\"twitter:data1\" content=\"kadmins70\" \/>\n\t<meta name=\"twitter:label2\" content=\"Szacowany czas czytania\" \/>\n\t<meta name=\"twitter:data2\" content=\"6 minut\" \/>\n<script type=\"application\/ld+json\" class=\"yoast-schema-graph\">{\"@context\":\"https:\/\/schema.org\",\"@graph\":[{\"@type\":\"Article\",\"@id\":\"https:\/\/parafiaklimkowka.pl\/index.php\/2020\/07\/26\/ogloszenia-duszpasterskie-xvii-niedziela-zwykla-26-07-2020\/#article\",\"isPartOf\":{\"@id\":\"https:\/\/parafiaklimkowka.pl\/index.php\/2020\/07\/26\/ogloszenia-duszpasterskie-xvii-niedziela-zwykla-26-07-2020\/\"},\"author\":{\"name\":\"kadmins70\",\"@id\":\"https:\/\/parafiaklimkowka.pl\/#\/schema\/person\/8411339f73ed143172a1fc20b8c20562\"},\"headline\":\"Og\u0142oszenia duszpasterskie \u2013 XVII Niedziela Zwyk\u0142a \u2013 26.07.2020\",\"datePublished\":\"2020-07-26T19:55:43+00:00\",\"dateModified\":\"2020-10-23T21:26:36+00:00\",\"mainEntityOfPage\":{\"@id\":\"https:\/\/parafiaklimkowka.pl\/index.php\/2020\/07\/26\/ogloszenia-duszpasterskie-xvii-niedziela-zwykla-26-07-2020\/\"},\"wordCount\":1294,\"publisher\":{\"@id\":\"https:\/\/parafiaklimkowka.pl\/#organization\"},\"articleSection\":[\"Og\u0142oszenia duszpasterskie\"],\"inLanguage\":\"pl-PL\"},{\"@type\":\"WebPage\",\"@id\":\"https:\/\/parafiaklimkowka.pl\/index.php\/2020\/07\/26\/ogloszenia-duszpasterskie-xvii-niedziela-zwykla-26-07-2020\/\",\"url\":\"https:\/\/parafiaklimkowka.pl\/index.php\/2020\/07\/26\/ogloszenia-duszpasterskie-xvii-niedziela-zwykla-26-07-2020\/\",\"name\":\"Og\u0142oszenia duszpasterskie \u2013 XVII Niedziela Zwyk\u0142a \u2013 26.07.2020 - Parafia w Klimk\u00f3wce\",\"isPartOf\":{\"@id\":\"https:\/\/parafiaklimkowka.pl\/#website\"},\"datePublished\":\"2020-07-26T19:55:43+00:00\",\"dateModified\":\"2020-10-23T21:26:36+00:00\",\"breadcrumb\":{\"@id\":\"https:\/\/parafiaklimkowka.pl\/index.php\/2020\/07\/26\/ogloszenia-duszpasterskie-xvii-niedziela-zwykla-26-07-2020\/#breadcrumb\"},\"inLanguage\":\"pl-PL\",\"potentialAction\":[{\"@type\":\"ReadAction\",\"target\":[\"https:\/\/parafiaklimkowka.pl\/index.php\/2020\/07\/26\/ogloszenia-duszpasterskie-xvii-niedziela-zwykla-26-07-2020\/\"]}]},{\"@type\":\"BreadcrumbList\",\"@id\":\"https:\/\/parafiaklimkowka.pl\/index.php\/2020\/07\/26\/ogloszenia-duszpasterskie-xvii-niedziela-zwykla-26-07-2020\/#breadcrumb\",\"itemListElement\":[{\"@type\":\"ListItem\",\"position\":1,\"name\":\"Strona g\u0142\u00f3wna\",\"item\":\"https:\/\/parafiaklimkowka.pl\/\"},{\"@type\":\"ListItem\",\"position\":2,\"name\":\"Og\u0142oszenia duszpasterskie \u2013 XVII Niedziela Zwyk\u0142a \u2013 26.07.2020\"}]},{\"@type\":\"WebSite\",\"@id\":\"https:\/\/parafiaklimkowka.pl\/#website\",\"url\":\"https:\/\/parafiaklimkowka.pl\/\",\"name\":\"Parafia w Klimk\u00f3wce\",\"description\":\"pw. \u015aw. Micha\u0142a Archanio\u0142a\",\"publisher\":{\"@id\":\"https:\/\/parafiaklimkowka.pl\/#organization\"},\"potentialAction\":[{\"@type\":\"SearchAction\",\"target\":{\"@type\":\"EntryPoint\",\"urlTemplate\":\"https:\/\/parafiaklimkowka.pl\/?s={search_term_string}\"},\"query-input\":\"required name=search_term_string\"}],\"inLanguage\":\"pl-PL\"},{\"@type\":\"Organization\",\"@id\":\"https:\/\/parafiaklimkowka.pl\/#organization\",\"name\":\"Parafia p.w. \u015bw. Micha\u0142a Archanio\u0142a w Klimk\u00f3wce\",\"url\":\"https:\/\/parafiaklimkowka.pl\/\",\"logo\":{\"@type\":\"ImageObject\",\"inLanguage\":\"pl-PL\",\"@id\":\"https:\/\/parafiaklimkowka.pl\/#\/schema\/logo\/image\/\",\"url\":\"http:\/\/parafiaklimkowka.pl\/wp-content\/uploads\/2019\/10\/anio\u01428_jpeg.jpg\",\"contentUrl\":\"http:\/\/parafiaklimkowka.pl\/wp-content\/uploads\/2019\/10\/anio\u01428_jpeg.jpg\",\"width\":658,\"height\":483,\"caption\":\"Parafia p.w. \u015bw. Micha\u0142a Archanio\u0142a w Klimk\u00f3wce\"},\"image\":{\"@id\":\"https:\/\/parafiaklimkowka.pl\/#\/schema\/logo\/image\/\"}},{\"@type\":\"Person\",\"@id\":\"https:\/\/parafiaklimkowka.pl\/#\/schema\/person\/8411339f73ed143172a1fc20b8c20562\",\"name\":\"kadmins70\",\"image\":{\"@type\":\"ImageObject\",\"inLanguage\":\"pl-PL\",\"@id\":\"https:\/\/parafiaklimkowka.pl\/#\/schema\/person\/image\/\",\"url\":\"https:\/\/secure.gravatar.com\/avatar\/2f1a9b134b0f743459e06c66845f8cf1?s=96&d=mm&r=g\",\"contentUrl\":\"https:\/\/secure.gravatar.com\/avatar\/2f1a9b134b0f743459e06c66845f8cf1?s=96&d=mm&r=g\",\"caption\":\"kadmins70\"}}]}<\/script>\n<!-- \/ Yoast SEO plugin. -->","yoast_head_json":{"title":"Og\u0142oszenia duszpasterskie \u2013 XVII Niedziela Zwyk\u0142a \u2013 26.07.2020 - Parafia w Klimk\u00f3wce","robots":{"index":"index","follow":"follow","max-snippet":"max-snippet:-1","max-image-preview":"max-image-preview:large","max-video-preview":"max-video-preview:-1"},"canonical":"https:\/\/parafiaklimkowka.pl\/index.php\/2020\/07\/26\/ogloszenia-duszpasterskie-xvii-niedziela-zwykla-26-07-2020\/","og_locale":"pl_PL","og_type":"article","og_title":"Og\u0142oszenia duszpasterskie \u2013 XVII Niedziela Zwyk\u0142a \u2013 26.07.2020 - Parafia w Klimk\u00f3wce","og_description":"1.Mija ju\u017c prawie po\u0142owa wakacji. Wraz z pocz\u0105tkiem obecnego tygodnia rozpoczniemy sierpie\u0144. To miesi\u0105c dla nas szczeg\u00f3lny na p\u0142aszczy\u017anie tak religijnej, jak i historycznej. W tym miesi\u0105cu ze wszystkich stron [&hellip;]","og_url":"https:\/\/parafiaklimkowka.pl\/index.php\/2020\/07\/26\/ogloszenia-duszpasterskie-xvii-niedziela-zwykla-26-07-2020\/","og_site_name":"Parafia w Klimk\u00f3wce","article_published_time":"2020-07-26T19:55:43+00:00","article_modified_time":"2020-10-23T21:26:36+00:00","author":"kadmins70","twitter_card":"summary_large_image","twitter_misc":{"Napisane przez":"kadmins70","Szacowany czas czytania":"6 minut"},"schema":{"@context":"https:\/\/schema.org","@graph":[{"@type":"Article","@id":"https:\/\/parafiaklimkowka.pl\/index.php\/2020\/07\/26\/ogloszenia-duszpasterskie-xvii-niedziela-zwykla-26-07-2020\/#article","isPartOf":{"@id":"https:\/\/parafiaklimkowka.pl\/index.php\/2020\/07\/26\/ogloszenia-duszpasterskie-xvii-niedziela-zwykla-26-07-2020\/"},"author":{"name":"kadmins70","@id":"https:\/\/parafiaklimkowka.pl\/#\/schema\/person\/8411339f73ed143172a1fc20b8c20562"},"headline":"Og\u0142oszenia duszpasterskie \u2013 XVII Niedziela Zwyk\u0142a \u2013 26.07.2020","datePublished":"2020-07-26T19:55:43+00:00","dateModified":"2020-10-23T21:26:36+00:00","mainEntityOfPage":{"@id":"https:\/\/parafiaklimkowka.pl\/index.php\/2020\/07\/26\/ogloszenia-duszpasterskie-xvii-niedziela-zwykla-26-07-2020\/"},"wordCount":1294,"publisher":{"@id":"https:\/\/parafiaklimkowka.pl\/#organization"},"articleSection":["Og\u0142oszenia duszpasterskie"],"inLanguage":"pl-PL"},{"@type":"WebPage","@id":"https:\/\/parafiaklimkowka.pl\/index.php\/2020\/07\/26\/ogloszenia-duszpasterskie-xvii-niedziela-zwykla-26-07-2020\/","url":"https:\/\/parafiaklimkowka.pl\/index.php\/2020\/07\/26\/ogloszenia-duszpasterskie-xvii-niedziela-zwykla-26-07-2020\/","name":"Og\u0142oszenia duszpasterskie \u2013 XVII Niedziela Zwyk\u0142a \u2013 26.07.2020 - Parafia w Klimk\u00f3wce","isPartOf":{"@id":"https:\/\/parafiaklimkowka.pl\/#website"},"datePublished":"2020-07-26T19:55:43+00:00","dateModified":"2020-10-23T21:26:36+00:00","breadcrumb":{"@id":"https:\/\/parafiaklimkowka.pl\/index.php\/2020\/07\/26\/ogloszenia-duszpasterskie-xvii-niedziela-zwykla-26-07-2020\/#breadcrumb"},"inLanguage":"pl-PL","potentialAction":[{"@type":"ReadAction","target":["https:\/\/parafiaklimkowka.pl\/index.php\/2020\/07\/26\/ogloszenia-duszpasterskie-xvii-niedziela-zwykla-26-07-2020\/"]}]},{"@type":"BreadcrumbList","@id":"https:\/\/parafiaklimkowka.pl\/index.php\/2020\/07\/26\/ogloszenia-duszpasterskie-xvii-niedziela-zwykla-26-07-2020\/#breadcrumb","itemListElement":[{"@type":"ListItem","position":1,"name":"Strona g\u0142\u00f3wna","item":"https:\/\/parafiaklimkowka.pl\/"},{"@type":"ListItem","position":2,"name":"Og\u0142oszenia duszpasterskie \u2013 XVII Niedziela Zwyk\u0142a \u2013 26.07.2020"}]},{"@type":"WebSite","@id":"https:\/\/parafiaklimkowka.pl\/#website","url":"https:\/\/parafiaklimkowka.pl\/","name":"Parafia w Klimk\u00f3wce","description":"pw. \u015aw. Micha\u0142a Archanio\u0142a","publisher":{"@id":"https:\/\/parafiaklimkowka.pl\/#organization"},"potentialAction":[{"@type":"SearchAction","target":{"@type":"EntryPoint","urlTemplate":"https:\/\/parafiaklimkowka.pl\/?s={search_term_string}"},"query-input":"required name=search_term_string"}],"inLanguage":"pl-PL"},{"@type":"Organization","@id":"https:\/\/parafiaklimkowka.pl\/#organization","name":"Parafia p.w. \u015bw. Micha\u0142a Archanio\u0142a w Klimk\u00f3wce","url":"https:\/\/parafiaklimkowka.pl\/","logo":{"@type":"ImageObject","inLanguage":"pl-PL","@id":"https:\/\/parafiaklimkowka.pl\/#\/schema\/logo\/image\/","url":"http:\/\/parafiaklimkowka.pl\/wp-content\/uploads\/2019\/10\/anio\u01428_jpeg.jpg","contentUrl":"http:\/\/parafiaklimkowka.pl\/wp-content\/uploads\/2019\/10\/anio\u01428_jpeg.jpg","width":658,"height":483,"caption":"Parafia p.w. \u015bw. Micha\u0142a Archanio\u0142a w Klimk\u00f3wce"},"image":{"@id":"https:\/\/parafiaklimkowka.pl\/#\/schema\/logo\/image\/"}},{"@type":"Person","@id":"https:\/\/parafiaklimkowka.pl\/#\/schema\/person\/8411339f73ed143172a1fc20b8c20562","name":"kadmins70","image":{"@type":"ImageObject","inLanguage":"pl-PL","@id":"https:\/\/parafiaklimkowka.pl\/#\/schema\/person\/image\/","url":"https:\/\/secure.gravatar.com\/avatar\/2f1a9b134b0f743459e06c66845f8cf1?s=96&d=mm&r=g","contentUrl":"https:\/\/secure.gravatar.com\/avatar\/2f1a9b134b0f743459e06c66845f8cf1?s=96&d=mm&r=g","caption":"kadmins70"}}]}},"_links":{"self":[{"href":"https:\/\/parafiaklimkowka.pl\/index.php\/wp-json\/wp\/v2\/posts\/2937"}],"collection":[{"href":"https:\/\/parafiaklimkowka.pl\/index.php\/wp-json\/wp\/v2\/posts"}],"about":[{"href":"https:\/\/parafiaklimkowka.pl\/index.php\/wp-json\/wp\/v2\/types\/post"}],"author":[{"embeddable":true,"href":"https:\/\/parafiaklimkowka.pl\/index.php\/wp-json\/wp\/v2\/users\/1"}],"replies":[{"embeddable":true,"href":"https:\/\/parafiaklimkowka.pl\/index.php\/wp-json\/wp\/v2\/comments?post=2937"}],"version-history":[{"count":2,"href":"https:\/\/parafiaklimkowka.pl\/index.php\/wp-json\/wp\/v2\/posts\/2937\/revisions"}],"predecessor-version":[{"id":3435,"href":"https:\/\/parafiaklimkowka.pl\/index.php\/wp-json\/wp\/v2\/posts\/2937\/revisions\/3435"}],"wp:attachment":[{"href":"https:\/\/parafiaklimkowka.pl\/index.php\/wp-json\/wp\/v2\/media?parent=2937"}],"wp:term":[{"taxonomy":"category","embeddable":true,"href":"https:\/\/parafiaklimkowka.pl\/index.php\/wp-json\/wp\/v2\/categories?post=2937"},{"taxonomy":"post_tag","embeddable":true,"href":"https:\/\/parafiaklimkowka.pl\/index.php\/wp-json\/wp\/v2\/tags?post=2937"}],"curies":[{"name":"wp","href":"https:\/\/api.w.org\/{rel}","templated":true}]}}