{"id":2963,"date":"2020-08-09T08:50:22","date_gmt":"2020-08-09T06:50:22","guid":{"rendered":"http:\/\/parafiaklimkowka.pl\/?p=2963"},"modified":"2020-10-23T23:25:27","modified_gmt":"2020-10-23T21:25:27","slug":"ogloszenia-duszpasterskie-xix-niedziela-zwykla-09-08-2020","status":"publish","type":"post","link":"https:\/\/parafiaklimkowka.pl\/index.php\/2020\/08\/09\/ogloszenia-duszpasterskie-xix-niedziela-zwykla-09-08-2020\/","title":{"rendered":"Og\u0142oszenia duszpasterskie \u2013 XIX Niedziela Zwyk\u0142a \u2013 09.08.2020"},"content":{"rendered":"<p style=\"text-align: justify;\">1. Dzisiaj 9 sierpnia, przypada 19&nbsp; niedziela zwyk\u0142a w roku liturgicznym. Natomiast w najbli\u017csz\u0105 sobot\u0119, 15 sierpnia, b\u0119dziemy obchodzi\u0107 uroczysto\u015b\u0107 Wniebowzi\u0119cia Naj\u015bwi\u0119tszej Maryi Panny. Prawd\u0119 wiary o tym, \u017ce Maryja po ziemskim \u017cyciu z cia\u0142em i dusz\u0105 zosta\u0142a wzi\u0119ta do chwa\u0142y niebieskiej i wywy\u017cszona przez Pana Boga, jako Kr\u00f3lowa, og\u0142osi\u0142 papie\u017c Pius XII w 1950 roku. Ta proklamacja dogmatu by\u0142a przypiecz\u0119towaniem starodawnej tradycji. Ju\u017c w V wieku obchodzono bowiem w Ko\u015bciele \u015bwi\u0119to Wniebowzi\u0119cia w\u0142a\u015bnie 15 sierpnia. <strong>Msze \u015bw. w naszej parafii w porz\u0105dku niedzielnym, o godzinie 7.30, 9.15 i 11.00 w Ko\u015bci\u00f3\u0142ku.<\/strong> <strong>Na wszystkich Mszach \u015awi\u0119tych po\u015bwi\u0119cenie wiank\u00f3w i zi\u00f3\u0142<\/strong>. Sam gest b\u0142ogos\u0142awienia tych rzeczy jest okazj\u0105 do wychwalania Stw\u00f3rcy za wszelkie otrzymane dary. Dzi\u0119kujemy za dar pierwszych zbior\u00f3w w\u0142a\u015bnie w dniu, w kt\u00f3rym osi\u0105ga pe\u0142ni\u0119 zbawienia Maryja \u2013 Najdojrzalszy Owoc odkupionej ludzko\u015bci. Ofiarujmy Jej nasze serca i codzienny trud przybli\u017cania si\u0119 do Pana Boga. Na wz\u00f3r Maryi mamy stara\u0107 si\u0119 by\u0107 lud\u017ami wniebowzi\u0119cia \u2013 tymi, kt\u00f3rzy \u015bwiadomie i zdecydowanie pod\u0105\u017caj\u0105 ku niebu.<\/p>\n<p style=\"text-align: justify;\"><strong>Msza \u015awi\u0119ta o godzinie 9.15 po\u0142\u0105czona b\u0119dzie z dzi\u0119kczynieniem za tegoroczne zbiory i z po\u015bwi\u0119ceniem wie\u0144ca do\u017cynkowego.<\/strong><\/p>\n<p style=\"text-align: justify;\">2. W najbli\u017cszy pi\u0119tek w liturgii wspominamy te\u017c kap\u0142ana i m\u0119czennika, franciszkanina, \u015bw. Maksymiliana Mari\u0119 Kolbego (1894-1941). Jest on bliski naszym czasom, dobrze znamy jego \u017cycie i okoliczno\u015bci m\u0119cze\u0144skiej \u015bmierci w o\u015bwi\u0119cimskim obozie koncentracyjnym. Niech jego heroiczna mi\u0142o\u015b\u0107 Pana Boga i bli\u017aniego b\u0119dzie dla nas zobowi\u0105zuj\u0105cym przyk\u0142adem.<\/p>\n<p style=\"text-align: justify;\">3. Wraz z sobotnim \u015bwi\u0119tem maryjnym tradycyjnie pami\u0119ci\u0105 si\u0119gamy do naszej historii, aby wspomina\u0107 \u201e<strong>Cud nad Wis\u0142\u0105\u201d z 1920 roku,<\/strong> a tak\u017ce my\u015blimy o naszych si\u0142ach zbrojnych, o polskim wojsku, kt\u00f3re tego dnia ma swoje \u015bwi\u0119to. Pami\u0119tajmy, \u017ce zmagania o w\u0142a\u015bciwe miejsce Polski w\u015br\u00f3d narod\u00f3w Europy i \u015bwiata ci\u0105gle jeszcze trwaj\u0105 \u2013 do\u015bwiadczamy tego naocznie. Polecajmy Kr\u00f3lowej Polski losy naszego narodu. Dzi\u0119kujemy w setn\u0105 rocznic\u0119 tego cudu za opiek\u0119 Maryi nad naszym Narodem.<\/p>\n<p style=\"text-align: justify;\">4. Przez ostatnie dni my\u015bli i serca nas, Polak\u00f3w pod\u0105\u017caj\u0105 razem z t\u0142umami pielgrzym\u00f3w na Jasn\u0105 G\u00f3r\u0119, gdzie od wiek\u00f3w z g\u0142\u0119bok\u0105 wiar\u0105 wsp\u00f3lnie zanosimy do Matki Bo\u017cej, Kr\u00f3lowej Polski, nasze sprawy narodowe, sprawy naszych rodzin i osobiste. Dzi\u0119kujemy za tyle dowod\u00f3w Jej wielowiekowej opieki nad nasz\u0105 Ojczyzn\u0105 w\u015br\u00f3d wielu zawirowa\u0144 historii, tak\u017ce tej najnowszej.<\/p>\n<p style=\"text-align: justify;\">5. Dzi\u0119kujemy za sprz\u0105tanie Ko\u015bcio\u0142a tym osobom, kt\u00f3re to uczyni\u0142y w minionym tygodniu. W zwi\u0105zku z przypadaj\u0105c\u0105 na sobot\u0119 uroczysto\u015bci\u0105 Wniebowzi\u0119cia Naj\u015bwi\u0119tszej Maryi Panny, w tym tygodniu zapraszamy do sprz\u0105tania w pi\u0105tek po mszy \u015bwi\u0119tej o godz. 18.00. Zapraszamy wiernych, <strong>z ulicy Ogrodowej, numery 30, 33, 42, 44 (Ko\u015bci\u00f3\u0142 ) i z ulicy Le\u015bnej, numery 3, 6, 8 (Ko\u015bci\u00f3\u0142ek).<\/strong><\/p>\n<p style=\"text-align: justify;\">6. W tym tygodniu Msze \u015awi\u0119te w dni powszednie <strong>: w poniedzia\u0142ek, \u015brod\u0119, pi\u0105tek o godzinie 17.15 i 18.00, we wtorek i czwartek o godzinie 7.30 i 8.00.<\/strong><\/p>\n\n\n<hr>\n\n<h3 style=\"text-align: justify;\">Ewangelia <strong>&#8211; na XIX Niedziel\u0119 Zwyk\u0142\u0105<\/strong><\/h3>\n<h4 style=\"text-align: justify;\"><em><strong data-rich-text-format-boundary=\"true\">Ewangelia wed\u0142ug \u015awi\u0119tego Mateusza<\/strong><\/em><\/h4>\n<p style=\"text-align: justify;\">Gdy t\u0142um zosta\u0142 nasycony, zaraz Jezus przynagli\u0142 uczni\u00f3w, \u017ceby wsiedli do \u0142odzi i wyprzedzili Go na drugi brzeg, zanim odprawi t\u0142umy. Gdy to uczyni\u0142, wyszed\u0142 sam jeden na g\u00f3r\u0119, aby si\u0119 modli\u0107. Wiecz\u00f3r zapad\u0142, a On sam tam przebywa\u0142. \u0141\u00f3d\u017a za\u015b by\u0142a ju\u017c sporo stadi\u00f3w oddalona od brzegu, miotana falami, bo wiatr by\u0142 przeciwny. Lecz o czwartej stra\u017cy nocnej przyszed\u0142 do nich, krocz\u0105c po jeziorze. Uczniowie, zobaczywszy Go krocz\u0105cego po jeziorze, zl\u0119kli si\u0119 my\u015bl\u0105c, \u017ce to zjawa i ze strachu krzykn\u0119li. Jezus zaraz przem\u00f3wi\u0142 do nich: Odwagi! Ja jestem, nie b\u00f3jcie si\u0119! Na to odezwa\u0142 si\u0119 Piotr: Panie, je\u015bli to Ty jeste\u015b, ka\u017c mi przyj\u015b\u0107 do siebie po wodzie! A On rzek\u0142: Przyjd\u017a! Piotr wyszed\u0142 z \u0142odzi, i krocz\u0105c po wodzie, przyszed\u0142 do Jezusa. Lecz na widok silnego wiatru ul\u0105k\u0142 si\u0119 i gdy zacz\u0105\u0142 ton\u0105\u0107, krzykn\u0105\u0142: Panie, ratuj mnie! Jezus natychmiast wyci\u0105gn\u0105\u0142 r\u0119k\u0119 i chwyci\u0142 go, m\u00f3wi\u0105c: Czemu zw\u0105tpi\u0142e\u015b, ma\u0142ej wiary? Gdy wsiedli do \u0142odzi, wiatr si\u0119 uciszy\u0142. Ci za\u015b, kt\u00f3rzy byli w \u0142odzi, upadli przed Nim, m\u00f3wi\u0105c: Prawdziwie jeste\u015b Synem Bo\u017cym.<\/p>\n\n<h4 style=\"text-align: justify;\"><strong data-rich-text-format-boundary=\"true\">Refleksja nad S\u0142owem Bo\u017cym<\/strong><\/h4>\n<p style=\"text-align: justify;\">To ewangeliczne wydarzenie jest pe\u0142ne g\u0142\u0119bokiej tre\u015bci. Dotyczy najwa\u017cniejszego problemu \u017cycia ludzkiego \u2013 wiary w Jezusa Chrystusa. Piotr z pewno\u015bci\u0105 mia\u0142 wiar\u0119, kt\u00f3r\u0105 wyzna\u0142 p\u00f3\u017aniej tak wspaniale pod Cezare\u0105 Filipow\u0105, ale w tym momencie nie by\u0142a ona jeszcze ugruntowana. Gdy zawia\u0142 silny wiatr, Piotr zacz\u0105\u0142 ton\u0105\u0107, poniewa\u017c zw\u0105tpi\u0142. To nie wicher zanurzy\u0142 Piotra w g\u0142\u0119binach jeziora, lecz niedostatek wiary. Jego wierze zabrak\u0142o istotnego elementu \u2013 ca\u0142kowitego oparcia si\u0119 na Chrystusie, ca\u0142kowitego zaufania Chrystusowi w chwili wielkiej pr\u00f3by, zabrak\u0142o ca\u0142kowitego pok\u0142adania w Nim nadziei. Wiara i nadzieja razem z mi\u0142o\u015bci\u0105 stanowi\u0105 fundament \u017cycia chrze\u015bcija\u0144skiego, kt\u00f3rego kamieniem w\u0119gielnym jest Jezus Chrystus.<\/p>\n<p style=\"text-align: justify;\">Jan Pawe\u0142 II m\u00f3wi\u0142 w Starym S\u0105czu: \u201ePotrzeba odwagi, aby nie stawia\u0107 pod korcem \u015bwiat\u0142a swej wiary. Potrzeba wreszcie, aby w sercach ludzi wierz\u0105cych zago\u015bci\u0142o to pragnienie \u015bwi\u0119to\u015bci, kt\u00f3re kszta\u0142tuje nie tylko prywatne \u017cycie, ale wp\u0142ywa na kszta\u0142t ca\u0142ych spo\u0142eczno\u015bci\u201d.<\/p>\n<p style=\"text-align: justify;\">Realizacja tego wezwania kreuje bardzo konkretn\u0105 postaw\u0119 z dzisiejszej Ewangelii. Trzeba wi\u0119c \u2013 tak jak ci, kt\u00f3rzy byli w \u0142odzi \u2013 upa\u015b\u0107 na kolana i powiedzie\u0107: \u201ePrawdziwie jeste\u015b Synem Bo\u017cym\u201d. To zapewni konsekwencj\u0119 w walce o swoj\u0105 i innych godno\u015b\u0107!<\/p>\n\n\n<hr>\n\n<h3><strong>Zapowiedzi p<\/strong><strong>rzedma\u0142\u017ce\u0144skie<\/strong><\/h3>\n<p style=\"text-align: justify;\"><em><strong>Kacper Edward Krupa, zamieszka\u0142y w Iwoniczu &#8211; Zdroju, ulica Wschodnia, Parafia \u015awi\u0119tego Iwona i Matki Bo\u017cej Uzdrowienia Chorych\n<\/strong><\/em><em style=\"font-size: inherit;\"><strong>i Aleksandra Maria Bek, zamieszka\u0142a w Klimk\u00f3wce, ulica Zdrojowa, Parafia \u015awi\u0119tego Micha\u0142a Archanio\u0142a.<\/strong><\/em><\/p>\n\n\n<hr>\n\n<h3><strong>Odeszli do wieczno\u015bci<\/strong><\/h3>\n\n<hr>\n\n<!-- \/wp:heading -->\n<h3><strong>Spotkania grup duszpasterskich<\/strong><\/h3>\n\n<hr>\n\n<h3><strong>Komunikaty<\/strong><\/h3>\n\n<hr>\n\n<h3><strong>Intencje modlitewne na sierpie\u0144<\/strong><\/h3>\n<!-- \/wp:heading --> <!-- wp:paragraph -->\n<h5><strong>Og\u00f3lna:<\/strong><\/h5>\n<p style=\"text-align: justify;\">M\u00f3dlmy si\u0119 za wszystkie osoby, kt\u00f3re pracuj\u0105 oraz \u017cyj\u0105 na morzu, \u0142\u0105cznie z marynarzami, rybakami oraz za ich rodziny.<\/p>\n\n<h5><strong>Diecezjalna r\u00f3\u017ca\u0144cowa: <\/strong><\/h5>\nO trze\u017awo\u015b\u0107 naszego narodu.","protected":false},"excerpt":{"rendered":"<p>1. Dzisiaj 9 sierpnia, przypada 19&nbsp; niedziela zwyk\u0142a w roku liturgicznym. Natomiast w najbli\u017csz\u0105 sobot\u0119, 15 sierpnia, b\u0119dziemy obchodzi\u0107 uroczysto\u015b\u0107 Wniebowzi\u0119cia Naj\u015bwi\u0119tszej Maryi Panny. Prawd\u0119 wiary o tym, \u017ce Maryja [&hellip;]<\/p>\n","protected":false},"author":1,"featured_media":0,"comment_status":"closed","ping_status":"open","sticky":false,"template":"","format":"standard","meta":{"ngg_post_thumbnail":0,"footnotes":""},"categories":[4],"tags":[],"yoast_head":"<!-- This site is optimized with the Yoast SEO plugin v23.2 - https:\/\/yoast.com\/wordpress\/plugins\/seo\/ -->\n<title>Og\u0142oszenia duszpasterskie \u2013 XIX Niedziela Zwyk\u0142a \u2013 09.08.2020 - Parafia w Klimk\u00f3wce<\/title>\n<meta name=\"robots\" content=\"index, follow, max-snippet:-1, max-image-preview:large, max-video-preview:-1\" \/>\n<link rel=\"canonical\" href=\"https:\/\/parafiaklimkowka.pl\/index.php\/2020\/08\/09\/ogloszenia-duszpasterskie-xix-niedziela-zwykla-09-08-2020\/\" \/>\n<meta property=\"og:locale\" content=\"pl_PL\" \/>\n<meta property=\"og:type\" content=\"article\" \/>\n<meta property=\"og:title\" content=\"Og\u0142oszenia duszpasterskie \u2013 XIX Niedziela Zwyk\u0142a \u2013 09.08.2020 - Parafia w Klimk\u00f3wce\" \/>\n<meta property=\"og:description\" content=\"1. Dzisiaj 9 sierpnia, przypada 19&nbsp; niedziela zwyk\u0142a w roku liturgicznym. Natomiast w najbli\u017csz\u0105 sobot\u0119, 15 sierpnia, b\u0119dziemy obchodzi\u0107 uroczysto\u015b\u0107 Wniebowzi\u0119cia Naj\u015bwi\u0119tszej Maryi Panny. Prawd\u0119 wiary o tym, \u017ce Maryja [&hellip;]\" \/>\n<meta property=\"og:url\" content=\"https:\/\/parafiaklimkowka.pl\/index.php\/2020\/08\/09\/ogloszenia-duszpasterskie-xix-niedziela-zwykla-09-08-2020\/\" \/>\n<meta property=\"og:site_name\" content=\"Parafia w Klimk\u00f3wce\" \/>\n<meta property=\"article:published_time\" content=\"2020-08-09T06:50:22+00:00\" \/>\n<meta property=\"article:modified_time\" content=\"2020-10-23T21:25:27+00:00\" \/>\n<meta name=\"author\" content=\"kadmins70\" \/>\n<meta name=\"twitter:card\" content=\"summary_large_image\" \/>\n<meta name=\"twitter:label1\" content=\"Napisane przez\" \/>\n\t<meta name=\"twitter:data1\" content=\"kadmins70\" \/>\n\t<meta name=\"twitter:label2\" content=\"Szacowany czas czytania\" \/>\n\t<meta name=\"twitter:data2\" content=\"5 minut\" \/>\n<script type=\"application\/ld+json\" class=\"yoast-schema-graph\">{\"@context\":\"https:\/\/schema.org\",\"@graph\":[{\"@type\":\"Article\",\"@id\":\"https:\/\/parafiaklimkowka.pl\/index.php\/2020\/08\/09\/ogloszenia-duszpasterskie-xix-niedziela-zwykla-09-08-2020\/#article\",\"isPartOf\":{\"@id\":\"https:\/\/parafiaklimkowka.pl\/index.php\/2020\/08\/09\/ogloszenia-duszpasterskie-xix-niedziela-zwykla-09-08-2020\/\"},\"author\":{\"name\":\"kadmins70\",\"@id\":\"https:\/\/parafiaklimkowka.pl\/#\/schema\/person\/8411339f73ed143172a1fc20b8c20562\"},\"headline\":\"Og\u0142oszenia duszpasterskie \u2013 XIX Niedziela Zwyk\u0142a \u2013 09.08.2020\",\"datePublished\":\"2020-08-09T06:50:22+00:00\",\"dateModified\":\"2020-10-23T21:25:27+00:00\",\"mainEntityOfPage\":{\"@id\":\"https:\/\/parafiaklimkowka.pl\/index.php\/2020\/08\/09\/ogloszenia-duszpasterskie-xix-niedziela-zwykla-09-08-2020\/\"},\"wordCount\":1064,\"publisher\":{\"@id\":\"https:\/\/parafiaklimkowka.pl\/#organization\"},\"articleSection\":[\"Og\u0142oszenia duszpasterskie\"],\"inLanguage\":\"pl-PL\"},{\"@type\":\"WebPage\",\"@id\":\"https:\/\/parafiaklimkowka.pl\/index.php\/2020\/08\/09\/ogloszenia-duszpasterskie-xix-niedziela-zwykla-09-08-2020\/\",\"url\":\"https:\/\/parafiaklimkowka.pl\/index.php\/2020\/08\/09\/ogloszenia-duszpasterskie-xix-niedziela-zwykla-09-08-2020\/\",\"name\":\"Og\u0142oszenia duszpasterskie \u2013 XIX Niedziela Zwyk\u0142a \u2013 09.08.2020 - Parafia w Klimk\u00f3wce\",\"isPartOf\":{\"@id\":\"https:\/\/parafiaklimkowka.pl\/#website\"},\"datePublished\":\"2020-08-09T06:50:22+00:00\",\"dateModified\":\"2020-10-23T21:25:27+00:00\",\"breadcrumb\":{\"@id\":\"https:\/\/parafiaklimkowka.pl\/index.php\/2020\/08\/09\/ogloszenia-duszpasterskie-xix-niedziela-zwykla-09-08-2020\/#breadcrumb\"},\"inLanguage\":\"pl-PL\",\"potentialAction\":[{\"@type\":\"ReadAction\",\"target\":[\"https:\/\/parafiaklimkowka.pl\/index.php\/2020\/08\/09\/ogloszenia-duszpasterskie-xix-niedziela-zwykla-09-08-2020\/\"]}]},{\"@type\":\"BreadcrumbList\",\"@id\":\"https:\/\/parafiaklimkowka.pl\/index.php\/2020\/08\/09\/ogloszenia-duszpasterskie-xix-niedziela-zwykla-09-08-2020\/#breadcrumb\",\"itemListElement\":[{\"@type\":\"ListItem\",\"position\":1,\"name\":\"Strona g\u0142\u00f3wna\",\"item\":\"https:\/\/parafiaklimkowka.pl\/\"},{\"@type\":\"ListItem\",\"position\":2,\"name\":\"Og\u0142oszenia duszpasterskie \u2013 XIX Niedziela Zwyk\u0142a \u2013 09.08.2020\"}]},{\"@type\":\"WebSite\",\"@id\":\"https:\/\/parafiaklimkowka.pl\/#website\",\"url\":\"https:\/\/parafiaklimkowka.pl\/\",\"name\":\"Parafia w Klimk\u00f3wce\",\"description\":\"pw. \u015aw. Micha\u0142a Archanio\u0142a\",\"publisher\":{\"@id\":\"https:\/\/parafiaklimkowka.pl\/#organization\"},\"potentialAction\":[{\"@type\":\"SearchAction\",\"target\":{\"@type\":\"EntryPoint\",\"urlTemplate\":\"https:\/\/parafiaklimkowka.pl\/?s={search_term_string}\"},\"query-input\":\"required name=search_term_string\"}],\"inLanguage\":\"pl-PL\"},{\"@type\":\"Organization\",\"@id\":\"https:\/\/parafiaklimkowka.pl\/#organization\",\"name\":\"Parafia p.w. \u015bw. Micha\u0142a Archanio\u0142a w Klimk\u00f3wce\",\"url\":\"https:\/\/parafiaklimkowka.pl\/\",\"logo\":{\"@type\":\"ImageObject\",\"inLanguage\":\"pl-PL\",\"@id\":\"https:\/\/parafiaklimkowka.pl\/#\/schema\/logo\/image\/\",\"url\":\"http:\/\/parafiaklimkowka.pl\/wp-content\/uploads\/2019\/10\/anio\u01428_jpeg.jpg\",\"contentUrl\":\"http:\/\/parafiaklimkowka.pl\/wp-content\/uploads\/2019\/10\/anio\u01428_jpeg.jpg\",\"width\":658,\"height\":483,\"caption\":\"Parafia p.w. \u015bw. Micha\u0142a Archanio\u0142a w Klimk\u00f3wce\"},\"image\":{\"@id\":\"https:\/\/parafiaklimkowka.pl\/#\/schema\/logo\/image\/\"}},{\"@type\":\"Person\",\"@id\":\"https:\/\/parafiaklimkowka.pl\/#\/schema\/person\/8411339f73ed143172a1fc20b8c20562\",\"name\":\"kadmins70\",\"image\":{\"@type\":\"ImageObject\",\"inLanguage\":\"pl-PL\",\"@id\":\"https:\/\/parafiaklimkowka.pl\/#\/schema\/person\/image\/\",\"url\":\"https:\/\/secure.gravatar.com\/avatar\/2f1a9b134b0f743459e06c66845f8cf1?s=96&d=mm&r=g\",\"contentUrl\":\"https:\/\/secure.gravatar.com\/avatar\/2f1a9b134b0f743459e06c66845f8cf1?s=96&d=mm&r=g\",\"caption\":\"kadmins70\"}}]}<\/script>\n<!-- \/ Yoast SEO plugin. -->","yoast_head_json":{"title":"Og\u0142oszenia duszpasterskie \u2013 XIX Niedziela Zwyk\u0142a \u2013 09.08.2020 - Parafia w Klimk\u00f3wce","robots":{"index":"index","follow":"follow","max-snippet":"max-snippet:-1","max-image-preview":"max-image-preview:large","max-video-preview":"max-video-preview:-1"},"canonical":"https:\/\/parafiaklimkowka.pl\/index.php\/2020\/08\/09\/ogloszenia-duszpasterskie-xix-niedziela-zwykla-09-08-2020\/","og_locale":"pl_PL","og_type":"article","og_title":"Og\u0142oszenia duszpasterskie \u2013 XIX Niedziela Zwyk\u0142a \u2013 09.08.2020 - Parafia w Klimk\u00f3wce","og_description":"1. Dzisiaj 9 sierpnia, przypada 19&nbsp; niedziela zwyk\u0142a w roku liturgicznym. Natomiast w najbli\u017csz\u0105 sobot\u0119, 15 sierpnia, b\u0119dziemy obchodzi\u0107 uroczysto\u015b\u0107 Wniebowzi\u0119cia Naj\u015bwi\u0119tszej Maryi Panny. Prawd\u0119 wiary o tym, \u017ce Maryja [&hellip;]","og_url":"https:\/\/parafiaklimkowka.pl\/index.php\/2020\/08\/09\/ogloszenia-duszpasterskie-xix-niedziela-zwykla-09-08-2020\/","og_site_name":"Parafia w Klimk\u00f3wce","article_published_time":"2020-08-09T06:50:22+00:00","article_modified_time":"2020-10-23T21:25:27+00:00","author":"kadmins70","twitter_card":"summary_large_image","twitter_misc":{"Napisane przez":"kadmins70","Szacowany czas czytania":"5 minut"},"schema":{"@context":"https:\/\/schema.org","@graph":[{"@type":"Article","@id":"https:\/\/parafiaklimkowka.pl\/index.php\/2020\/08\/09\/ogloszenia-duszpasterskie-xix-niedziela-zwykla-09-08-2020\/#article","isPartOf":{"@id":"https:\/\/parafiaklimkowka.pl\/index.php\/2020\/08\/09\/ogloszenia-duszpasterskie-xix-niedziela-zwykla-09-08-2020\/"},"author":{"name":"kadmins70","@id":"https:\/\/parafiaklimkowka.pl\/#\/schema\/person\/8411339f73ed143172a1fc20b8c20562"},"headline":"Og\u0142oszenia duszpasterskie \u2013 XIX Niedziela Zwyk\u0142a \u2013 09.08.2020","datePublished":"2020-08-09T06:50:22+00:00","dateModified":"2020-10-23T21:25:27+00:00","mainEntityOfPage":{"@id":"https:\/\/parafiaklimkowka.pl\/index.php\/2020\/08\/09\/ogloszenia-duszpasterskie-xix-niedziela-zwykla-09-08-2020\/"},"wordCount":1064,"publisher":{"@id":"https:\/\/parafiaklimkowka.pl\/#organization"},"articleSection":["Og\u0142oszenia duszpasterskie"],"inLanguage":"pl-PL"},{"@type":"WebPage","@id":"https:\/\/parafiaklimkowka.pl\/index.php\/2020\/08\/09\/ogloszenia-duszpasterskie-xix-niedziela-zwykla-09-08-2020\/","url":"https:\/\/parafiaklimkowka.pl\/index.php\/2020\/08\/09\/ogloszenia-duszpasterskie-xix-niedziela-zwykla-09-08-2020\/","name":"Og\u0142oszenia duszpasterskie \u2013 XIX Niedziela Zwyk\u0142a \u2013 09.08.2020 - Parafia w Klimk\u00f3wce","isPartOf":{"@id":"https:\/\/parafiaklimkowka.pl\/#website"},"datePublished":"2020-08-09T06:50:22+00:00","dateModified":"2020-10-23T21:25:27+00:00","breadcrumb":{"@id":"https:\/\/parafiaklimkowka.pl\/index.php\/2020\/08\/09\/ogloszenia-duszpasterskie-xix-niedziela-zwykla-09-08-2020\/#breadcrumb"},"inLanguage":"pl-PL","potentialAction":[{"@type":"ReadAction","target":["https:\/\/parafiaklimkowka.pl\/index.php\/2020\/08\/09\/ogloszenia-duszpasterskie-xix-niedziela-zwykla-09-08-2020\/"]}]},{"@type":"BreadcrumbList","@id":"https:\/\/parafiaklimkowka.pl\/index.php\/2020\/08\/09\/ogloszenia-duszpasterskie-xix-niedziela-zwykla-09-08-2020\/#breadcrumb","itemListElement":[{"@type":"ListItem","position":1,"name":"Strona g\u0142\u00f3wna","item":"https:\/\/parafiaklimkowka.pl\/"},{"@type":"ListItem","position":2,"name":"Og\u0142oszenia duszpasterskie \u2013 XIX Niedziela Zwyk\u0142a \u2013 09.08.2020"}]},{"@type":"WebSite","@id":"https:\/\/parafiaklimkowka.pl\/#website","url":"https:\/\/parafiaklimkowka.pl\/","name":"Parafia w Klimk\u00f3wce","description":"pw. \u015aw. Micha\u0142a Archanio\u0142a","publisher":{"@id":"https:\/\/parafiaklimkowka.pl\/#organization"},"potentialAction":[{"@type":"SearchAction","target":{"@type":"EntryPoint","urlTemplate":"https:\/\/parafiaklimkowka.pl\/?s={search_term_string}"},"query-input":"required name=search_term_string"}],"inLanguage":"pl-PL"},{"@type":"Organization","@id":"https:\/\/parafiaklimkowka.pl\/#organization","name":"Parafia p.w. \u015bw. Micha\u0142a Archanio\u0142a w Klimk\u00f3wce","url":"https:\/\/parafiaklimkowka.pl\/","logo":{"@type":"ImageObject","inLanguage":"pl-PL","@id":"https:\/\/parafiaklimkowka.pl\/#\/schema\/logo\/image\/","url":"http:\/\/parafiaklimkowka.pl\/wp-content\/uploads\/2019\/10\/anio\u01428_jpeg.jpg","contentUrl":"http:\/\/parafiaklimkowka.pl\/wp-content\/uploads\/2019\/10\/anio\u01428_jpeg.jpg","width":658,"height":483,"caption":"Parafia p.w. \u015bw. Micha\u0142a Archanio\u0142a w Klimk\u00f3wce"},"image":{"@id":"https:\/\/parafiaklimkowka.pl\/#\/schema\/logo\/image\/"}},{"@type":"Person","@id":"https:\/\/parafiaklimkowka.pl\/#\/schema\/person\/8411339f73ed143172a1fc20b8c20562","name":"kadmins70","image":{"@type":"ImageObject","inLanguage":"pl-PL","@id":"https:\/\/parafiaklimkowka.pl\/#\/schema\/person\/image\/","url":"https:\/\/secure.gravatar.com\/avatar\/2f1a9b134b0f743459e06c66845f8cf1?s=96&d=mm&r=g","contentUrl":"https:\/\/secure.gravatar.com\/avatar\/2f1a9b134b0f743459e06c66845f8cf1?s=96&d=mm&r=g","caption":"kadmins70"}}]}},"_links":{"self":[{"href":"https:\/\/parafiaklimkowka.pl\/index.php\/wp-json\/wp\/v2\/posts\/2963"}],"collection":[{"href":"https:\/\/parafiaklimkowka.pl\/index.php\/wp-json\/wp\/v2\/posts"}],"about":[{"href":"https:\/\/parafiaklimkowka.pl\/index.php\/wp-json\/wp\/v2\/types\/post"}],"author":[{"embeddable":true,"href":"https:\/\/parafiaklimkowka.pl\/index.php\/wp-json\/wp\/v2\/users\/1"}],"replies":[{"embeddable":true,"href":"https:\/\/parafiaklimkowka.pl\/index.php\/wp-json\/wp\/v2\/comments?post=2963"}],"version-history":[{"count":3,"href":"https:\/\/parafiaklimkowka.pl\/index.php\/wp-json\/wp\/v2\/posts\/2963\/revisions"}],"predecessor-version":[{"id":2966,"href":"https:\/\/parafiaklimkowka.pl\/index.php\/wp-json\/wp\/v2\/posts\/2963\/revisions\/2966"}],"wp:attachment":[{"href":"https:\/\/parafiaklimkowka.pl\/index.php\/wp-json\/wp\/v2\/media?parent=2963"}],"wp:term":[{"taxonomy":"category","embeddable":true,"href":"https:\/\/parafiaklimkowka.pl\/index.php\/wp-json\/wp\/v2\/categories?post=2963"},{"taxonomy":"post_tag","embeddable":true,"href":"https:\/\/parafiaklimkowka.pl\/index.php\/wp-json\/wp\/v2\/tags?post=2963"}],"curies":[{"name":"wp","href":"https:\/\/api.w.org\/{rel}","templated":true}]}}