{"id":3393,"date":"2020-10-18T20:05:48","date_gmt":"2020-10-18T18:05:48","guid":{"rendered":"http:\/\/parafiaklimkowka.pl\/?p=3393"},"modified":"2020-10-23T23:16:44","modified_gmt":"2020-10-23T21:16:44","slug":"intencje-mszalne-19-25-pazdziernik","status":"publish","type":"post","link":"https:\/\/parafiaklimkowka.pl\/index.php\/2020\/10\/18\/intencje-mszalne-19-25-pazdziernik\/","title":{"rendered":"Intencje mszalne \u2013 19- 25 pa\u017adziernik"},"content":{"rendered":"\n<table id=\"tablepress-61\" class=\"tablepress tablepress-id-61\">\n<thead>\n<tr class=\"row-1\">\n\t<th class=\"column-1\">Dni<\/th><th class=\"column-2\">Intencje<\/th>\n<\/tr>\n<\/thead>\n<tbody class=\"row-striping row-hover\">\n<tr class=\"row-2\">\n\t<td class=\"column-1\"><strong>Poniedzia\u0142ek - 19.10.2020  <\/strong><\/td><td class=\"column-2\"><strong>godz. 16.00<\/strong> <br \/>\n+Stanis\u0142awa Kielar \u2013 7 dzie\u0144 po \u015bmierci<br \/>\n<strong>godz. 16.30 Nabo\u017ce\u0144stwo r\u00f3\u017ca\u0144cowe<\/strong><br \/>\n<strong>godz. 17.00 <\/strong><br \/>\n+Czes\u0142aw Fajkiel 9 rocznica \u015bmierci i za zmar\u0142ych z rodziny \u2013 ofiara od \u017cony<\/td>\n<\/tr>\n<tr class=\"row-3\">\n\t<td class=\"column-1\"><strong>Wtorek - 20.10.2020 <\/strong><\/td><td class=\"column-2\"><strong>godz. 16.00<\/strong> <br \/>\n+Jan Ziajka \u2013 ofiara od Jolanty i Jacka Matkowskich z rodzin\u0105 <br \/>\n<strong>godz. 16.30 Nabo\u017ce\u0144stwo r\u00f3\u017ca\u0144cowe<\/strong><br \/>\n<strong>godz. 17.00 <\/strong><br \/>\n+Les\u0142aw Zych 32 rocznica \u015bmierci \u2013 ofiara od rodziny <br \/>\n<br \/>\n<strong>Pogrzeb \u015bw. pami\u0119ci W\u0142adys\u0142aw, Stanis\u0142aw Barud, ul. Ogrodowa 2, msza \u015bw. \u017ca\u0142obna o godz. 14.00, wystawienie trumny z cia\u0142em i r\u00f3\u017caniec o godz.13.00<\/strong><br \/>\n<\/td>\n<\/tr>\n<tr class=\"row-4\">\n\t<td class=\"column-1\"><strong>\u015aroda - 21.10.2020 <\/strong><\/td><td class=\"column-2\"><strong>godz. 10.00 (Ko\u015bci\u00f3\u0142ek) <\/strong><br \/>\nW pewnej, Bogu wiadomej intencji<br \/>\n<strong>godz. 16.00<\/strong><br \/>\n+Genowefa Penar \u2013 ofiara od chrze\u015bniaka J\u00f3zefa <br \/>\n<strong>godz. 16.30 Nabo\u017ce\u0144stwo r\u00f3\u017ca\u0144cowe i Nowenna do Matki Bo\u017cej Nieustaj\u0105cej Pomocy<\/strong> <br \/>\n<strong>godz. 17.00<\/strong><br \/>\n+Kazimiera Bolanowska 6 rocznica \u015bmierci+Anna Garbowska \u2013 ofiara od rodziny<\/td>\n<\/tr>\n<tr class=\"row-5\">\n\t<td class=\"column-1\"><strong>Czwartek - 22.10.2020 <\/strong><\/td><td class=\"column-2\"><strong>godz. 16.00 <\/strong><br \/>\n+Genowefa Penar \u2013 ofiara od chrze\u015bniaka Micha\u0142a<br \/>\n<strong>godz. 16.30 Nabo\u017ce\u0144stwo r\u00f3\u017ca\u0144cowe<\/strong><br \/>\n<strong>godz. 17.00<\/strong><br \/>\n+Teresa Penar 7 rocznica \u015bmierci i za zmar\u0142ych rodzic\u00f3w z obu stron \u2013 ofiara od rodziny<br \/>\n<br \/>\n<strong>Pogrzeb \u015bw. pami\u0119ci Adela Cecylia Oberc, zamieszka\u0142a - ulica Zdrojowa 398, msza \u015bw. pogrzebowa o godz. 14.00, wystawienie trumny z cia\u0142em i r\u00f3\u017caniec o godz.13.00 <\/strong><\/td>\n<\/tr>\n<tr class=\"row-6\">\n\t<td class=\"column-1\"><strong>Pi\u0105tek - 23.10.2020 <\/strong><\/td><td class=\"column-2\"><strong>godz. 10.00 (Ko\u015bci\u00f3\u0142ek) <\/strong><br \/>\nDziekczynno- b\u0142agalna za uko\u0144czenie studi\u00f3w, z pro\u015bb\u0105 o Bo\u017ce b\u0142ogos\u0142awie\u0144stwo i dary Ducha \u015aw. oraz dobre wybory dla Rafa\u0142a i Izabeli <br \/>\n<strong>16.000<\/strong><br \/>\n+Genowefa Penar \u2013 ofiara od Kazimiery Penar <br \/>\n<strong>godz. 16.30 Nabo\u017ce\u0144stwo r\u00f3\u017ca\u0144cowe<\/strong>                                      <br \/>\n<strong>godz. 17.00<\/strong><br \/>\n+Marian, Zofia, Franciszek, Zbigniew Zych \u2013 ofiara od Teresy z rodzin\u0105<\/td>\n<\/tr>\n<tr class=\"row-7\">\n\t<td class=\"column-1\"><strong>Sobota - 24.10.2020<\/strong><\/td><td class=\"column-2\"><strong>godz. 16.00<\/strong><br \/>\n+Maria Litarowicz \u2013 30 dzie\u0144 po \u015bmierci<br \/>\n<strong>godz. 16.30 Nabo\u017ce\u0144stwo r\u00f3\u017ca\u0144cowe<\/strong><br \/>\n<strong>godz. 17.00<\/strong><br \/>\n+Bronis\u0142awa, Helena, Bronis\u0142aw Sala \u2013 ofiara od rodziny<br \/>\n<br \/>\n<strong>\u015alub \u2013 godz.14.00  Artur \u2013 Anna<\/strong> <br \/>\n<strong>\u015alub \u2013 godz.15.00  Oskar - Karolina<\/strong><br \/>\n<\/td>\n<\/tr>\n<tr class=\"row-8\">\n\t<td class=\"column-1\"><strong>Niedziela - 25.10.2020 - XXX Niedziela Zwyk\u0142a<\/strong><\/td><td class=\"column-2\"><strong>Msza \u015awi\u0119ta  - godz. 7.30  <\/strong><br \/>\n+Sylwia Litwin Krzywda \u2013 z okazji urodzin \u2013 ofiara od m\u0119\u017ca i mamy <br \/>\n<strong>Msza \u015awi\u0119ta - godz. 9.15<\/strong><br \/>\nZa Parafian    <br \/>\n<strong>Msza \u015awi\u0119ta - godz.11.00 (Ko\u015bci\u00f3\u0142ek)<\/strong><br \/>\nDzi\u0119kczynna w 30 rocznic\u0119 \u015blubu Danieli i Andrzeja<br \/>\n<strong>Msza \u015awi\u0119ta  - godz. 15.30  <\/strong><br \/>\nIntencja Akcji Katolickiej z Klimk\u00f3wki <\/td>\n<\/tr>\n<\/tbody>\n<\/table>\n<!-- #tablepress-61 from cache -->\n\n\n<p><\/p>\n","protected":false},"excerpt":{"rendered":"","protected":false},"author":1,"featured_media":0,"comment_status":"closed","ping_status":"open","sticky":false,"template":"","format":"standard","meta":{"ngg_post_thumbnail":0,"footnotes":""},"categories":[5],"tags":[],"yoast_head":"<!-- This site is optimized with the Yoast SEO plugin v23.2 - https:\/\/yoast.com\/wordpress\/plugins\/seo\/ -->\n<title>Intencje mszalne \u2013 19- 25 pa\u017adziernik - Parafia w Klimk\u00f3wce<\/title>\n<meta name=\"robots\" content=\"index, follow, max-snippet:-1, max-image-preview:large, max-video-preview:-1\" \/>\n<link rel=\"canonical\" href=\"https:\/\/parafiaklimkowka.pl\/index.php\/2020\/10\/18\/intencje-mszalne-19-25-pazdziernik\/\" \/>\n<meta property=\"og:locale\" content=\"pl_PL\" \/>\n<meta property=\"og:type\" content=\"article\" \/>\n<meta property=\"og:title\" content=\"Intencje mszalne \u2013 19- 25 pa\u017adziernik - Parafia w Klimk\u00f3wce\" \/>\n<meta property=\"og:url\" content=\"https:\/\/parafiaklimkowka.pl\/index.php\/2020\/10\/18\/intencje-mszalne-19-25-pazdziernik\/\" \/>\n<meta property=\"og:site_name\" content=\"Parafia w Klimk\u00f3wce\" \/>\n<meta property=\"article:published_time\" content=\"2020-10-18T18:05:48+00:00\" \/>\n<meta property=\"article:modified_time\" content=\"2020-10-23T21:16:44+00:00\" \/>\n<meta name=\"author\" content=\"kadmins70\" \/>\n<meta name=\"twitter:card\" content=\"summary_large_image\" \/>\n<meta name=\"twitter:label1\" content=\"Napisane przez\" \/>\n\t<meta name=\"twitter:data1\" content=\"kadmins70\" \/>\n<script type=\"application\/ld+json\" class=\"yoast-schema-graph\">{\"@context\":\"https:\/\/schema.org\",\"@graph\":[{\"@type\":\"Article\",\"@id\":\"https:\/\/parafiaklimkowka.pl\/index.php\/2020\/10\/18\/intencje-mszalne-19-25-pazdziernik\/#article\",\"isPartOf\":{\"@id\":\"https:\/\/parafiaklimkowka.pl\/index.php\/2020\/10\/18\/intencje-mszalne-19-25-pazdziernik\/\"},\"author\":{\"name\":\"kadmins70\",\"@id\":\"https:\/\/parafiaklimkowka.pl\/#\/schema\/person\/8411339f73ed143172a1fc20b8c20562\"},\"headline\":\"Intencje mszalne \u2013 19- 25 pa\u017adziernik\",\"datePublished\":\"2020-10-18T18:05:48+00:00\",\"dateModified\":\"2020-10-23T21:16:44+00:00\",\"mainEntityOfPage\":{\"@id\":\"https:\/\/parafiaklimkowka.pl\/index.php\/2020\/10\/18\/intencje-mszalne-19-25-pazdziernik\/\"},\"wordCount\":7,\"publisher\":{\"@id\":\"https:\/\/parafiaklimkowka.pl\/#organization\"},\"articleSection\":[\"Intencje Mszalne\"],\"inLanguage\":\"pl-PL\"},{\"@type\":\"WebPage\",\"@id\":\"https:\/\/parafiaklimkowka.pl\/index.php\/2020\/10\/18\/intencje-mszalne-19-25-pazdziernik\/\",\"url\":\"https:\/\/parafiaklimkowka.pl\/index.php\/2020\/10\/18\/intencje-mszalne-19-25-pazdziernik\/\",\"name\":\"Intencje mszalne \u2013 19- 25 pa\u017adziernik - Parafia w Klimk\u00f3wce\",\"isPartOf\":{\"@id\":\"https:\/\/parafiaklimkowka.pl\/#website\"},\"datePublished\":\"2020-10-18T18:05:48+00:00\",\"dateModified\":\"2020-10-23T21:16:44+00:00\",\"breadcrumb\":{\"@id\":\"https:\/\/parafiaklimkowka.pl\/index.php\/2020\/10\/18\/intencje-mszalne-19-25-pazdziernik\/#breadcrumb\"},\"inLanguage\":\"pl-PL\",\"potentialAction\":[{\"@type\":\"ReadAction\",\"target\":[\"https:\/\/parafiaklimkowka.pl\/index.php\/2020\/10\/18\/intencje-mszalne-19-25-pazdziernik\/\"]}]},{\"@type\":\"BreadcrumbList\",\"@id\":\"https:\/\/parafiaklimkowka.pl\/index.php\/2020\/10\/18\/intencje-mszalne-19-25-pazdziernik\/#breadcrumb\",\"itemListElement\":[{\"@type\":\"ListItem\",\"position\":1,\"name\":\"Strona g\u0142\u00f3wna\",\"item\":\"https:\/\/parafiaklimkowka.pl\/\"},{\"@type\":\"ListItem\",\"position\":2,\"name\":\"Intencje mszalne \u2013 19- 25 pa\u017adziernik\"}]},{\"@type\":\"WebSite\",\"@id\":\"https:\/\/parafiaklimkowka.pl\/#website\",\"url\":\"https:\/\/parafiaklimkowka.pl\/\",\"name\":\"Parafia w Klimk\u00f3wce\",\"description\":\"pw. \u015aw. Micha\u0142a Archanio\u0142a\",\"publisher\":{\"@id\":\"https:\/\/parafiaklimkowka.pl\/#organization\"},\"potentialAction\":[{\"@type\":\"SearchAction\",\"target\":{\"@type\":\"EntryPoint\",\"urlTemplate\":\"https:\/\/parafiaklimkowka.pl\/?s={search_term_string}\"},\"query-input\":\"required name=search_term_string\"}],\"inLanguage\":\"pl-PL\"},{\"@type\":\"Organization\",\"@id\":\"https:\/\/parafiaklimkowka.pl\/#organization\",\"name\":\"Parafia p.w. \u015bw. Micha\u0142a Archanio\u0142a w Klimk\u00f3wce\",\"url\":\"https:\/\/parafiaklimkowka.pl\/\",\"logo\":{\"@type\":\"ImageObject\",\"inLanguage\":\"pl-PL\",\"@id\":\"https:\/\/parafiaklimkowka.pl\/#\/schema\/logo\/image\/\",\"url\":\"http:\/\/parafiaklimkowka.pl\/wp-content\/uploads\/2019\/10\/anio\u01428_jpeg.jpg\",\"contentUrl\":\"http:\/\/parafiaklimkowka.pl\/wp-content\/uploads\/2019\/10\/anio\u01428_jpeg.jpg\",\"width\":658,\"height\":483,\"caption\":\"Parafia p.w. \u015bw. Micha\u0142a Archanio\u0142a w Klimk\u00f3wce\"},\"image\":{\"@id\":\"https:\/\/parafiaklimkowka.pl\/#\/schema\/logo\/image\/\"}},{\"@type\":\"Person\",\"@id\":\"https:\/\/parafiaklimkowka.pl\/#\/schema\/person\/8411339f73ed143172a1fc20b8c20562\",\"name\":\"kadmins70\",\"image\":{\"@type\":\"ImageObject\",\"inLanguage\":\"pl-PL\",\"@id\":\"https:\/\/parafiaklimkowka.pl\/#\/schema\/person\/image\/\",\"url\":\"https:\/\/secure.gravatar.com\/avatar\/2f1a9b134b0f743459e06c66845f8cf1?s=96&d=mm&r=g\",\"contentUrl\":\"https:\/\/secure.gravatar.com\/avatar\/2f1a9b134b0f743459e06c66845f8cf1?s=96&d=mm&r=g\",\"caption\":\"kadmins70\"}}]}<\/script>\n<!-- \/ Yoast SEO plugin. -->","yoast_head_json":{"title":"Intencje mszalne \u2013 19- 25 pa\u017adziernik - Parafia w Klimk\u00f3wce","robots":{"index":"index","follow":"follow","max-snippet":"max-snippet:-1","max-image-preview":"max-image-preview:large","max-video-preview":"max-video-preview:-1"},"canonical":"https:\/\/parafiaklimkowka.pl\/index.php\/2020\/10\/18\/intencje-mszalne-19-25-pazdziernik\/","og_locale":"pl_PL","og_type":"article","og_title":"Intencje mszalne \u2013 19- 25 pa\u017adziernik - Parafia w Klimk\u00f3wce","og_url":"https:\/\/parafiaklimkowka.pl\/index.php\/2020\/10\/18\/intencje-mszalne-19-25-pazdziernik\/","og_site_name":"Parafia w Klimk\u00f3wce","article_published_time":"2020-10-18T18:05:48+00:00","article_modified_time":"2020-10-23T21:16:44+00:00","author":"kadmins70","twitter_card":"summary_large_image","twitter_misc":{"Napisane przez":"kadmins70"},"schema":{"@context":"https:\/\/schema.org","@graph":[{"@type":"Article","@id":"https:\/\/parafiaklimkowka.pl\/index.php\/2020\/10\/18\/intencje-mszalne-19-25-pazdziernik\/#article","isPartOf":{"@id":"https:\/\/parafiaklimkowka.pl\/index.php\/2020\/10\/18\/intencje-mszalne-19-25-pazdziernik\/"},"author":{"name":"kadmins70","@id":"https:\/\/parafiaklimkowka.pl\/#\/schema\/person\/8411339f73ed143172a1fc20b8c20562"},"headline":"Intencje mszalne \u2013 19- 25 pa\u017adziernik","datePublished":"2020-10-18T18:05:48+00:00","dateModified":"2020-10-23T21:16:44+00:00","mainEntityOfPage":{"@id":"https:\/\/parafiaklimkowka.pl\/index.php\/2020\/10\/18\/intencje-mszalne-19-25-pazdziernik\/"},"wordCount":7,"publisher":{"@id":"https:\/\/parafiaklimkowka.pl\/#organization"},"articleSection":["Intencje Mszalne"],"inLanguage":"pl-PL"},{"@type":"WebPage","@id":"https:\/\/parafiaklimkowka.pl\/index.php\/2020\/10\/18\/intencje-mszalne-19-25-pazdziernik\/","url":"https:\/\/parafiaklimkowka.pl\/index.php\/2020\/10\/18\/intencje-mszalne-19-25-pazdziernik\/","name":"Intencje mszalne \u2013 19- 25 pa\u017adziernik - Parafia w Klimk\u00f3wce","isPartOf":{"@id":"https:\/\/parafiaklimkowka.pl\/#website"},"datePublished":"2020-10-18T18:05:48+00:00","dateModified":"2020-10-23T21:16:44+00:00","breadcrumb":{"@id":"https:\/\/parafiaklimkowka.pl\/index.php\/2020\/10\/18\/intencje-mszalne-19-25-pazdziernik\/#breadcrumb"},"inLanguage":"pl-PL","potentialAction":[{"@type":"ReadAction","target":["https:\/\/parafiaklimkowka.pl\/index.php\/2020\/10\/18\/intencje-mszalne-19-25-pazdziernik\/"]}]},{"@type":"BreadcrumbList","@id":"https:\/\/parafiaklimkowka.pl\/index.php\/2020\/10\/18\/intencje-mszalne-19-25-pazdziernik\/#breadcrumb","itemListElement":[{"@type":"ListItem","position":1,"name":"Strona g\u0142\u00f3wna","item":"https:\/\/parafiaklimkowka.pl\/"},{"@type":"ListItem","position":2,"name":"Intencje mszalne \u2013 19- 25 pa\u017adziernik"}]},{"@type":"WebSite","@id":"https:\/\/parafiaklimkowka.pl\/#website","url":"https:\/\/parafiaklimkowka.pl\/","name":"Parafia w Klimk\u00f3wce","description":"pw. \u015aw. Micha\u0142a Archanio\u0142a","publisher":{"@id":"https:\/\/parafiaklimkowka.pl\/#organization"},"potentialAction":[{"@type":"SearchAction","target":{"@type":"EntryPoint","urlTemplate":"https:\/\/parafiaklimkowka.pl\/?s={search_term_string}"},"query-input":"required name=search_term_string"}],"inLanguage":"pl-PL"},{"@type":"Organization","@id":"https:\/\/parafiaklimkowka.pl\/#organization","name":"Parafia p.w. \u015bw. Micha\u0142a Archanio\u0142a w Klimk\u00f3wce","url":"https:\/\/parafiaklimkowka.pl\/","logo":{"@type":"ImageObject","inLanguage":"pl-PL","@id":"https:\/\/parafiaklimkowka.pl\/#\/schema\/logo\/image\/","url":"http:\/\/parafiaklimkowka.pl\/wp-content\/uploads\/2019\/10\/anio\u01428_jpeg.jpg","contentUrl":"http:\/\/parafiaklimkowka.pl\/wp-content\/uploads\/2019\/10\/anio\u01428_jpeg.jpg","width":658,"height":483,"caption":"Parafia p.w. \u015bw. Micha\u0142a Archanio\u0142a w Klimk\u00f3wce"},"image":{"@id":"https:\/\/parafiaklimkowka.pl\/#\/schema\/logo\/image\/"}},{"@type":"Person","@id":"https:\/\/parafiaklimkowka.pl\/#\/schema\/person\/8411339f73ed143172a1fc20b8c20562","name":"kadmins70","image":{"@type":"ImageObject","inLanguage":"pl-PL","@id":"https:\/\/parafiaklimkowka.pl\/#\/schema\/person\/image\/","url":"https:\/\/secure.gravatar.com\/avatar\/2f1a9b134b0f743459e06c66845f8cf1?s=96&d=mm&r=g","contentUrl":"https:\/\/secure.gravatar.com\/avatar\/2f1a9b134b0f743459e06c66845f8cf1?s=96&d=mm&r=g","caption":"kadmins70"}}]}},"_links":{"self":[{"href":"https:\/\/parafiaklimkowka.pl\/index.php\/wp-json\/wp\/v2\/posts\/3393"}],"collection":[{"href":"https:\/\/parafiaklimkowka.pl\/index.php\/wp-json\/wp\/v2\/posts"}],"about":[{"href":"https:\/\/parafiaklimkowka.pl\/index.php\/wp-json\/wp\/v2\/types\/post"}],"author":[{"embeddable":true,"href":"https:\/\/parafiaklimkowka.pl\/index.php\/wp-json\/wp\/v2\/users\/1"}],"replies":[{"embeddable":true,"href":"https:\/\/parafiaklimkowka.pl\/index.php\/wp-json\/wp\/v2\/comments?post=3393"}],"version-history":[{"count":1,"href":"https:\/\/parafiaklimkowka.pl\/index.php\/wp-json\/wp\/v2\/posts\/3393\/revisions"}],"predecessor-version":[{"id":3394,"href":"https:\/\/parafiaklimkowka.pl\/index.php\/wp-json\/wp\/v2\/posts\/3393\/revisions\/3394"}],"wp:attachment":[{"href":"https:\/\/parafiaklimkowka.pl\/index.php\/wp-json\/wp\/v2\/media?parent=3393"}],"wp:term":[{"taxonomy":"category","embeddable":true,"href":"https:\/\/parafiaklimkowka.pl\/index.php\/wp-json\/wp\/v2\/categories?post=3393"},{"taxonomy":"post_tag","embeddable":true,"href":"https:\/\/parafiaklimkowka.pl\/index.php\/wp-json\/wp\/v2\/tags?post=3393"}],"curies":[{"name":"wp","href":"https:\/\/api.w.org\/{rel}","templated":true}]}}