{"id":4055,"date":"2021-03-09T16:11:02","date_gmt":"2021-03-09T15:11:02","guid":{"rendered":"http:\/\/parafiaklimkowka.pl\/?p=4055"},"modified":"2021-03-09T16:13:36","modified_gmt":"2021-03-09T15:13:36","slug":"imieniny-ksiedza-pralata","status":"publish","type":"post","link":"https:\/\/parafiaklimkowka.pl\/index.php\/2021\/03\/09\/imieniny-ksiedza-pralata\/","title":{"rendered":"Imieniny Ksi\u0119dza Pra\u0142ata"},"content":{"rendered":"\n\n<p><img loading=\"lazy\" decoding=\"async\" class=\" wp-image-4046 aligncenter\" src=\"https:\/\/parafiaklimkowka.pl\/wp-content\/uploads\/2021\/03\/pralat4-300x169.jpg\" alt=\"\" width=\"370\" height=\"209\" srcset=\"https:\/\/parafiaklimkowka.pl\/wp-content\/uploads\/2021\/03\/pralat4-300x169.jpg 300w, https:\/\/parafiaklimkowka.pl\/wp-content\/uploads\/2021\/03\/pralat4-1024x576.jpg 1024w, https:\/\/parafiaklimkowka.pl\/wp-content\/uploads\/2021\/03\/pralat4-768x432.jpg 768w, https:\/\/parafiaklimkowka.pl\/wp-content\/uploads\/2021\/03\/pralat4.jpg 1280w\" sizes=\"(max-width: 370px) 100vw, 370px\" \/><\/p>\n<p style=\"text-align: justify;\">We wspomnienie \u015bw. Kazimierza swoje imieniny obchodzi\u0142 Ksi\u0105dz Pra\u0142at Kazimierz Pa\u0144czyszyn.<\/p>\n<p style=\"text-align: justify;\">Z tej to okazji w niedziel\u0119 7 marca podczas Mszy \u015awi\u0119tej o godzinie 9.15, modlili\u015bmy si\u0119 o Bo\u017ce b\u0142ogos\u0142awie\u0144stwo i potrzebne \u0142aski dla Ksi\u0119dza Solenizanta.<\/p>\n<p style=\"text-align: justify;\">Niestety ze wzgl\u0119du na sytuacj\u0119 epidemiczn\u0105 Ksi\u0105dz Pra\u0142at nie m\u00f3g\u0142 osobi\u015bcie uczestniczy\u0107 we Mszy \u015awi\u0119tej, lecz \u0142\u0105czy\u0142 si\u0119 ze wsp\u00f3lnot\u0105 Ko\u015bcio\u0142a duchowo, podczas mszy \u015awi\u0119tej transmitowanej przez internet.<\/p>\n<p style=\"text-align: justify;\">\u017byczenia solenizantowi w imieniu ca\u0142ej parafii z\u0142o\u017cy\u0142 Ksi\u0105dz Proboszcz Bogdan Kielar, a uczestnicz\u0105cy we mszy od\u015bpiewali solenizantowi gromkie \u201eSto lat\u201d.<\/p>\n<p style=\"text-align: justify;\">Po zako\u0144czonej mszy, przedstawiciele parafii udali si\u0119 osobi\u015bcie z\u0142o\u017cy\u0107 \u017cyczenia imieninowe.<\/p>\n\n\n<p><\/p>\n","protected":false},"excerpt":{"rendered":"<p>We wspomnienie \u015bw. Kazimierza swoje imieniny obchodzi\u0142 Ksi\u0105dz Pra\u0142at Kazimierz Pa\u0144czyszyn. Z tej to okazji w niedziel\u0119 7 marca podczas Mszy \u015awi\u0119tej o godzinie 9.15, modlili\u015bmy si\u0119 o Bo\u017ce b\u0142ogos\u0142awie\u0144stwo [&hellip;]<\/p>\n","protected":false},"author":1,"featured_media":0,"comment_status":"closed","ping_status":"open","sticky":false,"template":"","format":"standard","meta":{"ngg_post_thumbnail":0,"footnotes":""},"categories":[8],"tags":[],"yoast_head":"<!-- This site is optimized with the Yoast SEO plugin v23.2 - https:\/\/yoast.com\/wordpress\/plugins\/seo\/ -->\n<title>Imieniny Ksi\u0119dza Pra\u0142ata - Parafia w Klimk\u00f3wce<\/title>\n<meta name=\"robots\" content=\"index, follow, max-snippet:-1, max-image-preview:large, max-video-preview:-1\" \/>\n<link rel=\"canonical\" href=\"https:\/\/parafiaklimkowka.pl\/index.php\/2021\/03\/09\/imieniny-ksiedza-pralata\/\" \/>\n<meta property=\"og:locale\" content=\"pl_PL\" \/>\n<meta property=\"og:type\" content=\"article\" \/>\n<meta property=\"og:title\" content=\"Imieniny Ksi\u0119dza Pra\u0142ata - Parafia w Klimk\u00f3wce\" \/>\n<meta property=\"og:description\" content=\"We wspomnienie \u015bw. Kazimierza swoje imieniny obchodzi\u0142 Ksi\u0105dz Pra\u0142at Kazimierz Pa\u0144czyszyn. Z tej to okazji w niedziel\u0119 7 marca podczas Mszy \u015awi\u0119tej o godzinie 9.15, modlili\u015bmy si\u0119 o Bo\u017ce b\u0142ogos\u0142awie\u0144stwo [&hellip;]\" \/>\n<meta property=\"og:url\" content=\"https:\/\/parafiaklimkowka.pl\/index.php\/2021\/03\/09\/imieniny-ksiedza-pralata\/\" \/>\n<meta property=\"og:site_name\" content=\"Parafia w Klimk\u00f3wce\" \/>\n<meta property=\"article:published_time\" content=\"2021-03-09T15:11:02+00:00\" \/>\n<meta property=\"article:modified_time\" content=\"2021-03-09T15:13:36+00:00\" \/>\n<meta property=\"og:image\" content=\"http:\/\/parafiaklimkowka.pl\/wp-content\/uploads\/2021\/03\/pralat4-300x169.jpg\" \/>\n<meta name=\"author\" content=\"kadmins70\" \/>\n<meta name=\"twitter:card\" content=\"summary_large_image\" \/>\n<meta name=\"twitter:label1\" content=\"Napisane przez\" \/>\n\t<meta name=\"twitter:data1\" content=\"kadmins70\" \/>\n\t<meta name=\"twitter:label2\" content=\"Szacowany czas czytania\" \/>\n\t<meta name=\"twitter:data2\" content=\"1 minuta\" \/>\n<script type=\"application\/ld+json\" class=\"yoast-schema-graph\">{\"@context\":\"https:\/\/schema.org\",\"@graph\":[{\"@type\":\"Article\",\"@id\":\"https:\/\/parafiaklimkowka.pl\/index.php\/2021\/03\/09\/imieniny-ksiedza-pralata\/#article\",\"isPartOf\":{\"@id\":\"https:\/\/parafiaklimkowka.pl\/index.php\/2021\/03\/09\/imieniny-ksiedza-pralata\/\"},\"author\":{\"name\":\"kadmins70\",\"@id\":\"https:\/\/parafiaklimkowka.pl\/#\/schema\/person\/8411339f73ed143172a1fc20b8c20562\"},\"headline\":\"Imieniny Ksi\u0119dza Pra\u0142ata\",\"datePublished\":\"2021-03-09T15:11:02+00:00\",\"dateModified\":\"2021-03-09T15:13:36+00:00\",\"mainEntityOfPage\":{\"@id\":\"https:\/\/parafiaklimkowka.pl\/index.php\/2021\/03\/09\/imieniny-ksiedza-pralata\/\"},\"wordCount\":128,\"publisher\":{\"@id\":\"https:\/\/parafiaklimkowka.pl\/#organization\"},\"image\":{\"@id\":\"https:\/\/parafiaklimkowka.pl\/index.php\/2021\/03\/09\/imieniny-ksiedza-pralata\/#primaryimage\"},\"thumbnailUrl\":\"http:\/\/parafiaklimkowka.pl\/wp-content\/uploads\/2021\/03\/pralat4-300x169.jpg\",\"articleSection\":[\"Wydarzenia\"],\"inLanguage\":\"pl-PL\"},{\"@type\":\"WebPage\",\"@id\":\"https:\/\/parafiaklimkowka.pl\/index.php\/2021\/03\/09\/imieniny-ksiedza-pralata\/\",\"url\":\"https:\/\/parafiaklimkowka.pl\/index.php\/2021\/03\/09\/imieniny-ksiedza-pralata\/\",\"name\":\"Imieniny Ksi\u0119dza Pra\u0142ata - Parafia w Klimk\u00f3wce\",\"isPartOf\":{\"@id\":\"https:\/\/parafiaklimkowka.pl\/#website\"},\"primaryImageOfPage\":{\"@id\":\"https:\/\/parafiaklimkowka.pl\/index.php\/2021\/03\/09\/imieniny-ksiedza-pralata\/#primaryimage\"},\"image\":{\"@id\":\"https:\/\/parafiaklimkowka.pl\/index.php\/2021\/03\/09\/imieniny-ksiedza-pralata\/#primaryimage\"},\"thumbnailUrl\":\"http:\/\/parafiaklimkowka.pl\/wp-content\/uploads\/2021\/03\/pralat4-300x169.jpg\",\"datePublished\":\"2021-03-09T15:11:02+00:00\",\"dateModified\":\"2021-03-09T15:13:36+00:00\",\"breadcrumb\":{\"@id\":\"https:\/\/parafiaklimkowka.pl\/index.php\/2021\/03\/09\/imieniny-ksiedza-pralata\/#breadcrumb\"},\"inLanguage\":\"pl-PL\",\"potentialAction\":[{\"@type\":\"ReadAction\",\"target\":[\"https:\/\/parafiaklimkowka.pl\/index.php\/2021\/03\/09\/imieniny-ksiedza-pralata\/\"]}]},{\"@type\":\"ImageObject\",\"inLanguage\":\"pl-PL\",\"@id\":\"https:\/\/parafiaklimkowka.pl\/index.php\/2021\/03\/09\/imieniny-ksiedza-pralata\/#primaryimage\",\"url\":\"https:\/\/parafiaklimkowka.pl\/wp-content\/uploads\/2021\/03\/pralat4.jpg\",\"contentUrl\":\"https:\/\/parafiaklimkowka.pl\/wp-content\/uploads\/2021\/03\/pralat4.jpg\",\"width\":1280,\"height\":720},{\"@type\":\"BreadcrumbList\",\"@id\":\"https:\/\/parafiaklimkowka.pl\/index.php\/2021\/03\/09\/imieniny-ksiedza-pralata\/#breadcrumb\",\"itemListElement\":[{\"@type\":\"ListItem\",\"position\":1,\"name\":\"Strona g\u0142\u00f3wna\",\"item\":\"https:\/\/parafiaklimkowka.pl\/\"},{\"@type\":\"ListItem\",\"position\":2,\"name\":\"Imieniny Ksi\u0119dza Pra\u0142ata\"}]},{\"@type\":\"WebSite\",\"@id\":\"https:\/\/parafiaklimkowka.pl\/#website\",\"url\":\"https:\/\/parafiaklimkowka.pl\/\",\"name\":\"Parafia w Klimk\u00f3wce\",\"description\":\"pw. \u015aw. Micha\u0142a Archanio\u0142a\",\"publisher\":{\"@id\":\"https:\/\/parafiaklimkowka.pl\/#organization\"},\"potentialAction\":[{\"@type\":\"SearchAction\",\"target\":{\"@type\":\"EntryPoint\",\"urlTemplate\":\"https:\/\/parafiaklimkowka.pl\/?s={search_term_string}\"},\"query-input\":\"required name=search_term_string\"}],\"inLanguage\":\"pl-PL\"},{\"@type\":\"Organization\",\"@id\":\"https:\/\/parafiaklimkowka.pl\/#organization\",\"name\":\"Parafia p.w. \u015bw. Micha\u0142a Archanio\u0142a w Klimk\u00f3wce\",\"url\":\"https:\/\/parafiaklimkowka.pl\/\",\"logo\":{\"@type\":\"ImageObject\",\"inLanguage\":\"pl-PL\",\"@id\":\"https:\/\/parafiaklimkowka.pl\/#\/schema\/logo\/image\/\",\"url\":\"http:\/\/parafiaklimkowka.pl\/wp-content\/uploads\/2019\/10\/anio\u01428_jpeg.jpg\",\"contentUrl\":\"http:\/\/parafiaklimkowka.pl\/wp-content\/uploads\/2019\/10\/anio\u01428_jpeg.jpg\",\"width\":658,\"height\":483,\"caption\":\"Parafia p.w. \u015bw. Micha\u0142a Archanio\u0142a w Klimk\u00f3wce\"},\"image\":{\"@id\":\"https:\/\/parafiaklimkowka.pl\/#\/schema\/logo\/image\/\"}},{\"@type\":\"Person\",\"@id\":\"https:\/\/parafiaklimkowka.pl\/#\/schema\/person\/8411339f73ed143172a1fc20b8c20562\",\"name\":\"kadmins70\",\"image\":{\"@type\":\"ImageObject\",\"inLanguage\":\"pl-PL\",\"@id\":\"https:\/\/parafiaklimkowka.pl\/#\/schema\/person\/image\/\",\"url\":\"https:\/\/secure.gravatar.com\/avatar\/2f1a9b134b0f743459e06c66845f8cf1?s=96&d=mm&r=g\",\"contentUrl\":\"https:\/\/secure.gravatar.com\/avatar\/2f1a9b134b0f743459e06c66845f8cf1?s=96&d=mm&r=g\",\"caption\":\"kadmins70\"}}]}<\/script>\n<!-- \/ Yoast SEO plugin. -->","yoast_head_json":{"title":"Imieniny Ksi\u0119dza Pra\u0142ata - Parafia w Klimk\u00f3wce","robots":{"index":"index","follow":"follow","max-snippet":"max-snippet:-1","max-image-preview":"max-image-preview:large","max-video-preview":"max-video-preview:-1"},"canonical":"https:\/\/parafiaklimkowka.pl\/index.php\/2021\/03\/09\/imieniny-ksiedza-pralata\/","og_locale":"pl_PL","og_type":"article","og_title":"Imieniny Ksi\u0119dza Pra\u0142ata - Parafia w Klimk\u00f3wce","og_description":"We wspomnienie \u015bw. Kazimierza swoje imieniny obchodzi\u0142 Ksi\u0105dz Pra\u0142at Kazimierz Pa\u0144czyszyn. Z tej to okazji w niedziel\u0119 7 marca podczas Mszy \u015awi\u0119tej o godzinie 9.15, modlili\u015bmy si\u0119 o Bo\u017ce b\u0142ogos\u0142awie\u0144stwo [&hellip;]","og_url":"https:\/\/parafiaklimkowka.pl\/index.php\/2021\/03\/09\/imieniny-ksiedza-pralata\/","og_site_name":"Parafia w Klimk\u00f3wce","article_published_time":"2021-03-09T15:11:02+00:00","article_modified_time":"2021-03-09T15:13:36+00:00","og_image":[{"url":"http:\/\/parafiaklimkowka.pl\/wp-content\/uploads\/2021\/03\/pralat4-300x169.jpg"}],"author":"kadmins70","twitter_card":"summary_large_image","twitter_misc":{"Napisane przez":"kadmins70","Szacowany czas czytania":"1 minuta"},"schema":{"@context":"https:\/\/schema.org","@graph":[{"@type":"Article","@id":"https:\/\/parafiaklimkowka.pl\/index.php\/2021\/03\/09\/imieniny-ksiedza-pralata\/#article","isPartOf":{"@id":"https:\/\/parafiaklimkowka.pl\/index.php\/2021\/03\/09\/imieniny-ksiedza-pralata\/"},"author":{"name":"kadmins70","@id":"https:\/\/parafiaklimkowka.pl\/#\/schema\/person\/8411339f73ed143172a1fc20b8c20562"},"headline":"Imieniny Ksi\u0119dza Pra\u0142ata","datePublished":"2021-03-09T15:11:02+00:00","dateModified":"2021-03-09T15:13:36+00:00","mainEntityOfPage":{"@id":"https:\/\/parafiaklimkowka.pl\/index.php\/2021\/03\/09\/imieniny-ksiedza-pralata\/"},"wordCount":128,"publisher":{"@id":"https:\/\/parafiaklimkowka.pl\/#organization"},"image":{"@id":"https:\/\/parafiaklimkowka.pl\/index.php\/2021\/03\/09\/imieniny-ksiedza-pralata\/#primaryimage"},"thumbnailUrl":"http:\/\/parafiaklimkowka.pl\/wp-content\/uploads\/2021\/03\/pralat4-300x169.jpg","articleSection":["Wydarzenia"],"inLanguage":"pl-PL"},{"@type":"WebPage","@id":"https:\/\/parafiaklimkowka.pl\/index.php\/2021\/03\/09\/imieniny-ksiedza-pralata\/","url":"https:\/\/parafiaklimkowka.pl\/index.php\/2021\/03\/09\/imieniny-ksiedza-pralata\/","name":"Imieniny Ksi\u0119dza Pra\u0142ata - Parafia w Klimk\u00f3wce","isPartOf":{"@id":"https:\/\/parafiaklimkowka.pl\/#website"},"primaryImageOfPage":{"@id":"https:\/\/parafiaklimkowka.pl\/index.php\/2021\/03\/09\/imieniny-ksiedza-pralata\/#primaryimage"},"image":{"@id":"https:\/\/parafiaklimkowka.pl\/index.php\/2021\/03\/09\/imieniny-ksiedza-pralata\/#primaryimage"},"thumbnailUrl":"http:\/\/parafiaklimkowka.pl\/wp-content\/uploads\/2021\/03\/pralat4-300x169.jpg","datePublished":"2021-03-09T15:11:02+00:00","dateModified":"2021-03-09T15:13:36+00:00","breadcrumb":{"@id":"https:\/\/parafiaklimkowka.pl\/index.php\/2021\/03\/09\/imieniny-ksiedza-pralata\/#breadcrumb"},"inLanguage":"pl-PL","potentialAction":[{"@type":"ReadAction","target":["https:\/\/parafiaklimkowka.pl\/index.php\/2021\/03\/09\/imieniny-ksiedza-pralata\/"]}]},{"@type":"ImageObject","inLanguage":"pl-PL","@id":"https:\/\/parafiaklimkowka.pl\/index.php\/2021\/03\/09\/imieniny-ksiedza-pralata\/#primaryimage","url":"https:\/\/parafiaklimkowka.pl\/wp-content\/uploads\/2021\/03\/pralat4.jpg","contentUrl":"https:\/\/parafiaklimkowka.pl\/wp-content\/uploads\/2021\/03\/pralat4.jpg","width":1280,"height":720},{"@type":"BreadcrumbList","@id":"https:\/\/parafiaklimkowka.pl\/index.php\/2021\/03\/09\/imieniny-ksiedza-pralata\/#breadcrumb","itemListElement":[{"@type":"ListItem","position":1,"name":"Strona g\u0142\u00f3wna","item":"https:\/\/parafiaklimkowka.pl\/"},{"@type":"ListItem","position":2,"name":"Imieniny Ksi\u0119dza Pra\u0142ata"}]},{"@type":"WebSite","@id":"https:\/\/parafiaklimkowka.pl\/#website","url":"https:\/\/parafiaklimkowka.pl\/","name":"Parafia w Klimk\u00f3wce","description":"pw. \u015aw. Micha\u0142a Archanio\u0142a","publisher":{"@id":"https:\/\/parafiaklimkowka.pl\/#organization"},"potentialAction":[{"@type":"SearchAction","target":{"@type":"EntryPoint","urlTemplate":"https:\/\/parafiaklimkowka.pl\/?s={search_term_string}"},"query-input":"required name=search_term_string"}],"inLanguage":"pl-PL"},{"@type":"Organization","@id":"https:\/\/parafiaklimkowka.pl\/#organization","name":"Parafia p.w. \u015bw. Micha\u0142a Archanio\u0142a w Klimk\u00f3wce","url":"https:\/\/parafiaklimkowka.pl\/","logo":{"@type":"ImageObject","inLanguage":"pl-PL","@id":"https:\/\/parafiaklimkowka.pl\/#\/schema\/logo\/image\/","url":"http:\/\/parafiaklimkowka.pl\/wp-content\/uploads\/2019\/10\/anio\u01428_jpeg.jpg","contentUrl":"http:\/\/parafiaklimkowka.pl\/wp-content\/uploads\/2019\/10\/anio\u01428_jpeg.jpg","width":658,"height":483,"caption":"Parafia p.w. \u015bw. Micha\u0142a Archanio\u0142a w Klimk\u00f3wce"},"image":{"@id":"https:\/\/parafiaklimkowka.pl\/#\/schema\/logo\/image\/"}},{"@type":"Person","@id":"https:\/\/parafiaklimkowka.pl\/#\/schema\/person\/8411339f73ed143172a1fc20b8c20562","name":"kadmins70","image":{"@type":"ImageObject","inLanguage":"pl-PL","@id":"https:\/\/parafiaklimkowka.pl\/#\/schema\/person\/image\/","url":"https:\/\/secure.gravatar.com\/avatar\/2f1a9b134b0f743459e06c66845f8cf1?s=96&d=mm&r=g","contentUrl":"https:\/\/secure.gravatar.com\/avatar\/2f1a9b134b0f743459e06c66845f8cf1?s=96&d=mm&r=g","caption":"kadmins70"}}]}},"_links":{"self":[{"href":"https:\/\/parafiaklimkowka.pl\/index.php\/wp-json\/wp\/v2\/posts\/4055"}],"collection":[{"href":"https:\/\/parafiaklimkowka.pl\/index.php\/wp-json\/wp\/v2\/posts"}],"about":[{"href":"https:\/\/parafiaklimkowka.pl\/index.php\/wp-json\/wp\/v2\/types\/post"}],"author":[{"embeddable":true,"href":"https:\/\/parafiaklimkowka.pl\/index.php\/wp-json\/wp\/v2\/users\/1"}],"replies":[{"embeddable":true,"href":"https:\/\/parafiaklimkowka.pl\/index.php\/wp-json\/wp\/v2\/comments?post=4055"}],"version-history":[{"count":3,"href":"https:\/\/parafiaklimkowka.pl\/index.php\/wp-json\/wp\/v2\/posts\/4055\/revisions"}],"predecessor-version":[{"id":4058,"href":"https:\/\/parafiaklimkowka.pl\/index.php\/wp-json\/wp\/v2\/posts\/4055\/revisions\/4058"}],"wp:attachment":[{"href":"https:\/\/parafiaklimkowka.pl\/index.php\/wp-json\/wp\/v2\/media?parent=4055"}],"wp:term":[{"taxonomy":"category","embeddable":true,"href":"https:\/\/parafiaklimkowka.pl\/index.php\/wp-json\/wp\/v2\/categories?post=4055"},{"taxonomy":"post_tag","embeddable":true,"href":"https:\/\/parafiaklimkowka.pl\/index.php\/wp-json\/wp\/v2\/tags?post=4055"}],"curies":[{"name":"wp","href":"https:\/\/api.w.org\/{rel}","templated":true}]}}