{"id":4697,"date":"2021-05-30T07:01:36","date_gmt":"2021-05-30T05:01:36","guid":{"rendered":"http:\/\/parafiaklimkowka.pl\/?p=4697"},"modified":"2021-06-11T22:09:18","modified_gmt":"2021-06-11T20:09:18","slug":"niedziela-trojcy-swietej","status":"publish","type":"post","link":"https:\/\/parafiaklimkowka.pl\/index.php\/2021\/05\/30\/niedziela-trojcy-swietej\/","title":{"rendered":"Niedziela Tr\u00f3jcy \u015awi\u0119tej"},"content":{"rendered":"<p style=\"text-align: justify;\">1.W uroczysto\u015b\u0107 Tr\u00f3jcy Przenaj\u015bwi\u0119tszej, ze szczeg\u00f3ln\u0105 czci\u0105 Ko\u015bci\u00f3\u0142 wypowiada modlitw\u0119: \u201eChwa\u0142a Ojcu i Synowi i Duchowi \u015awi\u0119temu\u2026\u201d. Warto te\u017c zda\u0107 sobie spraw\u0119, \u017ce ile razy \u015bwiadomie i pobo\u017cnie wykonujemy znak krzy\u017ca, modlitewnie wielbimy Tr\u00f3jc\u0119 Przenaj\u015bwi\u0119tsz\u0105 \u2013 jednego Boga w trzech Osobach.<\/p>\n<p style=\"text-align: justify;\">2.<strong>W czwartek 3 czerwca b\u0119dziemy obchodzi\u0107 uroczysto\u015b\u0107 Naj\u015bwi\u0119tszego Cia\u0142a i Krwi Chrystusa.<\/strong> Uczestnicz\u0105c w tym dniu w procesji publicznie wyznajemy wiar\u0119 w ukrytego w Hostii Jezusa Chrystusa. <strong>Msze \u015awi\u0119te w naszym Ko\u015bciele o godzinie 7.30, 9.15 i 11.00. Mszy \u015awi\u0119tej po po\u0142udniu ju\u017c nie b\u0119dzie. <\/strong>Po Mszy \u015awi\u0119tej o godzinie 11.00 ruszymy z procesj\u0105 do czterech O\u0142tarzy. Na pocz\u0105tku Krzy\u017c, feretrony, Stra\u017c Po\u017carna, ministranci, ch\u0142opcy dzwoni\u0105cy dzwonkami i dziewczynki sypi\u0105ce kwiaty. Nast\u0119pnie Naj\u015bwi\u0119tszy Sakrament pod baldachimem i wszyscy wierni.<\/p>\n<p style=\"text-align: justify;\">3. <strong>Od pi\u0105tku rozpoczynamy Oktaw\u0119 Uroczysto\u015bci Bo\u017cego Cia\u0142a. Procesja eucharystyczna wok\u00f3\u0142 naszego ko\u015bcio\u0142a b\u0119dzie po Mszy \u015bwi\u0119tej o godz. 18.00.<\/strong> Zapraszam wszystkie dzieci, m\u0142odzie\u017c, starszych do udzia\u0142u w dzi\u0119kczynieniu za dar Eucharystii<strong>. Z racji Oktawy Ksi\u0105dz Arcybiskup Adam Szal udzieli\u0142 na pi\u0105tek 4 czerwca dyspensy od pokarm\u00f3w mi\u0119snych.<\/strong><\/p>\n<p style=\"text-align: justify;\">4<strong>.W czerwcu oddajemy cze\u015b\u0107 Bo\u017cemu Sercu odmawiaj\u0105c Litani\u0119 do Serca Jezusowego. Litania po drugiej Mszy \u015awi\u0119tej o godzinie 18.00. Pro\u015bmy jak najcz\u0119\u015bciej, nie tylko w czerwcu: \u201eJezu, uczy\u0144 serca nasze wed\u0142ug Serca Twego\u201d i nie zrywajmy naszej przyja\u017ani z Panem Bogiem.<\/strong><\/p>\n<p>5.<strong>Msze \u015awi\u0119te w tygodniu, w dni powszednie o godzinie 17.00 i 18.00. Jutro ostatnie nabo\u017ce\u0144stwo majowe, o godzinie 17.30, a Msza bezpo\u015brednio po nim.<\/strong><\/p>\n<p style=\"text-align: justify;\">6.<strong>W tym tygodniu pierwszy czwartek, pi\u0105tek, sobota i niedziela miesi\u0105ca:<\/strong><\/p>\n<p style=\"text-align: justify;\">&#8211; w czwartek modlimy si\u0119 o nowe powo\u0142ania kap\u0142a\u0144skie i zakonne<\/p>\n<p style=\"text-align: justify;\">&#8211; <strong>w pi\u0105tek spowied\u017a \u015bwi\u0119ta od godziny 16.15 do 17.00 i 17.30 do 18.00. Okazja do spowiedzi przez ca\u0142y tydzie\u0144 p\u00f3\u0142 godziny przed Msz\u0105 \u015awi\u0119t\u0105. Spowied\u017a dzieci w \u015brod\u0119 od godziny 16.30 do 17.00 i 17.30 do 17.45.<\/strong><\/p>\n<p style=\"text-align: justify;\"><strong>Zg\u0142oszonych chorych odwiedz\u0119 w \u015brod\u0119 od godziny 7.30 d\u00f3\u0142 Parafii do nowego mostu (rodzina Rajnik za mostem). W pi\u0105tek od godziny 7.30 g\u00f3ra Parafii od nowego mostu, do ko\u0144ca.<\/strong><\/p>\n<p style=\"text-align: justify;\">&#8211; <strong>w sobot\u0119 r\u00f3\u017caniec pierwszo sobotni o godzinie 17.30<\/strong><\/p>\n<p style=\"text-align: justify;\">&#8211; <strong>w przysz\u0142\u0105 niedziel\u0119 po Mszy o godzinie 9.15 zmiana tajemnic r\u00f3\u017ca\u0144cowych<\/strong><\/p>\n<p style=\"text-align: justify;\">7.We wtorek po Mszy \u015awi\u0119tej o godzinie 18.00 pr\u00f3ba dla dziewczynek sypi\u0105cych kwiatki w Bo\u017ce Cia\u0142o i Oktawie.<\/p>\n<p style=\"text-align: justify;\">8.We wtorek 1 czerwca b\u0119dziemy obchodzi\u0107 Dzie\u0144 Dziecka. Z okazji DNIA DZIECKA wszystkim dzieciom, tym mniejszym i tym wi\u0119kszym \u017cyczymy wiele rado\u015bci, wszelkiej pomy\u015blno\u015bci, spe\u0142nienia marze\u0144 i zdrowia, a tak\u017ce ci\u0105g\u0142ego radowania si\u0119&nbsp; Bo\u017c\u0105 mi\u0142o\u015bci\u0105. Wzrastajcie w \u0142asce u Boga.<\/p>\n<p style=\"text-align: justify;\">9.<strong>Od \u015brody 2 czerwca<\/strong> nasze odmawianie Litanii do Naj\u015bwi\u0119tszego Serca Pana Jezusa b\u0119dzie mia\u0142o wymiar Nowenny. Tak jak to zaznacza Ksi\u0105dz Arcybiskup Adam Szal, w swoim li\u015bcie, jako Archidiecezja Przemyska, kt\u00f3r\u0105 kierowa\u0142 przez wiele lat wielki Czciciel Naj\u015bwi\u0119tszego Serca Jezusowego, \u015bw. J\u00f3zef Sebastian Pelczar, chcemy duchowo przygotowa\u0107 si\u0119 do tego wielkiego wydarzenia <strong>poprzez diecezjaln\u0105 nowenn\u0119 (2-10 czerwca 2021)<\/strong>. Zapraszam tak\u017ce do \u015bledzenia tej Nowenny na \u0142\u0105czach Radia Fara.<\/p>\n<p style=\"text-align: justify;\">10.Dzi\u0119kujemy za sprz\u0105tanie Ko\u015bcio\u0142a tym osobom, kt\u00f3re to uczyni\u0142y w minionym tygodniu, a na sobot\u0119, <strong>na godzin\u0119 8.00 zapraszamy wiernych z ulicy Ksi\u0119dza Waisa, numery 21, 29, 31, 43, 45 (Ko\u015bci\u00f3\u0142) i numery 1, 3, 10 z ulicy Kwiatowej &nbsp;(Ko\u015bci\u00f3\u0142ek).<\/strong><\/p>\n<hr>\n<h4><em><strong data-rich-text-format-boundary=\"true\">Ewangelia wed\u0142ug \u015awi\u0119tego Mateusza<\/strong><\/em><\/h4>\n<p style=\"text-align: justify;\">Jedenastu uczni\u00f3w uda\u0142o si\u0119 do Galilei na g\u00f3r\u0119, tam gdzie Jezus im poleci\u0142. A gdy Go ujrzeli, oddali Mu pok\u0142on. Niekt\u00f3rzy jednak w\u0105tpili.<br>Wtedy Jezus zbli\u017cy\u0142 si\u0119 do nich i przem\u00f3wi\u0142 tymi s\u0142owami: \u201eDana Mi jest wszelka w\u0142adza w niebie i na ziemi. Id\u017acie wi\u0119c i nauczajcie wszystkie narody, udzielaj\u0105c im chrztu w imi\u0119 Ojca i Syna, i Ducha \u015awi\u0119tego. Uczcie je zachowywa\u0107 wszystko, co wam przykaza\u0142em.<br>A oto Ja jestem z wami przez wszystkie dni, a\u017c do sko\u0144czenia \u015bwiata\u201d.<\/p>\n<h4 style=\"text-align: justify;\"><strong data-rich-text-format-boundary=\"true\">Refleksja nad S\u0142owem Bo\u017cym<\/strong><\/h4>\n<p style=\"text-align: justify;\">W imi\u0119 Ojca i Syna, i Ducha \u015awi\u0119tego<\/p>\n<p style=\"text-align: justify;\">Pi\u0119kny i g\u0142\u0119boki jest znak krzy\u017ca kre\u015blony przez matk\u0119 lub ojca na czole syna lub c\u00f3rki, kt\u00f3remu towarzysz\u0105 s\u0142owa: \u201eNiech Ci\u0119 B\u00f3g prowadzi\u201d. I przywodz\u0105 na my\u015bl w\u0142a\u015bnie Tr\u00f3jc\u0119 \u015awi\u0119t\u0105. Tajemnica Tr\u00f3jcy \u015awi\u0119tej jest dla nas wezwaniem i zadaniem, aby\u015bmy uczyli si\u0119 w\u0142a\u015bciwie budowa\u0107 nasz\u0105 wi\u0119\u017a z Bogiem, a tak\u017ce nasze wzajemne wi\u0119zi i relacje. S\u0142uga Bo\u017cy Ksi\u0105dz Kardyna\u0142, Stefan Wyszy\u0144ski cz\u0119sto m\u00f3wi\u0142, \u017ce nasze \u017cycie wsp\u00f3lnotowe, spo\u0142eczne powinno by\u0107 odbiciem \u017cycia wewn\u0119trznego Tr\u00f3jcy Przenaj\u015bwi\u0119tszej. Wype\u0142nione mi\u0142o\u015bci\u0105, wi\u0119zi\u0105, jedno\u015bci\u0105 i pokojem.<\/p>\n<p style=\"text-align: justify;\">Chwa\u0142a Tobie, Tr\u00f3jco Przenaj\u015bwi\u0119tsza! Chwa\u0142a Ojcu i Synowi, i Duchowi \u015awi\u0119temu!<\/p>\n<hr>\n<h3><strong>Zapowiedzi p<\/strong><strong>rzedma\u0142\u017ce\u0144skie<\/strong><\/h3>\n<p style=\"text-align: justify;\">Daniel Janusz Penar, zamieszka\u0142y w Klimk\u00f3wce, ulica Zdrojowa, Parafia \u015awi\u0119tego Micha\u0142a Archanio\u0142a w Klimk\u00f3wce<br>i<br><span style=\"font-size: inherit;\">Sonia Maria Smoli\u0144ska, zamieszka\u0142a w Sanoku, ulica Wyspia\u0144skiego, Parafia Wniebowst\u0105pienia Pa\u0144skiego w Sanoku.<\/span><\/p>\n<p style=\"text-align: justify;\">Damian Marcin Kwolek, zamieszka\u0142y w Jab\u0142onicy Polskiej, Parafia Zwiastowania N.M.P<br>i<br><span style=\"font-size: inherit;\">Karolina Aleksandra Krukar, zamieszka\u0142a w Klimk\u00f3wce, ulica Zdrojowa, Parafia \u015awi\u0119tego Micha\u0142a Archanio\u0142a w Klimk\u00f3wce<\/span><\/p>\n<hr>\n<h3><strong>Odeszli do wieczno\u015bci<\/strong><\/h3>\n<p><strong>\u0141ukasz Maciej Grysztar \u2013 zamieszka\u0142y Umieszcz 176.&nbsp;<\/strong><\/p>\n<p><strong>Marian Penar \u2013 zamieszka\u0142y Klimk\u00f3wka, ul. Kwiatowa 14<\/strong><\/p>\n<hr>\n<h3><strong>Spotkania grup duszpasterskich<\/strong><\/h3>\n<hr>\n<h3><strong>Intencje modlitewne na czerwiec<\/strong><\/h3>\n<h5><strong>Og\u00f3lna:<\/strong><\/h5>\n<p>W intencji ludzi m\u0142odych, kt\u00f3rzy przygotowuj\u0105 si\u0119 do ma\u0142\u017ce\u0144stwa przy wsparciu wsp\u00f3lnoty chrze\u015bcija\u0144skiej, aby wzrastali w mi\u0142o\u015bci z wielkoduszno\u015bci\u0105, wierno\u015bci\u0105 i cierpliwo\u015bci\u0105.<\/p>\n<h5><strong>Diecezjalna r\u00f3\u017ca\u0144cowa:<\/strong><\/h5>\n<p style=\"text-align: justify;\">Za tych, kt\u00f3rzy w tym roku przyst\u0119puj\u0105 do pierwszej spowiedzi i Komunii \u015awi\u0119tej oraz sakramentu bierzmowania.<\/p>\n\n\n<p><\/p>\n","protected":false},"excerpt":{"rendered":"<p>1.W uroczysto\u015b\u0107 Tr\u00f3jcy Przenaj\u015bwi\u0119tszej, ze szczeg\u00f3ln\u0105 czci\u0105 Ko\u015bci\u00f3\u0142 wypowiada modlitw\u0119: \u201eChwa\u0142a Ojcu i Synowi i Duchowi \u015awi\u0119temu\u2026\u201d. Warto te\u017c zda\u0107 sobie spraw\u0119, \u017ce ile razy \u015bwiadomie i pobo\u017cnie wykonujemy znak [&hellip;]<\/p>\n","protected":false},"author":1,"featured_media":0,"comment_status":"closed","ping_status":"open","sticky":false,"template":"","format":"standard","meta":{"ngg_post_thumbnail":0,"footnotes":""},"categories":[1,4],"tags":[],"yoast_head":"<!-- This site is optimized with the Yoast SEO plugin v23.2 - https:\/\/yoast.com\/wordpress\/plugins\/seo\/ -->\n<title>Niedziela Tr\u00f3jcy \u015awi\u0119tej - Parafia w Klimk\u00f3wce<\/title>\n<meta name=\"robots\" content=\"index, follow, max-snippet:-1, max-image-preview:large, max-video-preview:-1\" \/>\n<link rel=\"canonical\" href=\"https:\/\/parafiaklimkowka.pl\/index.php\/2021\/05\/30\/niedziela-trojcy-swietej\/\" \/>\n<meta property=\"og:locale\" content=\"pl_PL\" \/>\n<meta property=\"og:type\" content=\"article\" \/>\n<meta property=\"og:title\" content=\"Niedziela Tr\u00f3jcy \u015awi\u0119tej - Parafia w Klimk\u00f3wce\" \/>\n<meta property=\"og:description\" content=\"1.W uroczysto\u015b\u0107 Tr\u00f3jcy Przenaj\u015bwi\u0119tszej, ze szczeg\u00f3ln\u0105 czci\u0105 Ko\u015bci\u00f3\u0142 wypowiada modlitw\u0119: \u201eChwa\u0142a Ojcu i Synowi i Duchowi \u015awi\u0119temu\u2026\u201d. Warto te\u017c zda\u0107 sobie spraw\u0119, \u017ce ile razy \u015bwiadomie i pobo\u017cnie wykonujemy znak [&hellip;]\" \/>\n<meta property=\"og:url\" content=\"https:\/\/parafiaklimkowka.pl\/index.php\/2021\/05\/30\/niedziela-trojcy-swietej\/\" \/>\n<meta property=\"og:site_name\" content=\"Parafia w Klimk\u00f3wce\" \/>\n<meta property=\"article:published_time\" content=\"2021-05-30T05:01:36+00:00\" \/>\n<meta property=\"article:modified_time\" content=\"2021-06-11T20:09:18+00:00\" \/>\n<meta name=\"author\" content=\"kadmins70\" \/>\n<meta name=\"twitter:card\" content=\"summary_large_image\" \/>\n<meta name=\"twitter:label1\" content=\"Napisane przez\" \/>\n\t<meta name=\"twitter:data1\" content=\"kadmins70\" \/>\n\t<meta name=\"twitter:label2\" content=\"Szacowany czas czytania\" \/>\n\t<meta name=\"twitter:data2\" content=\"4 minuty\" \/>\n<script type=\"application\/ld+json\" class=\"yoast-schema-graph\">{\"@context\":\"https:\/\/schema.org\",\"@graph\":[{\"@type\":\"Article\",\"@id\":\"https:\/\/parafiaklimkowka.pl\/index.php\/2021\/05\/30\/niedziela-trojcy-swietej\/#article\",\"isPartOf\":{\"@id\":\"https:\/\/parafiaklimkowka.pl\/index.php\/2021\/05\/30\/niedziela-trojcy-swietej\/\"},\"author\":{\"name\":\"kadmins70\",\"@id\":\"https:\/\/parafiaklimkowka.pl\/#\/schema\/person\/8411339f73ed143172a1fc20b8c20562\"},\"headline\":\"Niedziela Tr\u00f3jcy \u015awi\u0119tej\",\"datePublished\":\"2021-05-30T05:01:36+00:00\",\"dateModified\":\"2021-06-11T20:09:18+00:00\",\"mainEntityOfPage\":{\"@id\":\"https:\/\/parafiaklimkowka.pl\/index.php\/2021\/05\/30\/niedziela-trojcy-swietej\/\"},\"wordCount\":1002,\"publisher\":{\"@id\":\"https:\/\/parafiaklimkowka.pl\/#organization\"},\"articleSection\":[\"Aktualno\u015bci\",\"Og\u0142oszenia duszpasterskie\"],\"inLanguage\":\"pl-PL\"},{\"@type\":\"WebPage\",\"@id\":\"https:\/\/parafiaklimkowka.pl\/index.php\/2021\/05\/30\/niedziela-trojcy-swietej\/\",\"url\":\"https:\/\/parafiaklimkowka.pl\/index.php\/2021\/05\/30\/niedziela-trojcy-swietej\/\",\"name\":\"Niedziela Tr\u00f3jcy \u015awi\u0119tej - Parafia w Klimk\u00f3wce\",\"isPartOf\":{\"@id\":\"https:\/\/parafiaklimkowka.pl\/#website\"},\"datePublished\":\"2021-05-30T05:01:36+00:00\",\"dateModified\":\"2021-06-11T20:09:18+00:00\",\"breadcrumb\":{\"@id\":\"https:\/\/parafiaklimkowka.pl\/index.php\/2021\/05\/30\/niedziela-trojcy-swietej\/#breadcrumb\"},\"inLanguage\":\"pl-PL\",\"potentialAction\":[{\"@type\":\"ReadAction\",\"target\":[\"https:\/\/parafiaklimkowka.pl\/index.php\/2021\/05\/30\/niedziela-trojcy-swietej\/\"]}]},{\"@type\":\"BreadcrumbList\",\"@id\":\"https:\/\/parafiaklimkowka.pl\/index.php\/2021\/05\/30\/niedziela-trojcy-swietej\/#breadcrumb\",\"itemListElement\":[{\"@type\":\"ListItem\",\"position\":1,\"name\":\"Strona g\u0142\u00f3wna\",\"item\":\"https:\/\/parafiaklimkowka.pl\/\"},{\"@type\":\"ListItem\",\"position\":2,\"name\":\"Niedziela Tr\u00f3jcy \u015awi\u0119tej\"}]},{\"@type\":\"WebSite\",\"@id\":\"https:\/\/parafiaklimkowka.pl\/#website\",\"url\":\"https:\/\/parafiaklimkowka.pl\/\",\"name\":\"Parafia w Klimk\u00f3wce\",\"description\":\"pw. \u015aw. Micha\u0142a Archanio\u0142a\",\"publisher\":{\"@id\":\"https:\/\/parafiaklimkowka.pl\/#organization\"},\"potentialAction\":[{\"@type\":\"SearchAction\",\"target\":{\"@type\":\"EntryPoint\",\"urlTemplate\":\"https:\/\/parafiaklimkowka.pl\/?s={search_term_string}\"},\"query-input\":\"required name=search_term_string\"}],\"inLanguage\":\"pl-PL\"},{\"@type\":\"Organization\",\"@id\":\"https:\/\/parafiaklimkowka.pl\/#organization\",\"name\":\"Parafia p.w. \u015bw. Micha\u0142a Archanio\u0142a w Klimk\u00f3wce\",\"url\":\"https:\/\/parafiaklimkowka.pl\/\",\"logo\":{\"@type\":\"ImageObject\",\"inLanguage\":\"pl-PL\",\"@id\":\"https:\/\/parafiaklimkowka.pl\/#\/schema\/logo\/image\/\",\"url\":\"http:\/\/parafiaklimkowka.pl\/wp-content\/uploads\/2019\/10\/anio\u01428_jpeg.jpg\",\"contentUrl\":\"http:\/\/parafiaklimkowka.pl\/wp-content\/uploads\/2019\/10\/anio\u01428_jpeg.jpg\",\"width\":658,\"height\":483,\"caption\":\"Parafia p.w. \u015bw. Micha\u0142a Archanio\u0142a w Klimk\u00f3wce\"},\"image\":{\"@id\":\"https:\/\/parafiaklimkowka.pl\/#\/schema\/logo\/image\/\"}},{\"@type\":\"Person\",\"@id\":\"https:\/\/parafiaklimkowka.pl\/#\/schema\/person\/8411339f73ed143172a1fc20b8c20562\",\"name\":\"kadmins70\",\"image\":{\"@type\":\"ImageObject\",\"inLanguage\":\"pl-PL\",\"@id\":\"https:\/\/parafiaklimkowka.pl\/#\/schema\/person\/image\/\",\"url\":\"https:\/\/secure.gravatar.com\/avatar\/2f1a9b134b0f743459e06c66845f8cf1?s=96&d=mm&r=g\",\"contentUrl\":\"https:\/\/secure.gravatar.com\/avatar\/2f1a9b134b0f743459e06c66845f8cf1?s=96&d=mm&r=g\",\"caption\":\"kadmins70\"}}]}<\/script>\n<!-- \/ Yoast SEO plugin. -->","yoast_head_json":{"title":"Niedziela Tr\u00f3jcy \u015awi\u0119tej - Parafia w Klimk\u00f3wce","robots":{"index":"index","follow":"follow","max-snippet":"max-snippet:-1","max-image-preview":"max-image-preview:large","max-video-preview":"max-video-preview:-1"},"canonical":"https:\/\/parafiaklimkowka.pl\/index.php\/2021\/05\/30\/niedziela-trojcy-swietej\/","og_locale":"pl_PL","og_type":"article","og_title":"Niedziela Tr\u00f3jcy \u015awi\u0119tej - Parafia w Klimk\u00f3wce","og_description":"1.W uroczysto\u015b\u0107 Tr\u00f3jcy Przenaj\u015bwi\u0119tszej, ze szczeg\u00f3ln\u0105 czci\u0105 Ko\u015bci\u00f3\u0142 wypowiada modlitw\u0119: \u201eChwa\u0142a Ojcu i Synowi i Duchowi \u015awi\u0119temu\u2026\u201d. Warto te\u017c zda\u0107 sobie spraw\u0119, \u017ce ile razy \u015bwiadomie i pobo\u017cnie wykonujemy znak [&hellip;]","og_url":"https:\/\/parafiaklimkowka.pl\/index.php\/2021\/05\/30\/niedziela-trojcy-swietej\/","og_site_name":"Parafia w Klimk\u00f3wce","article_published_time":"2021-05-30T05:01:36+00:00","article_modified_time":"2021-06-11T20:09:18+00:00","author":"kadmins70","twitter_card":"summary_large_image","twitter_misc":{"Napisane przez":"kadmins70","Szacowany czas czytania":"4 minuty"},"schema":{"@context":"https:\/\/schema.org","@graph":[{"@type":"Article","@id":"https:\/\/parafiaklimkowka.pl\/index.php\/2021\/05\/30\/niedziela-trojcy-swietej\/#article","isPartOf":{"@id":"https:\/\/parafiaklimkowka.pl\/index.php\/2021\/05\/30\/niedziela-trojcy-swietej\/"},"author":{"name":"kadmins70","@id":"https:\/\/parafiaklimkowka.pl\/#\/schema\/person\/8411339f73ed143172a1fc20b8c20562"},"headline":"Niedziela Tr\u00f3jcy \u015awi\u0119tej","datePublished":"2021-05-30T05:01:36+00:00","dateModified":"2021-06-11T20:09:18+00:00","mainEntityOfPage":{"@id":"https:\/\/parafiaklimkowka.pl\/index.php\/2021\/05\/30\/niedziela-trojcy-swietej\/"},"wordCount":1002,"publisher":{"@id":"https:\/\/parafiaklimkowka.pl\/#organization"},"articleSection":["Aktualno\u015bci","Og\u0142oszenia duszpasterskie"],"inLanguage":"pl-PL"},{"@type":"WebPage","@id":"https:\/\/parafiaklimkowka.pl\/index.php\/2021\/05\/30\/niedziela-trojcy-swietej\/","url":"https:\/\/parafiaklimkowka.pl\/index.php\/2021\/05\/30\/niedziela-trojcy-swietej\/","name":"Niedziela Tr\u00f3jcy \u015awi\u0119tej - Parafia w Klimk\u00f3wce","isPartOf":{"@id":"https:\/\/parafiaklimkowka.pl\/#website"},"datePublished":"2021-05-30T05:01:36+00:00","dateModified":"2021-06-11T20:09:18+00:00","breadcrumb":{"@id":"https:\/\/parafiaklimkowka.pl\/index.php\/2021\/05\/30\/niedziela-trojcy-swietej\/#breadcrumb"},"inLanguage":"pl-PL","potentialAction":[{"@type":"ReadAction","target":["https:\/\/parafiaklimkowka.pl\/index.php\/2021\/05\/30\/niedziela-trojcy-swietej\/"]}]},{"@type":"BreadcrumbList","@id":"https:\/\/parafiaklimkowka.pl\/index.php\/2021\/05\/30\/niedziela-trojcy-swietej\/#breadcrumb","itemListElement":[{"@type":"ListItem","position":1,"name":"Strona g\u0142\u00f3wna","item":"https:\/\/parafiaklimkowka.pl\/"},{"@type":"ListItem","position":2,"name":"Niedziela Tr\u00f3jcy \u015awi\u0119tej"}]},{"@type":"WebSite","@id":"https:\/\/parafiaklimkowka.pl\/#website","url":"https:\/\/parafiaklimkowka.pl\/","name":"Parafia w Klimk\u00f3wce","description":"pw. \u015aw. Micha\u0142a Archanio\u0142a","publisher":{"@id":"https:\/\/parafiaklimkowka.pl\/#organization"},"potentialAction":[{"@type":"SearchAction","target":{"@type":"EntryPoint","urlTemplate":"https:\/\/parafiaklimkowka.pl\/?s={search_term_string}"},"query-input":"required name=search_term_string"}],"inLanguage":"pl-PL"},{"@type":"Organization","@id":"https:\/\/parafiaklimkowka.pl\/#organization","name":"Parafia p.w. \u015bw. Micha\u0142a Archanio\u0142a w Klimk\u00f3wce","url":"https:\/\/parafiaklimkowka.pl\/","logo":{"@type":"ImageObject","inLanguage":"pl-PL","@id":"https:\/\/parafiaklimkowka.pl\/#\/schema\/logo\/image\/","url":"http:\/\/parafiaklimkowka.pl\/wp-content\/uploads\/2019\/10\/anio\u01428_jpeg.jpg","contentUrl":"http:\/\/parafiaklimkowka.pl\/wp-content\/uploads\/2019\/10\/anio\u01428_jpeg.jpg","width":658,"height":483,"caption":"Parafia p.w. \u015bw. Micha\u0142a Archanio\u0142a w Klimk\u00f3wce"},"image":{"@id":"https:\/\/parafiaklimkowka.pl\/#\/schema\/logo\/image\/"}},{"@type":"Person","@id":"https:\/\/parafiaklimkowka.pl\/#\/schema\/person\/8411339f73ed143172a1fc20b8c20562","name":"kadmins70","image":{"@type":"ImageObject","inLanguage":"pl-PL","@id":"https:\/\/parafiaklimkowka.pl\/#\/schema\/person\/image\/","url":"https:\/\/secure.gravatar.com\/avatar\/2f1a9b134b0f743459e06c66845f8cf1?s=96&d=mm&r=g","contentUrl":"https:\/\/secure.gravatar.com\/avatar\/2f1a9b134b0f743459e06c66845f8cf1?s=96&d=mm&r=g","caption":"kadmins70"}}]}},"_links":{"self":[{"href":"https:\/\/parafiaklimkowka.pl\/index.php\/wp-json\/wp\/v2\/posts\/4697"}],"collection":[{"href":"https:\/\/parafiaklimkowka.pl\/index.php\/wp-json\/wp\/v2\/posts"}],"about":[{"href":"https:\/\/parafiaklimkowka.pl\/index.php\/wp-json\/wp\/v2\/types\/post"}],"author":[{"embeddable":true,"href":"https:\/\/parafiaklimkowka.pl\/index.php\/wp-json\/wp\/v2\/users\/1"}],"replies":[{"embeddable":true,"href":"https:\/\/parafiaklimkowka.pl\/index.php\/wp-json\/wp\/v2\/comments?post=4697"}],"version-history":[{"count":5,"href":"https:\/\/parafiaklimkowka.pl\/index.php\/wp-json\/wp\/v2\/posts\/4697\/revisions"}],"predecessor-version":[{"id":5040,"href":"https:\/\/parafiaklimkowka.pl\/index.php\/wp-json\/wp\/v2\/posts\/4697\/revisions\/5040"}],"wp:attachment":[{"href":"https:\/\/parafiaklimkowka.pl\/index.php\/wp-json\/wp\/v2\/media?parent=4697"}],"wp:term":[{"taxonomy":"category","embeddable":true,"href":"https:\/\/parafiaklimkowka.pl\/index.php\/wp-json\/wp\/v2\/categories?post=4697"},{"taxonomy":"post_tag","embeddable":true,"href":"https:\/\/parafiaklimkowka.pl\/index.php\/wp-json\/wp\/v2\/tags?post=4697"}],"curies":[{"name":"wp","href":"https:\/\/api.w.org\/{rel}","templated":true}]}}