{"id":5630,"date":"2021-10-03T21:11:19","date_gmt":"2021-10-03T19:11:19","guid":{"rendered":"http:\/\/parafiaklimkowka.pl\/?p=5630"},"modified":"2021-10-08T21:19:35","modified_gmt":"2021-10-08T19:19:35","slug":"xxvii-niedziela-zwykla","status":"publish","type":"post","link":"https:\/\/parafiaklimkowka.pl\/index.php\/2021\/10\/03\/xxvii-niedziela-zwykla\/","title":{"rendered":"XXVII Niedziela Zwyk\u0142a"},"content":{"rendered":"<ol>\n<li style=\"text-align: justify;\">Pan Jezus przypomina nam dzisiaj warto\u015b\u0107 nierozerwalnego ma\u0142\u017ce\u0144stwa jednej kobiety i jednego m\u0119\u017cczyzny. Wymagania Pana Boga w tej dziedzinie s\u0105 wielkie i chocia\u017c wielu nie potrafi im sprosta\u0107, to jednak nie mo\u017cna ich negowa\u0107. Z Bo\u017c\u0105 pomoc\u0105 mo\u017cna przezwyci\u0119\u017cy\u0107 wiele problem\u00f3w i osi\u0105gn\u0105\u0107 szcz\u0119\u015bcie we dwoje.<\/li>\n<li style=\"text-align: justify;\"><strong>Trwamy na codziennej modlitwie r\u00f3\u017ca\u0144cowej.<\/strong> Przez ca\u0142y pa\u017adziernik z Matk\u0105 Bo\u017c\u0105 trwamy na modlitwie r\u00f3\u017ca\u0144cowej. R\u00f3\u017caniec towarzyszy nam w chwilach rado\u015bci i do\u015bwiadczenia. Rozwa\u017caj\u0105c tajemnice z \u017cycia Pana Jezusa i Maryi, w r\u00f3\u017ca\u0144cowe dziesi\u0105tki wplatamy nasze sprawy osobiste, sprawy naszych rodzin, narodu, Ko\u015bcio\u0142a, ca\u0142ej ludzko\u015bci. W ten spos\u00f3b prosta modlitwa r\u00f3\u017ca\u0144cowa pulsuje naszym \u017cyciem. Jak\u017ce wielka jest dzi\u015b potrzeba modlitwy o pok\u00f3j na \u015bwiecie i w intencji zagro\u017conej rodziny. Spr\u00f3bujmy na nowo odkry\u0107 r\u00f3\u017caniec we wsp\u00f3lnocie parafialnej i w zaciszu domowego Ko\u015bcio\u0142a<strong>. Na nabo\u017ce\u0144stwo pa\u017adziernikowe gromadzimy si\u0119 w naszym ko\u015bciele, w dni powszednie o godzinie 16.30. W niedziele, p\u00f3\u0142 godziny przed Msz\u0105 o godzinie 9.15.T<\/strong>ych, kt\u00f3rzy nie mog\u0105 uczestniczy\u0107 w modlitwie wsp\u00f3lnotowej, zach\u0119cam do odmawiania r\u00f3\u017ca\u0144ca w rodzinie lub indywidualnie.<\/li>\n<li style=\"text-align: justify;\"><strong>Dzi\u015b po Mszy \u015awi\u0119tej o godzinie 9.15<\/strong> zmiana tajemnic r\u00f3\u017ca\u0144cowych. Na tej Mszy \u015awi\u0119tej dzieci klas III, przygotowuj\u0105ce si\u0119 do I Komunii \u015awi\u0119tej otrzymaj\u0105 po\u015bwi\u0119cone i pob\u0142ogos\u0142awione r\u00f3\u017ca\u0144ce.<\/li>\n<li style=\"text-align: justify;\"><strong>W przysz\u0142\u0105 niedziel\u0119 po raz 21 b\u0119dziemy obchodzi\u0107 Dzie\u0144 Papieski.<\/strong> Jak co roku przeprowadzona zostanie zbi\u00f3rka na Fundacj\u0119 Dzie\u0142o Nowego Tysi\u0105clecia, wspieraj\u0105c\u0105 uzdolnion\u0105, ubog\u0105 m\u0142odzie\u017c. <strong>Przed Mszami m\u0142odzie\u017c naszej Szko\u0142y im. \u015awi\u0119tego Jana Paw\u0142a II b\u0119dzie kwestowa\u0107 na ten cel. <\/strong>&nbsp;<\/li>\n<li style=\"text-align: justify;\">Dzi\u0119kujemy za sprz\u0105tanie Ko\u015bcio\u0142a tym osobom, kt\u00f3re to uczyni\u0142y w minionym tygodniu, a na sobot\u0119, <strong>na godzin\u0119 8.00 zapraszamy wiernych z ulicy Zdrojowej, numery 102, 114, 122, 124 (Ko\u015bci\u00f3\u0142) i z ulicy Zdrojowej, numery 136, 138, 140 (Ko\u015bci\u00f3\u0142ek). <\/strong>&nbsp;<\/li>\n<li style=\"text-align: justify;\">Sk\u0142adka mszalna z dzisiejszej niedzieli przeznaczona jest na Seminarium Duchowne w Przemy\u015blu.<\/li>\n<\/ol>\n<hr>\n<h4 style=\"text-align: justify;\"><em><strong data-rich-text-format-boundary=\"true\">Ewangelia wed\u0142ug \u015awi\u0119tego Marka<\/strong><\/em><\/h4>\n<p style=\"text-align: justify;\">Faryzeusze przyst\u0105pili do Jezusa, a chc\u0105c Go wystawi\u0107 na pr\u00f3b\u0119, pytali Go, czy wolno m\u0119\u017cowi oddali\u0107 \u017con\u0119. Odpowiadaj\u0105c, zapyta\u0142 ich: &#8222;Co wam przykaza\u0142 Moj\u017cesz?&#8221; Oni rzekli: &#8222;Moj\u017cesz pozwoli\u0142 napisa\u0107 list rozwodowy i oddali\u0107&#8221;. W\u00f3wczas Jezus rzek\u0142 do nich: &#8222;Przez wzgl\u0105d na zatwardzia\u0142o\u015b\u0107 serc waszych napisa\u0142 wam to przykazanie. Lecz na pocz\u0105tku stworzenia B\u00f3g stworzy\u0142 ich jako m\u0119\u017cczyzn\u0119 i kobiet\u0119: dlatego opu\u015bci cz\u0142owiek ojca swego i matk\u0119 i z\u0142\u0105czy si\u0119 ze swoj\u0105 \u017con\u0105, i b\u0119d\u0105 oboje jednym cia\u0142em. A tak ju\u017c nie s\u0105 dwojgiem, lecz jednym cia\u0142em. Co wi\u0119c B\u00f3g z\u0142\u0105czy\u0142, tego niech cz\u0142owiek nie rozdziela&#8221;. W domu uczniowie raz jeszcze pytali Go o to. Powiedzia\u0142 im: &#8222;Kto oddala swoj\u0105 \u017con\u0119, a bierze inn\u0105, pope\u0142nia wzgl\u0119dem niej cudzo\u0142\u00f3stwo. I je\u015bli \u017cona opu\u015bci swego m\u0119\u017ca, a wyjdzie za innego, pope\u0142nia cudzo\u0142\u00f3stwo&#8221;. Przynosili Mu r\u00f3wnie\u017c dzieci, \u017ceby ich dotkn\u0105\u0142; lecz uczniowie szorstko zabraniali im tego. A Jezus, widz\u0105c to, oburzy\u0142 si\u0119 i rzek\u0142 do nich: &#8222;Pozw\u00f3lcie dzieciom przychodzi\u0107 do Mnie, nie przeszkadzajcie im; do takich bowiem nale\u017cy kr\u00f3lestwo Bo\u017ce. Zaprawd\u0119, powiadam wam: Kto nie przyjmie kr\u00f3lestwa Bo\u017cego jak dziecko, ten nie wejdzie do niego&#8221;. I bior\u0105c je w obj\u0119cia, k\u0142ad\u0142 na nie r\u0119ce i b\u0142ogos\u0142awi\u0142 je.<\/p>\n<h4 style=\"text-align: justify;\"><strong data-rich-text-format-boundary=\"true\">Refleksja nad S\u0142owem Bo\u017cym<\/strong><\/h4>\n<p style=\"text-align: justify;\">Ewangelia ukazuje nam Chrystusa, kt\u00f3ry ma w swych obj\u0119ciach dziecko. Jest to uzupe\u0142nienie tej wizji, kt\u00f3ra by\u0142a obecna ju\u017c w Starym Testamencie. Dzi\u0119ki sakramentowi ma\u0142\u017ce\u0144stwa m\u0105\u017c i \u017cona zapraszaj\u0105 do swojego \u017cycia Chrystusa, ich powo\u0142anie do tego, aby da\u0107 \u017cycie, jest odt\u0105d \u015bci\u015ble po\u0142\u0105czone z dotrzymaniem kroku Chrystusowi, kt\u00f3rego ma\u0142\u017conkowie zaprosili.<\/p>\n<p style=\"text-align: justify;\">M\u00f3wimy o kamieniu w\u0119gielnym szcz\u0119\u015bcia cz\u0142owieka, szcz\u0119\u015bcia ma\u0142\u017ce\u0144stwa, szcz\u0119\u015bcia rodziny i szcz\u0119\u015bcia spo\u0142ecze\u0144stwa. I biada temu, kto lekcewa\u017cy Bo\u017ce prawo, kto chcia\u0142by decydowa\u0107 albo sam decyduje o przecinaniu wi\u0119z\u00f3w, kt\u00f3re nie mog\u0105 by\u0107 przeci\u0119te, gdy\u017c s\u0105 tw\u00f3rcze. To one decyduj\u0105 o tym, \u017ce przestrze\u0144 mi\u0119dzy lud\u017ami jest wype\u0142niona mi\u0142o\u015bci\u0105, a nie bolesn\u0105 samotno\u015bci\u0105.<\/p>\n<p style=\"text-align: justify;\">Pro\u015bmy dzi\u015b Pana Boga, aby nasze serca nigdy nie zapomnia\u0142y, \u017ce Chrystus jest z nami. Pro\u015bmy r\u00f3wnie\u017c, aby te serca, kt\u00f3re zosta\u0142y okaleczone, Chrystus swym dotkni\u0119ciem uleczy\u0142.<\/p>\n<hr>\n<h3 style=\"text-align: justify;\"><strong>Zapowiedzi p<\/strong><strong>rzedma\u0142\u017ce\u0144skie<\/strong><\/h3>\n<hr>\n<h3><strong>Odeszli do wieczno\u015bci<\/strong><\/h3>\n<p>Janina Rado\u0144 &#8211; urodzona 20.05.1951, zmar\u0142a 01.10.2021, zamieszka\u0142a ul. Zdrojowa 17<\/p>\n<hr>\n<h3><strong>Spotkania grup duszpasterskich<\/strong><\/h3>\n<hr>\n<h3><strong>Intencje modlitewne na pa\u017adziernik<\/strong><\/h3>\n<h4><strong>Og\u00f3lna:<\/strong><\/h4>\n<p>Aby ka\u017cdy ochrzczony by\u0142 w\u0142\u0105czony w ewangelizacj\u0119, gotowy do misji, poprzez \u015bwiadectwo \u017cycia maj\u0105cego smak ewangelii.<\/p>\n<h4><strong>Diecezjalna r\u00f3\u017ca\u0144cowa:<\/strong><\/h4>\n<p>Za wszystkich cz\u0142onk\u00f3w \u017bywego R\u00f3\u017ca\u0144ca w naszej Archidiecezji oraz o wzrost tego dzie\u0142a.<\/p>\n","protected":false},"excerpt":{"rendered":"<p>Pan Jezus przypomina nam dzisiaj warto\u015b\u0107 nierozerwalnego ma\u0142\u017ce\u0144stwa jednej kobiety i jednego m\u0119\u017cczyzny. Wymagania Pana Boga w tej dziedzinie s\u0105 wielkie i chocia\u017c wielu nie potrafi im sprosta\u0107, to jednak [&hellip;]<\/p>\n","protected":false},"author":1,"featured_media":0,"comment_status":"closed","ping_status":"open","sticky":false,"template":"","format":"standard","meta":{"ngg_post_thumbnail":0,"footnotes":""},"categories":[4],"tags":[],"yoast_head":"<!-- This site is optimized with the Yoast SEO plugin v23.2 - https:\/\/yoast.com\/wordpress\/plugins\/seo\/ -->\n<title>XXVII Niedziela Zwyk\u0142a - Parafia w Klimk\u00f3wce<\/title>\n<meta name=\"robots\" content=\"index, follow, max-snippet:-1, max-image-preview:large, max-video-preview:-1\" \/>\n<link rel=\"canonical\" href=\"https:\/\/parafiaklimkowka.pl\/index.php\/2021\/10\/03\/xxvii-niedziela-zwykla\/\" \/>\n<meta property=\"og:locale\" content=\"pl_PL\" \/>\n<meta property=\"og:type\" content=\"article\" \/>\n<meta property=\"og:title\" content=\"XXVII Niedziela Zwyk\u0142a - Parafia w Klimk\u00f3wce\" \/>\n<meta property=\"og:description\" content=\"Pan Jezus przypomina nam dzisiaj warto\u015b\u0107 nierozerwalnego ma\u0142\u017ce\u0144stwa jednej kobiety i jednego m\u0119\u017cczyzny. Wymagania Pana Boga w tej dziedzinie s\u0105 wielkie i chocia\u017c wielu nie potrafi im sprosta\u0107, to jednak [&hellip;]\" \/>\n<meta property=\"og:url\" content=\"https:\/\/parafiaklimkowka.pl\/index.php\/2021\/10\/03\/xxvii-niedziela-zwykla\/\" \/>\n<meta property=\"og:site_name\" content=\"Parafia w Klimk\u00f3wce\" \/>\n<meta property=\"article:published_time\" content=\"2021-10-03T19:11:19+00:00\" \/>\n<meta property=\"article:modified_time\" content=\"2021-10-08T19:19:35+00:00\" \/>\n<meta name=\"author\" content=\"kadmins70\" \/>\n<meta name=\"twitter:card\" content=\"summary_large_image\" \/>\n<meta name=\"twitter:label1\" content=\"Napisane przez\" \/>\n\t<meta name=\"twitter:data1\" content=\"kadmins70\" \/>\n\t<meta name=\"twitter:label2\" content=\"Szacowany czas czytania\" \/>\n\t<meta name=\"twitter:data2\" content=\"3 minuty\" \/>\n<script type=\"application\/ld+json\" class=\"yoast-schema-graph\">{\"@context\":\"https:\/\/schema.org\",\"@graph\":[{\"@type\":\"Article\",\"@id\":\"https:\/\/parafiaklimkowka.pl\/index.php\/2021\/10\/03\/xxvii-niedziela-zwykla\/#article\",\"isPartOf\":{\"@id\":\"https:\/\/parafiaklimkowka.pl\/index.php\/2021\/10\/03\/xxvii-niedziela-zwykla\/\"},\"author\":{\"name\":\"kadmins70\",\"@id\":\"https:\/\/parafiaklimkowka.pl\/#\/schema\/person\/8411339f73ed143172a1fc20b8c20562\"},\"headline\":\"XXVII Niedziela Zwyk\u0142a\",\"datePublished\":\"2021-10-03T19:11:19+00:00\",\"dateModified\":\"2021-10-08T19:19:35+00:00\",\"mainEntityOfPage\":{\"@id\":\"https:\/\/parafiaklimkowka.pl\/index.php\/2021\/10\/03\/xxvii-niedziela-zwykla\/\"},\"wordCount\":857,\"publisher\":{\"@id\":\"https:\/\/parafiaklimkowka.pl\/#organization\"},\"articleSection\":[\"Og\u0142oszenia duszpasterskie\"],\"inLanguage\":\"pl-PL\"},{\"@type\":\"WebPage\",\"@id\":\"https:\/\/parafiaklimkowka.pl\/index.php\/2021\/10\/03\/xxvii-niedziela-zwykla\/\",\"url\":\"https:\/\/parafiaklimkowka.pl\/index.php\/2021\/10\/03\/xxvii-niedziela-zwykla\/\",\"name\":\"XXVII Niedziela Zwyk\u0142a - Parafia w Klimk\u00f3wce\",\"isPartOf\":{\"@id\":\"https:\/\/parafiaklimkowka.pl\/#website\"},\"datePublished\":\"2021-10-03T19:11:19+00:00\",\"dateModified\":\"2021-10-08T19:19:35+00:00\",\"breadcrumb\":{\"@id\":\"https:\/\/parafiaklimkowka.pl\/index.php\/2021\/10\/03\/xxvii-niedziela-zwykla\/#breadcrumb\"},\"inLanguage\":\"pl-PL\",\"potentialAction\":[{\"@type\":\"ReadAction\",\"target\":[\"https:\/\/parafiaklimkowka.pl\/index.php\/2021\/10\/03\/xxvii-niedziela-zwykla\/\"]}]},{\"@type\":\"BreadcrumbList\",\"@id\":\"https:\/\/parafiaklimkowka.pl\/index.php\/2021\/10\/03\/xxvii-niedziela-zwykla\/#breadcrumb\",\"itemListElement\":[{\"@type\":\"ListItem\",\"position\":1,\"name\":\"Strona g\u0142\u00f3wna\",\"item\":\"https:\/\/parafiaklimkowka.pl\/\"},{\"@type\":\"ListItem\",\"position\":2,\"name\":\"XXVII Niedziela Zwyk\u0142a\"}]},{\"@type\":\"WebSite\",\"@id\":\"https:\/\/parafiaklimkowka.pl\/#website\",\"url\":\"https:\/\/parafiaklimkowka.pl\/\",\"name\":\"Parafia w Klimk\u00f3wce\",\"description\":\"pw. \u015aw. Micha\u0142a Archanio\u0142a\",\"publisher\":{\"@id\":\"https:\/\/parafiaklimkowka.pl\/#organization\"},\"potentialAction\":[{\"@type\":\"SearchAction\",\"target\":{\"@type\":\"EntryPoint\",\"urlTemplate\":\"https:\/\/parafiaklimkowka.pl\/?s={search_term_string}\"},\"query-input\":\"required name=search_term_string\"}],\"inLanguage\":\"pl-PL\"},{\"@type\":\"Organization\",\"@id\":\"https:\/\/parafiaklimkowka.pl\/#organization\",\"name\":\"Parafia p.w. \u015bw. Micha\u0142a Archanio\u0142a w Klimk\u00f3wce\",\"url\":\"https:\/\/parafiaklimkowka.pl\/\",\"logo\":{\"@type\":\"ImageObject\",\"inLanguage\":\"pl-PL\",\"@id\":\"https:\/\/parafiaklimkowka.pl\/#\/schema\/logo\/image\/\",\"url\":\"http:\/\/parafiaklimkowka.pl\/wp-content\/uploads\/2019\/10\/anio\u01428_jpeg.jpg\",\"contentUrl\":\"http:\/\/parafiaklimkowka.pl\/wp-content\/uploads\/2019\/10\/anio\u01428_jpeg.jpg\",\"width\":658,\"height\":483,\"caption\":\"Parafia p.w. \u015bw. Micha\u0142a Archanio\u0142a w Klimk\u00f3wce\"},\"image\":{\"@id\":\"https:\/\/parafiaklimkowka.pl\/#\/schema\/logo\/image\/\"}},{\"@type\":\"Person\",\"@id\":\"https:\/\/parafiaklimkowka.pl\/#\/schema\/person\/8411339f73ed143172a1fc20b8c20562\",\"name\":\"kadmins70\",\"image\":{\"@type\":\"ImageObject\",\"inLanguage\":\"pl-PL\",\"@id\":\"https:\/\/parafiaklimkowka.pl\/#\/schema\/person\/image\/\",\"url\":\"https:\/\/secure.gravatar.com\/avatar\/2f1a9b134b0f743459e06c66845f8cf1?s=96&d=mm&r=g\",\"contentUrl\":\"https:\/\/secure.gravatar.com\/avatar\/2f1a9b134b0f743459e06c66845f8cf1?s=96&d=mm&r=g\",\"caption\":\"kadmins70\"}}]}<\/script>\n<!-- \/ Yoast SEO plugin. -->","yoast_head_json":{"title":"XXVII Niedziela Zwyk\u0142a - Parafia w Klimk\u00f3wce","robots":{"index":"index","follow":"follow","max-snippet":"max-snippet:-1","max-image-preview":"max-image-preview:large","max-video-preview":"max-video-preview:-1"},"canonical":"https:\/\/parafiaklimkowka.pl\/index.php\/2021\/10\/03\/xxvii-niedziela-zwykla\/","og_locale":"pl_PL","og_type":"article","og_title":"XXVII Niedziela Zwyk\u0142a - Parafia w Klimk\u00f3wce","og_description":"Pan Jezus przypomina nam dzisiaj warto\u015b\u0107 nierozerwalnego ma\u0142\u017ce\u0144stwa jednej kobiety i jednego m\u0119\u017cczyzny. Wymagania Pana Boga w tej dziedzinie s\u0105 wielkie i chocia\u017c wielu nie potrafi im sprosta\u0107, to jednak [&hellip;]","og_url":"https:\/\/parafiaklimkowka.pl\/index.php\/2021\/10\/03\/xxvii-niedziela-zwykla\/","og_site_name":"Parafia w Klimk\u00f3wce","article_published_time":"2021-10-03T19:11:19+00:00","article_modified_time":"2021-10-08T19:19:35+00:00","author":"kadmins70","twitter_card":"summary_large_image","twitter_misc":{"Napisane przez":"kadmins70","Szacowany czas czytania":"3 minuty"},"schema":{"@context":"https:\/\/schema.org","@graph":[{"@type":"Article","@id":"https:\/\/parafiaklimkowka.pl\/index.php\/2021\/10\/03\/xxvii-niedziela-zwykla\/#article","isPartOf":{"@id":"https:\/\/parafiaklimkowka.pl\/index.php\/2021\/10\/03\/xxvii-niedziela-zwykla\/"},"author":{"name":"kadmins70","@id":"https:\/\/parafiaklimkowka.pl\/#\/schema\/person\/8411339f73ed143172a1fc20b8c20562"},"headline":"XXVII Niedziela Zwyk\u0142a","datePublished":"2021-10-03T19:11:19+00:00","dateModified":"2021-10-08T19:19:35+00:00","mainEntityOfPage":{"@id":"https:\/\/parafiaklimkowka.pl\/index.php\/2021\/10\/03\/xxvii-niedziela-zwykla\/"},"wordCount":857,"publisher":{"@id":"https:\/\/parafiaklimkowka.pl\/#organization"},"articleSection":["Og\u0142oszenia duszpasterskie"],"inLanguage":"pl-PL"},{"@type":"WebPage","@id":"https:\/\/parafiaklimkowka.pl\/index.php\/2021\/10\/03\/xxvii-niedziela-zwykla\/","url":"https:\/\/parafiaklimkowka.pl\/index.php\/2021\/10\/03\/xxvii-niedziela-zwykla\/","name":"XXVII Niedziela Zwyk\u0142a - Parafia w Klimk\u00f3wce","isPartOf":{"@id":"https:\/\/parafiaklimkowka.pl\/#website"},"datePublished":"2021-10-03T19:11:19+00:00","dateModified":"2021-10-08T19:19:35+00:00","breadcrumb":{"@id":"https:\/\/parafiaklimkowka.pl\/index.php\/2021\/10\/03\/xxvii-niedziela-zwykla\/#breadcrumb"},"inLanguage":"pl-PL","potentialAction":[{"@type":"ReadAction","target":["https:\/\/parafiaklimkowka.pl\/index.php\/2021\/10\/03\/xxvii-niedziela-zwykla\/"]}]},{"@type":"BreadcrumbList","@id":"https:\/\/parafiaklimkowka.pl\/index.php\/2021\/10\/03\/xxvii-niedziela-zwykla\/#breadcrumb","itemListElement":[{"@type":"ListItem","position":1,"name":"Strona g\u0142\u00f3wna","item":"https:\/\/parafiaklimkowka.pl\/"},{"@type":"ListItem","position":2,"name":"XXVII Niedziela Zwyk\u0142a"}]},{"@type":"WebSite","@id":"https:\/\/parafiaklimkowka.pl\/#website","url":"https:\/\/parafiaklimkowka.pl\/","name":"Parafia w Klimk\u00f3wce","description":"pw. \u015aw. Micha\u0142a Archanio\u0142a","publisher":{"@id":"https:\/\/parafiaklimkowka.pl\/#organization"},"potentialAction":[{"@type":"SearchAction","target":{"@type":"EntryPoint","urlTemplate":"https:\/\/parafiaklimkowka.pl\/?s={search_term_string}"},"query-input":"required name=search_term_string"}],"inLanguage":"pl-PL"},{"@type":"Organization","@id":"https:\/\/parafiaklimkowka.pl\/#organization","name":"Parafia p.w. \u015bw. Micha\u0142a Archanio\u0142a w Klimk\u00f3wce","url":"https:\/\/parafiaklimkowka.pl\/","logo":{"@type":"ImageObject","inLanguage":"pl-PL","@id":"https:\/\/parafiaklimkowka.pl\/#\/schema\/logo\/image\/","url":"http:\/\/parafiaklimkowka.pl\/wp-content\/uploads\/2019\/10\/anio\u01428_jpeg.jpg","contentUrl":"http:\/\/parafiaklimkowka.pl\/wp-content\/uploads\/2019\/10\/anio\u01428_jpeg.jpg","width":658,"height":483,"caption":"Parafia p.w. \u015bw. Micha\u0142a Archanio\u0142a w Klimk\u00f3wce"},"image":{"@id":"https:\/\/parafiaklimkowka.pl\/#\/schema\/logo\/image\/"}},{"@type":"Person","@id":"https:\/\/parafiaklimkowka.pl\/#\/schema\/person\/8411339f73ed143172a1fc20b8c20562","name":"kadmins70","image":{"@type":"ImageObject","inLanguage":"pl-PL","@id":"https:\/\/parafiaklimkowka.pl\/#\/schema\/person\/image\/","url":"https:\/\/secure.gravatar.com\/avatar\/2f1a9b134b0f743459e06c66845f8cf1?s=96&d=mm&r=g","contentUrl":"https:\/\/secure.gravatar.com\/avatar\/2f1a9b134b0f743459e06c66845f8cf1?s=96&d=mm&r=g","caption":"kadmins70"}}]}},"_links":{"self":[{"href":"https:\/\/parafiaklimkowka.pl\/index.php\/wp-json\/wp\/v2\/posts\/5630"}],"collection":[{"href":"https:\/\/parafiaklimkowka.pl\/index.php\/wp-json\/wp\/v2\/posts"}],"about":[{"href":"https:\/\/parafiaklimkowka.pl\/index.php\/wp-json\/wp\/v2\/types\/post"}],"author":[{"embeddable":true,"href":"https:\/\/parafiaklimkowka.pl\/index.php\/wp-json\/wp\/v2\/users\/1"}],"replies":[{"embeddable":true,"href":"https:\/\/parafiaklimkowka.pl\/index.php\/wp-json\/wp\/v2\/comments?post=5630"}],"version-history":[{"count":3,"href":"https:\/\/parafiaklimkowka.pl\/index.php\/wp-json\/wp\/v2\/posts\/5630\/revisions"}],"predecessor-version":[{"id":5709,"href":"https:\/\/parafiaklimkowka.pl\/index.php\/wp-json\/wp\/v2\/posts\/5630\/revisions\/5709"}],"wp:attachment":[{"href":"https:\/\/parafiaklimkowka.pl\/index.php\/wp-json\/wp\/v2\/media?parent=5630"}],"wp:term":[{"taxonomy":"category","embeddable":true,"href":"https:\/\/parafiaklimkowka.pl\/index.php\/wp-json\/wp\/v2\/categories?post=5630"},{"taxonomy":"post_tag","embeddable":true,"href":"https:\/\/parafiaklimkowka.pl\/index.php\/wp-json\/wp\/v2\/tags?post=5630"}],"curies":[{"name":"wp","href":"https:\/\/api.w.org\/{rel}","templated":true}]}}