{"id":5908,"date":"2021-10-31T09:15:50","date_gmt":"2021-10-31T08:15:50","guid":{"rendered":"http:\/\/parafiaklimkowka.pl\/?p=5908"},"modified":"2021-10-31T08:36:16","modified_gmt":"2021-10-31T07:36:16","slug":"intencje-mszalne-01-01-listopad","status":"publish","type":"post","link":"https:\/\/parafiaklimkowka.pl\/index.php\/2021\/10\/31\/intencje-mszalne-01-01-listopad\/","title":{"rendered":"Intencje mszalne \u2013 01 \u2013 07 listopad"},"content":{"rendered":"\n<table id=\"tablepress-115\" class=\"tablepress tablepress-id-115\">\n<thead>\n<tr class=\"row-1\">\n\t<th class=\"column-1\">Dni<\/th><th class=\"column-2\">Intencje<\/th>\n<\/tr>\n<\/thead>\n<tbody class=\"row-striping row-hover\">\n<tr class=\"row-2\">\n\t<td class=\"column-1\"><strong>Poniedzia\u0142ek - 01.11.2021 Uroczysto\u015b\u0107 Wszystkich \u015awi\u0119tych<\/strong><\/td><td class=\"column-2\"><strong>Poza Parafi\u0105 gregorianki \u2013 od 11 pa\u017adziernika do 9 listopada:<br \/>\n1.)\t \u015aw.p. Tadeusz Grysztar<br \/>\n2.)\t \u015aw.p.  Czes\u0142aw Kasperkowicz<\/strong> <br \/>\n<br \/>\n<strong> godz. 7.30<\/strong><br \/>\n+J\u00f3zefa, Stanis\u0142aw Jakie\u0142a \u2013 ofiara od rodzin<br \/>\n<strong>godz. 9.15<\/strong><br \/>\n+Helena Penar 1 rocznica \u015bmierci \u2013 ofiara od m\u0119\u017ca<br \/>\n<strong>godz. 11.00<\/strong><br \/>\nZa Parafian <br \/>\n<\/td>\n<\/tr>\n<tr class=\"row-3\">\n\t<td class=\"column-1\"><strong>Wtorek - 02.11.2021 Dzie\u0144 Zaduszny<\/strong><\/td><td class=\"column-2\"><strong> godz. 7.00<\/strong><br \/>\n+Ksi\u0105dz Kazimierz Pa\u0144czyszyn - gregorianka<br \/>\n<strong>godz. 16.00<\/strong><br \/>\n+Ks. Karol Zarzyczny, Ks. Kazimierz Pa\u0144czyszyn \u2013 ofiara od rodziny Pelczar<br \/>\n<strong>godz. 17.00<\/strong><br \/>\n+Krzysztof Krukar \u2013 ofiara od rodzic\u00f3w<br \/>\n<\/td>\n<\/tr>\n<tr class=\"row-4\">\n\t<td class=\"column-1\"><strong>\u015aroda - 03.11.2021<\/strong><\/td><td class=\"column-2\"><strong> godz. 7.00<\/strong><br \/>\n+Ksi\u0105dz Kazimierz Pa\u0144czyszyn - gregorianka<br \/>\n<strong> godz. 16.30 Nowenna do Matki Bo\u017cej Nieustaj\u0105cej Pomocy i wypominki<\/strong><br \/>\n<strong>godz. 16.50<\/strong><br \/>\n+W\u0142adys\u0142aw, Kazimiera 13 rocznica \u015bmierci Rygiel- ofiara od dzieci<\/td>\n<\/tr>\n<tr class=\"row-5\">\n\t<td class=\"column-1\"><strong>Czwartek - 04.11.2021<\/strong><\/td><td class=\"column-2\"><strong> godz. 7.00<\/strong><br \/>\n+Ksi\u0105dz Kazimierz Pa\u0144czyszyn - gregorianka<br \/>\n<strong>Spowied\u017a \u015awi\u0119ta dla dzieci i m\u0142odzie\u017cy \u2013 godz.15.45 \u2013 16.30<\/strong><br \/>\n<strong> godz. 16.30 Nabo\u017ce\u0144stwo wypominkowe <\/strong><br \/>\n<strong>godz. 16.50<\/strong><br \/>\n+Maria, Jan Wais \u2013 ofiara od rodziny<\/td>\n<\/tr>\n<tr class=\"row-6\">\n\t<td class=\"column-1\"><strong>Pi\u0105tek -  05.11.2021<\/strong><\/td><td class=\"column-2\"><strong> godz. 7.00<\/strong><br \/>\n+Ksi\u0105dz Kazimierz Pa\u0144czyszyn - gregorianka<br \/>\n<strong>Spowied\u017a dla starszych \u2013 godz.15.45 \u2013 16.30<\/strong><br \/>\n<strong> godz. 16.30 Nabo\u017ce\u0144stwo do Bo\u017cego Mi\u0142osierdzia i Wypominki<\/strong><br \/>\n<strong>godz. 16.50<\/strong><br \/>\n+Sylwia Litwin \u2013 Krzywda \u2013 z okazji imienin \u2013 ofiara od m\u0119\u017ca i mamy<\/td>\n<\/tr>\n<tr class=\"row-7\">\n\t<td class=\"column-1\"><strong>Sobota - 06.11.2021<\/strong><\/td><td class=\"column-2\"><strong> godz. 7.00<\/strong><br \/>\n+Ksi\u0105dz Kazimierz Pa\u0144czyszyn - gregorianka<br \/>\n<strong> godz. 16.00 R\u00f3\u017caniec pierwszo sobotni<\/strong><br \/>\n<strong> godz. 16.30 Nabo\u017ce\u0144stwo wypominkowe<\/strong><br \/>\n<strong>godz.16.50<\/strong><br \/>\n+Helena, Maria, W\u0142adys\u0142aw Rajchel;+Stanis\u0142awa, Jan Brz\u0119k \u2013 ofiara od rodziny<br \/>\n<br \/>\n<strong>Pogrzeb - Zofia Karolina Kasperkowicz - zamieszka\u0142a ul. Zdrojowa 121. Msza \u015aw. pogrzebowa w Kaplicy cmentarnej o godz. 10.00.<\/strong><\/td>\n<\/tr>\n<tr class=\"row-8\">\n\t<td class=\"column-1\"><strong>XXXII Niedziela Zwyk\u0142a - 07.11.2021 -<\/strong><\/td><td class=\"column-2\"><strong>godz. 7.30<\/strong><br \/>\n+Grzegorz Kielar \u2013 ofiara od rodziny<br \/>\n<strong>godz. 9.15<\/strong><br \/>\nZa Parafian; Ksi\u0105dz Kazimierz Pa\u0144czyszyn - gregorianka<br \/>\n<strong>godz. 11.00<\/strong><br \/>\nO Bo\u017ce b\u0142ogos\u0142awie\u0144stwo, zdrowie dla Adasia w 3 urodziny<br \/>\n<strong>godz. 15.30<\/strong><br \/>\n +O powo\u0142ania do Zgromadzenia Si\u00f3str Michalitek<\/td>\n<\/tr>\n<\/tbody>\n<\/table>\n\n","protected":false},"excerpt":{"rendered":"","protected":false},"author":1,"featured_media":0,"comment_status":"closed","ping_status":"open","sticky":false,"template":"","format":"standard","meta":{"ngg_post_thumbnail":0,"footnotes":""},"categories":[5],"tags":[],"yoast_head":"<!-- This site is optimized with the Yoast SEO plugin v23.2 - https:\/\/yoast.com\/wordpress\/plugins\/seo\/ -->\n<title>Intencje mszalne \u2013 01 \u2013 07 listopad - Parafia w Klimk\u00f3wce<\/title>\n<meta name=\"robots\" content=\"index, follow, max-snippet:-1, max-image-preview:large, max-video-preview:-1\" \/>\n<link rel=\"canonical\" href=\"https:\/\/parafiaklimkowka.pl\/index.php\/2021\/10\/31\/intencje-mszalne-01-01-listopad\/\" \/>\n<meta property=\"og:locale\" content=\"pl_PL\" \/>\n<meta property=\"og:type\" content=\"article\" \/>\n<meta property=\"og:title\" content=\"Intencje mszalne \u2013 01 \u2013 07 listopad - Parafia w Klimk\u00f3wce\" \/>\n<meta property=\"og:url\" content=\"https:\/\/parafiaklimkowka.pl\/index.php\/2021\/10\/31\/intencje-mszalne-01-01-listopad\/\" \/>\n<meta property=\"og:site_name\" content=\"Parafia w Klimk\u00f3wce\" \/>\n<meta property=\"article:published_time\" content=\"2021-10-31T08:15:50+00:00\" \/>\n<meta property=\"article:modified_time\" content=\"2021-10-31T07:36:16+00:00\" \/>\n<meta name=\"author\" content=\"kadmins70\" \/>\n<meta name=\"twitter:card\" content=\"summary_large_image\" \/>\n<meta name=\"twitter:label1\" content=\"Napisane przez\" \/>\n\t<meta name=\"twitter:data1\" content=\"kadmins70\" \/>\n\t<meta name=\"twitter:label2\" content=\"Szacowany czas czytania\" \/>\n\t<meta name=\"twitter:data2\" content=\"1 minuta\" \/>\n<script type=\"application\/ld+json\" class=\"yoast-schema-graph\">{\"@context\":\"https:\/\/schema.org\",\"@graph\":[{\"@type\":\"Article\",\"@id\":\"https:\/\/parafiaklimkowka.pl\/index.php\/2021\/10\/31\/intencje-mszalne-01-01-listopad\/#article\",\"isPartOf\":{\"@id\":\"https:\/\/parafiaklimkowka.pl\/index.php\/2021\/10\/31\/intencje-mszalne-01-01-listopad\/\"},\"author\":{\"name\":\"kadmins70\",\"@id\":\"https:\/\/parafiaklimkowka.pl\/#\/schema\/person\/8411339f73ed143172a1fc20b8c20562\"},\"headline\":\"Intencje mszalne \u2013 01 \u2013 07 listopad\",\"datePublished\":\"2021-10-31T08:15:50+00:00\",\"dateModified\":\"2021-10-31T07:36:16+00:00\",\"mainEntityOfPage\":{\"@id\":\"https:\/\/parafiaklimkowka.pl\/index.php\/2021\/10\/31\/intencje-mszalne-01-01-listopad\/\"},\"wordCount\":5,\"publisher\":{\"@id\":\"https:\/\/parafiaklimkowka.pl\/#organization\"},\"articleSection\":[\"Intencje Mszalne\"],\"inLanguage\":\"pl-PL\"},{\"@type\":\"WebPage\",\"@id\":\"https:\/\/parafiaklimkowka.pl\/index.php\/2021\/10\/31\/intencje-mszalne-01-01-listopad\/\",\"url\":\"https:\/\/parafiaklimkowka.pl\/index.php\/2021\/10\/31\/intencje-mszalne-01-01-listopad\/\",\"name\":\"Intencje mszalne \u2013 01 \u2013 07 listopad - Parafia w Klimk\u00f3wce\",\"isPartOf\":{\"@id\":\"https:\/\/parafiaklimkowka.pl\/#website\"},\"datePublished\":\"2021-10-31T08:15:50+00:00\",\"dateModified\":\"2021-10-31T07:36:16+00:00\",\"breadcrumb\":{\"@id\":\"https:\/\/parafiaklimkowka.pl\/index.php\/2021\/10\/31\/intencje-mszalne-01-01-listopad\/#breadcrumb\"},\"inLanguage\":\"pl-PL\",\"potentialAction\":[{\"@type\":\"ReadAction\",\"target\":[\"https:\/\/parafiaklimkowka.pl\/index.php\/2021\/10\/31\/intencje-mszalne-01-01-listopad\/\"]}]},{\"@type\":\"BreadcrumbList\",\"@id\":\"https:\/\/parafiaklimkowka.pl\/index.php\/2021\/10\/31\/intencje-mszalne-01-01-listopad\/#breadcrumb\",\"itemListElement\":[{\"@type\":\"ListItem\",\"position\":1,\"name\":\"Strona g\u0142\u00f3wna\",\"item\":\"https:\/\/parafiaklimkowka.pl\/\"},{\"@type\":\"ListItem\",\"position\":2,\"name\":\"Intencje mszalne \u2013 01 \u2013 07 listopad\"}]},{\"@type\":\"WebSite\",\"@id\":\"https:\/\/parafiaklimkowka.pl\/#website\",\"url\":\"https:\/\/parafiaklimkowka.pl\/\",\"name\":\"Parafia w Klimk\u00f3wce\",\"description\":\"pw. \u015aw. Micha\u0142a Archanio\u0142a\",\"publisher\":{\"@id\":\"https:\/\/parafiaklimkowka.pl\/#organization\"},\"potentialAction\":[{\"@type\":\"SearchAction\",\"target\":{\"@type\":\"EntryPoint\",\"urlTemplate\":\"https:\/\/parafiaklimkowka.pl\/?s={search_term_string}\"},\"query-input\":\"required name=search_term_string\"}],\"inLanguage\":\"pl-PL\"},{\"@type\":\"Organization\",\"@id\":\"https:\/\/parafiaklimkowka.pl\/#organization\",\"name\":\"Parafia p.w. \u015bw. Micha\u0142a Archanio\u0142a w Klimk\u00f3wce\",\"url\":\"https:\/\/parafiaklimkowka.pl\/\",\"logo\":{\"@type\":\"ImageObject\",\"inLanguage\":\"pl-PL\",\"@id\":\"https:\/\/parafiaklimkowka.pl\/#\/schema\/logo\/image\/\",\"url\":\"http:\/\/parafiaklimkowka.pl\/wp-content\/uploads\/2019\/10\/anio\u01428_jpeg.jpg\",\"contentUrl\":\"http:\/\/parafiaklimkowka.pl\/wp-content\/uploads\/2019\/10\/anio\u01428_jpeg.jpg\",\"width\":658,\"height\":483,\"caption\":\"Parafia p.w. \u015bw. Micha\u0142a Archanio\u0142a w Klimk\u00f3wce\"},\"image\":{\"@id\":\"https:\/\/parafiaklimkowka.pl\/#\/schema\/logo\/image\/\"}},{\"@type\":\"Person\",\"@id\":\"https:\/\/parafiaklimkowka.pl\/#\/schema\/person\/8411339f73ed143172a1fc20b8c20562\",\"name\":\"kadmins70\",\"image\":{\"@type\":\"ImageObject\",\"inLanguage\":\"pl-PL\",\"@id\":\"https:\/\/parafiaklimkowka.pl\/#\/schema\/person\/image\/\",\"url\":\"https:\/\/secure.gravatar.com\/avatar\/2f1a9b134b0f743459e06c66845f8cf1?s=96&d=mm&r=g\",\"contentUrl\":\"https:\/\/secure.gravatar.com\/avatar\/2f1a9b134b0f743459e06c66845f8cf1?s=96&d=mm&r=g\",\"caption\":\"kadmins70\"}}]}<\/script>\n<!-- \/ Yoast SEO plugin. -->","yoast_head_json":{"title":"Intencje mszalne \u2013 01 \u2013 07 listopad - Parafia w Klimk\u00f3wce","robots":{"index":"index","follow":"follow","max-snippet":"max-snippet:-1","max-image-preview":"max-image-preview:large","max-video-preview":"max-video-preview:-1"},"canonical":"https:\/\/parafiaklimkowka.pl\/index.php\/2021\/10\/31\/intencje-mszalne-01-01-listopad\/","og_locale":"pl_PL","og_type":"article","og_title":"Intencje mszalne \u2013 01 \u2013 07 listopad - Parafia w Klimk\u00f3wce","og_url":"https:\/\/parafiaklimkowka.pl\/index.php\/2021\/10\/31\/intencje-mszalne-01-01-listopad\/","og_site_name":"Parafia w Klimk\u00f3wce","article_published_time":"2021-10-31T08:15:50+00:00","article_modified_time":"2021-10-31T07:36:16+00:00","author":"kadmins70","twitter_card":"summary_large_image","twitter_misc":{"Napisane przez":"kadmins70","Szacowany czas czytania":"1 minuta"},"schema":{"@context":"https:\/\/schema.org","@graph":[{"@type":"Article","@id":"https:\/\/parafiaklimkowka.pl\/index.php\/2021\/10\/31\/intencje-mszalne-01-01-listopad\/#article","isPartOf":{"@id":"https:\/\/parafiaklimkowka.pl\/index.php\/2021\/10\/31\/intencje-mszalne-01-01-listopad\/"},"author":{"name":"kadmins70","@id":"https:\/\/parafiaklimkowka.pl\/#\/schema\/person\/8411339f73ed143172a1fc20b8c20562"},"headline":"Intencje mszalne \u2013 01 \u2013 07 listopad","datePublished":"2021-10-31T08:15:50+00:00","dateModified":"2021-10-31T07:36:16+00:00","mainEntityOfPage":{"@id":"https:\/\/parafiaklimkowka.pl\/index.php\/2021\/10\/31\/intencje-mszalne-01-01-listopad\/"},"wordCount":5,"publisher":{"@id":"https:\/\/parafiaklimkowka.pl\/#organization"},"articleSection":["Intencje Mszalne"],"inLanguage":"pl-PL"},{"@type":"WebPage","@id":"https:\/\/parafiaklimkowka.pl\/index.php\/2021\/10\/31\/intencje-mszalne-01-01-listopad\/","url":"https:\/\/parafiaklimkowka.pl\/index.php\/2021\/10\/31\/intencje-mszalne-01-01-listopad\/","name":"Intencje mszalne \u2013 01 \u2013 07 listopad - Parafia w Klimk\u00f3wce","isPartOf":{"@id":"https:\/\/parafiaklimkowka.pl\/#website"},"datePublished":"2021-10-31T08:15:50+00:00","dateModified":"2021-10-31T07:36:16+00:00","breadcrumb":{"@id":"https:\/\/parafiaklimkowka.pl\/index.php\/2021\/10\/31\/intencje-mszalne-01-01-listopad\/#breadcrumb"},"inLanguage":"pl-PL","potentialAction":[{"@type":"ReadAction","target":["https:\/\/parafiaklimkowka.pl\/index.php\/2021\/10\/31\/intencje-mszalne-01-01-listopad\/"]}]},{"@type":"BreadcrumbList","@id":"https:\/\/parafiaklimkowka.pl\/index.php\/2021\/10\/31\/intencje-mszalne-01-01-listopad\/#breadcrumb","itemListElement":[{"@type":"ListItem","position":1,"name":"Strona g\u0142\u00f3wna","item":"https:\/\/parafiaklimkowka.pl\/"},{"@type":"ListItem","position":2,"name":"Intencje mszalne \u2013 01 \u2013 07 listopad"}]},{"@type":"WebSite","@id":"https:\/\/parafiaklimkowka.pl\/#website","url":"https:\/\/parafiaklimkowka.pl\/","name":"Parafia w Klimk\u00f3wce","description":"pw. \u015aw. Micha\u0142a Archanio\u0142a","publisher":{"@id":"https:\/\/parafiaklimkowka.pl\/#organization"},"potentialAction":[{"@type":"SearchAction","target":{"@type":"EntryPoint","urlTemplate":"https:\/\/parafiaklimkowka.pl\/?s={search_term_string}"},"query-input":"required name=search_term_string"}],"inLanguage":"pl-PL"},{"@type":"Organization","@id":"https:\/\/parafiaklimkowka.pl\/#organization","name":"Parafia p.w. \u015bw. Micha\u0142a Archanio\u0142a w Klimk\u00f3wce","url":"https:\/\/parafiaklimkowka.pl\/","logo":{"@type":"ImageObject","inLanguage":"pl-PL","@id":"https:\/\/parafiaklimkowka.pl\/#\/schema\/logo\/image\/","url":"http:\/\/parafiaklimkowka.pl\/wp-content\/uploads\/2019\/10\/anio\u01428_jpeg.jpg","contentUrl":"http:\/\/parafiaklimkowka.pl\/wp-content\/uploads\/2019\/10\/anio\u01428_jpeg.jpg","width":658,"height":483,"caption":"Parafia p.w. \u015bw. Micha\u0142a Archanio\u0142a w Klimk\u00f3wce"},"image":{"@id":"https:\/\/parafiaklimkowka.pl\/#\/schema\/logo\/image\/"}},{"@type":"Person","@id":"https:\/\/parafiaklimkowka.pl\/#\/schema\/person\/8411339f73ed143172a1fc20b8c20562","name":"kadmins70","image":{"@type":"ImageObject","inLanguage":"pl-PL","@id":"https:\/\/parafiaklimkowka.pl\/#\/schema\/person\/image\/","url":"https:\/\/secure.gravatar.com\/avatar\/2f1a9b134b0f743459e06c66845f8cf1?s=96&d=mm&r=g","contentUrl":"https:\/\/secure.gravatar.com\/avatar\/2f1a9b134b0f743459e06c66845f8cf1?s=96&d=mm&r=g","caption":"kadmins70"}}]}},"_links":{"self":[{"href":"https:\/\/parafiaklimkowka.pl\/index.php\/wp-json\/wp\/v2\/posts\/5908"}],"collection":[{"href":"https:\/\/parafiaklimkowka.pl\/index.php\/wp-json\/wp\/v2\/posts"}],"about":[{"href":"https:\/\/parafiaklimkowka.pl\/index.php\/wp-json\/wp\/v2\/types\/post"}],"author":[{"embeddable":true,"href":"https:\/\/parafiaklimkowka.pl\/index.php\/wp-json\/wp\/v2\/users\/1"}],"replies":[{"embeddable":true,"href":"https:\/\/parafiaklimkowka.pl\/index.php\/wp-json\/wp\/v2\/comments?post=5908"}],"version-history":[{"count":2,"href":"https:\/\/parafiaklimkowka.pl\/index.php\/wp-json\/wp\/v2\/posts\/5908\/revisions"}],"predecessor-version":[{"id":5910,"href":"https:\/\/parafiaklimkowka.pl\/index.php\/wp-json\/wp\/v2\/posts\/5908\/revisions\/5910"}],"wp:attachment":[{"href":"https:\/\/parafiaklimkowka.pl\/index.php\/wp-json\/wp\/v2\/media?parent=5908"}],"wp:term":[{"taxonomy":"category","embeddable":true,"href":"https:\/\/parafiaklimkowka.pl\/index.php\/wp-json\/wp\/v2\/categories?post=5908"},{"taxonomy":"post_tag","embeddable":true,"href":"https:\/\/parafiaklimkowka.pl\/index.php\/wp-json\/wp\/v2\/tags?post=5908"}],"curies":[{"name":"wp","href":"https:\/\/api.w.org\/{rel}","templated":true}]}}