{"id":6322,"date":"2022-01-16T19:11:18","date_gmt":"2022-01-16T18:11:18","guid":{"rendered":"https:\/\/parafiaklimkowka.pl\/?p=6322"},"modified":"2022-01-21T20:23:26","modified_gmt":"2022-01-21T19:23:26","slug":"ii-niedziela-zwykla","status":"publish","type":"post","link":"https:\/\/parafiaklimkowka.pl\/index.php\/2022\/01\/16\/ii-niedziela-zwykla\/","title":{"rendered":"II  Niedziela Zwyk\u0142a"},"content":{"rendered":"<p style=\"text-align: justify;\">1.<strong>We wtorek rozpoczniemy Tydzie\u0144 Modlitw o Jedno\u015b\u0107 w Ko\u015bciele, <\/strong>kt\u00f3ry zako\u0144czy si\u0119 we wtorek 25 stycznia, \u015awi\u0119tem Nawr\u00f3cenia \u015awi\u0119tego Paw\u0142a. Przypominam o mo\u017cliwo\u015bci zyskania odpustu zupe\u0142nego. M\u00f3dlmy si\u0119 w tych dniach o jedno\u015b\u0107 we wsp\u00f3lnocie Ko\u015bcio\u0142a i w naszych rodzinach.<\/p>\n<p style=\"text-align: justify;\">2. W \u015brod\u0119 19 stycznia w liturgii wspomnienie \u015awi\u0119tego J\u00f3zefa Sebastiana Pelczara, Patrona naszej Archidiecezji.<\/p>\n<p style=\"text-align: justify;\"><strong>3. We pi\u0105tek 21 stycznia, przypada Dzie\u0144 Babci, a w sobot\u0119 22 stycznia \u2013 Dzie\u0144 Dziadka. <\/strong>Pami\u0119tajmy o nich i m\u00f3dlmy si\u0119 w tych dniach za naszych kochanych dziadk\u00f3w i babcie, tych \u017cyj\u0105cych i tych, kt\u00f3rzy odeszli ju\u017c do Pana. Tak wiele im zawdzi\u0119czamy. Niech naszym podzi\u0119kowaniem b\u0119dzie modlitwa, ofiarowana Komunia \u015bwi\u0119ta i serdeczna pami\u0119\u0107.<\/p>\n<p style=\"text-align: justify;\"><strong>4. W tym tygodniu Msze \u015awi\u0119te o godzinie 17.00.<\/strong><\/p>\n<p style=\"text-align: justify;\"><strong>5.Dzi\u015b kolejna Kol\u0119da na Mszy o godzinie 9.15 \u2013 IV Rejon &#8211; ulica Zdrojowa od Ko\u015bcio\u0142a (obie strony) do Sklepu Centrum i ulica Rzeczna, a za tydzie\u0144 23 stycznia Kol\u0119da \u2013 Rejon V &#8211; ulica Zdrojowa od Sklepu Centrum (obie strony) do ko\u0144ca, do Ostoi. Zapraszam.<\/strong><\/p>\n<p style=\"text-align: justify;\">6. Dzi\u0119kujemy za sprz\u0105tanie Ko\u015bcio\u0142a tym osobom, kt\u00f3re to uczyni\u0142y w minionym tygodniu<strong>, a na sobot\u0119, na godzin\u0119 8.00 zapraszamy wiernych z ulicy 75, 77, 79, 87.<\/strong><\/p>\n<hr>\n<h4 style=\"text-align: justify;\"><em><strong data-rich-text-format-boundary=\"true\">Ewangelia wed\u0142ug \u015awi\u0119tego Jana<\/strong><\/em><\/h4>\n<p style=\"text-align: justify;\">W Kanie Galilejskiej odbywa\u0142o si\u0119 wesele i by\u0142a tam Matka Jezusa. Zaproszono na to wesele tak\u017ce Jezusa i Jego uczni\u00f3w. A kiedy zabrak\u0142o wina, Matka Jezusa rzek\u0142a do Niego: \u00abNie maj\u0105 wina\u00bb. Jezus Jej odpowiedzia\u0142: \u00abCzy\u017c to moja lub Twoja sprawa, Niewiasto? Czy jeszcze nie nadesz\u0142a godzina moja?\u00bb Wtedy Matka Jego powiedzia\u0142a do s\u0142ug: \u00abZr\u00f3bcie wszystko, cokolwiek wam powie\u00bb.<\/p>\n<p style=\"text-align: justify;\">Sta\u0142o za\u015b tam sze\u015b\u0107 st\u0105gwi kamiennych przeznaczonych do \u017cydowskich oczyszcze\u0144, z kt\u00f3rych ka\u017cda mog\u0142a pomie\u015bci\u0107 dwie lub trzy miary. Jezus rzek\u0142 do s\u0142ug: \u00abNape\u0142nijcie st\u0105gwie wod\u0105\u00bb. I nape\u0142nili je a\u017c po brzegi. Potem powiedzia\u0142 do nich: \u00abZaczerpnijcie teraz i zanie\u015bcie staro\u015bcie weselnemu\u00bb. Ci wi\u0119c zanie\u015bli.<\/p>\n<p style=\"text-align: justify;\">Gdy za\u015b starosta weselny skosztowa\u0142 wody, kt\u00f3ra sta\u0142a si\u0119 winem \u2013 a nie wiedzia\u0142, sk\u0105d ono pochodzi, ale s\u0142udzy, kt\u00f3rzy czerpali wod\u0119, wiedzieli \u2013 przywo\u0142a\u0142 pana m\u0142odego i powiedzia\u0142 do niego: \u00abKa\u017cdy cz\u0142owiek stawia najpierw dobre wino, a gdy si\u0119 napij\u0105, w\u00f3wczas gorsze. Ty zachowa\u0142e\u015b dobre wino a\u017c do tej pory\u00bb.<\/p>\n<p style=\"text-align: justify;\">Taki to pocz\u0105tek znak\u00f3w uczyni\u0142 Jezus w Kanie Galilejskiej. Objawi\u0142 swoj\u0105 chwa\u0142\u0119 i uwierzyli w Niego Jego uczniowie.<\/p>\n<h4 style=\"text-align: justify;\"><strong data-rich-text-format-boundary=\"true\">Refleksja nad S\u0142owem Bo\u017cym<\/strong><\/h4>\n<p style=\"text-align: justify;\">\u015awi\u0119ty Jan Ewangelista, opowiadaj\u0105c o znaku z Kany Galilejskiej, podkre\u015bla rol\u0119 Maryi. To Ona zauwa\u017ca brak wina, to Ona zwraca si\u0119 do Syna i Ona poleca s\u0142ugom spe\u0142ni\u0107 wszystko, co Jezus im rozka\u017ce. Ten maryjny aspekt drugiej tajemnicy \u015bwiat\u0142a zas\u0142uguje na szczeg\u00f3lne podkre\u015blenie, ale tak\u017ce na wyci\u0105gni\u0119cie praktycznych wniosk\u00f3w dla naszego \u017cycia. Ona jest Matk\u0105 troszcz\u0105c\u0105 si\u0119 o wszystkie sprawy swoich dzieci, Ona jest Matk\u0105, kt\u00f3r\u0105 nazwano wszechmoc\u0105 b\u0142agaj\u0105c\u0105, Ona i nam poleca zrobi\u0107 wszystko, cokolwiek nam powie Jej Syn.<\/p>\n<hr>\n<h3 style=\"text-align: justify;\"><strong>Zapowiedzi p<\/strong><strong>rzedma\u0142\u017ce\u0144skie<\/strong><\/h3>\n<hr>\n<h3><strong>Odeszli do wieczno\u015bci<\/strong><\/h3>\n<hr>\n<h3><strong>Spotkania grup duszpasterskich<\/strong><\/h3>\n<hr>\n<h3><strong>Intencje modlitewne na stycze\u0144<\/strong><\/h3>\n<h4><strong>Og\u00f3lna:<\/strong><\/h4>\n<p style=\"text-align: justify;\">Aby wszystkie osoby, kt\u00f3re do\u015bwiadczaj\u0105 dyskryminacji i prze\u015bladowa\u0144 na tle religijnym, znalaz\u0142y w spo\u0142ecze\u0144stwach, w kt\u00f3rych \u017cyj\u0105, uznanie w\u0142asnych praw i godno\u015bci, kt\u00f3ra rodzi si\u0119 z bycia bra\u0107mi.<\/p>\n<h4><strong>Diecezjalna r\u00f3\u017ca\u0144cowa:<\/strong><\/h4>\n<p style=\"text-align: justify;\">O Bo\u017ce b\u0142ogos\u0142awie\u0144stwo w Nowym Roku i pok\u00f3j na \u015bwiecie.<\/p>\n","protected":false},"excerpt":{"rendered":"<p>1.We wtorek rozpoczniemy Tydzie\u0144 Modlitw o Jedno\u015b\u0107 w Ko\u015bciele, kt\u00f3ry zako\u0144czy si\u0119 we wtorek 25 stycznia, \u015awi\u0119tem Nawr\u00f3cenia \u015awi\u0119tego Paw\u0142a. Przypominam o mo\u017cliwo\u015bci zyskania odpustu zupe\u0142nego. M\u00f3dlmy si\u0119 w tych [&hellip;]<\/p>\n","protected":false},"author":1,"featured_media":0,"comment_status":"closed","ping_status":"open","sticky":false,"template":"","format":"standard","meta":{"ngg_post_thumbnail":0,"footnotes":""},"categories":[4],"tags":[],"yoast_head":"<!-- This site is optimized with the Yoast SEO plugin v23.2 - https:\/\/yoast.com\/wordpress\/plugins\/seo\/ -->\n<title>II Niedziela Zwyk\u0142a - Parafia w Klimk\u00f3wce<\/title>\n<meta name=\"robots\" content=\"index, follow, max-snippet:-1, max-image-preview:large, max-video-preview:-1\" \/>\n<link rel=\"canonical\" href=\"https:\/\/parafiaklimkowka.pl\/index.php\/2022\/01\/16\/ii-niedziela-zwykla\/\" \/>\n<meta property=\"og:locale\" content=\"pl_PL\" \/>\n<meta property=\"og:type\" content=\"article\" \/>\n<meta property=\"og:title\" content=\"II Niedziela Zwyk\u0142a - Parafia w Klimk\u00f3wce\" \/>\n<meta property=\"og:description\" content=\"1.We wtorek rozpoczniemy Tydzie\u0144 Modlitw o Jedno\u015b\u0107 w Ko\u015bciele, kt\u00f3ry zako\u0144czy si\u0119 we wtorek 25 stycznia, \u015awi\u0119tem Nawr\u00f3cenia \u015awi\u0119tego Paw\u0142a. Przypominam o mo\u017cliwo\u015bci zyskania odpustu zupe\u0142nego. M\u00f3dlmy si\u0119 w tych [&hellip;]\" \/>\n<meta property=\"og:url\" content=\"https:\/\/parafiaklimkowka.pl\/index.php\/2022\/01\/16\/ii-niedziela-zwykla\/\" \/>\n<meta property=\"og:site_name\" content=\"Parafia w Klimk\u00f3wce\" \/>\n<meta property=\"article:published_time\" content=\"2022-01-16T18:11:18+00:00\" \/>\n<meta property=\"article:modified_time\" content=\"2022-01-21T19:23:26+00:00\" \/>\n<meta name=\"author\" content=\"kadmins70\" \/>\n<meta name=\"twitter:card\" content=\"summary_large_image\" \/>\n<meta name=\"twitter:label1\" content=\"Napisane przez\" \/>\n\t<meta name=\"twitter:data1\" content=\"kadmins70\" \/>\n\t<meta name=\"twitter:label2\" content=\"Szacowany czas czytania\" \/>\n\t<meta name=\"twitter:data2\" content=\"4 minuty\" \/>\n<script type=\"application\/ld+json\" class=\"yoast-schema-graph\">{\"@context\":\"https:\/\/schema.org\",\"@graph\":[{\"@type\":\"Article\",\"@id\":\"https:\/\/parafiaklimkowka.pl\/index.php\/2022\/01\/16\/ii-niedziela-zwykla\/#article\",\"isPartOf\":{\"@id\":\"https:\/\/parafiaklimkowka.pl\/index.php\/2022\/01\/16\/ii-niedziela-zwykla\/\"},\"author\":{\"name\":\"kadmins70\",\"@id\":\"https:\/\/parafiaklimkowka.pl\/#\/schema\/person\/8411339f73ed143172a1fc20b8c20562\"},\"headline\":\"II Niedziela Zwyk\u0142a\",\"datePublished\":\"2022-01-16T18:11:18+00:00\",\"dateModified\":\"2022-01-21T19:23:26+00:00\",\"mainEntityOfPage\":{\"@id\":\"https:\/\/parafiaklimkowka.pl\/index.php\/2022\/01\/16\/ii-niedziela-zwykla\/\"},\"wordCount\":610,\"publisher\":{\"@id\":\"https:\/\/parafiaklimkowka.pl\/#organization\"},\"articleSection\":[\"Og\u0142oszenia duszpasterskie\"],\"inLanguage\":\"pl-PL\"},{\"@type\":\"WebPage\",\"@id\":\"https:\/\/parafiaklimkowka.pl\/index.php\/2022\/01\/16\/ii-niedziela-zwykla\/\",\"url\":\"https:\/\/parafiaklimkowka.pl\/index.php\/2022\/01\/16\/ii-niedziela-zwykla\/\",\"name\":\"II Niedziela Zwyk\u0142a - Parafia w Klimk\u00f3wce\",\"isPartOf\":{\"@id\":\"https:\/\/parafiaklimkowka.pl\/#website\"},\"datePublished\":\"2022-01-16T18:11:18+00:00\",\"dateModified\":\"2022-01-21T19:23:26+00:00\",\"breadcrumb\":{\"@id\":\"https:\/\/parafiaklimkowka.pl\/index.php\/2022\/01\/16\/ii-niedziela-zwykla\/#breadcrumb\"},\"inLanguage\":\"pl-PL\",\"potentialAction\":[{\"@type\":\"ReadAction\",\"target\":[\"https:\/\/parafiaklimkowka.pl\/index.php\/2022\/01\/16\/ii-niedziela-zwykla\/\"]}]},{\"@type\":\"BreadcrumbList\",\"@id\":\"https:\/\/parafiaklimkowka.pl\/index.php\/2022\/01\/16\/ii-niedziela-zwykla\/#breadcrumb\",\"itemListElement\":[{\"@type\":\"ListItem\",\"position\":1,\"name\":\"Strona g\u0142\u00f3wna\",\"item\":\"https:\/\/parafiaklimkowka.pl\/\"},{\"@type\":\"ListItem\",\"position\":2,\"name\":\"II Niedziela Zwyk\u0142a\"}]},{\"@type\":\"WebSite\",\"@id\":\"https:\/\/parafiaklimkowka.pl\/#website\",\"url\":\"https:\/\/parafiaklimkowka.pl\/\",\"name\":\"Parafia w Klimk\u00f3wce\",\"description\":\"pw. \u015aw. Micha\u0142a Archanio\u0142a\",\"publisher\":{\"@id\":\"https:\/\/parafiaklimkowka.pl\/#organization\"},\"potentialAction\":[{\"@type\":\"SearchAction\",\"target\":{\"@type\":\"EntryPoint\",\"urlTemplate\":\"https:\/\/parafiaklimkowka.pl\/?s={search_term_string}\"},\"query-input\":\"required name=search_term_string\"}],\"inLanguage\":\"pl-PL\"},{\"@type\":\"Organization\",\"@id\":\"https:\/\/parafiaklimkowka.pl\/#organization\",\"name\":\"Parafia p.w. \u015bw. Micha\u0142a Archanio\u0142a w Klimk\u00f3wce\",\"url\":\"https:\/\/parafiaklimkowka.pl\/\",\"logo\":{\"@type\":\"ImageObject\",\"inLanguage\":\"pl-PL\",\"@id\":\"https:\/\/parafiaklimkowka.pl\/#\/schema\/logo\/image\/\",\"url\":\"http:\/\/parafiaklimkowka.pl\/wp-content\/uploads\/2019\/10\/anio\u01428_jpeg.jpg\",\"contentUrl\":\"http:\/\/parafiaklimkowka.pl\/wp-content\/uploads\/2019\/10\/anio\u01428_jpeg.jpg\",\"width\":658,\"height\":483,\"caption\":\"Parafia p.w. \u015bw. Micha\u0142a Archanio\u0142a w Klimk\u00f3wce\"},\"image\":{\"@id\":\"https:\/\/parafiaklimkowka.pl\/#\/schema\/logo\/image\/\"}},{\"@type\":\"Person\",\"@id\":\"https:\/\/parafiaklimkowka.pl\/#\/schema\/person\/8411339f73ed143172a1fc20b8c20562\",\"name\":\"kadmins70\",\"image\":{\"@type\":\"ImageObject\",\"inLanguage\":\"pl-PL\",\"@id\":\"https:\/\/parafiaklimkowka.pl\/#\/schema\/person\/image\/\",\"url\":\"https:\/\/secure.gravatar.com\/avatar\/2f1a9b134b0f743459e06c66845f8cf1?s=96&d=mm&r=g\",\"contentUrl\":\"https:\/\/secure.gravatar.com\/avatar\/2f1a9b134b0f743459e06c66845f8cf1?s=96&d=mm&r=g\",\"caption\":\"kadmins70\"}}]}<\/script>\n<!-- \/ Yoast SEO plugin. -->","yoast_head_json":{"title":"II Niedziela Zwyk\u0142a - Parafia w Klimk\u00f3wce","robots":{"index":"index","follow":"follow","max-snippet":"max-snippet:-1","max-image-preview":"max-image-preview:large","max-video-preview":"max-video-preview:-1"},"canonical":"https:\/\/parafiaklimkowka.pl\/index.php\/2022\/01\/16\/ii-niedziela-zwykla\/","og_locale":"pl_PL","og_type":"article","og_title":"II Niedziela Zwyk\u0142a - Parafia w Klimk\u00f3wce","og_description":"1.We wtorek rozpoczniemy Tydzie\u0144 Modlitw o Jedno\u015b\u0107 w Ko\u015bciele, kt\u00f3ry zako\u0144czy si\u0119 we wtorek 25 stycznia, \u015awi\u0119tem Nawr\u00f3cenia \u015awi\u0119tego Paw\u0142a. Przypominam o mo\u017cliwo\u015bci zyskania odpustu zupe\u0142nego. M\u00f3dlmy si\u0119 w tych [&hellip;]","og_url":"https:\/\/parafiaklimkowka.pl\/index.php\/2022\/01\/16\/ii-niedziela-zwykla\/","og_site_name":"Parafia w Klimk\u00f3wce","article_published_time":"2022-01-16T18:11:18+00:00","article_modified_time":"2022-01-21T19:23:26+00:00","author":"kadmins70","twitter_card":"summary_large_image","twitter_misc":{"Napisane przez":"kadmins70","Szacowany czas czytania":"4 minuty"},"schema":{"@context":"https:\/\/schema.org","@graph":[{"@type":"Article","@id":"https:\/\/parafiaklimkowka.pl\/index.php\/2022\/01\/16\/ii-niedziela-zwykla\/#article","isPartOf":{"@id":"https:\/\/parafiaklimkowka.pl\/index.php\/2022\/01\/16\/ii-niedziela-zwykla\/"},"author":{"name":"kadmins70","@id":"https:\/\/parafiaklimkowka.pl\/#\/schema\/person\/8411339f73ed143172a1fc20b8c20562"},"headline":"II Niedziela Zwyk\u0142a","datePublished":"2022-01-16T18:11:18+00:00","dateModified":"2022-01-21T19:23:26+00:00","mainEntityOfPage":{"@id":"https:\/\/parafiaklimkowka.pl\/index.php\/2022\/01\/16\/ii-niedziela-zwykla\/"},"wordCount":610,"publisher":{"@id":"https:\/\/parafiaklimkowka.pl\/#organization"},"articleSection":["Og\u0142oszenia duszpasterskie"],"inLanguage":"pl-PL"},{"@type":"WebPage","@id":"https:\/\/parafiaklimkowka.pl\/index.php\/2022\/01\/16\/ii-niedziela-zwykla\/","url":"https:\/\/parafiaklimkowka.pl\/index.php\/2022\/01\/16\/ii-niedziela-zwykla\/","name":"II Niedziela Zwyk\u0142a - Parafia w Klimk\u00f3wce","isPartOf":{"@id":"https:\/\/parafiaklimkowka.pl\/#website"},"datePublished":"2022-01-16T18:11:18+00:00","dateModified":"2022-01-21T19:23:26+00:00","breadcrumb":{"@id":"https:\/\/parafiaklimkowka.pl\/index.php\/2022\/01\/16\/ii-niedziela-zwykla\/#breadcrumb"},"inLanguage":"pl-PL","potentialAction":[{"@type":"ReadAction","target":["https:\/\/parafiaklimkowka.pl\/index.php\/2022\/01\/16\/ii-niedziela-zwykla\/"]}]},{"@type":"BreadcrumbList","@id":"https:\/\/parafiaklimkowka.pl\/index.php\/2022\/01\/16\/ii-niedziela-zwykla\/#breadcrumb","itemListElement":[{"@type":"ListItem","position":1,"name":"Strona g\u0142\u00f3wna","item":"https:\/\/parafiaklimkowka.pl\/"},{"@type":"ListItem","position":2,"name":"II Niedziela Zwyk\u0142a"}]},{"@type":"WebSite","@id":"https:\/\/parafiaklimkowka.pl\/#website","url":"https:\/\/parafiaklimkowka.pl\/","name":"Parafia w Klimk\u00f3wce","description":"pw. \u015aw. Micha\u0142a Archanio\u0142a","publisher":{"@id":"https:\/\/parafiaklimkowka.pl\/#organization"},"potentialAction":[{"@type":"SearchAction","target":{"@type":"EntryPoint","urlTemplate":"https:\/\/parafiaklimkowka.pl\/?s={search_term_string}"},"query-input":"required name=search_term_string"}],"inLanguage":"pl-PL"},{"@type":"Organization","@id":"https:\/\/parafiaklimkowka.pl\/#organization","name":"Parafia p.w. \u015bw. Micha\u0142a Archanio\u0142a w Klimk\u00f3wce","url":"https:\/\/parafiaklimkowka.pl\/","logo":{"@type":"ImageObject","inLanguage":"pl-PL","@id":"https:\/\/parafiaklimkowka.pl\/#\/schema\/logo\/image\/","url":"http:\/\/parafiaklimkowka.pl\/wp-content\/uploads\/2019\/10\/anio\u01428_jpeg.jpg","contentUrl":"http:\/\/parafiaklimkowka.pl\/wp-content\/uploads\/2019\/10\/anio\u01428_jpeg.jpg","width":658,"height":483,"caption":"Parafia p.w. \u015bw. Micha\u0142a Archanio\u0142a w Klimk\u00f3wce"},"image":{"@id":"https:\/\/parafiaklimkowka.pl\/#\/schema\/logo\/image\/"}},{"@type":"Person","@id":"https:\/\/parafiaklimkowka.pl\/#\/schema\/person\/8411339f73ed143172a1fc20b8c20562","name":"kadmins70","image":{"@type":"ImageObject","inLanguage":"pl-PL","@id":"https:\/\/parafiaklimkowka.pl\/#\/schema\/person\/image\/","url":"https:\/\/secure.gravatar.com\/avatar\/2f1a9b134b0f743459e06c66845f8cf1?s=96&d=mm&r=g","contentUrl":"https:\/\/secure.gravatar.com\/avatar\/2f1a9b134b0f743459e06c66845f8cf1?s=96&d=mm&r=g","caption":"kadmins70"}}]}},"_links":{"self":[{"href":"https:\/\/parafiaklimkowka.pl\/index.php\/wp-json\/wp\/v2\/posts\/6322"}],"collection":[{"href":"https:\/\/parafiaklimkowka.pl\/index.php\/wp-json\/wp\/v2\/posts"}],"about":[{"href":"https:\/\/parafiaklimkowka.pl\/index.php\/wp-json\/wp\/v2\/types\/post"}],"author":[{"embeddable":true,"href":"https:\/\/parafiaklimkowka.pl\/index.php\/wp-json\/wp\/v2\/users\/1"}],"replies":[{"embeddable":true,"href":"https:\/\/parafiaklimkowka.pl\/index.php\/wp-json\/wp\/v2\/comments?post=6322"}],"version-history":[{"count":4,"href":"https:\/\/parafiaklimkowka.pl\/index.php\/wp-json\/wp\/v2\/posts\/6322\/revisions"}],"predecessor-version":[{"id":6326,"href":"https:\/\/parafiaklimkowka.pl\/index.php\/wp-json\/wp\/v2\/posts\/6322\/revisions\/6326"}],"wp:attachment":[{"href":"https:\/\/parafiaklimkowka.pl\/index.php\/wp-json\/wp\/v2\/media?parent=6322"}],"wp:term":[{"taxonomy":"category","embeddable":true,"href":"https:\/\/parafiaklimkowka.pl\/index.php\/wp-json\/wp\/v2\/categories?post=6322"},{"taxonomy":"post_tag","embeddable":true,"href":"https:\/\/parafiaklimkowka.pl\/index.php\/wp-json\/wp\/v2\/tags?post=6322"}],"curies":[{"name":"wp","href":"https:\/\/api.w.org\/{rel}","templated":true}]}}