{"id":6332,"date":"2022-01-23T20:28:56","date_gmt":"2022-01-23T19:28:56","guid":{"rendered":"https:\/\/parafiaklimkowka.pl\/?p=6332"},"modified":"2022-01-24T14:20:55","modified_gmt":"2022-01-24T13:20:55","slug":"iii-niedziela-zwykla","status":"publish","type":"post","link":"https:\/\/parafiaklimkowka.pl\/index.php\/2022\/01\/23\/iii-niedziela-zwykla\/","title":{"rendered":"III Niedziela Zwyk\u0142a"},"content":{"rendered":"<p style=\"text-align: justify;\"><strong>1.W ca\u0142ym Ko\u015bciele trwa Tydzie\u0144 Powszechnej Modlitwy o Jedno\u015b\u0107 Chrze\u015bcijan. <\/strong>Pan Jezus domaga si\u0119 wzajemnej mi\u0142o\u015bci: \u201eTo jest moje przykazanie, aby\u015bcie si\u0119 wzajemnie mi\u0142owali, tak jak Ja was umi\u0142owa\u0142em\u201d. Niech ta mi\u0142o\u015b\u0107 stanie si\u0119 naszym znakiem rozpoznawczym w \u015bwiecie na ka\u017cdy dzie\u0144.<\/p>\n<p style=\"text-align: justify;\">Chocia\u017c Tydzie\u0144 Powszechnej Modlitwy o Jedno\u015b\u0107 Chrze\u015bcijan <strong>zako\u0144czy si\u0119 we wtorek, 25 stycznia, w \u015bwi\u0119to Nawr\u00f3cenia \u015bw. Paw\u0142a, <\/strong>nie ustawajmy w wysi\u0142kach na rzecz jej ca\u0142kowitego przywr\u00f3cenia. Tak bardzo pragnie jej sam Pan Jezus, a cz\u0119sto jej brak jest zgorszeniem dla wsp\u00f3\u0142czesnego \u015bwiata i wielu \u017ale nastawia do Chrystusowego Ko\u015bcio\u0142a. Dlatego w tej intencji ofiarujmy nasze modlitwy, trudy i cierpienia.<\/p>\n<p style=\"text-align: justify;\">2. Dzi\u015b w ca\u0142ym Ko\u015bciele prze\u017cywamy Niedziel\u0119 biblijn\u0105, kt\u00f3ra ma nas zach\u0119ci\u0107 do czytania Pisma \u015awi\u0119tego i rozwa\u017cania m\u0105dro\u015bci Bo\u017cej.<\/p>\n<p style=\"text-align: justify;\"><strong>3.Msze \u015awi\u0119te w tygodniu, w dni powszednie o godzinie 16.00 i 17.00, z wyj\u0105tkiem pi\u0105tku, wtedy Msza \u015awi\u0119ta o godzinie 8.00, wcze\u015bniej o godzinie 7.45 Koronka do Bo\u017cego Mi\u0142osierdzia.<\/strong><\/p>\n<p style=\"text-align: justify;\"><strong>4.Dzi\u015b na Mszy \u015awi\u0119tej o godzinie 9.15 przedostatnia kol\u0119da, na kt\u00f3r\u0105 zapraszam mieszka\u0144c\u00f3w z ulicy Zdrojowej, obie strony, od sklepu Centrum, do ko\u0144ca \u2013 do Ostoi. Za Tydzie\u0144 ostatnia kol\u0119da, dla wszystkich mieszka\u0144c\u00f3w z ulicy Osiedlowej i z ulicy Kasztanowej, Rejon VI naszej Parafii.<\/strong><\/p>\n<p style=\"text-align: justify;\"><strong>5.Za tydzie\u0144 ostatnia niedziela miesi\u0105ca, sk\u0142adka mszalna zbierana przez Rad\u0119 Parafialn\u0105 na potrzeby naszej Parafii i Ko\u015bcio\u0142a.<\/strong><\/p>\n<p style=\"text-align: justify;\"><strong>6.Pan So\u0142tys informuje, \u017ce w dniu 29 stycze\u0144 (sobota), w godzinach od 9 do 12, mo\u017cna b\u0119dzie dokona\u0107 op\u0142at ubezpieczenia OC \u2013 budynk\u00f3w na rok 2022 \u2013 Filar PZU. Op\u0142aty b\u0119d\u0105 przyjmowane w Kancelarii So\u0142tysa Klimk\u00f3wka.<\/strong><\/p>\n<p style=\"text-align: justify;\">7.Dzi\u0119kujemy za sprz\u0105tanie Ko\u015bcio\u0142a tym osobom, kt\u00f3re to uczyni\u0142y w minionym tygodniu, a na sobot\u0119, <strong>na godzin\u0119 8.00 zapraszamy wiernych z ulicy Osiedlowej, numery 97, 103, 105.<\/strong><\/p>\n<hr>\n<h4 style=\"text-align: justify;\"><em><strong data-rich-text-format-boundary=\"true\">Ewangelia wed\u0142ug \u015awi\u0119tego \u0141ukasza<\/strong><\/em><\/h4>\n<p style=\"text-align: justify;\">Wielu ju\u017c stara\u0142o si\u0119 u\u0142o\u017cy\u0107 opowiadanie o zdarzeniach, kt\u00f3re si\u0119 dokona\u0142y po\u015br\u00f3d nas, tak jak je przekazali ci, kt\u00f3rzy od pocz\u0105tku byli naocznymi \u015bwiadkami i s\u0142ugami s\u0142owa. Postanowi\u0142em wi\u0119c i ja zbada\u0107 dok\u0142adnie wszystko od pierwszych chwil i opisa\u0107 ci po kolei, dostojny Teofilu, aby\u015b si\u0119 m\u00f3g\u0142 przekona\u0107 o ca\u0142kowitej pewno\u015bci nauk, kt\u00f3rych ci udzielono.<\/p>\n<p style=\"text-align: justify;\">W owym czasie:<\/p>\n<p style=\"text-align: justify;\">Jezus powr\u00f3ci\u0142 w mocy Ducha do Galilei, a wie\u015b\u0107 o Nim rozesz\u0142a si\u0119 po ca\u0142ej okolicy. On za\u015b naucza\u0142 w ich synagogach, wys\u0142awiany przez wszystkich.<\/p>\n<p style=\"text-align: justify;\">Przyszed\u0142 r\u00f3wnie\u017c do Nazaretu, gdzie si\u0119 wychowa\u0142. W dzie\u0144 szabatu uda\u0142 si\u0119 swoim zwyczajem do synagogi i powsta\u0142, aby czyta\u0107. Podano Mu ksi\u0119g\u0119 proroka Izajasza. Rozwin\u0105wszy ksi\u0119g\u0119 natrafi\u0142 na miejsce, gdzie by\u0142o napisane: \u201eDuch Pa\u0144ski spoczywa na Mnie, poniewa\u017c Mnie nama\u015bci\u0142 i pos\u0142a\u0142 Mnie, abym ubogim ni\u00f3s\u0142 dobr\u0105 nowin\u0119, wi\u0119\u017aniom g\u0142osi\u0142 wolno\u015b\u0107, a niewidomym przejrzenie; abym uci\u015bnionych odsy\u0142a\u0142 wolnych, abym obwo\u0142ywa\u0142 rok \u0142aski od Pana\u201d.<\/p>\n<p style=\"text-align: justify;\">Zwin\u0105wszy ksi\u0119g\u0119 odda\u0142 s\u0142udze i usiad\u0142; a oczy wszystkich w synagodze by\u0142y w Nim utkwione. Pocz\u0105\u0142 wi\u0119c m\u00f3wi\u0107 do nich: \u201eDzi\u015b spe\u0142ni\u0142y si\u0119 te s\u0142owa Pisma, kt\u00f3re\u015bcie s\u0142yszeli\u201d.<\/p>\n<h4 style=\"text-align: justify;\"><strong data-rich-text-format-boundary=\"true\">Refleksja nad S\u0142owem Bo\u017cym<\/strong><\/h4>\n<p style=\"text-align: justify;\">W Ewangelii widzimy Jezusa, kt\u00f3ry przyszed\u0142 do Nazaretu, do miasteczka, w kt\u00f3rym si\u0119 wychowa\u0142. W \u015bwi\u0119ty dzie\u0144 udaje si\u0119 do synagogi i tam czyta proroctwo o Mesjaszu maj\u0105cym \u201eubogim nie\u015b\u0107 dobr\u0105 nowin\u0119, wi\u0119zionym g\u0142osi\u0107 wolno\u015b\u0107, a niewidomym przejrzenie\u201d. Gdy przeczyta\u0142, og\u0142osi\u0142, \u017ce ta zapowied\u017a ju\u017c si\u0119 spe\u0142nia, \u017ce Zbawiciel ju\u017c przyszed\u0142 i dokonuje swego dzie\u0142a.<\/p>\n<p style=\"text-align: justify;\">Dzisiejsza Ewangelia nie m\u00f3wi nam, jak przyj\u0119to s\u0142owa Jezusa. Wiemy o tym z innych miejsc. Wielu s\u0142uchaczy przyj\u0119\u0142o je z rado\u015bci\u0105, inni sceptycznie, a jeszcze inni z wrogo\u015bci\u0105. I tak ju\u017c dzieje si\u0119 przez wieki. Wobec g\u0142oszonego s\u0142owa powtarzaj\u0105 si\u0119 te same postawy, kt\u00f3re mieli \u00f3wcze\u015bni s\u0142uchacze Jezusa. Jego s\u0142owo dotyczy bowiem nie tylko mieszka\u0144c\u00f3w Nazaretu, dotyczy wszystkich ludzi na ca\u0142ym \u015bwiecie.<\/p>\n<p style=\"text-align: justify;\">Chrystus przynosi nam Dobr\u0105 Nowin\u0119. Przynosi szans\u0119 prze\u017cycia pielgrzymki po tym \u015bwiecie w innej perspektywie, w perspektywie wieczno\u015bci. Po to przyszed\u0142 na ziemi\u0119 i po to przychodzi do nas podczas ka\u017cdej Eucharystii. On jest naszym zbawieniem. Jeste\u015bmy obj\u0119ci Jego mi\u0142o\u015bci\u0105, kt\u00f3r\u0105 potwierdzi\u0142 na krzy\u017cu.<\/p>\n<hr>\n<h3 style=\"text-align: justify;\"><strong>Zapowiedzi p<\/strong><strong>rzedma\u0142\u017ce\u0144skie<\/strong><\/h3>\n<hr>\n<h3><strong>Odeszli do wieczno\u015bci<\/strong><\/h3>\n<hr>\n<h3><strong>Spotkania grup duszpasterskich<\/strong><\/h3>\n<hr>\n<h3><strong>Intencje modlitewne na stycze\u0144<\/strong><\/h3>\n<h4><strong>Og\u00f3lna:<\/strong><\/h4>\n<p style=\"text-align: justify;\">Aby wszystkie osoby, kt\u00f3re do\u015bwiadczaj\u0105 dyskryminacji i prze\u015bladowa\u0144 na tle religijnym, znalaz\u0142y w spo\u0142ecze\u0144stwach, w kt\u00f3rych \u017cyj\u0105, uznanie w\u0142asnych praw i godno\u015bci, kt\u00f3ra rodzi si\u0119 z bycia bra\u0107mi.<\/p>\n<h4><strong>Diecezjalna r\u00f3\u017ca\u0144cowa:<\/strong><\/h4>\n<p style=\"text-align: justify;\">O Bo\u017ce b\u0142ogos\u0142awie\u0144stwo w Nowym Roku i pok\u00f3j na \u015bwiecie.<\/p>\n","protected":false},"excerpt":{"rendered":"<p>1.W ca\u0142ym Ko\u015bciele trwa Tydzie\u0144 Powszechnej Modlitwy o Jedno\u015b\u0107 Chrze\u015bcijan. Pan Jezus domaga si\u0119 wzajemnej mi\u0142o\u015bci: \u201eTo jest moje przykazanie, aby\u015bcie si\u0119 wzajemnie mi\u0142owali, tak jak Ja was umi\u0142owa\u0142em\u201d. Niech [&hellip;]<\/p>\n","protected":false},"author":1,"featured_media":0,"comment_status":"closed","ping_status":"open","sticky":false,"template":"","format":"standard","meta":{"ngg_post_thumbnail":0,"footnotes":""},"categories":[4],"tags":[],"yoast_head":"<!-- This site is optimized with the Yoast SEO plugin v23.2 - https:\/\/yoast.com\/wordpress\/plugins\/seo\/ -->\n<title>III Niedziela Zwyk\u0142a - Parafia w Klimk\u00f3wce<\/title>\n<meta name=\"robots\" content=\"index, follow, max-snippet:-1, max-image-preview:large, max-video-preview:-1\" \/>\n<link rel=\"canonical\" href=\"https:\/\/parafiaklimkowka.pl\/index.php\/2022\/01\/23\/iii-niedziela-zwykla\/\" \/>\n<meta property=\"og:locale\" content=\"pl_PL\" \/>\n<meta property=\"og:type\" content=\"article\" \/>\n<meta property=\"og:title\" content=\"III Niedziela Zwyk\u0142a - Parafia w Klimk\u00f3wce\" \/>\n<meta property=\"og:description\" content=\"1.W ca\u0142ym Ko\u015bciele trwa Tydzie\u0144 Powszechnej Modlitwy o Jedno\u015b\u0107 Chrze\u015bcijan. Pan Jezus domaga si\u0119 wzajemnej mi\u0142o\u015bci: \u201eTo jest moje przykazanie, aby\u015bcie si\u0119 wzajemnie mi\u0142owali, tak jak Ja was umi\u0142owa\u0142em\u201d. Niech [&hellip;]\" \/>\n<meta property=\"og:url\" content=\"https:\/\/parafiaklimkowka.pl\/index.php\/2022\/01\/23\/iii-niedziela-zwykla\/\" \/>\n<meta property=\"og:site_name\" content=\"Parafia w Klimk\u00f3wce\" \/>\n<meta property=\"article:published_time\" content=\"2022-01-23T19:28:56+00:00\" \/>\n<meta property=\"article:modified_time\" content=\"2022-01-24T13:20:55+00:00\" \/>\n<meta name=\"author\" content=\"kadmins70\" \/>\n<meta name=\"twitter:card\" content=\"summary_large_image\" \/>\n<meta name=\"twitter:label1\" content=\"Napisane przez\" \/>\n\t<meta name=\"twitter:data1\" content=\"kadmins70\" \/>\n\t<meta name=\"twitter:label2\" content=\"Szacowany czas czytania\" \/>\n\t<meta name=\"twitter:data2\" content=\"5 minut\" \/>\n<script type=\"application\/ld+json\" class=\"yoast-schema-graph\">{\"@context\":\"https:\/\/schema.org\",\"@graph\":[{\"@type\":\"Article\",\"@id\":\"https:\/\/parafiaklimkowka.pl\/index.php\/2022\/01\/23\/iii-niedziela-zwykla\/#article\",\"isPartOf\":{\"@id\":\"https:\/\/parafiaklimkowka.pl\/index.php\/2022\/01\/23\/iii-niedziela-zwykla\/\"},\"author\":{\"name\":\"kadmins70\",\"@id\":\"https:\/\/parafiaklimkowka.pl\/#\/schema\/person\/8411339f73ed143172a1fc20b8c20562\"},\"headline\":\"III Niedziela Zwyk\u0142a\",\"datePublished\":\"2022-01-23T19:28:56+00:00\",\"dateModified\":\"2022-01-24T13:20:55+00:00\",\"mainEntityOfPage\":{\"@id\":\"https:\/\/parafiaklimkowka.pl\/index.php\/2022\/01\/23\/iii-niedziela-zwykla\/\"},\"wordCount\":836,\"publisher\":{\"@id\":\"https:\/\/parafiaklimkowka.pl\/#organization\"},\"articleSection\":[\"Og\u0142oszenia duszpasterskie\"],\"inLanguage\":\"pl-PL\"},{\"@type\":\"WebPage\",\"@id\":\"https:\/\/parafiaklimkowka.pl\/index.php\/2022\/01\/23\/iii-niedziela-zwykla\/\",\"url\":\"https:\/\/parafiaklimkowka.pl\/index.php\/2022\/01\/23\/iii-niedziela-zwykla\/\",\"name\":\"III Niedziela Zwyk\u0142a - Parafia w Klimk\u00f3wce\",\"isPartOf\":{\"@id\":\"https:\/\/parafiaklimkowka.pl\/#website\"},\"datePublished\":\"2022-01-23T19:28:56+00:00\",\"dateModified\":\"2022-01-24T13:20:55+00:00\",\"breadcrumb\":{\"@id\":\"https:\/\/parafiaklimkowka.pl\/index.php\/2022\/01\/23\/iii-niedziela-zwykla\/#breadcrumb\"},\"inLanguage\":\"pl-PL\",\"potentialAction\":[{\"@type\":\"ReadAction\",\"target\":[\"https:\/\/parafiaklimkowka.pl\/index.php\/2022\/01\/23\/iii-niedziela-zwykla\/\"]}]},{\"@type\":\"BreadcrumbList\",\"@id\":\"https:\/\/parafiaklimkowka.pl\/index.php\/2022\/01\/23\/iii-niedziela-zwykla\/#breadcrumb\",\"itemListElement\":[{\"@type\":\"ListItem\",\"position\":1,\"name\":\"Strona g\u0142\u00f3wna\",\"item\":\"https:\/\/parafiaklimkowka.pl\/\"},{\"@type\":\"ListItem\",\"position\":2,\"name\":\"III Niedziela Zwyk\u0142a\"}]},{\"@type\":\"WebSite\",\"@id\":\"https:\/\/parafiaklimkowka.pl\/#website\",\"url\":\"https:\/\/parafiaklimkowka.pl\/\",\"name\":\"Parafia w Klimk\u00f3wce\",\"description\":\"pw. \u015aw. Micha\u0142a Archanio\u0142a\",\"publisher\":{\"@id\":\"https:\/\/parafiaklimkowka.pl\/#organization\"},\"potentialAction\":[{\"@type\":\"SearchAction\",\"target\":{\"@type\":\"EntryPoint\",\"urlTemplate\":\"https:\/\/parafiaklimkowka.pl\/?s={search_term_string}\"},\"query-input\":\"required name=search_term_string\"}],\"inLanguage\":\"pl-PL\"},{\"@type\":\"Organization\",\"@id\":\"https:\/\/parafiaklimkowka.pl\/#organization\",\"name\":\"Parafia p.w. \u015bw. Micha\u0142a Archanio\u0142a w Klimk\u00f3wce\",\"url\":\"https:\/\/parafiaklimkowka.pl\/\",\"logo\":{\"@type\":\"ImageObject\",\"inLanguage\":\"pl-PL\",\"@id\":\"https:\/\/parafiaklimkowka.pl\/#\/schema\/logo\/image\/\",\"url\":\"http:\/\/parafiaklimkowka.pl\/wp-content\/uploads\/2019\/10\/anio\u01428_jpeg.jpg\",\"contentUrl\":\"http:\/\/parafiaklimkowka.pl\/wp-content\/uploads\/2019\/10\/anio\u01428_jpeg.jpg\",\"width\":658,\"height\":483,\"caption\":\"Parafia p.w. \u015bw. Micha\u0142a Archanio\u0142a w Klimk\u00f3wce\"},\"image\":{\"@id\":\"https:\/\/parafiaklimkowka.pl\/#\/schema\/logo\/image\/\"}},{\"@type\":\"Person\",\"@id\":\"https:\/\/parafiaklimkowka.pl\/#\/schema\/person\/8411339f73ed143172a1fc20b8c20562\",\"name\":\"kadmins70\",\"image\":{\"@type\":\"ImageObject\",\"inLanguage\":\"pl-PL\",\"@id\":\"https:\/\/parafiaklimkowka.pl\/#\/schema\/person\/image\/\",\"url\":\"https:\/\/secure.gravatar.com\/avatar\/2f1a9b134b0f743459e06c66845f8cf1?s=96&d=mm&r=g\",\"contentUrl\":\"https:\/\/secure.gravatar.com\/avatar\/2f1a9b134b0f743459e06c66845f8cf1?s=96&d=mm&r=g\",\"caption\":\"kadmins70\"}}]}<\/script>\n<!-- \/ Yoast SEO plugin. -->","yoast_head_json":{"title":"III Niedziela Zwyk\u0142a - Parafia w Klimk\u00f3wce","robots":{"index":"index","follow":"follow","max-snippet":"max-snippet:-1","max-image-preview":"max-image-preview:large","max-video-preview":"max-video-preview:-1"},"canonical":"https:\/\/parafiaklimkowka.pl\/index.php\/2022\/01\/23\/iii-niedziela-zwykla\/","og_locale":"pl_PL","og_type":"article","og_title":"III Niedziela Zwyk\u0142a - Parafia w Klimk\u00f3wce","og_description":"1.W ca\u0142ym Ko\u015bciele trwa Tydzie\u0144 Powszechnej Modlitwy o Jedno\u015b\u0107 Chrze\u015bcijan. Pan Jezus domaga si\u0119 wzajemnej mi\u0142o\u015bci: \u201eTo jest moje przykazanie, aby\u015bcie si\u0119 wzajemnie mi\u0142owali, tak jak Ja was umi\u0142owa\u0142em\u201d. Niech [&hellip;]","og_url":"https:\/\/parafiaklimkowka.pl\/index.php\/2022\/01\/23\/iii-niedziela-zwykla\/","og_site_name":"Parafia w Klimk\u00f3wce","article_published_time":"2022-01-23T19:28:56+00:00","article_modified_time":"2022-01-24T13:20:55+00:00","author":"kadmins70","twitter_card":"summary_large_image","twitter_misc":{"Napisane przez":"kadmins70","Szacowany czas czytania":"5 minut"},"schema":{"@context":"https:\/\/schema.org","@graph":[{"@type":"Article","@id":"https:\/\/parafiaklimkowka.pl\/index.php\/2022\/01\/23\/iii-niedziela-zwykla\/#article","isPartOf":{"@id":"https:\/\/parafiaklimkowka.pl\/index.php\/2022\/01\/23\/iii-niedziela-zwykla\/"},"author":{"name":"kadmins70","@id":"https:\/\/parafiaklimkowka.pl\/#\/schema\/person\/8411339f73ed143172a1fc20b8c20562"},"headline":"III Niedziela Zwyk\u0142a","datePublished":"2022-01-23T19:28:56+00:00","dateModified":"2022-01-24T13:20:55+00:00","mainEntityOfPage":{"@id":"https:\/\/parafiaklimkowka.pl\/index.php\/2022\/01\/23\/iii-niedziela-zwykla\/"},"wordCount":836,"publisher":{"@id":"https:\/\/parafiaklimkowka.pl\/#organization"},"articleSection":["Og\u0142oszenia duszpasterskie"],"inLanguage":"pl-PL"},{"@type":"WebPage","@id":"https:\/\/parafiaklimkowka.pl\/index.php\/2022\/01\/23\/iii-niedziela-zwykla\/","url":"https:\/\/parafiaklimkowka.pl\/index.php\/2022\/01\/23\/iii-niedziela-zwykla\/","name":"III Niedziela Zwyk\u0142a - Parafia w Klimk\u00f3wce","isPartOf":{"@id":"https:\/\/parafiaklimkowka.pl\/#website"},"datePublished":"2022-01-23T19:28:56+00:00","dateModified":"2022-01-24T13:20:55+00:00","breadcrumb":{"@id":"https:\/\/parafiaklimkowka.pl\/index.php\/2022\/01\/23\/iii-niedziela-zwykla\/#breadcrumb"},"inLanguage":"pl-PL","potentialAction":[{"@type":"ReadAction","target":["https:\/\/parafiaklimkowka.pl\/index.php\/2022\/01\/23\/iii-niedziela-zwykla\/"]}]},{"@type":"BreadcrumbList","@id":"https:\/\/parafiaklimkowka.pl\/index.php\/2022\/01\/23\/iii-niedziela-zwykla\/#breadcrumb","itemListElement":[{"@type":"ListItem","position":1,"name":"Strona g\u0142\u00f3wna","item":"https:\/\/parafiaklimkowka.pl\/"},{"@type":"ListItem","position":2,"name":"III Niedziela Zwyk\u0142a"}]},{"@type":"WebSite","@id":"https:\/\/parafiaklimkowka.pl\/#website","url":"https:\/\/parafiaklimkowka.pl\/","name":"Parafia w Klimk\u00f3wce","description":"pw. \u015aw. Micha\u0142a Archanio\u0142a","publisher":{"@id":"https:\/\/parafiaklimkowka.pl\/#organization"},"potentialAction":[{"@type":"SearchAction","target":{"@type":"EntryPoint","urlTemplate":"https:\/\/parafiaklimkowka.pl\/?s={search_term_string}"},"query-input":"required name=search_term_string"}],"inLanguage":"pl-PL"},{"@type":"Organization","@id":"https:\/\/parafiaklimkowka.pl\/#organization","name":"Parafia p.w. \u015bw. Micha\u0142a Archanio\u0142a w Klimk\u00f3wce","url":"https:\/\/parafiaklimkowka.pl\/","logo":{"@type":"ImageObject","inLanguage":"pl-PL","@id":"https:\/\/parafiaklimkowka.pl\/#\/schema\/logo\/image\/","url":"http:\/\/parafiaklimkowka.pl\/wp-content\/uploads\/2019\/10\/anio\u01428_jpeg.jpg","contentUrl":"http:\/\/parafiaklimkowka.pl\/wp-content\/uploads\/2019\/10\/anio\u01428_jpeg.jpg","width":658,"height":483,"caption":"Parafia p.w. \u015bw. Micha\u0142a Archanio\u0142a w Klimk\u00f3wce"},"image":{"@id":"https:\/\/parafiaklimkowka.pl\/#\/schema\/logo\/image\/"}},{"@type":"Person","@id":"https:\/\/parafiaklimkowka.pl\/#\/schema\/person\/8411339f73ed143172a1fc20b8c20562","name":"kadmins70","image":{"@type":"ImageObject","inLanguage":"pl-PL","@id":"https:\/\/parafiaklimkowka.pl\/#\/schema\/person\/image\/","url":"https:\/\/secure.gravatar.com\/avatar\/2f1a9b134b0f743459e06c66845f8cf1?s=96&d=mm&r=g","contentUrl":"https:\/\/secure.gravatar.com\/avatar\/2f1a9b134b0f743459e06c66845f8cf1?s=96&d=mm&r=g","caption":"kadmins70"}}]}},"_links":{"self":[{"href":"https:\/\/parafiaklimkowka.pl\/index.php\/wp-json\/wp\/v2\/posts\/6332"}],"collection":[{"href":"https:\/\/parafiaklimkowka.pl\/index.php\/wp-json\/wp\/v2\/posts"}],"about":[{"href":"https:\/\/parafiaklimkowka.pl\/index.php\/wp-json\/wp\/v2\/types\/post"}],"author":[{"embeddable":true,"href":"https:\/\/parafiaklimkowka.pl\/index.php\/wp-json\/wp\/v2\/users\/1"}],"replies":[{"embeddable":true,"href":"https:\/\/parafiaklimkowka.pl\/index.php\/wp-json\/wp\/v2\/comments?post=6332"}],"version-history":[{"count":2,"href":"https:\/\/parafiaklimkowka.pl\/index.php\/wp-json\/wp\/v2\/posts\/6332\/revisions"}],"predecessor-version":[{"id":6365,"href":"https:\/\/parafiaklimkowka.pl\/index.php\/wp-json\/wp\/v2\/posts\/6332\/revisions\/6365"}],"wp:attachment":[{"href":"https:\/\/parafiaklimkowka.pl\/index.php\/wp-json\/wp\/v2\/media?parent=6332"}],"wp:term":[{"taxonomy":"category","embeddable":true,"href":"https:\/\/parafiaklimkowka.pl\/index.php\/wp-json\/wp\/v2\/categories?post=6332"},{"taxonomy":"post_tag","embeddable":true,"href":"https:\/\/parafiaklimkowka.pl\/index.php\/wp-json\/wp\/v2\/tags?post=6332"}],"curies":[{"name":"wp","href":"https:\/\/api.w.org\/{rel}","templated":true}]}}