{"id":6521,"date":"2022-03-12T19:52:06","date_gmt":"2022-03-12T18:52:06","guid":{"rendered":"https:\/\/parafiaklimkowka.pl\/?p=6521"},"modified":"2022-03-12T20:14:13","modified_gmt":"2022-03-12T19:14:13","slug":"ii-niedziela-wielkiego-postu-2","status":"publish","type":"post","link":"https:\/\/parafiaklimkowka.pl\/index.php\/2022\/03\/12\/ii-niedziela-wielkiego-postu-2\/","title":{"rendered":"II Niedziela Wielkiego Postu"},"content":{"rendered":"<p style=\"text-align: justify;\"><strong>1.Wyj\u0105tkowy charakter Wielkiego Postu wyra\u017camy poprzez nasz udzia\u0142 w nabo\u017ce\u0144stwach pasyjnych. Nabo\u017ce\u0144stwo Drogi krzy\u017cowej w naszej \u015bwi\u0105tyni w pi\u0105tki o godz. 16.30. Gorzkie \u017cale w niedziele o godzinie 15.00.<\/strong><\/p>\n<p style=\"text-align: justify;\"><strong>2.Dzisiejsza niedziela jest tak zw. Niedziel\u0105 Ad Gentes \u2013<\/strong> Dzie\u0144 Modlitwy, Postu i Solidarno\u015bci z Misjonarzami. Z tej racji tak\u017ce zbi\u00f3rka do puszek na cele misyjne.<\/p>\n<p style=\"text-align: justify;\"><strong>3.W zakrystii s\u0105 do nabycia Paschaliki wielkanocne,<\/strong> kt\u00f3re zapalimy w czasie \u015bniadania wielkanocnego. Mo\u017cna tak\u017ce wzi\u0105\u0107 skarbonk\u0119 Caritas. Doch\u00f3d ze skarbonek i Paschalik\u00f3w przeznaczony jest na Caritas Archidiecezji Przemyskiej, na pomoc najbiedniejszym i potrzebuj\u0105cym pomocy. <strong>Cena minimalna Paschalika 10 z\u0142.<\/strong><\/p>\n<p style=\"text-align: justify;\"><strong>4.W tym tygodniu Msze \u015awi\u0119te w dni powszednie o godzinie 17.00, w sobot\u0119 o godzinie 8.00.<\/strong><\/p>\n<p style=\"text-align: justify;\"><strong>5.Od czwartku <\/strong><strong>prze\u017cywamy Nowenn\u0119 przed Uroczysto\u015bci\u0105 \u015awi\u0119tego J\u00f3zefa, kt\u00f3r\u0105 b\u0119dziemy obchodzili w sobot\u0119 19 marca<\/strong>. \u015awi\u0119ty J\u00f3zef, Patron Ko\u015bcio\u0142a Powszechnego, kt\u00f3rego uroczysto\u015b\u0107 b\u0119dziemy wkr\u00f3tce obchodzi\u0107, to cz\u0142owiek g\u0142\u0119bokiej wiary, odwa\u017cny, pokorny. Misja \u015bwi\u0119tego J\u00f3zefa jest z pewno\u015bci\u0105 wyj\u0105tkowa i niepowtarzalna, poniewa\u017c Jezus jest absolutnie wyj\u0105tkowy. A jednak w swej opiece nad Jezusem, wychowywaniu Go, by wzrasta\u0142 w latach, m\u0105dro\u015bci i \u0142asce, \u015bw. J\u00f3zef jest wzorem dla ka\u017cdego wychowawcy, a szczeg\u00f3lnie dla ka\u017cdego ojca. Powierzam wi\u0119c jego opiece wszystkich rodzic\u00f3w, kap\u0142an\u00f3w, kt\u00f3rzy s\u0105 ojcami i tych, kt\u00f3rzy maj\u0105 pe\u0142ni\u0107 w Ko\u015bciele i w spo\u0142ecze\u0144stwie rol\u0119 edukacyjn\u0105.<\/p>\n<p style=\"text-align: justify;\"><strong>Msza \u015awi\u0119ta w Uroczysto\u015b\u0107 \u015awi\u0119tego J\u00f3zefa, w sobot\u0119 o godzinie 8.00.<\/strong><\/p>\n<h3 style=\"text-align: justify;\"><strong>Jest to tak\u017ce dzie\u0144 imienin naszego Proboszcza, kt\u00f3remu sk\u0142adamy najserdeczniejsze \u017cyczenia wielu \u0142ask Bo\u017cych, opieki Matki Bo\u017cej i \u015aw. Jana Maria Vianney &#8211; patrona proboszcz\u00f3w. M<\/strong><strong>odlimy si\u0119 w jego intencji i<\/strong><strong>&nbsp;<\/strong><strong>ofiarujemy Msz\u0119 \u015awi\u0119t\u0105&nbsp;<\/strong><strong>w przysz\u0142\u0105 niedziel\u0119 o godz. 9.15.<\/strong><\/h3>\n<p style=\"text-align: justify;\"><strong>6.<\/strong><strong style=\"color: initial;\">We wtorek 15 marca zapraszamy, na Msz\u0119 \u015awi\u0119t\u0105 o godzinie 17.00 dzieci klas III, przygotowuj\u0105ce si\u0119 do Pierwszej Komunii \u015awi\u0119tej, wraz z rodzicami. Otrzymaj\u0105 wtedy pob\u0142ogos\u0142awione i po\u015bwi\u0119cone modlitewniki.<\/strong><\/p>\n<p style=\"text-align: justify;\">7.Dzi\u0119kujemy za sprz\u0105tanie Ko\u015bcio\u0142a tym osobom, kt\u00f3re to uczyni\u0142y w minionym tygodniu, a <strong>na sobot\u0119 na godzin\u0119&nbsp; 8.30 zapraszamy mieszka\u0144c\u00f3w z ulicy Kasztanowej, numery 40, 42, 46, 48.<\/strong><\/p>\n<hr>\n<h4 style=\"text-align: justify;\"><em><strong data-rich-text-format-boundary=\"true\">Ewangelia wed\u0142ug \u015awi\u0119tego \u0141ukasza<\/strong><\/em><\/h4>\n<p style=\"text-align: justify;\">Jezus wzi\u0105\u0142 z sob\u0105 Piotra, Jana i Jakuba i wyszed\u0142 na g\u00f3r\u0119, aby si\u0119 modli\u0107. Gdy si\u0119 modli\u0142, wygl\u0105d Jego twarzy si\u0119 odmieni\u0142, a Jego odzienie sta\u0142o si\u0119 l\u015bni\u0105co bia\u0142e. A oto dw\u00f3ch m\u0119\u017c\u00f3w rozmawia\u0142o z Nim. Byli to Moj\u017cesz i Eliasz. Ukazali si\u0119 oni w chwale i m\u00f3wili o Jego odej\u015bciu, kt\u00f3rego mia\u0142 dope\u0142ni\u0107 w Jeruzalem. Tymczasem Piotr i towarzysze snem byli zmorzeni. Gdy si\u0119 ockn\u0119li, ujrzeli Jego chwa\u0142\u0119 i obydwu m\u0119\u017c\u00f3w, stoj\u0105cych przy Nim. Gdy oni si\u0119 z Nim rozstawali, Piotr rzek\u0142 do Jezusa: &#8222;Mistrzu, dobrze, \u017ce tu jeste\u015bmy. Postawimy trzy namioty: jeden dla Ciebie, jeden dla Moj\u017cesza i jeden dla Eliasza&#8221;. Nie wiedzia\u0142 bowiem, co m\u00f3wi. Gdy jeszcze to m\u00f3wi\u0142, pojawi\u0142 si\u0119 ob\u0142ok i os\u0142oni\u0142 ich; zl\u0119kli si\u0119, gdy weszli w ob\u0142ok. A z ob\u0142oku odezwa\u0142 si\u0119 g\u0142os: &#8222;To jest Syn m\u00f3j, Wybrany, Jego s\u0142uchajcie!&#8221; W chwili gdy odezwa\u0142 si\u0119 ten g\u0142os, okaza\u0142o si\u0119, \u017ce Jezus jest sam. A oni zachowali milczenie i w owym czasie nikomu nic nie opowiedzieli o tym, co zobaczyli.<\/p>\n<h4 style=\"text-align: justify;\"><strong data-rich-text-format-boundary=\"true\">Refleksja nad S\u0142owem Bo\u017cym<\/strong><\/h4>\n<p style=\"text-align: justify;\">Dzisiejsza Ewangelia zwraca nasz\u0105 uwag\u0119 na modlitw\u0119. Jezus wraz ze swoimi uczniami wychodzi na g\u00f3r\u0119, aby si\u0119 modli\u0107. W Biblii g\u00f3ra to miejsce spotkania ziemi z Niebem, cz\u0142owieka z Bogiem. Ka\u017cda nasza modlitwa to wyj\u015bcie na g\u00f3r\u0119, by spotka\u0107 Pana.<\/p>\n<p style=\"text-align: justify;\">Ta g\u00f3rska wyprawa wi\u0105\u017ce si\u0119 z pewnym trudem. Napotykamy r\u00f3\u017cne przeciwno\u015bci, trzeba te\u017c pokona\u0107 l\u0119k. Jednak nale\u017cy podejmowa\u0107 odwa\u017cne decyzje, a maj\u0105c przed oczami cel, nie poddawa\u0107 si\u0119. Tak samo jest na modlitwie. Trzeba pokona\u0107 wiele rozprosze\u0144 i trudno\u015bci. Musimy znale\u017a\u0107 czas. Naszym celem jest B\u00f3g, dlatego pomimo upadk\u00f3w, niepowodze\u0144 nie rezygnujmy z dalszej wspinaczki.<\/p>\n<p style=\"text-align: justify;\">Warto zada\u0107 sobie dzi\u015b pytanie: co wnosi do mojego \u017cycia modlitwa? Czy ona mnie przemienia? Czy jestem wytrwa\u0142y? Przypomnijmy sobie r\u00f3wnie\u017c owoce naszej modlitwy. Za co w spos\u00f3b szczeg\u00f3lny chcemy podzi\u0119kowa\u0107 Panu? Wpatrzeni w przemienione oblicze Chrystusa pro\u015bmy Go, by przemienia\u0142 nasze serca.<\/p>\n<hr>\n<h3 style=\"text-align: justify;\"><strong>Zapowiedzi p<\/strong><strong>rzedma\u0142\u017ce\u0144skie<\/strong><\/h3>\n<hr>\n<h3><strong>Odeszli do wieczno\u015bci<\/strong><\/h3>\n<hr>\n<h3><strong>Spotkania grup duszpasterskich<\/strong><\/h3>\n<hr>\n<p>&nbsp;<\/p>\n<h3><strong>Intencje modlitewne na marzec<\/strong><\/h3>\n<h4><strong>Og\u00f3lna:<\/strong><\/h4>\n<p style=\"text-align: justify;\">Aby\u015bmy my, chrze\u015bcijanie, w obliczu nowych wyzwa\u0144 bioetycznych wspierali zawsze ochron\u0119 \u017cycia modlitw\u0105 i dzia\u0142aniami spo\u0142ecznymi.<\/p>\n<h4><strong>Diecezjalna r\u00f3\u017ca\u0144cowa:<\/strong><\/h4>\n<p style=\"text-align: justify;\">O nawr\u00f3cenie i duchow\u0105 przemian\u0119 w okresie Wielkiego Postu.<\/p>\n","protected":false},"excerpt":{"rendered":"<p>1.Wyj\u0105tkowy charakter Wielkiego Postu wyra\u017camy poprzez nasz udzia\u0142 w nabo\u017ce\u0144stwach pasyjnych. Nabo\u017ce\u0144stwo Drogi krzy\u017cowej w naszej \u015bwi\u0105tyni w pi\u0105tki o godz. 16.30. Gorzkie \u017cale w niedziele o godzinie 15.00. 2.Dzisiejsza [&hellip;]<\/p>\n","protected":false},"author":1,"featured_media":0,"comment_status":"closed","ping_status":"open","sticky":false,"template":"","format":"standard","meta":{"ngg_post_thumbnail":0,"footnotes":""},"categories":[4],"tags":[],"yoast_head":"<!-- This site is optimized with the Yoast SEO plugin v23.2 - https:\/\/yoast.com\/wordpress\/plugins\/seo\/ -->\n<title>II Niedziela Wielkiego Postu - Parafia w Klimk\u00f3wce<\/title>\n<meta name=\"robots\" content=\"index, follow, max-snippet:-1, max-image-preview:large, max-video-preview:-1\" \/>\n<link rel=\"canonical\" href=\"https:\/\/parafiaklimkowka.pl\/index.php\/2022\/03\/12\/ii-niedziela-wielkiego-postu-2\/\" \/>\n<meta property=\"og:locale\" content=\"pl_PL\" \/>\n<meta property=\"og:type\" content=\"article\" \/>\n<meta property=\"og:title\" content=\"II Niedziela Wielkiego Postu - Parafia w Klimk\u00f3wce\" \/>\n<meta property=\"og:description\" content=\"1.Wyj\u0105tkowy charakter Wielkiego Postu wyra\u017camy poprzez nasz udzia\u0142 w nabo\u017ce\u0144stwach pasyjnych. Nabo\u017ce\u0144stwo Drogi krzy\u017cowej w naszej \u015bwi\u0105tyni w pi\u0105tki o godz. 16.30. Gorzkie \u017cale w niedziele o godzinie 15.00. 2.Dzisiejsza [&hellip;]\" \/>\n<meta property=\"og:url\" content=\"https:\/\/parafiaklimkowka.pl\/index.php\/2022\/03\/12\/ii-niedziela-wielkiego-postu-2\/\" \/>\n<meta property=\"og:site_name\" content=\"Parafia w Klimk\u00f3wce\" \/>\n<meta property=\"article:published_time\" content=\"2022-03-12T18:52:06+00:00\" \/>\n<meta property=\"article:modified_time\" content=\"2022-03-12T19:14:13+00:00\" \/>\n<meta name=\"author\" content=\"kadmins70\" \/>\n<meta name=\"twitter:card\" content=\"summary_large_image\" \/>\n<meta name=\"twitter:label1\" content=\"Napisane przez\" \/>\n\t<meta name=\"twitter:data1\" content=\"kadmins70\" \/>\n\t<meta name=\"twitter:label2\" content=\"Szacowany czas czytania\" \/>\n\t<meta name=\"twitter:data2\" content=\"5 minut\" \/>\n<script type=\"application\/ld+json\" class=\"yoast-schema-graph\">{\"@context\":\"https:\/\/schema.org\",\"@graph\":[{\"@type\":\"Article\",\"@id\":\"https:\/\/parafiaklimkowka.pl\/index.php\/2022\/03\/12\/ii-niedziela-wielkiego-postu-2\/#article\",\"isPartOf\":{\"@id\":\"https:\/\/parafiaklimkowka.pl\/index.php\/2022\/03\/12\/ii-niedziela-wielkiego-postu-2\/\"},\"author\":{\"name\":\"kadmins70\",\"@id\":\"https:\/\/parafiaklimkowka.pl\/#\/schema\/person\/8411339f73ed143172a1fc20b8c20562\"},\"headline\":\"II Niedziela Wielkiego Postu\",\"datePublished\":\"2022-03-12T18:52:06+00:00\",\"dateModified\":\"2022-03-12T19:14:13+00:00\",\"mainEntityOfPage\":{\"@id\":\"https:\/\/parafiaklimkowka.pl\/index.php\/2022\/03\/12\/ii-niedziela-wielkiego-postu-2\/\"},\"wordCount\":811,\"publisher\":{\"@id\":\"https:\/\/parafiaklimkowka.pl\/#organization\"},\"articleSection\":[\"Og\u0142oszenia duszpasterskie\"],\"inLanguage\":\"pl-PL\"},{\"@type\":\"WebPage\",\"@id\":\"https:\/\/parafiaklimkowka.pl\/index.php\/2022\/03\/12\/ii-niedziela-wielkiego-postu-2\/\",\"url\":\"https:\/\/parafiaklimkowka.pl\/index.php\/2022\/03\/12\/ii-niedziela-wielkiego-postu-2\/\",\"name\":\"II Niedziela Wielkiego Postu - Parafia w Klimk\u00f3wce\",\"isPartOf\":{\"@id\":\"https:\/\/parafiaklimkowka.pl\/#website\"},\"datePublished\":\"2022-03-12T18:52:06+00:00\",\"dateModified\":\"2022-03-12T19:14:13+00:00\",\"breadcrumb\":{\"@id\":\"https:\/\/parafiaklimkowka.pl\/index.php\/2022\/03\/12\/ii-niedziela-wielkiego-postu-2\/#breadcrumb\"},\"inLanguage\":\"pl-PL\",\"potentialAction\":[{\"@type\":\"ReadAction\",\"target\":[\"https:\/\/parafiaklimkowka.pl\/index.php\/2022\/03\/12\/ii-niedziela-wielkiego-postu-2\/\"]}]},{\"@type\":\"BreadcrumbList\",\"@id\":\"https:\/\/parafiaklimkowka.pl\/index.php\/2022\/03\/12\/ii-niedziela-wielkiego-postu-2\/#breadcrumb\",\"itemListElement\":[{\"@type\":\"ListItem\",\"position\":1,\"name\":\"Strona g\u0142\u00f3wna\",\"item\":\"https:\/\/parafiaklimkowka.pl\/\"},{\"@type\":\"ListItem\",\"position\":2,\"name\":\"II Niedziela Wielkiego Postu\"}]},{\"@type\":\"WebSite\",\"@id\":\"https:\/\/parafiaklimkowka.pl\/#website\",\"url\":\"https:\/\/parafiaklimkowka.pl\/\",\"name\":\"Parafia w Klimk\u00f3wce\",\"description\":\"pw. \u015aw. Micha\u0142a Archanio\u0142a\",\"publisher\":{\"@id\":\"https:\/\/parafiaklimkowka.pl\/#organization\"},\"potentialAction\":[{\"@type\":\"SearchAction\",\"target\":{\"@type\":\"EntryPoint\",\"urlTemplate\":\"https:\/\/parafiaklimkowka.pl\/?s={search_term_string}\"},\"query-input\":\"required name=search_term_string\"}],\"inLanguage\":\"pl-PL\"},{\"@type\":\"Organization\",\"@id\":\"https:\/\/parafiaklimkowka.pl\/#organization\",\"name\":\"Parafia p.w. \u015bw. Micha\u0142a Archanio\u0142a w Klimk\u00f3wce\",\"url\":\"https:\/\/parafiaklimkowka.pl\/\",\"logo\":{\"@type\":\"ImageObject\",\"inLanguage\":\"pl-PL\",\"@id\":\"https:\/\/parafiaklimkowka.pl\/#\/schema\/logo\/image\/\",\"url\":\"http:\/\/parafiaklimkowka.pl\/wp-content\/uploads\/2019\/10\/anio\u01428_jpeg.jpg\",\"contentUrl\":\"http:\/\/parafiaklimkowka.pl\/wp-content\/uploads\/2019\/10\/anio\u01428_jpeg.jpg\",\"width\":658,\"height\":483,\"caption\":\"Parafia p.w. \u015bw. Micha\u0142a Archanio\u0142a w Klimk\u00f3wce\"},\"image\":{\"@id\":\"https:\/\/parafiaklimkowka.pl\/#\/schema\/logo\/image\/\"}},{\"@type\":\"Person\",\"@id\":\"https:\/\/parafiaklimkowka.pl\/#\/schema\/person\/8411339f73ed143172a1fc20b8c20562\",\"name\":\"kadmins70\",\"image\":{\"@type\":\"ImageObject\",\"inLanguage\":\"pl-PL\",\"@id\":\"https:\/\/parafiaklimkowka.pl\/#\/schema\/person\/image\/\",\"url\":\"https:\/\/secure.gravatar.com\/avatar\/2f1a9b134b0f743459e06c66845f8cf1?s=96&d=mm&r=g\",\"contentUrl\":\"https:\/\/secure.gravatar.com\/avatar\/2f1a9b134b0f743459e06c66845f8cf1?s=96&d=mm&r=g\",\"caption\":\"kadmins70\"}}]}<\/script>\n<!-- \/ Yoast SEO plugin. -->","yoast_head_json":{"title":"II Niedziela Wielkiego Postu - Parafia w Klimk\u00f3wce","robots":{"index":"index","follow":"follow","max-snippet":"max-snippet:-1","max-image-preview":"max-image-preview:large","max-video-preview":"max-video-preview:-1"},"canonical":"https:\/\/parafiaklimkowka.pl\/index.php\/2022\/03\/12\/ii-niedziela-wielkiego-postu-2\/","og_locale":"pl_PL","og_type":"article","og_title":"II Niedziela Wielkiego Postu - Parafia w Klimk\u00f3wce","og_description":"1.Wyj\u0105tkowy charakter Wielkiego Postu wyra\u017camy poprzez nasz udzia\u0142 w nabo\u017ce\u0144stwach pasyjnych. Nabo\u017ce\u0144stwo Drogi krzy\u017cowej w naszej \u015bwi\u0105tyni w pi\u0105tki o godz. 16.30. Gorzkie \u017cale w niedziele o godzinie 15.00. 2.Dzisiejsza [&hellip;]","og_url":"https:\/\/parafiaklimkowka.pl\/index.php\/2022\/03\/12\/ii-niedziela-wielkiego-postu-2\/","og_site_name":"Parafia w Klimk\u00f3wce","article_published_time":"2022-03-12T18:52:06+00:00","article_modified_time":"2022-03-12T19:14:13+00:00","author":"kadmins70","twitter_card":"summary_large_image","twitter_misc":{"Napisane przez":"kadmins70","Szacowany czas czytania":"5 minut"},"schema":{"@context":"https:\/\/schema.org","@graph":[{"@type":"Article","@id":"https:\/\/parafiaklimkowka.pl\/index.php\/2022\/03\/12\/ii-niedziela-wielkiego-postu-2\/#article","isPartOf":{"@id":"https:\/\/parafiaklimkowka.pl\/index.php\/2022\/03\/12\/ii-niedziela-wielkiego-postu-2\/"},"author":{"name":"kadmins70","@id":"https:\/\/parafiaklimkowka.pl\/#\/schema\/person\/8411339f73ed143172a1fc20b8c20562"},"headline":"II Niedziela Wielkiego Postu","datePublished":"2022-03-12T18:52:06+00:00","dateModified":"2022-03-12T19:14:13+00:00","mainEntityOfPage":{"@id":"https:\/\/parafiaklimkowka.pl\/index.php\/2022\/03\/12\/ii-niedziela-wielkiego-postu-2\/"},"wordCount":811,"publisher":{"@id":"https:\/\/parafiaklimkowka.pl\/#organization"},"articleSection":["Og\u0142oszenia duszpasterskie"],"inLanguage":"pl-PL"},{"@type":"WebPage","@id":"https:\/\/parafiaklimkowka.pl\/index.php\/2022\/03\/12\/ii-niedziela-wielkiego-postu-2\/","url":"https:\/\/parafiaklimkowka.pl\/index.php\/2022\/03\/12\/ii-niedziela-wielkiego-postu-2\/","name":"II Niedziela Wielkiego Postu - Parafia w Klimk\u00f3wce","isPartOf":{"@id":"https:\/\/parafiaklimkowka.pl\/#website"},"datePublished":"2022-03-12T18:52:06+00:00","dateModified":"2022-03-12T19:14:13+00:00","breadcrumb":{"@id":"https:\/\/parafiaklimkowka.pl\/index.php\/2022\/03\/12\/ii-niedziela-wielkiego-postu-2\/#breadcrumb"},"inLanguage":"pl-PL","potentialAction":[{"@type":"ReadAction","target":["https:\/\/parafiaklimkowka.pl\/index.php\/2022\/03\/12\/ii-niedziela-wielkiego-postu-2\/"]}]},{"@type":"BreadcrumbList","@id":"https:\/\/parafiaklimkowka.pl\/index.php\/2022\/03\/12\/ii-niedziela-wielkiego-postu-2\/#breadcrumb","itemListElement":[{"@type":"ListItem","position":1,"name":"Strona g\u0142\u00f3wna","item":"https:\/\/parafiaklimkowka.pl\/"},{"@type":"ListItem","position":2,"name":"II Niedziela Wielkiego Postu"}]},{"@type":"WebSite","@id":"https:\/\/parafiaklimkowka.pl\/#website","url":"https:\/\/parafiaklimkowka.pl\/","name":"Parafia w Klimk\u00f3wce","description":"pw. \u015aw. Micha\u0142a Archanio\u0142a","publisher":{"@id":"https:\/\/parafiaklimkowka.pl\/#organization"},"potentialAction":[{"@type":"SearchAction","target":{"@type":"EntryPoint","urlTemplate":"https:\/\/parafiaklimkowka.pl\/?s={search_term_string}"},"query-input":"required name=search_term_string"}],"inLanguage":"pl-PL"},{"@type":"Organization","@id":"https:\/\/parafiaklimkowka.pl\/#organization","name":"Parafia p.w. \u015bw. Micha\u0142a Archanio\u0142a w Klimk\u00f3wce","url":"https:\/\/parafiaklimkowka.pl\/","logo":{"@type":"ImageObject","inLanguage":"pl-PL","@id":"https:\/\/parafiaklimkowka.pl\/#\/schema\/logo\/image\/","url":"http:\/\/parafiaklimkowka.pl\/wp-content\/uploads\/2019\/10\/anio\u01428_jpeg.jpg","contentUrl":"http:\/\/parafiaklimkowka.pl\/wp-content\/uploads\/2019\/10\/anio\u01428_jpeg.jpg","width":658,"height":483,"caption":"Parafia p.w. \u015bw. Micha\u0142a Archanio\u0142a w Klimk\u00f3wce"},"image":{"@id":"https:\/\/parafiaklimkowka.pl\/#\/schema\/logo\/image\/"}},{"@type":"Person","@id":"https:\/\/parafiaklimkowka.pl\/#\/schema\/person\/8411339f73ed143172a1fc20b8c20562","name":"kadmins70","image":{"@type":"ImageObject","inLanguage":"pl-PL","@id":"https:\/\/parafiaklimkowka.pl\/#\/schema\/person\/image\/","url":"https:\/\/secure.gravatar.com\/avatar\/2f1a9b134b0f743459e06c66845f8cf1?s=96&d=mm&r=g","contentUrl":"https:\/\/secure.gravatar.com\/avatar\/2f1a9b134b0f743459e06c66845f8cf1?s=96&d=mm&r=g","caption":"kadmins70"}}]}},"_links":{"self":[{"href":"https:\/\/parafiaklimkowka.pl\/index.php\/wp-json\/wp\/v2\/posts\/6521"}],"collection":[{"href":"https:\/\/parafiaklimkowka.pl\/index.php\/wp-json\/wp\/v2\/posts"}],"about":[{"href":"https:\/\/parafiaklimkowka.pl\/index.php\/wp-json\/wp\/v2\/types\/post"}],"author":[{"embeddable":true,"href":"https:\/\/parafiaklimkowka.pl\/index.php\/wp-json\/wp\/v2\/users\/1"}],"replies":[{"embeddable":true,"href":"https:\/\/parafiaklimkowka.pl\/index.php\/wp-json\/wp\/v2\/comments?post=6521"}],"version-history":[{"count":3,"href":"https:\/\/parafiaklimkowka.pl\/index.php\/wp-json\/wp\/v2\/posts\/6521\/revisions"}],"predecessor-version":[{"id":6530,"href":"https:\/\/parafiaklimkowka.pl\/index.php\/wp-json\/wp\/v2\/posts\/6521\/revisions\/6530"}],"wp:attachment":[{"href":"https:\/\/parafiaklimkowka.pl\/index.php\/wp-json\/wp\/v2\/media?parent=6521"}],"wp:term":[{"taxonomy":"category","embeddable":true,"href":"https:\/\/parafiaklimkowka.pl\/index.php\/wp-json\/wp\/v2\/categories?post=6521"},{"taxonomy":"post_tag","embeddable":true,"href":"https:\/\/parafiaklimkowka.pl\/index.php\/wp-json\/wp\/v2\/tags?post=6521"}],"curies":[{"name":"wp","href":"https:\/\/api.w.org\/{rel}","templated":true}]}}