{"id":6531,"date":"2022-03-18T19:35:21","date_gmt":"2022-03-18T18:35:21","guid":{"rendered":"https:\/\/parafiaklimkowka.pl\/?p=6531"},"modified":"2022-03-18T19:35:23","modified_gmt":"2022-03-18T18:35:23","slug":"iii-niedziela-wielkiego-postu-2","status":"publish","type":"post","link":"https:\/\/parafiaklimkowka.pl\/index.php\/2022\/03\/18\/iii-niedziela-wielkiego-postu-2\/","title":{"rendered":"III Niedziela Wielkiego Postu"},"content":{"rendered":"<p style=\"text-align: justify;\">1.Wyj\u0105tkowy charakter Wielkiego Postu wyra\u017camy poprzez nasz udzia\u0142 w nabo\u017ce\u0144stwach pasyjnych. Na nabo\u017ce\u0144stwa pasyjne \u2013 Gorzkie \u017bale, w kt\u00f3rych rozwa\u017camy m\u0119k\u0119 Pa\u0144sk\u0105, przygotowuj\u0105 nas do g\u0142\u0119bszego prze\u017cywania tajemnicy odkupienia cz\u0142owieka<strong>, zapraszam w niedziel\u0119, na godzin\u0119 15.00. Nabo\u017ce\u0144stwo Drogi Krzy\u017cowej w pi\u0105tek o godz. 16.30.<\/strong><\/p>\n<p style=\"text-align: justify;\"><strong>2.W tym tygodniu w pi\u0105tek 25 marca, w Uroczysto\u015b\u0107 Zwiastowania Pa\u0144skiego rozpoczynamy Rekolekcje wielkopostne. Rozpoczniemy je Drog\u0105 Krzy\u017cow\u0105 o godzinie 16.30. Koronka do Bo\u017cego Mi\u0142osierdzia o 16.15. Po Drodze Krzy\u017cowej Msza \u015awi\u0119ta z nauk\u0105 dla wszystkich.<\/strong><\/p>\n<p style=\"text-align: justify;\">W sobot\u0119 drugi dzie\u0144 rekolekcji. <strong>Msze \u015awi\u0119te z nauk\u0105 dla wszystkich o godzinie 8.00 i 17.00. Po Mszy \u015awi\u0119tej o godzinie 17.00 nauka stanowa dla rodzic\u00f3w \u2013 ojc\u00f3w i matek<\/strong>.<\/p>\n<p style=\"text-align: justify;\"><strong>W przysz\u0142\u0105 niedziel\u0119, trzeci dzie\u0144 rekolekcji. Porz\u0105dek Mszy \u015awi\u0119tych jak w ka\u017cd\u0105 niedziel\u0119. Nabo\u017ce\u0144stwo Gorzkich \u017bali z nauk\u0105 pasyjn\u0105 o godzinie 14.00.<\/strong> Po nabo\u017ce\u0144stwie Msza \u015awi\u0119ta ju\u017c bez kazania.<\/p>\n<p style=\"text-align: justify;\"><strong>W przysz\u0142y poniedzia\u0142ek 28 marca, zako\u0144czenie rekolekcji. Msze \u015awi\u0119te o godzinie 8.00 i 18.00.<\/strong><\/p>\n<p style=\"text-align: justify;\">W poniedzia\u0142ek 28 marca i we wtorek 29 marca, swoje rekolekcje prze\u017cywa\u0107 b\u0119d\u0105 tak\u017ce uczniowie Szko\u0142y Podstawowej.<\/p>\n<p style=\"text-align: justify;\"><strong>Program Rekolekcji wywieszony jest w gablotce i jest na naszej stronie internetowej.<\/strong><\/p>\n<p style=\"text-align: justify;\">3.<strong>W tym tygodniu z soboty na niedziel\u0119 (26\/27 marzec) przesuwamy wskaz\u00f3wki zegar\u00f3w o godzin\u0119 do przodu. Z tego wzgl\u0119du tak\u017ce Msze \u015awi\u0119te w dni powszednie o godzinie 18.00. Ostatni dzie\u0144 Rekolekcji, Msza \u015awi\u0119ta o godzinie 18.00 z nauk\u0105 dla wszystkich.<\/strong><\/p>\n<p style=\"text-align: justify;\"><strong>4.Msze \u015awi\u0119te w tym tygodniu, od poniedzia\u0142ku do czwartku o godzinie 17.00. W pi\u0105tek, pocz\u0105tek rekolekcji, a w sobot\u0119 Msza o godzinie 8.00 i 17.00.<\/strong><\/p>\n<p style=\"text-align: justify;\"><strong>5.Przysz\u0142a niedziela jest ostatni\u0105 niedziel\u0105 miesi\u0105ca, sk\u0142adaka mszalna zbierana przez Rad\u0119 parafialn\u0105, z przeznaczeniem na potrzeby naszej Parafii i Ko\u015bcio\u0142a.<\/strong><\/p>\n<p style=\"text-align: justify;\">6.Dzi\u0119kujemy za sprz\u0105tanie Ko\u015bcio\u0142a tym osobom, kt\u00f3re to uczyni\u0142y w minionym tygodniu, a <strong>na sobot\u0119 na godzin\u0119&nbsp; 9.00 zapraszamy mieszka\u0144c\u00f3w z ulicy Kasztanowej, numery 54, 66, 70, 74.<\/strong><\/p>\n<hr>\n<h4 style=\"text-align: justify;\"><em><strong data-rich-text-format-boundary=\"true\">Ewangelia wed\u0142ug \u015awi\u0119tego \u0141ukasza<\/strong><\/em><\/h4>\n<p style=\"text-align: justify;\">W tym czasie przyszli jacy\u015b ludzie i donie\u015bli Jezusowi o Galilejczykach, kt\u00f3rych krew Pi\u0142at zmiesza\u0142 z krwi\u0105 ich ofiar.<\/p>\n<p style=\"text-align: justify;\">Jezus im odpowiedzia\u0142: \u00abCzy\u017c my\u015blicie, \u017ce ci Galilejczycy byli wi\u0119kszymi grzesznikami ni\u017c inni mieszka\u0144cy Galilei, i\u017c to ucierpieli? Bynajmniej, powiadam wam; lecz je\u015bli si\u0119 nie nawr\u00f3cicie, wszyscy podobnie zginiecie. Albo my\u015blicie, \u017ce owych osiemnastu, na kt\u00f3rych zwali\u0142a si\u0119 wie\u017ca w Siloam i zabi\u0142a ich, by\u0142o wi\u0119kszymi winowajcami ni\u017c inni mieszka\u0144cy Jeruzalem? Bynajmniej, powiadam wam; lecz je\u015bli si\u0119 nie nawr\u00f3cicie, wszyscy tak samo zginiecie\u00bb.<\/p>\n<p style=\"text-align: justify;\">I opowiedzia\u0142 im nast\u0119puj\u0105c\u0105 przypowie\u015b\u0107: \u00abPewien cz\u0142owiek mia\u0142 zasadzony w swojej winnicy figowiec; przyszed\u0142 i szuka\u0142 na nim owoc\u00f3w, ale nie znalaz\u0142. Rzek\u0142 wi\u0119c do ogrodnika: \u201eOto ju\u017c trzy lata, odk\u0105d przychodz\u0119 i szukam owocu na tym figowcu, a nie znajduj\u0119. Wytnij go, po co jeszcze ziemi\u0119 wyja\u0142awia?\u201d Lecz on mu odpowiedzia\u0142: \u201ePanie, jeszcze na ten rok go pozostaw, a\u017c okopi\u0119 go i ob\u0142o\u017c\u0119 nawozem; i mo\u017ce wyda owoc. A je\u015bli nie, w przysz\u0142o\u015bci mo\u017cesz go wyci\u0105\u0107\u201d.<\/p>\n<h4 style=\"text-align: justify;\"><strong data-rich-text-format-boundary=\"true\">Refleksja nad S\u0142owem Bo\u017cym<\/strong><\/h4>\n<p style=\"text-align: justify;\">Cz\u0142owieka, kt\u00f3ry potrzebuje nawr\u00f3cenia, mo\u017cna por\u00f3wna\u0107 do drzewa owocowego, kt\u00f3re ro\u015bnie, ale nie wydaje owoc\u00f3w.<\/p>\n<p style=\"text-align: justify;\">Najcz\u0119\u015bciej, gdy m\u00f3wimy o potrzebie nawr\u00f3cenia, mamy na uwadze drzewo wydaj\u0105ce owoce z\u0142a, cz\u0142owieka pope\u0142niaj\u0105cego grzechy. W Ewangelii nawr\u00f3cenie jest dokumentowane dobrymi owocami. M\u00f3wi o tym obraz s\u0105du ostatecznego. Na nim ludzie mi\u0142osierni, czyli czyni\u0105cy dobro, zostaj\u0105 zbawieni, natomiast niemi\u0142osierni, czyli nieczyni\u0105cy dobra, zostaj\u0105 z pustymi r\u0119kami pot\u0119pieni. Tak jest z tym drzewem figowym, kt\u00f3re \u2013 skoro nie wydaje owoc\u00f3w \u2013 jest skazane na wyci\u0119cie.<\/p>\n<p style=\"text-align: justify;\">Ogrodnik postanawia da\u0107 mu szans\u0119 i prosi w\u0142a\u015bciciela winnicy, w kt\u00f3rej drzewo ro\u015bnie, aby jeszcze na jeden sezon je zostawi\u0142, bo by\u0107 mo\u017ce wyda owoce&#8230; Czas czekania na nawr\u00f3cenie, na mobilizacj\u0119 si\u0142, na odkrycie pi\u0119kna \u017cycia w czynieniu dobra.<\/p>\n<p style=\"text-align: justify;\">Jest dzi\u015b wielu ludzi, kt\u00f3rzy maj\u0105 r\u0119ce puste, bo nie troszcz\u0105 si\u0119 o dobre owoce, z kt\u00f3rych korzystaj\u0105 inni. Kto zbiera tylko dla siebie, musi te dobra zostawi\u0107, one go nie ubogacaj\u0105 duchowo, liczy si\u0119 dobro w sercach innych ludzi. Ubogacenie potrzebuj\u0105cych jest znakiem nawr\u00f3conego serca.<\/p>\n<p style=\"text-align: justify;\">Dzi\u0119kujemy dzi\u015b za wszystkich ludzi, kt\u00f3rzy czyni\u0105 dobro w gronie rodzinnym, parafialnym, w \u015brodowiskach pracy. Oni widz\u0105 potrzebuj\u0105cych i czyni\u0105 dobro. Drzewo wydaje owoce nie dla siebie, ale dla innych&#8230; Taki jest sens ewangelicznie rozumianej mi\u0142o\u015bci.<\/p>\n<hr>\n<h3 style=\"text-align: justify;\"><strong>Zapowiedzi p<\/strong><strong>rzedma\u0142\u017ce\u0144skie<\/strong><\/h3>\n<hr>\n<h3><strong>Odeszli do wieczno\u015bci<\/strong><\/h3>\n<hr>\n<h3><strong>Spotkania grup duszpasterskich<\/strong><\/h3>\n<hr>\n<h3><strong>Intencje modlitewne na marzec<\/strong><\/h3>\n<h4><strong>Og\u00f3lna:<\/strong><\/h4>\n<p style=\"text-align: justify;\">Aby\u015bmy my, chrze\u015bcijanie, w obliczu nowych wyzwa\u0144 bioetycznych wspierali zawsze ochron\u0119 \u017cycia modlitw\u0105 i dzia\u0142aniami spo\u0142ecznymi.<\/p>\n<h4><strong>Diecezjalna r\u00f3\u017ca\u0144cowa:<\/strong><\/h4>\n<p style=\"text-align: justify;\">O nawr\u00f3cenie i duchow\u0105 przemian\u0119 w okresie Wielkiego Postu.<\/p>\n","protected":false},"excerpt":{"rendered":"<p>1.Wyj\u0105tkowy charakter Wielkiego Postu wyra\u017camy poprzez nasz udzia\u0142 w nabo\u017ce\u0144stwach pasyjnych. Na nabo\u017ce\u0144stwa pasyjne \u2013 Gorzkie \u017bale, w kt\u00f3rych rozwa\u017camy m\u0119k\u0119 Pa\u0144sk\u0105, przygotowuj\u0105 nas do g\u0142\u0119bszego prze\u017cywania tajemnicy odkupienia cz\u0142owieka, [&hellip;]<\/p>\n","protected":false},"author":1,"featured_media":0,"comment_status":"closed","ping_status":"open","sticky":false,"template":"","format":"standard","meta":{"ngg_post_thumbnail":0,"footnotes":""},"categories":[4],"tags":[],"yoast_head":"<!-- This site is optimized with the Yoast SEO plugin v23.2 - https:\/\/yoast.com\/wordpress\/plugins\/seo\/ -->\n<title>III Niedziela Wielkiego Postu - Parafia w Klimk\u00f3wce<\/title>\n<meta name=\"robots\" content=\"index, follow, max-snippet:-1, max-image-preview:large, max-video-preview:-1\" \/>\n<link rel=\"canonical\" href=\"https:\/\/parafiaklimkowka.pl\/index.php\/2022\/03\/18\/iii-niedziela-wielkiego-postu-2\/\" \/>\n<meta property=\"og:locale\" content=\"pl_PL\" \/>\n<meta property=\"og:type\" content=\"article\" \/>\n<meta property=\"og:title\" content=\"III Niedziela Wielkiego Postu - Parafia w Klimk\u00f3wce\" \/>\n<meta property=\"og:description\" content=\"1.Wyj\u0105tkowy charakter Wielkiego Postu wyra\u017camy poprzez nasz udzia\u0142 w nabo\u017ce\u0144stwach pasyjnych. Na nabo\u017ce\u0144stwa pasyjne \u2013 Gorzkie \u017bale, w kt\u00f3rych rozwa\u017camy m\u0119k\u0119 Pa\u0144sk\u0105, przygotowuj\u0105 nas do g\u0142\u0119bszego prze\u017cywania tajemnicy odkupienia cz\u0142owieka, [&hellip;]\" \/>\n<meta property=\"og:url\" content=\"https:\/\/parafiaklimkowka.pl\/index.php\/2022\/03\/18\/iii-niedziela-wielkiego-postu-2\/\" \/>\n<meta property=\"og:site_name\" content=\"Parafia w Klimk\u00f3wce\" \/>\n<meta property=\"article:published_time\" content=\"2022-03-18T18:35:21+00:00\" \/>\n<meta property=\"article:modified_time\" content=\"2022-03-18T18:35:23+00:00\" \/>\n<meta name=\"author\" content=\"kadmins70\" \/>\n<meta name=\"twitter:card\" content=\"summary_large_image\" \/>\n<meta name=\"twitter:label1\" content=\"Napisane przez\" \/>\n\t<meta name=\"twitter:data1\" content=\"kadmins70\" \/>\n\t<meta name=\"twitter:label2\" content=\"Szacowany czas czytania\" \/>\n\t<meta name=\"twitter:data2\" content=\"5 minut\" \/>\n<script type=\"application\/ld+json\" class=\"yoast-schema-graph\">{\"@context\":\"https:\/\/schema.org\",\"@graph\":[{\"@type\":\"Article\",\"@id\":\"https:\/\/parafiaklimkowka.pl\/index.php\/2022\/03\/18\/iii-niedziela-wielkiego-postu-2\/#article\",\"isPartOf\":{\"@id\":\"https:\/\/parafiaklimkowka.pl\/index.php\/2022\/03\/18\/iii-niedziela-wielkiego-postu-2\/\"},\"author\":{\"name\":\"kadmins70\",\"@id\":\"https:\/\/parafiaklimkowka.pl\/#\/schema\/person\/8411339f73ed143172a1fc20b8c20562\"},\"headline\":\"III Niedziela Wielkiego Postu\",\"datePublished\":\"2022-03-18T18:35:21+00:00\",\"dateModified\":\"2022-03-18T18:35:23+00:00\",\"mainEntityOfPage\":{\"@id\":\"https:\/\/parafiaklimkowka.pl\/index.php\/2022\/03\/18\/iii-niedziela-wielkiego-postu-2\/\"},\"wordCount\":839,\"publisher\":{\"@id\":\"https:\/\/parafiaklimkowka.pl\/#organization\"},\"articleSection\":[\"Og\u0142oszenia duszpasterskie\"],\"inLanguage\":\"pl-PL\"},{\"@type\":\"WebPage\",\"@id\":\"https:\/\/parafiaklimkowka.pl\/index.php\/2022\/03\/18\/iii-niedziela-wielkiego-postu-2\/\",\"url\":\"https:\/\/parafiaklimkowka.pl\/index.php\/2022\/03\/18\/iii-niedziela-wielkiego-postu-2\/\",\"name\":\"III Niedziela Wielkiego Postu - Parafia w Klimk\u00f3wce\",\"isPartOf\":{\"@id\":\"https:\/\/parafiaklimkowka.pl\/#website\"},\"datePublished\":\"2022-03-18T18:35:21+00:00\",\"dateModified\":\"2022-03-18T18:35:23+00:00\",\"breadcrumb\":{\"@id\":\"https:\/\/parafiaklimkowka.pl\/index.php\/2022\/03\/18\/iii-niedziela-wielkiego-postu-2\/#breadcrumb\"},\"inLanguage\":\"pl-PL\",\"potentialAction\":[{\"@type\":\"ReadAction\",\"target\":[\"https:\/\/parafiaklimkowka.pl\/index.php\/2022\/03\/18\/iii-niedziela-wielkiego-postu-2\/\"]}]},{\"@type\":\"BreadcrumbList\",\"@id\":\"https:\/\/parafiaklimkowka.pl\/index.php\/2022\/03\/18\/iii-niedziela-wielkiego-postu-2\/#breadcrumb\",\"itemListElement\":[{\"@type\":\"ListItem\",\"position\":1,\"name\":\"Strona g\u0142\u00f3wna\",\"item\":\"https:\/\/parafiaklimkowka.pl\/\"},{\"@type\":\"ListItem\",\"position\":2,\"name\":\"III Niedziela Wielkiego Postu\"}]},{\"@type\":\"WebSite\",\"@id\":\"https:\/\/parafiaklimkowka.pl\/#website\",\"url\":\"https:\/\/parafiaklimkowka.pl\/\",\"name\":\"Parafia w Klimk\u00f3wce\",\"description\":\"pw. \u015aw. Micha\u0142a Archanio\u0142a\",\"publisher\":{\"@id\":\"https:\/\/parafiaklimkowka.pl\/#organization\"},\"potentialAction\":[{\"@type\":\"SearchAction\",\"target\":{\"@type\":\"EntryPoint\",\"urlTemplate\":\"https:\/\/parafiaklimkowka.pl\/?s={search_term_string}\"},\"query-input\":\"required name=search_term_string\"}],\"inLanguage\":\"pl-PL\"},{\"@type\":\"Organization\",\"@id\":\"https:\/\/parafiaklimkowka.pl\/#organization\",\"name\":\"Parafia p.w. \u015bw. Micha\u0142a Archanio\u0142a w Klimk\u00f3wce\",\"url\":\"https:\/\/parafiaklimkowka.pl\/\",\"logo\":{\"@type\":\"ImageObject\",\"inLanguage\":\"pl-PL\",\"@id\":\"https:\/\/parafiaklimkowka.pl\/#\/schema\/logo\/image\/\",\"url\":\"http:\/\/parafiaklimkowka.pl\/wp-content\/uploads\/2019\/10\/anio\u01428_jpeg.jpg\",\"contentUrl\":\"http:\/\/parafiaklimkowka.pl\/wp-content\/uploads\/2019\/10\/anio\u01428_jpeg.jpg\",\"width\":658,\"height\":483,\"caption\":\"Parafia p.w. \u015bw. Micha\u0142a Archanio\u0142a w Klimk\u00f3wce\"},\"image\":{\"@id\":\"https:\/\/parafiaklimkowka.pl\/#\/schema\/logo\/image\/\"}},{\"@type\":\"Person\",\"@id\":\"https:\/\/parafiaklimkowka.pl\/#\/schema\/person\/8411339f73ed143172a1fc20b8c20562\",\"name\":\"kadmins70\",\"image\":{\"@type\":\"ImageObject\",\"inLanguage\":\"pl-PL\",\"@id\":\"https:\/\/parafiaklimkowka.pl\/#\/schema\/person\/image\/\",\"url\":\"https:\/\/secure.gravatar.com\/avatar\/2f1a9b134b0f743459e06c66845f8cf1?s=96&d=mm&r=g\",\"contentUrl\":\"https:\/\/secure.gravatar.com\/avatar\/2f1a9b134b0f743459e06c66845f8cf1?s=96&d=mm&r=g\",\"caption\":\"kadmins70\"}}]}<\/script>\n<!-- \/ Yoast SEO plugin. -->","yoast_head_json":{"title":"III Niedziela Wielkiego Postu - Parafia w Klimk\u00f3wce","robots":{"index":"index","follow":"follow","max-snippet":"max-snippet:-1","max-image-preview":"max-image-preview:large","max-video-preview":"max-video-preview:-1"},"canonical":"https:\/\/parafiaklimkowka.pl\/index.php\/2022\/03\/18\/iii-niedziela-wielkiego-postu-2\/","og_locale":"pl_PL","og_type":"article","og_title":"III Niedziela Wielkiego Postu - Parafia w Klimk\u00f3wce","og_description":"1.Wyj\u0105tkowy charakter Wielkiego Postu wyra\u017camy poprzez nasz udzia\u0142 w nabo\u017ce\u0144stwach pasyjnych. Na nabo\u017ce\u0144stwa pasyjne \u2013 Gorzkie \u017bale, w kt\u00f3rych rozwa\u017camy m\u0119k\u0119 Pa\u0144sk\u0105, przygotowuj\u0105 nas do g\u0142\u0119bszego prze\u017cywania tajemnicy odkupienia cz\u0142owieka, [&hellip;]","og_url":"https:\/\/parafiaklimkowka.pl\/index.php\/2022\/03\/18\/iii-niedziela-wielkiego-postu-2\/","og_site_name":"Parafia w Klimk\u00f3wce","article_published_time":"2022-03-18T18:35:21+00:00","article_modified_time":"2022-03-18T18:35:23+00:00","author":"kadmins70","twitter_card":"summary_large_image","twitter_misc":{"Napisane przez":"kadmins70","Szacowany czas czytania":"5 minut"},"schema":{"@context":"https:\/\/schema.org","@graph":[{"@type":"Article","@id":"https:\/\/parafiaklimkowka.pl\/index.php\/2022\/03\/18\/iii-niedziela-wielkiego-postu-2\/#article","isPartOf":{"@id":"https:\/\/parafiaklimkowka.pl\/index.php\/2022\/03\/18\/iii-niedziela-wielkiego-postu-2\/"},"author":{"name":"kadmins70","@id":"https:\/\/parafiaklimkowka.pl\/#\/schema\/person\/8411339f73ed143172a1fc20b8c20562"},"headline":"III Niedziela Wielkiego Postu","datePublished":"2022-03-18T18:35:21+00:00","dateModified":"2022-03-18T18:35:23+00:00","mainEntityOfPage":{"@id":"https:\/\/parafiaklimkowka.pl\/index.php\/2022\/03\/18\/iii-niedziela-wielkiego-postu-2\/"},"wordCount":839,"publisher":{"@id":"https:\/\/parafiaklimkowka.pl\/#organization"},"articleSection":["Og\u0142oszenia duszpasterskie"],"inLanguage":"pl-PL"},{"@type":"WebPage","@id":"https:\/\/parafiaklimkowka.pl\/index.php\/2022\/03\/18\/iii-niedziela-wielkiego-postu-2\/","url":"https:\/\/parafiaklimkowka.pl\/index.php\/2022\/03\/18\/iii-niedziela-wielkiego-postu-2\/","name":"III Niedziela Wielkiego Postu - Parafia w Klimk\u00f3wce","isPartOf":{"@id":"https:\/\/parafiaklimkowka.pl\/#website"},"datePublished":"2022-03-18T18:35:21+00:00","dateModified":"2022-03-18T18:35:23+00:00","breadcrumb":{"@id":"https:\/\/parafiaklimkowka.pl\/index.php\/2022\/03\/18\/iii-niedziela-wielkiego-postu-2\/#breadcrumb"},"inLanguage":"pl-PL","potentialAction":[{"@type":"ReadAction","target":["https:\/\/parafiaklimkowka.pl\/index.php\/2022\/03\/18\/iii-niedziela-wielkiego-postu-2\/"]}]},{"@type":"BreadcrumbList","@id":"https:\/\/parafiaklimkowka.pl\/index.php\/2022\/03\/18\/iii-niedziela-wielkiego-postu-2\/#breadcrumb","itemListElement":[{"@type":"ListItem","position":1,"name":"Strona g\u0142\u00f3wna","item":"https:\/\/parafiaklimkowka.pl\/"},{"@type":"ListItem","position":2,"name":"III Niedziela Wielkiego Postu"}]},{"@type":"WebSite","@id":"https:\/\/parafiaklimkowka.pl\/#website","url":"https:\/\/parafiaklimkowka.pl\/","name":"Parafia w Klimk\u00f3wce","description":"pw. \u015aw. Micha\u0142a Archanio\u0142a","publisher":{"@id":"https:\/\/parafiaklimkowka.pl\/#organization"},"potentialAction":[{"@type":"SearchAction","target":{"@type":"EntryPoint","urlTemplate":"https:\/\/parafiaklimkowka.pl\/?s={search_term_string}"},"query-input":"required name=search_term_string"}],"inLanguage":"pl-PL"},{"@type":"Organization","@id":"https:\/\/parafiaklimkowka.pl\/#organization","name":"Parafia p.w. \u015bw. Micha\u0142a Archanio\u0142a w Klimk\u00f3wce","url":"https:\/\/parafiaklimkowka.pl\/","logo":{"@type":"ImageObject","inLanguage":"pl-PL","@id":"https:\/\/parafiaklimkowka.pl\/#\/schema\/logo\/image\/","url":"http:\/\/parafiaklimkowka.pl\/wp-content\/uploads\/2019\/10\/anio\u01428_jpeg.jpg","contentUrl":"http:\/\/parafiaklimkowka.pl\/wp-content\/uploads\/2019\/10\/anio\u01428_jpeg.jpg","width":658,"height":483,"caption":"Parafia p.w. \u015bw. Micha\u0142a Archanio\u0142a w Klimk\u00f3wce"},"image":{"@id":"https:\/\/parafiaklimkowka.pl\/#\/schema\/logo\/image\/"}},{"@type":"Person","@id":"https:\/\/parafiaklimkowka.pl\/#\/schema\/person\/8411339f73ed143172a1fc20b8c20562","name":"kadmins70","image":{"@type":"ImageObject","inLanguage":"pl-PL","@id":"https:\/\/parafiaklimkowka.pl\/#\/schema\/person\/image\/","url":"https:\/\/secure.gravatar.com\/avatar\/2f1a9b134b0f743459e06c66845f8cf1?s=96&d=mm&r=g","contentUrl":"https:\/\/secure.gravatar.com\/avatar\/2f1a9b134b0f743459e06c66845f8cf1?s=96&d=mm&r=g","caption":"kadmins70"}}]}},"_links":{"self":[{"href":"https:\/\/parafiaklimkowka.pl\/index.php\/wp-json\/wp\/v2\/posts\/6531"}],"collection":[{"href":"https:\/\/parafiaklimkowka.pl\/index.php\/wp-json\/wp\/v2\/posts"}],"about":[{"href":"https:\/\/parafiaklimkowka.pl\/index.php\/wp-json\/wp\/v2\/types\/post"}],"author":[{"embeddable":true,"href":"https:\/\/parafiaklimkowka.pl\/index.php\/wp-json\/wp\/v2\/users\/1"}],"replies":[{"embeddable":true,"href":"https:\/\/parafiaklimkowka.pl\/index.php\/wp-json\/wp\/v2\/comments?post=6531"}],"version-history":[{"count":1,"href":"https:\/\/parafiaklimkowka.pl\/index.php\/wp-json\/wp\/v2\/posts\/6531\/revisions"}],"predecessor-version":[{"id":6532,"href":"https:\/\/parafiaklimkowka.pl\/index.php\/wp-json\/wp\/v2\/posts\/6531\/revisions\/6532"}],"wp:attachment":[{"href":"https:\/\/parafiaklimkowka.pl\/index.php\/wp-json\/wp\/v2\/media?parent=6531"}],"wp:term":[{"taxonomy":"category","embeddable":true,"href":"https:\/\/parafiaklimkowka.pl\/index.php\/wp-json\/wp\/v2\/categories?post=6531"},{"taxonomy":"post_tag","embeddable":true,"href":"https:\/\/parafiaklimkowka.pl\/index.php\/wp-json\/wp\/v2\/tags?post=6531"}],"curies":[{"name":"wp","href":"https:\/\/api.w.org\/{rel}","templated":true}]}}