{"id":7080,"date":"2022-04-24T11:49:33","date_gmt":"2022-04-24T09:49:33","guid":{"rendered":"https:\/\/parafiaklimkowka.pl\/?p=7080"},"modified":"2022-04-29T20:59:43","modified_gmt":"2022-04-29T18:59:43","slug":"niedziela-milosierdzia","status":"publish","type":"post","link":"https:\/\/parafiaklimkowka.pl\/index.php\/2022\/04\/24\/niedziela-milosierdzia\/","title":{"rendered":"Niedziela Bo\u017cego Mi\u0142osierdzia"},"content":{"rendered":"<p style=\"text-align: justify;\">1.Wyj\u0105tkowo\u015b\u0107 drugiej niedzieli Wielkanocy najlepiej oddaj\u0105 s\u0142owa zaczerpni\u0119te z \u201eDzienniczka\u201d \u015bw. Faustyny: \u201ePragn\u0119, a\u017ceby pierwsza niedziela po Wielkanocy by\u0142a \u015bwi\u0119tem Mi\u0142osierdzia. W dniu tym otwarte s\u0105 wn\u0119trzno\u015bci mi\u0142osierdzia Mego, wylewam ca\u0142e morze \u0142ask na dusze, kt\u00f3re si\u0119 zbli\u017c\u0105 do \u017ar\u00f3d\u0142a mi\u0142osierdzia Mojego. W dniu tym otwarte s\u0105 wszystkie upusty Bo\u017ce, przez kt\u00f3re p\u0142yn\u0105 \u0142aski\u201d (Dz. 299, 699).<\/p>\n<p style=\"text-align: justify;\"><strong>Niedziela Bo\u017cego Mi\u0142osierdzia dope\u0142nia obchod\u00f3w oktawy Wielkanocy.<\/strong> Zmartwychwsta\u0142y Chrystus obdarza nas \u0142ask\u0105 swego mi\u0142osierdzia. Nikt, nawet najwi\u0119kszy grzesznik, nie jest jej pozbawiony. Bo\u017ce mi\u0142osierdzie najbardziej przejawia si\u0119 w przebaczaniu grzech\u00f3w. Pan Jezus wci\u0105\u017c czeka, aby ka\u017cdy z g\u0142\u0119bi swojego serca zawo\u0142a\u0142 do Niego: Pan m\u00f3j i B\u00f3g m\u00f3j, i aby On m\u00f3g\u0142 w pe\u0142ni okaza\u0107 cz\u0142owiekowi swoje mi\u0142osierdzie.<\/p>\n<p style=\"text-align: justify;\"><strong>Na wszystkich Mszach \u015awi\u0119tych, zamiast homilii b\u0119dzie odmawiana Koronka do Bo\u017cego Mi\u0142osierdzia. Po Mszy o godzinie 11.00, Pan Jezus pozostanie wystawiony w Naj\u015bwi\u0119tszym Sakramencie do godziny 15.30. Wtedy Msza rozpocznie si\u0119 nabo\u017ce\u0144stwem do Bo\u017cego Mi\u0142osierdzia. W tym dniu za odm\u00f3wienie Koronki i przyj\u0119cie Jezusa w komunii \u015bwi\u0119tej mo\u017cemy zyska\u0107 odpust zupe\u0142ny.<\/strong><\/p>\n<p style=\"text-align: justify;\"><strong style=\"color: initial;\">2. Dzisiaj rozpoczyna si\u0119 w Ko\u015bciele w Polsce Tydzie\u0144 Mi\u0142osierdzia. <\/strong><span style=\"color: initial;\">Do\u015bwiadczamy Bo\u017cego mi\u0142osierdzia w naszym \u017cyciu i to powinno sk\u0142ania\u0107 nas do okazywania mi\u0142osierdzia innym, a szczeg\u00f3lnie najbardziej potrzebuj\u0105cym. Dzisiaj i przez ca\u0142y tydzie\u0144 otaczamy szczeg\u00f3ln\u0105 modlitw\u0105 tych, kt\u00f3rzy na co dzie\u0144 zajmuj\u0105 si\u0119 dzia\u0142alno\u015bci\u0105 charytatywn\u0105 w naszej parafii. Wspieramy dzie\u0142a Caritas. <\/span><strong style=\"color: initial;\">Ju\u017c teraz dzi\u0119kuj\u0119 za zebrane dzisiaj ofiary, kt\u00f3re b\u0119d\u0105 przekazane na pomoc najbiedniejszym<\/strong><span style=\"color: initial;\">. Zach\u0119cam tak\u017ce do podj\u0119cia dzie\u0142 mi\u0142osierdzia w swoim najbli\u017cszym otoczeniu.<\/span><\/p>\n<p><strong>3. Msze \u015awi\u0119te w tygodniu, w dni powszednie o godzinie 18.00.<\/strong><\/p>\n<p style=\"text-align: justify;\">4. <strong>Sk\u0142adka mszalna z dzisiejszej niedzieli, zbierana przez Rad\u0119 Parafialn\u0105 na potrzeby naszej Parafii <\/strong><strong>i Ko\u015bcio\u0142a.<\/strong><\/p>\n<p style=\"text-align: justify;\"><strong>5. We wtorek po Mszy \u015awi\u0119tej o godzinie 18.00 spotkanie dzieci klas IV wraz z rodzicami, przed Rocznic\u0105&nbsp; I Komunii \u015awi\u0119tej, kt\u00f3ra w naszej Parafii b\u0119dzie 22 maja, na Mszy o godzinie 11.00.<\/strong><\/p>\n<p style=\"text-align: justify;\">6. <strong>Zapraszam wszystkich Parafian do naszego Ko\u015bci\u00f3\u0142ka, w sobot\u0119 30 kwietnia, na godzin\u0119 9.00, w celu przygotowania Go do sezonu wakacyjnego i naszego odpustu w dniu 3 Maja. Obowi\u0105zkowo przychodz\u0105 rodzice i m\u0142odzie\u017c klas VIII, kt\u00f3ra w tym roku przyjmie Sakrament Bierzmowania. Zapraszam tak\u017ce wszystkich mi\u0142o\u015bnik\u00f3w tego miejsca. Rad\u0119 parafialn\u0105 prosz\u0119 o wywiezienie i u\u0142o\u017cenie \u0142awek.<\/strong><\/p>\n<p style=\"text-align: justify;\">7. Dzi\u0119kujemy za sprz\u0105tanie Ko\u015bcio\u0142a tym osobom, kt\u00f3re to uczyni\u0142y w minionym tygodniu, <strong>a na sobot\u0119, na godzin\u0119 8.00 zapraszamy mieszka\u0144c\u00f3w z ulicy Ksi\u0119dza Waisa, numery 12, 13, 14, 16.<\/strong><\/p>\n<hr>\n<h4><em><strong data-rich-text-format-boundary=\"true\">Ewangelia wed\u0142ug \u015awi\u0119tego Jana<\/strong><\/em><\/h4>\n<p style=\"text-align: justify;\">By\u0142o to wieczorem owego pierwszego dnia tygodnia. Tam, gdzie przebywali uczniowie, drzwi by\u0142y zamkni\u0119te z obawy przed \u017bydami. Jezus wszed\u0142, stan\u0105\u0142 po\u015brodku i rzek\u0142 do nich: \u201dPok\u00f3j wam!\u201d. A to powiedziawszy, pokaza\u0142 im r\u0119ce i bok. Uradowali si\u0119 zatem uczniowie, ujrzawszy Pana. A Jezus znowu rzek\u0142 do nich: \u201dPok\u00f3j wam! Jak Ojciec Mnie pos\u0142a\u0142, tak i Ja was posy\u0142am\u201d. Po tych s\u0142owach tchn\u0105\u0142 na nich i powiedzia\u0142 im: \u201dWe\u017amijcie Ducha \u015awi\u0119tego! Kt\u00f3rym odpu\u015bcicie grzechy, s\u0105 im odpuszczone, a kt\u00f3rym zatrzymacie, s\u0105 im zatrzymane\u201d. Ale Tomasz, jeden z Dwunastu, zwany Didymos, nie by\u0142 razem z nimi, kiedy przyszed\u0142 Jezus. Inni wi\u0119c uczniowie m\u00f3wili do niego: \u201dWidzieli\u015bmy Pana!\u201d. Ale on rzek\u0142 do nich: \u201dJe\u017celi na r\u0119kach Jego nie zobacz\u0119 \u015bladu gwo\u017adzi i nie w\u0142o\u017c\u0119 palca mego w miejsce gwo\u017adzi, i nie w\u0142o\u017c\u0119 r\u0119ki mojej do boku Jego, nie uwierz\u0119\u201d. A po o\u015bmiu dniach, kiedy uczniowie Jego byli znowu wewn\u0105trz domu i Tomasz z nimi, Jezus przyszed\u0142 mimo drzwi zamkni\u0119tych, stan\u0105\u0142 po\u015brodku i rzek\u0142: \u201dPok\u00f3j wam!\u201d. Nast\u0119pnie rzek\u0142 do Tomasza: \u201dPodnie\u015b tutaj sw\u00f3j palec i zobacz moje r\u0119ce. Podnie\u015b r\u0119k\u0119 i w\u0142\u00f3\u017c j\u0105 do mego boku, i nie b\u0105d\u017a niedowiarkiem, lecz wierz\u0105cym\u201d. Tomasz Mu odpowiedzia\u0142: \u201dPan m\u00f3j i B\u00f3g m\u00f3j!\u201d. Powiedzia\u0142 mu Jezus: \u201dUwierzy\u0142e\u015b, bo Mnie ujrza\u0142e\u015b; b\u0142ogos\u0142awieni, kt\u00f3rzy nie widzieli, a uwierzyli\u201d. I wiele innych znak\u00f3w, kt\u00f3rych nie zapisano w tej ksi\u0119dze, uczyni\u0142 Jezus wobec uczni\u00f3w. Te za\u015b zapisano, aby\u015bcie wierzyli, \u017ce Jezus jest Mesjaszem, Synem Bo\u017cym, i aby\u015bcie wierz\u0105c, mieli \u017cycie w imi\u0119 Jego.<\/p>\n<h4 style=\"text-align: justify;\"><strong data-rich-text-format-boundary=\"true\">Refleksja nad S\u0142owem Bo\u017cym<\/strong><\/h4>\n<p style=\"text-align: justify;\">Dzisiejsza Ewangelia m\u00f3wi o czym\u015b niezwykle istotnym \u2013 o ranach Mi\u0142osierdzia. One nie tylko dla Tomasza, ale i dla pozosta\u0142ych aposto\u0142\u00f3w by\u0142y dowodem autentyczno\u015bci ukazuj\u0105cego si\u0119 Chrystusa. Kiedy Jezus przyszed\u0142 do wystraszonych uczni\u00f3w, m\u00f3wi\u0105c: Pok\u00f3j wam, nie s\u0142ycha\u0107 odpowiedzi z ich strony. Dopiero wtedy, kiedy Chrystus pokaza\u0142 im swoje r\u0119ce i bok, zobaczyli Go i uradowali si\u0119 Jego obecno\u015bci\u0105. Dopiero wtedy byli w stanie przyj\u0105\u0107 ofiarowany im dar pokoju i moc Ducha \u015awi\u0119tego, by kontynuowa\u0107 misj\u0119 Jezusa \u2013 misj\u0119 Jego mi\u0142osierdzia, misj\u0119 odpuszczania grzech\u00f3w lub dla opami\u0119tania grzesznika zatrzymywania ich. Dopiero wtedy, kiedy zobaczyli rany Zmartwychwsta\u0142ego\u2026 To \u015bwiadczy o ogromnej sile l\u0119ku w aposto\u0142ach, ale i o mocy p\u0142yn\u0105cej z rozwa\u017cania ran Chrystusa.<\/p>\n<p style=\"text-align: justify;\">A jak to wygl\u0105da u nas? Sp\u00f3jrzmy na nasz\u0105 codzienno\u015b\u0107. Ile\u017c w nas jest niepokoj\u00f3w o dalsze losy swoje, bliskich i \u015bwiata? Ile\u017c w nas jeszcze pozamykanych drzwi i jednocze\u015bnie ogromnej t\u0119sknoty za spotkaniem z \u017cywym Bogiem\u2026 Chrystus zna nasze bol\u0105czki. Przychodzi z darem swojego mi\u0142osierdzia. Przychodzi zwyci\u0119ski, ze \u015bladami m\u0119ki na swoich r\u0119kach, nogach i z przebitym bokiem, by\u015bmy nie w\u0105tpili Jego s\u0142owom, lecz uwierzyli Mi\u0142osierdziu, patrz\u0105c na Jego rany. Przychodzi, ods\u0142aniaj\u0105c przed nami swoje r\u0119ce i bok, pokazuje rany, kt\u00f3re s\u0105 przypiecz\u0119towaniem wyznania mi\u0142o\u015bci Boga do cz\u0142owieka. Czy jestem w stanie, jak \u015bwi\u0119ty Tomasz, wyzna\u0107 ca\u0142ym sercem, wpatruj\u0105c si\u0119 w te \u015bwi\u0119te rany Chrystusa: Pan m\u00f3j i B\u00f3g m\u00f3j?\u2026<\/p>\n<hr>\n<h3 style=\"text-align: justify;\"><strong>Zapowiedzi p<\/strong><strong>rzedma\u0142\u017ce\u0144skie<\/strong><\/h3>\n<hr>\n<h3><strong>Odes<\/strong><strong>zli do wieczno\u015bc<\/strong><strong>i<\/strong><\/h3>\n<hr>\n<h3><strong>Spotkania grup duszpasterskich<\/strong><\/h3>\n<hr>\n<h3><strong>Intencje modlitewne na kwiecie\u0144<\/strong><\/h3>\n<h4><strong>Og\u00f3lna:<\/strong><\/h4>\n<p style=\"text-align: justify;\">Aby zaanga\u017cowanie pracownik\u00f3w s\u0142u\u017cby zdrowia w opiek\u0119 nad osobami chorymi i starszymi szczeg\u00f3lnie w krajach najubo\u017cszych, by\u0142o wspierane przez rz\u0105dy i lokalne wsp\u00f3lnoty.<\/p>\n<h4><strong>Diecezjalna r\u00f3\u017ca\u0144cowa:<\/strong><\/h4>\n<p style=\"text-align: justify;\">Za przygotowuj\u0105cych si\u0119 do przyj\u0119cia sakrament\u00f3w \u015bwi\u0119tych.<\/p>\n","protected":false},"excerpt":{"rendered":"<p>1.Wyj\u0105tkowo\u015b\u0107 drugiej niedzieli Wielkanocy najlepiej oddaj\u0105 s\u0142owa zaczerpni\u0119te z \u201eDzienniczka\u201d \u015bw. Faustyny: \u201ePragn\u0119, a\u017ceby pierwsza niedziela po Wielkanocy by\u0142a \u015bwi\u0119tem Mi\u0142osierdzia. W dniu tym otwarte s\u0105 wn\u0119trzno\u015bci mi\u0142osierdzia Mego, wylewam [&hellip;]<\/p>\n","protected":false},"author":1,"featured_media":0,"comment_status":"closed","ping_status":"open","sticky":false,"template":"","format":"standard","meta":{"ngg_post_thumbnail":0,"footnotes":""},"categories":[4],"tags":[],"yoast_head":"<!-- This site is optimized with the Yoast SEO plugin v23.2 - https:\/\/yoast.com\/wordpress\/plugins\/seo\/ -->\n<title>Niedziela Bo\u017cego Mi\u0142osierdzia - Parafia w Klimk\u00f3wce<\/title>\n<meta name=\"robots\" content=\"index, follow, max-snippet:-1, max-image-preview:large, max-video-preview:-1\" \/>\n<link rel=\"canonical\" href=\"https:\/\/parafiaklimkowka.pl\/index.php\/2022\/04\/24\/niedziela-milosierdzia\/\" \/>\n<meta property=\"og:locale\" content=\"pl_PL\" \/>\n<meta property=\"og:type\" content=\"article\" \/>\n<meta property=\"og:title\" content=\"Niedziela Bo\u017cego Mi\u0142osierdzia - Parafia w Klimk\u00f3wce\" \/>\n<meta property=\"og:description\" content=\"1.Wyj\u0105tkowo\u015b\u0107 drugiej niedzieli Wielkanocy najlepiej oddaj\u0105 s\u0142owa zaczerpni\u0119te z \u201eDzienniczka\u201d \u015bw. Faustyny: \u201ePragn\u0119, a\u017ceby pierwsza niedziela po Wielkanocy by\u0142a \u015bwi\u0119tem Mi\u0142osierdzia. W dniu tym otwarte s\u0105 wn\u0119trzno\u015bci mi\u0142osierdzia Mego, wylewam [&hellip;]\" \/>\n<meta property=\"og:url\" content=\"https:\/\/parafiaklimkowka.pl\/index.php\/2022\/04\/24\/niedziela-milosierdzia\/\" \/>\n<meta property=\"og:site_name\" content=\"Parafia w Klimk\u00f3wce\" \/>\n<meta property=\"article:published_time\" content=\"2022-04-24T09:49:33+00:00\" \/>\n<meta property=\"article:modified_time\" content=\"2022-04-29T18:59:43+00:00\" \/>\n<meta name=\"author\" content=\"kadmins70\" \/>\n<meta name=\"twitter:card\" content=\"summary_large_image\" \/>\n<meta name=\"twitter:label1\" content=\"Napisane przez\" \/>\n\t<meta name=\"twitter:data1\" content=\"kadmins70\" \/>\n\t<meta name=\"twitter:label2\" content=\"Szacowany czas czytania\" \/>\n\t<meta name=\"twitter:data2\" content=\"6 minut\" \/>\n<script type=\"application\/ld+json\" class=\"yoast-schema-graph\">{\"@context\":\"https:\/\/schema.org\",\"@graph\":[{\"@type\":\"Article\",\"@id\":\"https:\/\/parafiaklimkowka.pl\/index.php\/2022\/04\/24\/niedziela-milosierdzia\/#article\",\"isPartOf\":{\"@id\":\"https:\/\/parafiaklimkowka.pl\/index.php\/2022\/04\/24\/niedziela-milosierdzia\/\"},\"author\":{\"name\":\"kadmins70\",\"@id\":\"https:\/\/parafiaklimkowka.pl\/#\/schema\/person\/8411339f73ed143172a1fc20b8c20562\"},\"headline\":\"Niedziela Bo\u017cego Mi\u0142osierdzia\",\"datePublished\":\"2022-04-24T09:49:33+00:00\",\"dateModified\":\"2022-04-29T18:59:43+00:00\",\"mainEntityOfPage\":{\"@id\":\"https:\/\/parafiaklimkowka.pl\/index.php\/2022\/04\/24\/niedziela-milosierdzia\/\"},\"wordCount\":1125,\"publisher\":{\"@id\":\"https:\/\/parafiaklimkowka.pl\/#organization\"},\"articleSection\":[\"Og\u0142oszenia duszpasterskie\"],\"inLanguage\":\"pl-PL\"},{\"@type\":\"WebPage\",\"@id\":\"https:\/\/parafiaklimkowka.pl\/index.php\/2022\/04\/24\/niedziela-milosierdzia\/\",\"url\":\"https:\/\/parafiaklimkowka.pl\/index.php\/2022\/04\/24\/niedziela-milosierdzia\/\",\"name\":\"Niedziela Bo\u017cego Mi\u0142osierdzia - Parafia w Klimk\u00f3wce\",\"isPartOf\":{\"@id\":\"https:\/\/parafiaklimkowka.pl\/#website\"},\"datePublished\":\"2022-04-24T09:49:33+00:00\",\"dateModified\":\"2022-04-29T18:59:43+00:00\",\"breadcrumb\":{\"@id\":\"https:\/\/parafiaklimkowka.pl\/index.php\/2022\/04\/24\/niedziela-milosierdzia\/#breadcrumb\"},\"inLanguage\":\"pl-PL\",\"potentialAction\":[{\"@type\":\"ReadAction\",\"target\":[\"https:\/\/parafiaklimkowka.pl\/index.php\/2022\/04\/24\/niedziela-milosierdzia\/\"]}]},{\"@type\":\"BreadcrumbList\",\"@id\":\"https:\/\/parafiaklimkowka.pl\/index.php\/2022\/04\/24\/niedziela-milosierdzia\/#breadcrumb\",\"itemListElement\":[{\"@type\":\"ListItem\",\"position\":1,\"name\":\"Strona g\u0142\u00f3wna\",\"item\":\"https:\/\/parafiaklimkowka.pl\/\"},{\"@type\":\"ListItem\",\"position\":2,\"name\":\"Niedziela Bo\u017cego Mi\u0142osierdzia\"}]},{\"@type\":\"WebSite\",\"@id\":\"https:\/\/parafiaklimkowka.pl\/#website\",\"url\":\"https:\/\/parafiaklimkowka.pl\/\",\"name\":\"Parafia w Klimk\u00f3wce\",\"description\":\"pw. \u015aw. Micha\u0142a Archanio\u0142a\",\"publisher\":{\"@id\":\"https:\/\/parafiaklimkowka.pl\/#organization\"},\"potentialAction\":[{\"@type\":\"SearchAction\",\"target\":{\"@type\":\"EntryPoint\",\"urlTemplate\":\"https:\/\/parafiaklimkowka.pl\/?s={search_term_string}\"},\"query-input\":\"required name=search_term_string\"}],\"inLanguage\":\"pl-PL\"},{\"@type\":\"Organization\",\"@id\":\"https:\/\/parafiaklimkowka.pl\/#organization\",\"name\":\"Parafia p.w. \u015bw. Micha\u0142a Archanio\u0142a w Klimk\u00f3wce\",\"url\":\"https:\/\/parafiaklimkowka.pl\/\",\"logo\":{\"@type\":\"ImageObject\",\"inLanguage\":\"pl-PL\",\"@id\":\"https:\/\/parafiaklimkowka.pl\/#\/schema\/logo\/image\/\",\"url\":\"http:\/\/parafiaklimkowka.pl\/wp-content\/uploads\/2019\/10\/anio\u01428_jpeg.jpg\",\"contentUrl\":\"http:\/\/parafiaklimkowka.pl\/wp-content\/uploads\/2019\/10\/anio\u01428_jpeg.jpg\",\"width\":658,\"height\":483,\"caption\":\"Parafia p.w. \u015bw. Micha\u0142a Archanio\u0142a w Klimk\u00f3wce\"},\"image\":{\"@id\":\"https:\/\/parafiaklimkowka.pl\/#\/schema\/logo\/image\/\"}},{\"@type\":\"Person\",\"@id\":\"https:\/\/parafiaklimkowka.pl\/#\/schema\/person\/8411339f73ed143172a1fc20b8c20562\",\"name\":\"kadmins70\",\"image\":{\"@type\":\"ImageObject\",\"inLanguage\":\"pl-PL\",\"@id\":\"https:\/\/parafiaklimkowka.pl\/#\/schema\/person\/image\/\",\"url\":\"https:\/\/secure.gravatar.com\/avatar\/2f1a9b134b0f743459e06c66845f8cf1?s=96&d=mm&r=g\",\"contentUrl\":\"https:\/\/secure.gravatar.com\/avatar\/2f1a9b134b0f743459e06c66845f8cf1?s=96&d=mm&r=g\",\"caption\":\"kadmins70\"}}]}<\/script>\n<!-- \/ Yoast SEO plugin. -->","yoast_head_json":{"title":"Niedziela Bo\u017cego Mi\u0142osierdzia - Parafia w Klimk\u00f3wce","robots":{"index":"index","follow":"follow","max-snippet":"max-snippet:-1","max-image-preview":"max-image-preview:large","max-video-preview":"max-video-preview:-1"},"canonical":"https:\/\/parafiaklimkowka.pl\/index.php\/2022\/04\/24\/niedziela-milosierdzia\/","og_locale":"pl_PL","og_type":"article","og_title":"Niedziela Bo\u017cego Mi\u0142osierdzia - Parafia w Klimk\u00f3wce","og_description":"1.Wyj\u0105tkowo\u015b\u0107 drugiej niedzieli Wielkanocy najlepiej oddaj\u0105 s\u0142owa zaczerpni\u0119te z \u201eDzienniczka\u201d \u015bw. Faustyny: \u201ePragn\u0119, a\u017ceby pierwsza niedziela po Wielkanocy by\u0142a \u015bwi\u0119tem Mi\u0142osierdzia. W dniu tym otwarte s\u0105 wn\u0119trzno\u015bci mi\u0142osierdzia Mego, wylewam [&hellip;]","og_url":"https:\/\/parafiaklimkowka.pl\/index.php\/2022\/04\/24\/niedziela-milosierdzia\/","og_site_name":"Parafia w Klimk\u00f3wce","article_published_time":"2022-04-24T09:49:33+00:00","article_modified_time":"2022-04-29T18:59:43+00:00","author":"kadmins70","twitter_card":"summary_large_image","twitter_misc":{"Napisane przez":"kadmins70","Szacowany czas czytania":"6 minut"},"schema":{"@context":"https:\/\/schema.org","@graph":[{"@type":"Article","@id":"https:\/\/parafiaklimkowka.pl\/index.php\/2022\/04\/24\/niedziela-milosierdzia\/#article","isPartOf":{"@id":"https:\/\/parafiaklimkowka.pl\/index.php\/2022\/04\/24\/niedziela-milosierdzia\/"},"author":{"name":"kadmins70","@id":"https:\/\/parafiaklimkowka.pl\/#\/schema\/person\/8411339f73ed143172a1fc20b8c20562"},"headline":"Niedziela Bo\u017cego Mi\u0142osierdzia","datePublished":"2022-04-24T09:49:33+00:00","dateModified":"2022-04-29T18:59:43+00:00","mainEntityOfPage":{"@id":"https:\/\/parafiaklimkowka.pl\/index.php\/2022\/04\/24\/niedziela-milosierdzia\/"},"wordCount":1125,"publisher":{"@id":"https:\/\/parafiaklimkowka.pl\/#organization"},"articleSection":["Og\u0142oszenia duszpasterskie"],"inLanguage":"pl-PL"},{"@type":"WebPage","@id":"https:\/\/parafiaklimkowka.pl\/index.php\/2022\/04\/24\/niedziela-milosierdzia\/","url":"https:\/\/parafiaklimkowka.pl\/index.php\/2022\/04\/24\/niedziela-milosierdzia\/","name":"Niedziela Bo\u017cego Mi\u0142osierdzia - Parafia w Klimk\u00f3wce","isPartOf":{"@id":"https:\/\/parafiaklimkowka.pl\/#website"},"datePublished":"2022-04-24T09:49:33+00:00","dateModified":"2022-04-29T18:59:43+00:00","breadcrumb":{"@id":"https:\/\/parafiaklimkowka.pl\/index.php\/2022\/04\/24\/niedziela-milosierdzia\/#breadcrumb"},"inLanguage":"pl-PL","potentialAction":[{"@type":"ReadAction","target":["https:\/\/parafiaklimkowka.pl\/index.php\/2022\/04\/24\/niedziela-milosierdzia\/"]}]},{"@type":"BreadcrumbList","@id":"https:\/\/parafiaklimkowka.pl\/index.php\/2022\/04\/24\/niedziela-milosierdzia\/#breadcrumb","itemListElement":[{"@type":"ListItem","position":1,"name":"Strona g\u0142\u00f3wna","item":"https:\/\/parafiaklimkowka.pl\/"},{"@type":"ListItem","position":2,"name":"Niedziela Bo\u017cego Mi\u0142osierdzia"}]},{"@type":"WebSite","@id":"https:\/\/parafiaklimkowka.pl\/#website","url":"https:\/\/parafiaklimkowka.pl\/","name":"Parafia w Klimk\u00f3wce","description":"pw. \u015aw. Micha\u0142a Archanio\u0142a","publisher":{"@id":"https:\/\/parafiaklimkowka.pl\/#organization"},"potentialAction":[{"@type":"SearchAction","target":{"@type":"EntryPoint","urlTemplate":"https:\/\/parafiaklimkowka.pl\/?s={search_term_string}"},"query-input":"required name=search_term_string"}],"inLanguage":"pl-PL"},{"@type":"Organization","@id":"https:\/\/parafiaklimkowka.pl\/#organization","name":"Parafia p.w. \u015bw. Micha\u0142a Archanio\u0142a w Klimk\u00f3wce","url":"https:\/\/parafiaklimkowka.pl\/","logo":{"@type":"ImageObject","inLanguage":"pl-PL","@id":"https:\/\/parafiaklimkowka.pl\/#\/schema\/logo\/image\/","url":"http:\/\/parafiaklimkowka.pl\/wp-content\/uploads\/2019\/10\/anio\u01428_jpeg.jpg","contentUrl":"http:\/\/parafiaklimkowka.pl\/wp-content\/uploads\/2019\/10\/anio\u01428_jpeg.jpg","width":658,"height":483,"caption":"Parafia p.w. \u015bw. Micha\u0142a Archanio\u0142a w Klimk\u00f3wce"},"image":{"@id":"https:\/\/parafiaklimkowka.pl\/#\/schema\/logo\/image\/"}},{"@type":"Person","@id":"https:\/\/parafiaklimkowka.pl\/#\/schema\/person\/8411339f73ed143172a1fc20b8c20562","name":"kadmins70","image":{"@type":"ImageObject","inLanguage":"pl-PL","@id":"https:\/\/parafiaklimkowka.pl\/#\/schema\/person\/image\/","url":"https:\/\/secure.gravatar.com\/avatar\/2f1a9b134b0f743459e06c66845f8cf1?s=96&d=mm&r=g","contentUrl":"https:\/\/secure.gravatar.com\/avatar\/2f1a9b134b0f743459e06c66845f8cf1?s=96&d=mm&r=g","caption":"kadmins70"}}]}},"_links":{"self":[{"href":"https:\/\/parafiaklimkowka.pl\/index.php\/wp-json\/wp\/v2\/posts\/7080"}],"collection":[{"href":"https:\/\/parafiaklimkowka.pl\/index.php\/wp-json\/wp\/v2\/posts"}],"about":[{"href":"https:\/\/parafiaklimkowka.pl\/index.php\/wp-json\/wp\/v2\/types\/post"}],"author":[{"embeddable":true,"href":"https:\/\/parafiaklimkowka.pl\/index.php\/wp-json\/wp\/v2\/users\/1"}],"replies":[{"embeddable":true,"href":"https:\/\/parafiaklimkowka.pl\/index.php\/wp-json\/wp\/v2\/comments?post=7080"}],"version-history":[{"count":2,"href":"https:\/\/parafiaklimkowka.pl\/index.php\/wp-json\/wp\/v2\/posts\/7080\/revisions"}],"predecessor-version":[{"id":7086,"href":"https:\/\/parafiaklimkowka.pl\/index.php\/wp-json\/wp\/v2\/posts\/7080\/revisions\/7086"}],"wp:attachment":[{"href":"https:\/\/parafiaklimkowka.pl\/index.php\/wp-json\/wp\/v2\/media?parent=7080"}],"wp:term":[{"taxonomy":"category","embeddable":true,"href":"https:\/\/parafiaklimkowka.pl\/index.php\/wp-json\/wp\/v2\/categories?post=7080"},{"taxonomy":"post_tag","embeddable":true,"href":"https:\/\/parafiaklimkowka.pl\/index.php\/wp-json\/wp\/v2\/tags?post=7080"}],"curies":[{"name":"wp","href":"https:\/\/api.w.org\/{rel}","templated":true}]}}