{"id":7635,"date":"2022-10-02T19:50:25","date_gmt":"2022-10-02T17:50:25","guid":{"rendered":"https:\/\/parafiaklimkowka.pl\/?p=7635"},"modified":"2022-10-07T22:09:22","modified_gmt":"2022-10-07T20:09:22","slug":"xxvii-niedziela-zwykla-2","status":"publish","type":"post","link":"https:\/\/parafiaklimkowka.pl\/index.php\/2022\/10\/02\/xxvii-niedziela-zwykla-2\/","title":{"rendered":"XXVII\u00a0 Niedziela Zwyk\u0142a"},"content":{"rendered":"<p style=\"text-align: justify;\">1. <strong>Trwamy na codziennej modlitwie r\u00f3\u017ca\u0144cowej.<\/strong> Przez ca\u0142y pa\u017adziernik z Matk\u0105 Bo\u017c\u0105 trwamy na modlitwie r\u00f3\u017ca\u0144cowej. R\u00f3\u017caniec towarzyszy nam w chwilach rado\u015bci i do\u015bwiadczenia. Rozwa\u017caj\u0105c tajemnice z \u017cycia Pana Jezusa i Maryi, w r\u00f3\u017ca\u0144cowe dziesi\u0105tki wplatamy nasze sprawy osobiste, sprawy naszych rodzin, narodu, Ko\u015bcio\u0142a, ca\u0142ej ludzko\u015bci. W ten spos\u00f3b prosta modlitwa r\u00f3\u017ca\u0144cowa pulsuje naszym \u017cyciem. Jak\u017ce wielka jest dzi\u015b potrzeba modlitwy o pok\u00f3j na \u015bwiecie i w intencji zagro\u017conej rodziny. Spr\u00f3bujmy na nowo odkry\u0107 r\u00f3\u017caniec we wsp\u00f3lnocie parafialnej i w zaciszu domowego Ko\u015bcio\u0142a. <strong>Na nabo\u017ce\u0144stwo pa\u017adziernikowe gromadzimy si\u0119 w naszym ko\u015bciele, w dni powszednie o godzinie 16.30. W niedziele, p\u00f3\u0142 godziny przed Msz\u0105 o godzinie 9.15. Tych, kt\u00f3rzy nie mog\u0105 uczestniczy\u0107 w modlitwie wsp\u00f3lnotowej, zach\u0119cam do odmawiania r\u00f3\u017ca\u0144ca w rodzinie lub indywidualnie.<\/strong><\/p>\n<p style=\"text-align: justify;\"><strong>2. Dzi\u015b po Mszy \u015awi\u0119tej o godzinie 9.15 zmiana tajemnic r\u00f3\u017ca\u0144cowych. Na tej Mszy \u015awi\u0119tej dzieci klas III, przygotowuj\u0105ce si\u0119 do I Komunii \u015awi\u0119tej otrzymaj\u0105 po\u015bwi\u0119cone i pob\u0142ogos\u0142awione r\u00f3\u017ca\u0144ce.<\/strong><\/p>\n<p>3. W tym duchu liturgiczne wspomnienie Naj\u015bwi\u0119tszej Maryi Panny R\u00f3\u017ca\u0144cowej, kt\u00f3re przypada, w pi\u0105tek&nbsp; 7 pa\u017adziernika.<\/p>\n<p style=\"text-align: justify;\"><strong>4. <\/strong><strong>W tym tygodniu pierwszy czwartek, pi\u0105tek miesi\u0105ca:<\/strong><\/p>\n<p>&#8211; w czwartek modlimy si\u0119 o nowe, \u015bwi\u0119te powo\u0142ania kap\u0142a\u0144skie, misyjne i zakonne.<\/p>\n<p style=\"text-align: justify;\"><strong>&#8211; zg\u0142oszonych chorych odwiedz\u0119 w \u015brod\u0119 od godziny 7.30 \u2013 d\u00f3\u0142 Parafii do nowego mostu&nbsp; i w pi\u0105tek od godziny 7.30 \u2013 g\u00f3r\u0119 Parafii.<\/strong> Zach\u0119cam&nbsp; dzieci i m\u0142odzie\u017c&nbsp; i doros\u0142ych do skorzystania z sakramentu pojednania i przyj\u0119cia Komunii \u015bw. wynagradzaj\u0105cej Naj\u015bwi\u0119tszemu Sercu Pana Jezusa. <strong>Spowied\u017a \u015awi\u0119ta zawsze p\u00f3\u0142 godziny przed Msz\u0105 \u015awi\u0119t\u0105. Dzieci zapraszam w czwartek od godziny 15.45. Spowied\u017a w pi\u0105tek od godziny 15.45 do 16.30.<\/strong><\/p>\n<p style=\"text-align: justify;\"><strong style=\"font-size: revert; color: initial;\">4. W tym tygodniu pierwsza sobota i niedziela miesi\u0105ca:<\/strong><\/p>\n<p>&#8211; w sobot\u0119 r\u00f3\u017caniec pierwszo sobotni w ramach nabo\u017ce\u0144stwa pa\u017adziernikowego.<\/p>\n<p style=\"text-align: justify;\">&#8211;&nbsp; w <strong>przysz\u0142\u0105 niedziel\u0119 po Mszy o godzinie 9.15 zmiana tajemnic r\u00f3\u017ca\u0144cowych. Tak\u017ce na t\u0119 Msz\u0119 \u015awi\u0119t\u0105 zapraszam dzieci klas III, przygotowuj\u0105ce si\u0119 do I Komunii \u015awi\u0119tej wraz z rodzicami. Otrzymaj\u0105 po\u015bwi\u0119cone r\u00f3\u017ca\u0144ce.<\/strong><\/p>\n<p style=\"text-align: justify;\"><strong>5. Jutro w poniedzia\u0142ek dodatkowa Msza \u015awi\u0119ta w Kaplicy Cmentarnej o godzinie 8.00 za \u015bw. p. Ksi\u0119dza Pra\u0142ata Kazimierza Pa\u0144czyszyna. Po sko\u0144czonej Mszy przejdziemy na Jego gr\u00f3b, gdzie nast\u0105pi po\u015bwi\u0119cenie nowego pomnika na grobie Ksi\u0119dza Pra\u0142ata.<\/strong><\/p>\n<p style=\"text-align: justify;\">6. Dzi\u0119kujemy za sprz\u0105tanie Ko\u015bcio\u0142a tym osobom, kt\u00f3re to uczyni\u0142y w minionym tygodniu, <strong>a na sobot\u0119, na godzin\u0119 8.00 zapraszamy wiernych z ulicy Zdrojowej, numery numery 178, 182, 184. 186 (Ko\u015bci\u00f3\u0142) i z ulicy Zdrojowej, numery 190, 194, 196&nbsp; (Ko\u015bci\u00f3\u0142ek).<\/strong><\/p>\n<hr>\n<p><em style=\"color: revert; font-size: revert; font-weight: revert;\"><strong data-rich-text-format-boundary=\"true\">Ewangelia wed\u0142ug \u015awi\u0119tego \u0141ukasza<\/strong><\/em><\/p>\n<p style=\"text-align: justify;\">Aposto\u0142owie prosili Pana: &#8222;Przymn\u00f3\u017c nam wiary\u00bb. Pan rzek\u0142: &#8222;Gdyby\u015bcie mieli wiar\u0119 jak ziarnko gorczycy, powiedzieliby\u015bcie tej morwie: \u201eWyrwij si\u0119 z korzeniem i przesad\u017a si\u0119 w morze\u201d, a by\u0142aby wam pos\u0142uszna. Kto z was, maj\u0105c s\u0142ug\u0119, kt\u00f3ry orze lub pasie, powie mu, gdy on wr\u00f3ci z pola: \u201eP\u00f3jd\u017a i si\u0105d\u017a do sto\u0142u\u201d? Czy nie powie mu raczej: \u201ePrzygotuj mi wieczerz\u0119, przepasz si\u0119 i us\u0142uguj mi, a\u017c zjem i napij\u0119 si\u0119, a potem ty b\u0119dziesz jad\u0142 i pi\u0142\u201d? Czy dzi\u0119kuje s\u0142udze za to, \u017ce wykona\u0142 to, co mu polecono? Tak m\u00f3wcie i wy, gdy uczynicie wszystko, co wam polecono: \u201eS\u0142udzy nieu\u017cyteczni jeste\u015bmy; wykonali\u015bmy to, co powinni\u015bmy wykona\u0107\u201d.<\/p>\n<p style=\"text-align: justify;\"><strong data-rich-text-format-boundary=\"true\">Refleksja nad S\u0142owem Bo\u017cym<\/strong><\/p>\n<p style=\"text-align: justify;\">Pro\u015bba aposto\u0142\u00f3w rodzi pytania o nasz\u0105 wiar\u0119: Jaka ona jest? Czy jest jak ziarnko gorczycy, czy te\u017c jest to jeszcze etap wo\u0142ania o jej przymno\u017cenie?<\/p>\n<p style=\"text-align: justify;\">Ewangelia podpowiada nam, \u017ce obok umiej\u0119tno\u015bci przebaczania naszym winowajcom dobrym sprawdzianem wiary jest spojrzenie na relacje z drugim cz\u0142owiekiem. Czy wida\u0107 tam ducha s\u0142u\u017cby, pokornej s\u0142u\u017cby? Czy to, czego dotykaj\u0105 nasze r\u0119ce, zamienia si\u0119 w z\u0142oto w\u0142adzy, panowania, pogardy, czy w z\u0142oto mi\u0142o\u015bci bli\u017aniego, mi\u0142o\u015bci wzajemnej. Wed\u0142ug Bo\u017cej nauki prawdziwym kr\u00f3lem nie jest ten, kto ma w\u0142adz\u0119, ale ten, kto s\u0142u\u017cy, kto potrafi da\u0107 swemu bli\u017aniemu nie to, co mu zbywa, ale to, co naprawd\u0119 nale\u017cy do niego, czyli serce, mi\u0142o\u015b\u0107, u\u015bmiech, czas. Taki cz\u0142owiek nie czeka na wdzi\u0119czno\u015b\u0107, ale m\u00f3wi sam przed sob\u0105: zrobi\u0142em to, co mia\u0142em zrobi\u0107, i tyle. Taka w\u0142a\u015bnie postawa sprawia, \u017ce w niebieskim skarbcu odk\u0142ada si\u0119 na naszym koncie z\u0142oto szcz\u0119\u015bcia wiecznego.<\/p>\n<p style=\"text-align: justify;\">Rozpocz\u0105\u0142 si\u0119 pa\u017adziernik, miesi\u0105c r\u00f3\u017ca\u0144cowy, a wi\u0119c pojawi\u0142a si\u0119 doskona\u0142a okazja, aby podj\u0105\u0107 ufn\u0105 modlitw\u0119 o przymno\u017cenie wiary. Je\u015bli ufnie b\u0119dziemy wo\u0142a\u0107, to nawet bez okular\u00f3w zauwa\u017cymy wiar\u0119 w naszej wzajemnej s\u0142u\u017cbie.<\/p>\n<p style=\"text-align: justify;\">&nbsp;<\/p>\n<hr>\n<h3><strong>Zapowiedzi p<\/strong><strong>rzedma\u0142\u017ce\u0144skie<\/strong><\/h3>\n<p><em>Maciej Stanis\u0142aw Urbanek<\/em><strong><em>,<\/em><\/strong><em> zamieszka<\/em><em>\u0142y<\/em><em> w Woli Rad\u0142owskiej,<\/em><em> Parafia b\u0142ogos\u0142awionej Karoliny K\u00f3zka <\/em><\/p>\n<p><strong><em>i <\/em><\/strong><\/p>\n<p><em>Kamila Magdalena Rysz,<\/em><em> zamieszka\u0142a w Klimk\u00f3wce, ulica Zdrojowa, Parafia \u015awi\u0119tego Micha\u0142a<\/em><em> Archanio\u0142a<\/em><em>.<\/em><\/p>\n<hr>\n<h3><strong>Odes<\/strong><strong>zli do wieczno\u015bc<\/strong><strong>i<\/strong><\/h3>\n<hr>\n<h3><strong>Spotkania grup duszpasterskich<\/strong><\/h3>\n<hr>\n<h3><strong>Intencje modlitewne na wrzesie\u0144<\/strong><\/h3>\n<h4><strong>Og\u00f3lna:<\/strong><\/h4>\n<p style=\"text-align: justify;\">Aby Ko\u015bci\u00f3\u0142, wierny Ewangelii i odwa\u017cny w jej g\u0142oszeniu, by\u0142 miejscem solidarno\u015bci, braterstwa i otwarto\u015bci, do\u015bwiadczaj\u0105c coraz bardziej synodalno\u015bci.<\/p>\n<h4><strong>Diecezjalna r\u00f3\u017ca\u0144cowa:<\/strong><\/h4>\n<p>Za uczestnik\u00f3w nabo\u017ce\u0144stw r\u00f3\u017ca\u0144cowych, aby przez rozwa\u017canie tajemnic \u017cycia Pana Jezusa i Jego Matki post\u0105pili na drodze dojrza\u0142o\u015bci chrze\u015bcija\u0144skiej.<\/p>\n","protected":false},"excerpt":{"rendered":"<p>1. Trwamy na codziennej modlitwie r\u00f3\u017ca\u0144cowej. Przez ca\u0142y pa\u017adziernik z Matk\u0105 Bo\u017c\u0105 trwamy na modlitwie r\u00f3\u017ca\u0144cowej. R\u00f3\u017caniec towarzyszy nam w chwilach rado\u015bci i do\u015bwiadczenia. Rozwa\u017caj\u0105c tajemnice z \u017cycia Pana Jezusa [&hellip;]<\/p>\n","protected":false},"author":1,"featured_media":0,"comment_status":"closed","ping_status":"open","sticky":false,"template":"","format":"standard","meta":{"ngg_post_thumbnail":0,"footnotes":""},"categories":[4],"tags":[],"yoast_head":"<!-- This site is optimized with the Yoast SEO plugin v23.2 - https:\/\/yoast.com\/wordpress\/plugins\/seo\/ -->\n<title>XXVII\u00a0 Niedziela Zwyk\u0142a - Parafia w Klimk\u00f3wce<\/title>\n<meta name=\"robots\" content=\"index, follow, max-snippet:-1, max-image-preview:large, max-video-preview:-1\" \/>\n<link rel=\"canonical\" href=\"https:\/\/parafiaklimkowka.pl\/index.php\/2022\/10\/02\/xxvii-niedziela-zwykla-2\/\" \/>\n<meta property=\"og:locale\" content=\"pl_PL\" \/>\n<meta property=\"og:type\" content=\"article\" \/>\n<meta property=\"og:title\" content=\"XXVII\u00a0 Niedziela Zwyk\u0142a - Parafia w Klimk\u00f3wce\" \/>\n<meta property=\"og:description\" content=\"1. Trwamy na codziennej modlitwie r\u00f3\u017ca\u0144cowej. Przez ca\u0142y pa\u017adziernik z Matk\u0105 Bo\u017c\u0105 trwamy na modlitwie r\u00f3\u017ca\u0144cowej. R\u00f3\u017caniec towarzyszy nam w chwilach rado\u015bci i do\u015bwiadczenia. Rozwa\u017caj\u0105c tajemnice z \u017cycia Pana Jezusa [&hellip;]\" \/>\n<meta property=\"og:url\" content=\"https:\/\/parafiaklimkowka.pl\/index.php\/2022\/10\/02\/xxvii-niedziela-zwykla-2\/\" \/>\n<meta property=\"og:site_name\" content=\"Parafia w Klimk\u00f3wce\" \/>\n<meta property=\"article:published_time\" content=\"2022-10-02T17:50:25+00:00\" \/>\n<meta property=\"article:modified_time\" content=\"2022-10-07T20:09:22+00:00\" \/>\n<meta name=\"author\" content=\"kadmins70\" \/>\n<meta name=\"twitter:card\" content=\"summary_large_image\" \/>\n<meta name=\"twitter:label1\" content=\"Napisane przez\" \/>\n\t<meta name=\"twitter:data1\" content=\"kadmins70\" \/>\n\t<meta name=\"twitter:label2\" content=\"Szacowany czas czytania\" \/>\n\t<meta name=\"twitter:data2\" content=\"5 minut\" \/>\n<script type=\"application\/ld+json\" class=\"yoast-schema-graph\">{\"@context\":\"https:\/\/schema.org\",\"@graph\":[{\"@type\":\"Article\",\"@id\":\"https:\/\/parafiaklimkowka.pl\/index.php\/2022\/10\/02\/xxvii-niedziela-zwykla-2\/#article\",\"isPartOf\":{\"@id\":\"https:\/\/parafiaklimkowka.pl\/index.php\/2022\/10\/02\/xxvii-niedziela-zwykla-2\/\"},\"author\":{\"name\":\"kadmins70\",\"@id\":\"https:\/\/parafiaklimkowka.pl\/#\/schema\/person\/8411339f73ed143172a1fc20b8c20562\"},\"headline\":\"XXVII\u00a0 Niedziela Zwyk\u0142a\",\"datePublished\":\"2022-10-02T17:50:25+00:00\",\"dateModified\":\"2022-10-07T20:09:22+00:00\",\"mainEntityOfPage\":{\"@id\":\"https:\/\/parafiaklimkowka.pl\/index.php\/2022\/10\/02\/xxvii-niedziela-zwykla-2\/\"},\"wordCount\":962,\"publisher\":{\"@id\":\"https:\/\/parafiaklimkowka.pl\/#organization\"},\"articleSection\":[\"Og\u0142oszenia duszpasterskie\"],\"inLanguage\":\"pl-PL\"},{\"@type\":\"WebPage\",\"@id\":\"https:\/\/parafiaklimkowka.pl\/index.php\/2022\/10\/02\/xxvii-niedziela-zwykla-2\/\",\"url\":\"https:\/\/parafiaklimkowka.pl\/index.php\/2022\/10\/02\/xxvii-niedziela-zwykla-2\/\",\"name\":\"XXVII\u00a0 Niedziela Zwyk\u0142a - Parafia w Klimk\u00f3wce\",\"isPartOf\":{\"@id\":\"https:\/\/parafiaklimkowka.pl\/#website\"},\"datePublished\":\"2022-10-02T17:50:25+00:00\",\"dateModified\":\"2022-10-07T20:09:22+00:00\",\"breadcrumb\":{\"@id\":\"https:\/\/parafiaklimkowka.pl\/index.php\/2022\/10\/02\/xxvii-niedziela-zwykla-2\/#breadcrumb\"},\"inLanguage\":\"pl-PL\",\"potentialAction\":[{\"@type\":\"ReadAction\",\"target\":[\"https:\/\/parafiaklimkowka.pl\/index.php\/2022\/10\/02\/xxvii-niedziela-zwykla-2\/\"]}]},{\"@type\":\"BreadcrumbList\",\"@id\":\"https:\/\/parafiaklimkowka.pl\/index.php\/2022\/10\/02\/xxvii-niedziela-zwykla-2\/#breadcrumb\",\"itemListElement\":[{\"@type\":\"ListItem\",\"position\":1,\"name\":\"Strona g\u0142\u00f3wna\",\"item\":\"https:\/\/parafiaklimkowka.pl\/\"},{\"@type\":\"ListItem\",\"position\":2,\"name\":\"XXVII\u00a0 Niedziela Zwyk\u0142a\"}]},{\"@type\":\"WebSite\",\"@id\":\"https:\/\/parafiaklimkowka.pl\/#website\",\"url\":\"https:\/\/parafiaklimkowka.pl\/\",\"name\":\"Parafia w Klimk\u00f3wce\",\"description\":\"pw. \u015aw. Micha\u0142a Archanio\u0142a\",\"publisher\":{\"@id\":\"https:\/\/parafiaklimkowka.pl\/#organization\"},\"potentialAction\":[{\"@type\":\"SearchAction\",\"target\":{\"@type\":\"EntryPoint\",\"urlTemplate\":\"https:\/\/parafiaklimkowka.pl\/?s={search_term_string}\"},\"query-input\":\"required name=search_term_string\"}],\"inLanguage\":\"pl-PL\"},{\"@type\":\"Organization\",\"@id\":\"https:\/\/parafiaklimkowka.pl\/#organization\",\"name\":\"Parafia p.w. \u015bw. Micha\u0142a Archanio\u0142a w Klimk\u00f3wce\",\"url\":\"https:\/\/parafiaklimkowka.pl\/\",\"logo\":{\"@type\":\"ImageObject\",\"inLanguage\":\"pl-PL\",\"@id\":\"https:\/\/parafiaklimkowka.pl\/#\/schema\/logo\/image\/\",\"url\":\"http:\/\/parafiaklimkowka.pl\/wp-content\/uploads\/2019\/10\/anio\u01428_jpeg.jpg\",\"contentUrl\":\"http:\/\/parafiaklimkowka.pl\/wp-content\/uploads\/2019\/10\/anio\u01428_jpeg.jpg\",\"width\":658,\"height\":483,\"caption\":\"Parafia p.w. \u015bw. Micha\u0142a Archanio\u0142a w Klimk\u00f3wce\"},\"image\":{\"@id\":\"https:\/\/parafiaklimkowka.pl\/#\/schema\/logo\/image\/\"}},{\"@type\":\"Person\",\"@id\":\"https:\/\/parafiaklimkowka.pl\/#\/schema\/person\/8411339f73ed143172a1fc20b8c20562\",\"name\":\"kadmins70\",\"image\":{\"@type\":\"ImageObject\",\"inLanguage\":\"pl-PL\",\"@id\":\"https:\/\/parafiaklimkowka.pl\/#\/schema\/person\/image\/\",\"url\":\"https:\/\/secure.gravatar.com\/avatar\/2f1a9b134b0f743459e06c66845f8cf1?s=96&d=mm&r=g\",\"contentUrl\":\"https:\/\/secure.gravatar.com\/avatar\/2f1a9b134b0f743459e06c66845f8cf1?s=96&d=mm&r=g\",\"caption\":\"kadmins70\"}}]}<\/script>\n<!-- \/ Yoast SEO plugin. -->","yoast_head_json":{"title":"XXVII\u00a0 Niedziela Zwyk\u0142a - Parafia w Klimk\u00f3wce","robots":{"index":"index","follow":"follow","max-snippet":"max-snippet:-1","max-image-preview":"max-image-preview:large","max-video-preview":"max-video-preview:-1"},"canonical":"https:\/\/parafiaklimkowka.pl\/index.php\/2022\/10\/02\/xxvii-niedziela-zwykla-2\/","og_locale":"pl_PL","og_type":"article","og_title":"XXVII\u00a0 Niedziela Zwyk\u0142a - Parafia w Klimk\u00f3wce","og_description":"1. Trwamy na codziennej modlitwie r\u00f3\u017ca\u0144cowej. Przez ca\u0142y pa\u017adziernik z Matk\u0105 Bo\u017c\u0105 trwamy na modlitwie r\u00f3\u017ca\u0144cowej. R\u00f3\u017caniec towarzyszy nam w chwilach rado\u015bci i do\u015bwiadczenia. Rozwa\u017caj\u0105c tajemnice z \u017cycia Pana Jezusa [&hellip;]","og_url":"https:\/\/parafiaklimkowka.pl\/index.php\/2022\/10\/02\/xxvii-niedziela-zwykla-2\/","og_site_name":"Parafia w Klimk\u00f3wce","article_published_time":"2022-10-02T17:50:25+00:00","article_modified_time":"2022-10-07T20:09:22+00:00","author":"kadmins70","twitter_card":"summary_large_image","twitter_misc":{"Napisane przez":"kadmins70","Szacowany czas czytania":"5 minut"},"schema":{"@context":"https:\/\/schema.org","@graph":[{"@type":"Article","@id":"https:\/\/parafiaklimkowka.pl\/index.php\/2022\/10\/02\/xxvii-niedziela-zwykla-2\/#article","isPartOf":{"@id":"https:\/\/parafiaklimkowka.pl\/index.php\/2022\/10\/02\/xxvii-niedziela-zwykla-2\/"},"author":{"name":"kadmins70","@id":"https:\/\/parafiaklimkowka.pl\/#\/schema\/person\/8411339f73ed143172a1fc20b8c20562"},"headline":"XXVII\u00a0 Niedziela Zwyk\u0142a","datePublished":"2022-10-02T17:50:25+00:00","dateModified":"2022-10-07T20:09:22+00:00","mainEntityOfPage":{"@id":"https:\/\/parafiaklimkowka.pl\/index.php\/2022\/10\/02\/xxvii-niedziela-zwykla-2\/"},"wordCount":962,"publisher":{"@id":"https:\/\/parafiaklimkowka.pl\/#organization"},"articleSection":["Og\u0142oszenia duszpasterskie"],"inLanguage":"pl-PL"},{"@type":"WebPage","@id":"https:\/\/parafiaklimkowka.pl\/index.php\/2022\/10\/02\/xxvii-niedziela-zwykla-2\/","url":"https:\/\/parafiaklimkowka.pl\/index.php\/2022\/10\/02\/xxvii-niedziela-zwykla-2\/","name":"XXVII\u00a0 Niedziela Zwyk\u0142a - Parafia w Klimk\u00f3wce","isPartOf":{"@id":"https:\/\/parafiaklimkowka.pl\/#website"},"datePublished":"2022-10-02T17:50:25+00:00","dateModified":"2022-10-07T20:09:22+00:00","breadcrumb":{"@id":"https:\/\/parafiaklimkowka.pl\/index.php\/2022\/10\/02\/xxvii-niedziela-zwykla-2\/#breadcrumb"},"inLanguage":"pl-PL","potentialAction":[{"@type":"ReadAction","target":["https:\/\/parafiaklimkowka.pl\/index.php\/2022\/10\/02\/xxvii-niedziela-zwykla-2\/"]}]},{"@type":"BreadcrumbList","@id":"https:\/\/parafiaklimkowka.pl\/index.php\/2022\/10\/02\/xxvii-niedziela-zwykla-2\/#breadcrumb","itemListElement":[{"@type":"ListItem","position":1,"name":"Strona g\u0142\u00f3wna","item":"https:\/\/parafiaklimkowka.pl\/"},{"@type":"ListItem","position":2,"name":"XXVII\u00a0 Niedziela Zwyk\u0142a"}]},{"@type":"WebSite","@id":"https:\/\/parafiaklimkowka.pl\/#website","url":"https:\/\/parafiaklimkowka.pl\/","name":"Parafia w Klimk\u00f3wce","description":"pw. \u015aw. Micha\u0142a Archanio\u0142a","publisher":{"@id":"https:\/\/parafiaklimkowka.pl\/#organization"},"potentialAction":[{"@type":"SearchAction","target":{"@type":"EntryPoint","urlTemplate":"https:\/\/parafiaklimkowka.pl\/?s={search_term_string}"},"query-input":"required name=search_term_string"}],"inLanguage":"pl-PL"},{"@type":"Organization","@id":"https:\/\/parafiaklimkowka.pl\/#organization","name":"Parafia p.w. \u015bw. Micha\u0142a Archanio\u0142a w Klimk\u00f3wce","url":"https:\/\/parafiaklimkowka.pl\/","logo":{"@type":"ImageObject","inLanguage":"pl-PL","@id":"https:\/\/parafiaklimkowka.pl\/#\/schema\/logo\/image\/","url":"http:\/\/parafiaklimkowka.pl\/wp-content\/uploads\/2019\/10\/anio\u01428_jpeg.jpg","contentUrl":"http:\/\/parafiaklimkowka.pl\/wp-content\/uploads\/2019\/10\/anio\u01428_jpeg.jpg","width":658,"height":483,"caption":"Parafia p.w. \u015bw. Micha\u0142a Archanio\u0142a w Klimk\u00f3wce"},"image":{"@id":"https:\/\/parafiaklimkowka.pl\/#\/schema\/logo\/image\/"}},{"@type":"Person","@id":"https:\/\/parafiaklimkowka.pl\/#\/schema\/person\/8411339f73ed143172a1fc20b8c20562","name":"kadmins70","image":{"@type":"ImageObject","inLanguage":"pl-PL","@id":"https:\/\/parafiaklimkowka.pl\/#\/schema\/person\/image\/","url":"https:\/\/secure.gravatar.com\/avatar\/2f1a9b134b0f743459e06c66845f8cf1?s=96&d=mm&r=g","contentUrl":"https:\/\/secure.gravatar.com\/avatar\/2f1a9b134b0f743459e06c66845f8cf1?s=96&d=mm&r=g","caption":"kadmins70"}}]}},"_links":{"self":[{"href":"https:\/\/parafiaklimkowka.pl\/index.php\/wp-json\/wp\/v2\/posts\/7635"}],"collection":[{"href":"https:\/\/parafiaklimkowka.pl\/index.php\/wp-json\/wp\/v2\/posts"}],"about":[{"href":"https:\/\/parafiaklimkowka.pl\/index.php\/wp-json\/wp\/v2\/types\/post"}],"author":[{"embeddable":true,"href":"https:\/\/parafiaklimkowka.pl\/index.php\/wp-json\/wp\/v2\/users\/1"}],"replies":[{"embeddable":true,"href":"https:\/\/parafiaklimkowka.pl\/index.php\/wp-json\/wp\/v2\/comments?post=7635"}],"version-history":[{"count":1,"href":"https:\/\/parafiaklimkowka.pl\/index.php\/wp-json\/wp\/v2\/posts\/7635\/revisions"}],"predecessor-version":[{"id":7636,"href":"https:\/\/parafiaklimkowka.pl\/index.php\/wp-json\/wp\/v2\/posts\/7635\/revisions\/7636"}],"wp:attachment":[{"href":"https:\/\/parafiaklimkowka.pl\/index.php\/wp-json\/wp\/v2\/media?parent=7635"}],"wp:term":[{"taxonomy":"category","embeddable":true,"href":"https:\/\/parafiaklimkowka.pl\/index.php\/wp-json\/wp\/v2\/categories?post=7635"},{"taxonomy":"post_tag","embeddable":true,"href":"https:\/\/parafiaklimkowka.pl\/index.php\/wp-json\/wp\/v2\/tags?post=7635"}],"curies":[{"name":"wp","href":"https:\/\/api.w.org\/{rel}","templated":true}]}}