{"id":7883,"date":"2022-11-27T18:06:21","date_gmt":"2022-11-27T17:06:21","guid":{"rendered":"https:\/\/parafiaklimkowka.pl\/?p=7883"},"modified":"2022-12-03T17:01:06","modified_gmt":"2022-12-03T16:01:06","slug":"7883","status":"publish","type":"post","link":"https:\/\/parafiaklimkowka.pl\/index.php\/2022\/11\/27\/7883\/","title":{"rendered":"I Niedziela Adwentu\u00a0"},"content":{"rendered":"<p style=\"text-align: justify;\">1. &nbsp;<strong>Rozpocz\u0119li\u015bmy okres Adwentu,<\/strong> kt\u00f3ry ma podw\u00f3jny charakter: najpierw nasza uwaga jest skierowana na powt\u00f3rne przyj\u015bcie Chrystusa przy ko\u0144cu dziej\u00f3w, a p\u00f3\u017aniej na przygotowania nas do uroczysto\u015bci Narodzenia Pa\u0144skiego. Adwent to czas oczekiwania na przyj\u015bcie Zbawiciela. Chc\u0105c dobrze przygotowa\u0107 si\u0119 na spotkanie z przychodz\u0105cym Jezusem Chrystusem podejmujemy r\u00f3\u017cne dobre uczynki. Jest okazja aby w Adwencie podj\u0105\u0107 dobrowoln\u0105 abstynencj\u0119. <strong>Rozpoczyna si\u0119 nowy rok duszpasterski 2022\/2023.<\/strong><\/p>\n<p style=\"text-align: justify;\"><strong>2. Dzi\u015b w naszej Wsp\u00f3lnocie go\u015bcimy Siostry ze Zgromadzenia Si\u00f3str Michalitek, kt\u00f3re przybli\u017caj\u0105 nam posta\u0107 S\u0142ugi Bo\u017cej Matki Anny Kaworek, kt\u00f3rej 150 rocznic\u0119 urodzin w tym roku obchodzimy, oczekuj\u0105c wyniesienia Jej jako b\u0142ogos\u0142awionej na O\u0142tarze.<\/strong><\/p>\n<p style=\"text-align: justify;\">3. <strong>Od jutra (27&nbsp; listopad) rozpoczynamy Msze \u015awi\u0119te roratnie. We wszystkie dni, z wyj\u0105tkiem niedziel i uroczysto\u015bci, o godz. 17.00<\/strong>. Msza \u015bw. o Matce Bo\u017cej, zwana roratni\u0105. Zach\u0119cam dzieci, m\u0142odzie\u017c, doros\u0142ych do przychodzenia z lampionami ju\u017c od poniedzia\u0142ku.<\/p>\n<p style=\"text-align: justify;\">4. <strong>W tym tygodniu przypada pierwszy czwartek, pi\u0105tek i sobota miesi\u0105ca:<\/strong><\/p>\n<p>&#8211; w czwartek modlimy si\u0119 o nowe powo\u0142ania kap\u0142a\u0144skie i zakonne<\/p>\n<p style=\"text-align: justify;\">&#8211; <strong>Spowied\u017a \u015awi\u0119ta na pierwszy pi\u0105tek zawsze p\u00f3\u0142 godziny przed Msz\u0105 \u015awi\u0119t\u0105, spowied\u017a dzieci w czwartek od godziny 16.15 do 17.00. Spowied\u017a w pi\u0105tek dla starszych i pracuj\u0105cych od godziny 16.15 do 16.45. Zg\u0142oszonych chorych odwiedz\u0119 w \u015brod\u0119, od godziny 7.30 \u2013 d\u00f3\u0142 Parafii do mostu i w pi\u0105tek, od godziny 7.30, od mostu, do ko\u0144ca.<\/strong><\/p>\n<p><strong>Prosz\u0119 zg\u0142asza\u0107 tak\u017ce chorych, kt\u00f3rych odwiedzam przed \u015awi\u0119tami.<\/strong><\/p>\n<p><strong>&#8211; r\u00f3\u017caniec pierwszo sobotni prowadzony przez Akcj\u0119 Katolick\u0105 o godzinie 16.30<\/strong><\/p>\n<p><strong>&#8211; w przysz\u0142\u0105 niedziel\u0119 4 grudnia, po Mszy o godzinie 9.15 zmiana tajemnic r\u00f3\u017ca\u0144cowych<\/strong><\/p>\n<p style=\"text-align: justify;\">5. Dzi\u015b ostatnia niedziela miesi\u0105ca, sk\u0142adka mszalna zbierana przez Rad\u0119 Parafialn\u0105, na potrzeby naszej Parafii i Ko\u015bcio\u0142a, sk\u0142adka mszalna z przysz\u0142ej niedzieli b\u0119dzie przeznaczona na Seminarium Duchowne w Przemy\u015blu.<\/p>\n<p style=\"text-align: justify;\"><strong>6. W zakrystii s\u0105 do nabycia wigilijne \u015awiece Caritas (doch\u00f3d na potrzebuj\u0105cych) i op\u0142atki bo\u017conarodzeniowe (doch\u00f3d na op\u0142at\u0119 us\u0142ug Pana Organisty w naszej Parafii).<\/strong><\/p>\n<p style=\"text-align: justify;\"><strong>7. <\/strong>Dzi\u0119kujemy za sprz\u0105tanie Ko\u015bcio\u0142a tym osobom, kt\u00f3re to uczyni\u0142y w minionym tygodniu, <strong>a na sobot\u0119, na godzin\u0119 8.00 zapraszamy mieszka\u0144c\u00f3w z ulicy Zdrojowej, numery 380, 386, 386A, 388.<\/strong><\/p>\n<hr>\n<p><em><strong>Ewangelia wed\u0142ug \u015awi\u0119tego Mateusza&nbsp; &nbsp;&nbsp;<br \/>\n<\/strong><\/em><\/p>\n<p style=\"text-align: justify;\">Jezus powiedzia\u0142 do swoich uczni\u00f3w: \u201dJak by\u0142o za dni Noego, tak b\u0119dzie z przyj\u015bciem Syna Cz\u0142owieczego. Albowiem jak w czasie przed potopem jedli i pili, \u017cenili si\u0119 i za m\u0105\u017c wydawali a\u017c do dnia, kiedy Noe wszed\u0142 do arki, i nie spostrzegli si\u0119, \u017ce przyszed\u0142 potop i poch\u0142on\u0105\u0142 wszystkich, tak r\u00f3wnie\u017c b\u0119dzie z przyj\u015bciem Syna Cz\u0142owieczego. Wtedy dw\u00f3ch b\u0119dzie w polu: jeden b\u0119dzie wzi\u0119ty, drugi zostawiony. Dwie b\u0119d\u0105 mle\u0107 na \u017carnach: jedna b\u0119dzie wzi\u0119ta, druga zostawiona. Czuwajcie wi\u0119c, bo nie wiecie, w kt\u00f3rym dniu Pan wasz przyjdzie. A to rozumiejcie: Gdyby gospodarz wiedzia\u0142, o kt\u00f3rej porze nocy z\u0142odziej ma przyj\u015b\u0107, na pewno by czuwa\u0142 i nie pozwoli\u0142by w\u0142ama\u0107 si\u0119 do swego domu. Dlatego i wy b\u0105d\u017acie gotowi, bo w chwili, kt\u00f3rej si\u0119 nie domy\u015blacie, Syn Cz\u0142owieczy przyjdzie\u201d.<\/p>\n<p style=\"text-align: justify;\"><strong data-rich-text-format-boundary=\"true\">Refleksja nad S\u0142owem Bo\u017cym<\/strong><\/p>\n<p style=\"text-align: justify;\">Chrystus w Ewangelii przypomina m\u0105drego ojca rodziny. Kim\u015b takim jest Noe, kt\u00f3ry budowa\u0142 dom wed\u0142ug koncepcji Boga, a nie swojej. Na trudny czas tak\u0105 koncepcj\u0105 by\u0142a arka, statek, kt\u00f3ry mia\u0142 ocali\u0107 cz\u0119\u015b\u0107 stworzenia przed wodami potopu. Oto model naszej m\u0105dro\u015bci. Tylko Jezus zna jutro naszej rodziny i ca\u0142ego \u015bwiata. Tylko On ma dobr\u0105 koncepcj\u0119 naszego rodzinnego szcz\u0119\u015bcia.<\/p>\n<hr>\n<h3><strong>Zapowiedzi przedma\u0142\u017ce\u0144skie<\/strong><\/h3>\n<hr>\n<h3><strong>Odes<\/strong><strong>zli do wieczno\u015bc<\/strong><strong>i<\/strong><\/h3>\n<hr>\n<p>&nbsp;<\/p>\n<h3><strong>Spotkania grup duszpasterskich<\/strong><\/h3>\n<hr>\n<h3><strong>Intencje modlitewne na listopad<\/strong><\/h3>\n<h4><strong>Og\u00f3lna:<\/strong><\/h4>\n<p style=\"text-align: justify;\">Aby dzieci, kt\u00f3re cierpi\u0105 &#8211; te, kt\u00f3re \u017cyj\u0105 na ulicy ofiary wojen, sieroty &#8211; mia\u0142y dost\u0119p do edukacji i mog\u0142y na nowo zazna\u0107 uczucia ze strony rodziny.<\/p>\n<h4><strong>Diecezjalna r\u00f3\u017ca\u0144cowa:<\/strong><\/h4>\n<p>O \u0142ask\u0105 nieba dla zmar\u0142ych z naszych rodzin i wsp\u00f3lnot.<\/p>\n","protected":false},"excerpt":{"rendered":"<p>1. &nbsp;Rozpocz\u0119li\u015bmy okres Adwentu, kt\u00f3ry ma podw\u00f3jny charakter: najpierw nasza uwaga jest skierowana na powt\u00f3rne przyj\u015bcie Chrystusa przy ko\u0144cu dziej\u00f3w, a p\u00f3\u017aniej na przygotowania nas do uroczysto\u015bci Narodzenia Pa\u0144skiego. Adwent [&hellip;]<\/p>\n","protected":false},"author":1,"featured_media":0,"comment_status":"closed","ping_status":"open","sticky":false,"template":"","format":"standard","meta":{"ngg_post_thumbnail":0,"footnotes":""},"categories":[4],"tags":[],"yoast_head":"<!-- This site is optimized with the Yoast SEO plugin v23.2 - https:\/\/yoast.com\/wordpress\/plugins\/seo\/ -->\n<title>I Niedziela Adwentu\u00a0 - Parafia w Klimk\u00f3wce<\/title>\n<meta name=\"robots\" content=\"index, follow, max-snippet:-1, max-image-preview:large, max-video-preview:-1\" \/>\n<link rel=\"canonical\" href=\"https:\/\/parafiaklimkowka.pl\/index.php\/2022\/11\/27\/7883\/\" \/>\n<meta property=\"og:locale\" content=\"pl_PL\" \/>\n<meta property=\"og:type\" content=\"article\" \/>\n<meta property=\"og:title\" content=\"I Niedziela Adwentu\u00a0 - Parafia w Klimk\u00f3wce\" \/>\n<meta property=\"og:description\" content=\"1. &nbsp;Rozpocz\u0119li\u015bmy okres Adwentu, kt\u00f3ry ma podw\u00f3jny charakter: najpierw nasza uwaga jest skierowana na powt\u00f3rne przyj\u015bcie Chrystusa przy ko\u0144cu dziej\u00f3w, a p\u00f3\u017aniej na przygotowania nas do uroczysto\u015bci Narodzenia Pa\u0144skiego. Adwent [&hellip;]\" \/>\n<meta property=\"og:url\" content=\"https:\/\/parafiaklimkowka.pl\/index.php\/2022\/11\/27\/7883\/\" \/>\n<meta property=\"og:site_name\" content=\"Parafia w Klimk\u00f3wce\" \/>\n<meta property=\"article:published_time\" content=\"2022-11-27T17:06:21+00:00\" \/>\n<meta property=\"article:modified_time\" content=\"2022-12-03T16:01:06+00:00\" \/>\n<meta name=\"author\" content=\"kadmins70\" \/>\n<meta name=\"twitter:card\" content=\"summary_large_image\" \/>\n<meta name=\"twitter:label1\" content=\"Napisane przez\" \/>\n\t<meta name=\"twitter:data1\" content=\"kadmins70\" \/>\n\t<meta name=\"twitter:label2\" content=\"Szacowany czas czytania\" \/>\n\t<meta name=\"twitter:data2\" content=\"4 minuty\" \/>\n<script type=\"application\/ld+json\" class=\"yoast-schema-graph\">{\"@context\":\"https:\/\/schema.org\",\"@graph\":[{\"@type\":\"Article\",\"@id\":\"https:\/\/parafiaklimkowka.pl\/index.php\/2022\/11\/27\/7883\/#article\",\"isPartOf\":{\"@id\":\"https:\/\/parafiaklimkowka.pl\/index.php\/2022\/11\/27\/7883\/\"},\"author\":{\"name\":\"kadmins70\",\"@id\":\"https:\/\/parafiaklimkowka.pl\/#\/schema\/person\/8411339f73ed143172a1fc20b8c20562\"},\"headline\":\"I Niedziela Adwentu\u00a0\",\"datePublished\":\"2022-11-27T17:06:21+00:00\",\"dateModified\":\"2022-12-03T16:01:06+00:00\",\"mainEntityOfPage\":{\"@id\":\"https:\/\/parafiaklimkowka.pl\/index.php\/2022\/11\/27\/7883\/\"},\"wordCount\":692,\"publisher\":{\"@id\":\"https:\/\/parafiaklimkowka.pl\/#organization\"},\"articleSection\":[\"Og\u0142oszenia duszpasterskie\"],\"inLanguage\":\"pl-PL\"},{\"@type\":\"WebPage\",\"@id\":\"https:\/\/parafiaklimkowka.pl\/index.php\/2022\/11\/27\/7883\/\",\"url\":\"https:\/\/parafiaklimkowka.pl\/index.php\/2022\/11\/27\/7883\/\",\"name\":\"I Niedziela Adwentu\u00a0 - Parafia w Klimk\u00f3wce\",\"isPartOf\":{\"@id\":\"https:\/\/parafiaklimkowka.pl\/#website\"},\"datePublished\":\"2022-11-27T17:06:21+00:00\",\"dateModified\":\"2022-12-03T16:01:06+00:00\",\"breadcrumb\":{\"@id\":\"https:\/\/parafiaklimkowka.pl\/index.php\/2022\/11\/27\/7883\/#breadcrumb\"},\"inLanguage\":\"pl-PL\",\"potentialAction\":[{\"@type\":\"ReadAction\",\"target\":[\"https:\/\/parafiaklimkowka.pl\/index.php\/2022\/11\/27\/7883\/\"]}]},{\"@type\":\"BreadcrumbList\",\"@id\":\"https:\/\/parafiaklimkowka.pl\/index.php\/2022\/11\/27\/7883\/#breadcrumb\",\"itemListElement\":[{\"@type\":\"ListItem\",\"position\":1,\"name\":\"Strona g\u0142\u00f3wna\",\"item\":\"https:\/\/parafiaklimkowka.pl\/\"},{\"@type\":\"ListItem\",\"position\":2,\"name\":\"I Niedziela Adwentu\u00a0\"}]},{\"@type\":\"WebSite\",\"@id\":\"https:\/\/parafiaklimkowka.pl\/#website\",\"url\":\"https:\/\/parafiaklimkowka.pl\/\",\"name\":\"Parafia w Klimk\u00f3wce\",\"description\":\"pw. \u015aw. Micha\u0142a Archanio\u0142a\",\"publisher\":{\"@id\":\"https:\/\/parafiaklimkowka.pl\/#organization\"},\"potentialAction\":[{\"@type\":\"SearchAction\",\"target\":{\"@type\":\"EntryPoint\",\"urlTemplate\":\"https:\/\/parafiaklimkowka.pl\/?s={search_term_string}\"},\"query-input\":\"required name=search_term_string\"}],\"inLanguage\":\"pl-PL\"},{\"@type\":\"Organization\",\"@id\":\"https:\/\/parafiaklimkowka.pl\/#organization\",\"name\":\"Parafia p.w. \u015bw. Micha\u0142a Archanio\u0142a w Klimk\u00f3wce\",\"url\":\"https:\/\/parafiaklimkowka.pl\/\",\"logo\":{\"@type\":\"ImageObject\",\"inLanguage\":\"pl-PL\",\"@id\":\"https:\/\/parafiaklimkowka.pl\/#\/schema\/logo\/image\/\",\"url\":\"http:\/\/parafiaklimkowka.pl\/wp-content\/uploads\/2019\/10\/anio\u01428_jpeg.jpg\",\"contentUrl\":\"http:\/\/parafiaklimkowka.pl\/wp-content\/uploads\/2019\/10\/anio\u01428_jpeg.jpg\",\"width\":658,\"height\":483,\"caption\":\"Parafia p.w. \u015bw. Micha\u0142a Archanio\u0142a w Klimk\u00f3wce\"},\"image\":{\"@id\":\"https:\/\/parafiaklimkowka.pl\/#\/schema\/logo\/image\/\"}},{\"@type\":\"Person\",\"@id\":\"https:\/\/parafiaklimkowka.pl\/#\/schema\/person\/8411339f73ed143172a1fc20b8c20562\",\"name\":\"kadmins70\",\"image\":{\"@type\":\"ImageObject\",\"inLanguage\":\"pl-PL\",\"@id\":\"https:\/\/parafiaklimkowka.pl\/#\/schema\/person\/image\/\",\"url\":\"https:\/\/secure.gravatar.com\/avatar\/2f1a9b134b0f743459e06c66845f8cf1?s=96&d=mm&r=g\",\"contentUrl\":\"https:\/\/secure.gravatar.com\/avatar\/2f1a9b134b0f743459e06c66845f8cf1?s=96&d=mm&r=g\",\"caption\":\"kadmins70\"}}]}<\/script>\n<!-- \/ Yoast SEO plugin. -->","yoast_head_json":{"title":"I Niedziela Adwentu\u00a0 - Parafia w Klimk\u00f3wce","robots":{"index":"index","follow":"follow","max-snippet":"max-snippet:-1","max-image-preview":"max-image-preview:large","max-video-preview":"max-video-preview:-1"},"canonical":"https:\/\/parafiaklimkowka.pl\/index.php\/2022\/11\/27\/7883\/","og_locale":"pl_PL","og_type":"article","og_title":"I Niedziela Adwentu\u00a0 - Parafia w Klimk\u00f3wce","og_description":"1. &nbsp;Rozpocz\u0119li\u015bmy okres Adwentu, kt\u00f3ry ma podw\u00f3jny charakter: najpierw nasza uwaga jest skierowana na powt\u00f3rne przyj\u015bcie Chrystusa przy ko\u0144cu dziej\u00f3w, a p\u00f3\u017aniej na przygotowania nas do uroczysto\u015bci Narodzenia Pa\u0144skiego. Adwent [&hellip;]","og_url":"https:\/\/parafiaklimkowka.pl\/index.php\/2022\/11\/27\/7883\/","og_site_name":"Parafia w Klimk\u00f3wce","article_published_time":"2022-11-27T17:06:21+00:00","article_modified_time":"2022-12-03T16:01:06+00:00","author":"kadmins70","twitter_card":"summary_large_image","twitter_misc":{"Napisane przez":"kadmins70","Szacowany czas czytania":"4 minuty"},"schema":{"@context":"https:\/\/schema.org","@graph":[{"@type":"Article","@id":"https:\/\/parafiaklimkowka.pl\/index.php\/2022\/11\/27\/7883\/#article","isPartOf":{"@id":"https:\/\/parafiaklimkowka.pl\/index.php\/2022\/11\/27\/7883\/"},"author":{"name":"kadmins70","@id":"https:\/\/parafiaklimkowka.pl\/#\/schema\/person\/8411339f73ed143172a1fc20b8c20562"},"headline":"I Niedziela Adwentu\u00a0","datePublished":"2022-11-27T17:06:21+00:00","dateModified":"2022-12-03T16:01:06+00:00","mainEntityOfPage":{"@id":"https:\/\/parafiaklimkowka.pl\/index.php\/2022\/11\/27\/7883\/"},"wordCount":692,"publisher":{"@id":"https:\/\/parafiaklimkowka.pl\/#organization"},"articleSection":["Og\u0142oszenia duszpasterskie"],"inLanguage":"pl-PL"},{"@type":"WebPage","@id":"https:\/\/parafiaklimkowka.pl\/index.php\/2022\/11\/27\/7883\/","url":"https:\/\/parafiaklimkowka.pl\/index.php\/2022\/11\/27\/7883\/","name":"I Niedziela Adwentu\u00a0 - Parafia w Klimk\u00f3wce","isPartOf":{"@id":"https:\/\/parafiaklimkowka.pl\/#website"},"datePublished":"2022-11-27T17:06:21+00:00","dateModified":"2022-12-03T16:01:06+00:00","breadcrumb":{"@id":"https:\/\/parafiaklimkowka.pl\/index.php\/2022\/11\/27\/7883\/#breadcrumb"},"inLanguage":"pl-PL","potentialAction":[{"@type":"ReadAction","target":["https:\/\/parafiaklimkowka.pl\/index.php\/2022\/11\/27\/7883\/"]}]},{"@type":"BreadcrumbList","@id":"https:\/\/parafiaklimkowka.pl\/index.php\/2022\/11\/27\/7883\/#breadcrumb","itemListElement":[{"@type":"ListItem","position":1,"name":"Strona g\u0142\u00f3wna","item":"https:\/\/parafiaklimkowka.pl\/"},{"@type":"ListItem","position":2,"name":"I Niedziela Adwentu\u00a0"}]},{"@type":"WebSite","@id":"https:\/\/parafiaklimkowka.pl\/#website","url":"https:\/\/parafiaklimkowka.pl\/","name":"Parafia w Klimk\u00f3wce","description":"pw. \u015aw. Micha\u0142a Archanio\u0142a","publisher":{"@id":"https:\/\/parafiaklimkowka.pl\/#organization"},"potentialAction":[{"@type":"SearchAction","target":{"@type":"EntryPoint","urlTemplate":"https:\/\/parafiaklimkowka.pl\/?s={search_term_string}"},"query-input":"required name=search_term_string"}],"inLanguage":"pl-PL"},{"@type":"Organization","@id":"https:\/\/parafiaklimkowka.pl\/#organization","name":"Parafia p.w. \u015bw. Micha\u0142a Archanio\u0142a w Klimk\u00f3wce","url":"https:\/\/parafiaklimkowka.pl\/","logo":{"@type":"ImageObject","inLanguage":"pl-PL","@id":"https:\/\/parafiaklimkowka.pl\/#\/schema\/logo\/image\/","url":"http:\/\/parafiaklimkowka.pl\/wp-content\/uploads\/2019\/10\/anio\u01428_jpeg.jpg","contentUrl":"http:\/\/parafiaklimkowka.pl\/wp-content\/uploads\/2019\/10\/anio\u01428_jpeg.jpg","width":658,"height":483,"caption":"Parafia p.w. \u015bw. Micha\u0142a Archanio\u0142a w Klimk\u00f3wce"},"image":{"@id":"https:\/\/parafiaklimkowka.pl\/#\/schema\/logo\/image\/"}},{"@type":"Person","@id":"https:\/\/parafiaklimkowka.pl\/#\/schema\/person\/8411339f73ed143172a1fc20b8c20562","name":"kadmins70","image":{"@type":"ImageObject","inLanguage":"pl-PL","@id":"https:\/\/parafiaklimkowka.pl\/#\/schema\/person\/image\/","url":"https:\/\/secure.gravatar.com\/avatar\/2f1a9b134b0f743459e06c66845f8cf1?s=96&d=mm&r=g","contentUrl":"https:\/\/secure.gravatar.com\/avatar\/2f1a9b134b0f743459e06c66845f8cf1?s=96&d=mm&r=g","caption":"kadmins70"}}]}},"_links":{"self":[{"href":"https:\/\/parafiaklimkowka.pl\/index.php\/wp-json\/wp\/v2\/posts\/7883"}],"collection":[{"href":"https:\/\/parafiaklimkowka.pl\/index.php\/wp-json\/wp\/v2\/posts"}],"about":[{"href":"https:\/\/parafiaklimkowka.pl\/index.php\/wp-json\/wp\/v2\/types\/post"}],"author":[{"embeddable":true,"href":"https:\/\/parafiaklimkowka.pl\/index.php\/wp-json\/wp\/v2\/users\/1"}],"replies":[{"embeddable":true,"href":"https:\/\/parafiaklimkowka.pl\/index.php\/wp-json\/wp\/v2\/comments?post=7883"}],"version-history":[{"count":3,"href":"https:\/\/parafiaklimkowka.pl\/index.php\/wp-json\/wp\/v2\/posts\/7883\/revisions"}],"predecessor-version":[{"id":7887,"href":"https:\/\/parafiaklimkowka.pl\/index.php\/wp-json\/wp\/v2\/posts\/7883\/revisions\/7887"}],"wp:attachment":[{"href":"https:\/\/parafiaklimkowka.pl\/index.php\/wp-json\/wp\/v2\/media?parent=7883"}],"wp:term":[{"taxonomy":"category","embeddable":true,"href":"https:\/\/parafiaklimkowka.pl\/index.php\/wp-json\/wp\/v2\/categories?post=7883"},{"taxonomy":"post_tag","embeddable":true,"href":"https:\/\/parafiaklimkowka.pl\/index.php\/wp-json\/wp\/v2\/tags?post=7883"}],"curies":[{"name":"wp","href":"https:\/\/api.w.org\/{rel}","templated":true}]}}