{"id":8560,"date":"2023-04-02T21:32:07","date_gmt":"2023-04-02T19:32:07","guid":{"rendered":"https:\/\/parafiaklimkowka.pl\/?p=8560"},"modified":"2023-04-06T07:51:33","modified_gmt":"2023-04-06T05:51:33","slug":"ntencje-mszalne-3-kwiecien-9-kwiecien","status":"publish","type":"post","link":"https:\/\/parafiaklimkowka.pl\/index.php\/2023\/04\/02\/ntencje-mszalne-3-kwiecien-9-kwiecien\/","title":{"rendered":"Intencje mszalne \u2013 3 kwiecie\u0144 &#8211; 9 kwiecie\u0144"},"content":{"rendered":"\n<table id=\"tablepress-192\" class=\"tablepress tablepress-id-192\">\n<thead>\n<tr class=\"row-1\">\n\t<th class=\"column-1\">Dni<\/th><th class=\"column-2\">Dni<\/th>\n<\/tr>\n<\/thead>\n<tbody class=\"row-striping row-hover\">\n<tr class=\"row-2\">\n\t<td class=\"column-1\"><strong>Poniedzia\u0142ek - 03.04.2023 <\/strong><\/td><td class=\"column-2\"><strong>Poza parafi\u0105<br \/>\ngregorianka za \u015bw.p. Janina Pelczar  (15 III \u2013 14 IV )<br \/>\ngregorianka za \u015bw.p. El\u017cbieta P\u00f3\u0142ch\u0142opek  (15 III\u201314 IV)<\/strong> <br \/>\n<br \/>\n<strong>godz. 18.00<\/strong><br \/>\n+Jan Ziajka 4 rocznica \u015bmierci \u2013 ofiara od \u017cony<\/td>\n<\/tr>\n<tr class=\"row-3\">\n\t<td class=\"column-1\"><strong>Wtorek - 04.04.2023 <\/strong><\/td><td class=\"column-2\"><strong>Spowied\u017a \u015awi\u0119ta od godz.14.00 \u2013 15.30; 16.00 \u2013 17.00 (przerwa 15.30 \u2013 16.00)<\/strong><br \/>\n<br \/>\n<strong>godz. 18.00<\/strong><br \/>\n+Jadwiga Rajchel \u2013 ofiara od brata Kazimierza z rodzin\u0105  <\/td>\n<\/tr>\n<tr class=\"row-4\">\n\t<td class=\"column-1\"><strong>\u015aroda  -  05.04.2023 <\/strong><\/td><td class=\"column-2\"><strong>godz. 7.45 Nowenna do Matki Bo\u017cej Nieustaj\u0105cej Pomocy<\/strong> <br \/>\n<strong>godz. 8.00<\/strong> <br \/>\n+Anna Patrylak 2 rocznica \u015bmierci \u2013 ofiara od rodzic\u00f3w <\/td>\n<\/tr>\n<tr class=\"row-5\">\n\t<td class=\"column-1\"><strong>Wielki Czwartek - 06.04.2023 <\/strong><\/td><td class=\"column-2\"><strong>godz. 18.00<\/strong> <br \/>\nO \u015bwi\u0119to\u015b\u0107 kap\u0142an\u00f3w i o nowe, liczne, \u015bwi\u0119te powo\u0142ania do kap\u0142a\u0144stwa i \u017cycia konsekrowanego z naszej Parafii \u2013 ofiara od R\u00f3\u017c r\u00f3\u017ca\u0144cowych  <\/td>\n<\/tr>\n<tr class=\"row-6\">\n\t<td class=\"column-1\"><strong>Wielki Pi\u0105tek - 07.04.2023<\/strong><\/td><td class=\"column-2\"><strong>godz.9.00 -  Droga Krzy\u017cowa  (z Ko\u015bci\u00f3\u0142ka  do Ko\u015bcio\u0142a)<\/strong>  <br \/>\n<br \/>\n<strong>godz. 18.00  -  NABO\u017bE\u0143STWO WIELKIEGO PI\u0104TKU<\/strong>  <\/td>\n<\/tr>\n<tr class=\"row-7\">\n\t<td class=\"column-1\"><strong>Wielka Sobota - 08.04.2023<\/strong> <\/td><td class=\"column-2\"><strong>godz. 18.00<\/strong><br \/>\n+Anna Patrylak 2 rocznica \u015bmierci \u2013 ofiara od babci Marysi<\/td>\n<\/tr>\n<tr class=\"row-8\">\n\t<td class=\"column-1\"><strong>ZMARTWYCHWSTANIE PA\u0143SKIE - 09.04.2023 <\/strong><\/td><td class=\"column-2\"><strong>godz. 6.00<\/strong><br \/>\nZa Parafian <br \/>\n<strong>godz. 9.15<\/strong><br \/>\n+Jan Krukar 6 rocznica \u015bmierci \u2013 ofiara od \u017cony  <br \/>\n<strong>godz. 11.00<\/strong><br \/>\n+Anna Patrylak 2 rocznica \u015bmierci\u2013 ofiara od kuzynki Agnieszki z rodzin\u0105<\/td>\n<\/tr>\n<\/tbody>\n<\/table>\n<!-- #tablepress-192 from cache -->\n","protected":false},"excerpt":{"rendered":"","protected":false},"author":1,"featured_media":0,"comment_status":"closed","ping_status":"open","sticky":false,"template":"","format":"standard","meta":{"ngg_post_thumbnail":0,"footnotes":""},"categories":[5],"tags":[],"yoast_head":"<!-- This site is optimized with the Yoast SEO plugin v23.2 - https:\/\/yoast.com\/wordpress\/plugins\/seo\/ -->\n<title>Intencje mszalne \u2013 3 kwiecie\u0144 - 9 kwiecie\u0144 - Parafia w Klimk\u00f3wce<\/title>\n<meta name=\"robots\" content=\"index, follow, max-snippet:-1, max-image-preview:large, max-video-preview:-1\" \/>\n<link rel=\"canonical\" href=\"https:\/\/parafiaklimkowka.pl\/index.php\/2023\/04\/02\/ntencje-mszalne-3-kwiecien-9-kwiecien\/\" \/>\n<meta property=\"og:locale\" content=\"pl_PL\" \/>\n<meta property=\"og:type\" content=\"article\" \/>\n<meta property=\"og:title\" content=\"Intencje mszalne \u2013 3 kwiecie\u0144 - 9 kwiecie\u0144 - Parafia w Klimk\u00f3wce\" \/>\n<meta property=\"og:url\" content=\"https:\/\/parafiaklimkowka.pl\/index.php\/2023\/04\/02\/ntencje-mszalne-3-kwiecien-9-kwiecien\/\" \/>\n<meta property=\"og:site_name\" content=\"Parafia w Klimk\u00f3wce\" \/>\n<meta property=\"article:published_time\" content=\"2023-04-02T19:32:07+00:00\" \/>\n<meta property=\"article:modified_time\" content=\"2023-04-06T05:51:33+00:00\" \/>\n<meta name=\"author\" content=\"kadmins70\" \/>\n<meta name=\"twitter:card\" content=\"summary_large_image\" \/>\n<meta name=\"twitter:label1\" content=\"Napisane przez\" \/>\n\t<meta name=\"twitter:data1\" content=\"kadmins70\" \/>\n\t<meta name=\"twitter:label2\" content=\"Szacowany czas czytania\" \/>\n\t<meta name=\"twitter:data2\" content=\"1 minuta\" \/>\n<script type=\"application\/ld+json\" class=\"yoast-schema-graph\">{\"@context\":\"https:\/\/schema.org\",\"@graph\":[{\"@type\":\"Article\",\"@id\":\"https:\/\/parafiaklimkowka.pl\/index.php\/2023\/04\/02\/ntencje-mszalne-3-kwiecien-9-kwiecien\/#article\",\"isPartOf\":{\"@id\":\"https:\/\/parafiaklimkowka.pl\/index.php\/2023\/04\/02\/ntencje-mszalne-3-kwiecien-9-kwiecien\/\"},\"author\":{\"name\":\"kadmins70\",\"@id\":\"https:\/\/parafiaklimkowka.pl\/#\/schema\/person\/8411339f73ed143172a1fc20b8c20562\"},\"headline\":\"Intencje mszalne \u2013 3 kwiecie\u0144 &#8211; 9 kwiecie\u0144\",\"datePublished\":\"2023-04-02T19:32:07+00:00\",\"dateModified\":\"2023-04-06T05:51:33+00:00\",\"mainEntityOfPage\":{\"@id\":\"https:\/\/parafiaklimkowka.pl\/index.php\/2023\/04\/02\/ntencje-mszalne-3-kwiecien-9-kwiecien\/\"},\"wordCount\":7,\"publisher\":{\"@id\":\"https:\/\/parafiaklimkowka.pl\/#organization\"},\"articleSection\":[\"Intencje Mszalne\"],\"inLanguage\":\"pl-PL\"},{\"@type\":\"WebPage\",\"@id\":\"https:\/\/parafiaklimkowka.pl\/index.php\/2023\/04\/02\/ntencje-mszalne-3-kwiecien-9-kwiecien\/\",\"url\":\"https:\/\/parafiaklimkowka.pl\/index.php\/2023\/04\/02\/ntencje-mszalne-3-kwiecien-9-kwiecien\/\",\"name\":\"Intencje mszalne \u2013 3 kwiecie\u0144 - 9 kwiecie\u0144 - Parafia w Klimk\u00f3wce\",\"isPartOf\":{\"@id\":\"https:\/\/parafiaklimkowka.pl\/#website\"},\"datePublished\":\"2023-04-02T19:32:07+00:00\",\"dateModified\":\"2023-04-06T05:51:33+00:00\",\"breadcrumb\":{\"@id\":\"https:\/\/parafiaklimkowka.pl\/index.php\/2023\/04\/02\/ntencje-mszalne-3-kwiecien-9-kwiecien\/#breadcrumb\"},\"inLanguage\":\"pl-PL\",\"potentialAction\":[{\"@type\":\"ReadAction\",\"target\":[\"https:\/\/parafiaklimkowka.pl\/index.php\/2023\/04\/02\/ntencje-mszalne-3-kwiecien-9-kwiecien\/\"]}]},{\"@type\":\"BreadcrumbList\",\"@id\":\"https:\/\/parafiaklimkowka.pl\/index.php\/2023\/04\/02\/ntencje-mszalne-3-kwiecien-9-kwiecien\/#breadcrumb\",\"itemListElement\":[{\"@type\":\"ListItem\",\"position\":1,\"name\":\"Strona g\u0142\u00f3wna\",\"item\":\"https:\/\/parafiaklimkowka.pl\/\"},{\"@type\":\"ListItem\",\"position\":2,\"name\":\"Intencje mszalne \u2013 3 kwiecie\u0144 &#8211; 9 kwiecie\u0144\"}]},{\"@type\":\"WebSite\",\"@id\":\"https:\/\/parafiaklimkowka.pl\/#website\",\"url\":\"https:\/\/parafiaklimkowka.pl\/\",\"name\":\"Parafia w Klimk\u00f3wce\",\"description\":\"pw. \u015aw. Micha\u0142a Archanio\u0142a\",\"publisher\":{\"@id\":\"https:\/\/parafiaklimkowka.pl\/#organization\"},\"potentialAction\":[{\"@type\":\"SearchAction\",\"target\":{\"@type\":\"EntryPoint\",\"urlTemplate\":\"https:\/\/parafiaklimkowka.pl\/?s={search_term_string}\"},\"query-input\":\"required name=search_term_string\"}],\"inLanguage\":\"pl-PL\"},{\"@type\":\"Organization\",\"@id\":\"https:\/\/parafiaklimkowka.pl\/#organization\",\"name\":\"Parafia p.w. \u015bw. Micha\u0142a Archanio\u0142a w Klimk\u00f3wce\",\"url\":\"https:\/\/parafiaklimkowka.pl\/\",\"logo\":{\"@type\":\"ImageObject\",\"inLanguage\":\"pl-PL\",\"@id\":\"https:\/\/parafiaklimkowka.pl\/#\/schema\/logo\/image\/\",\"url\":\"http:\/\/parafiaklimkowka.pl\/wp-content\/uploads\/2019\/10\/anio\u01428_jpeg.jpg\",\"contentUrl\":\"http:\/\/parafiaklimkowka.pl\/wp-content\/uploads\/2019\/10\/anio\u01428_jpeg.jpg\",\"width\":658,\"height\":483,\"caption\":\"Parafia p.w. \u015bw. Micha\u0142a Archanio\u0142a w Klimk\u00f3wce\"},\"image\":{\"@id\":\"https:\/\/parafiaklimkowka.pl\/#\/schema\/logo\/image\/\"}},{\"@type\":\"Person\",\"@id\":\"https:\/\/parafiaklimkowka.pl\/#\/schema\/person\/8411339f73ed143172a1fc20b8c20562\",\"name\":\"kadmins70\",\"image\":{\"@type\":\"ImageObject\",\"inLanguage\":\"pl-PL\",\"@id\":\"https:\/\/parafiaklimkowka.pl\/#\/schema\/person\/image\/\",\"url\":\"https:\/\/secure.gravatar.com\/avatar\/2f1a9b134b0f743459e06c66845f8cf1?s=96&d=mm&r=g\",\"contentUrl\":\"https:\/\/secure.gravatar.com\/avatar\/2f1a9b134b0f743459e06c66845f8cf1?s=96&d=mm&r=g\",\"caption\":\"kadmins70\"}}]}<\/script>\n<!-- \/ Yoast SEO plugin. -->","yoast_head_json":{"title":"Intencje mszalne \u2013 3 kwiecie\u0144 - 9 kwiecie\u0144 - Parafia w Klimk\u00f3wce","robots":{"index":"index","follow":"follow","max-snippet":"max-snippet:-1","max-image-preview":"max-image-preview:large","max-video-preview":"max-video-preview:-1"},"canonical":"https:\/\/parafiaklimkowka.pl\/index.php\/2023\/04\/02\/ntencje-mszalne-3-kwiecien-9-kwiecien\/","og_locale":"pl_PL","og_type":"article","og_title":"Intencje mszalne \u2013 3 kwiecie\u0144 - 9 kwiecie\u0144 - Parafia w Klimk\u00f3wce","og_url":"https:\/\/parafiaklimkowka.pl\/index.php\/2023\/04\/02\/ntencje-mszalne-3-kwiecien-9-kwiecien\/","og_site_name":"Parafia w Klimk\u00f3wce","article_published_time":"2023-04-02T19:32:07+00:00","article_modified_time":"2023-04-06T05:51:33+00:00","author":"kadmins70","twitter_card":"summary_large_image","twitter_misc":{"Napisane przez":"kadmins70","Szacowany czas czytania":"1 minuta"},"schema":{"@context":"https:\/\/schema.org","@graph":[{"@type":"Article","@id":"https:\/\/parafiaklimkowka.pl\/index.php\/2023\/04\/02\/ntencje-mszalne-3-kwiecien-9-kwiecien\/#article","isPartOf":{"@id":"https:\/\/parafiaklimkowka.pl\/index.php\/2023\/04\/02\/ntencje-mszalne-3-kwiecien-9-kwiecien\/"},"author":{"name":"kadmins70","@id":"https:\/\/parafiaklimkowka.pl\/#\/schema\/person\/8411339f73ed143172a1fc20b8c20562"},"headline":"Intencje mszalne \u2013 3 kwiecie\u0144 &#8211; 9 kwiecie\u0144","datePublished":"2023-04-02T19:32:07+00:00","dateModified":"2023-04-06T05:51:33+00:00","mainEntityOfPage":{"@id":"https:\/\/parafiaklimkowka.pl\/index.php\/2023\/04\/02\/ntencje-mszalne-3-kwiecien-9-kwiecien\/"},"wordCount":7,"publisher":{"@id":"https:\/\/parafiaklimkowka.pl\/#organization"},"articleSection":["Intencje Mszalne"],"inLanguage":"pl-PL"},{"@type":"WebPage","@id":"https:\/\/parafiaklimkowka.pl\/index.php\/2023\/04\/02\/ntencje-mszalne-3-kwiecien-9-kwiecien\/","url":"https:\/\/parafiaklimkowka.pl\/index.php\/2023\/04\/02\/ntencje-mszalne-3-kwiecien-9-kwiecien\/","name":"Intencje mszalne \u2013 3 kwiecie\u0144 - 9 kwiecie\u0144 - Parafia w Klimk\u00f3wce","isPartOf":{"@id":"https:\/\/parafiaklimkowka.pl\/#website"},"datePublished":"2023-04-02T19:32:07+00:00","dateModified":"2023-04-06T05:51:33+00:00","breadcrumb":{"@id":"https:\/\/parafiaklimkowka.pl\/index.php\/2023\/04\/02\/ntencje-mszalne-3-kwiecien-9-kwiecien\/#breadcrumb"},"inLanguage":"pl-PL","potentialAction":[{"@type":"ReadAction","target":["https:\/\/parafiaklimkowka.pl\/index.php\/2023\/04\/02\/ntencje-mszalne-3-kwiecien-9-kwiecien\/"]}]},{"@type":"BreadcrumbList","@id":"https:\/\/parafiaklimkowka.pl\/index.php\/2023\/04\/02\/ntencje-mszalne-3-kwiecien-9-kwiecien\/#breadcrumb","itemListElement":[{"@type":"ListItem","position":1,"name":"Strona g\u0142\u00f3wna","item":"https:\/\/parafiaklimkowka.pl\/"},{"@type":"ListItem","position":2,"name":"Intencje mszalne \u2013 3 kwiecie\u0144 &#8211; 9 kwiecie\u0144"}]},{"@type":"WebSite","@id":"https:\/\/parafiaklimkowka.pl\/#website","url":"https:\/\/parafiaklimkowka.pl\/","name":"Parafia w Klimk\u00f3wce","description":"pw. \u015aw. Micha\u0142a Archanio\u0142a","publisher":{"@id":"https:\/\/parafiaklimkowka.pl\/#organization"},"potentialAction":[{"@type":"SearchAction","target":{"@type":"EntryPoint","urlTemplate":"https:\/\/parafiaklimkowka.pl\/?s={search_term_string}"},"query-input":"required name=search_term_string"}],"inLanguage":"pl-PL"},{"@type":"Organization","@id":"https:\/\/parafiaklimkowka.pl\/#organization","name":"Parafia p.w. \u015bw. Micha\u0142a Archanio\u0142a w Klimk\u00f3wce","url":"https:\/\/parafiaklimkowka.pl\/","logo":{"@type":"ImageObject","inLanguage":"pl-PL","@id":"https:\/\/parafiaklimkowka.pl\/#\/schema\/logo\/image\/","url":"http:\/\/parafiaklimkowka.pl\/wp-content\/uploads\/2019\/10\/anio\u01428_jpeg.jpg","contentUrl":"http:\/\/parafiaklimkowka.pl\/wp-content\/uploads\/2019\/10\/anio\u01428_jpeg.jpg","width":658,"height":483,"caption":"Parafia p.w. \u015bw. Micha\u0142a Archanio\u0142a w Klimk\u00f3wce"},"image":{"@id":"https:\/\/parafiaklimkowka.pl\/#\/schema\/logo\/image\/"}},{"@type":"Person","@id":"https:\/\/parafiaklimkowka.pl\/#\/schema\/person\/8411339f73ed143172a1fc20b8c20562","name":"kadmins70","image":{"@type":"ImageObject","inLanguage":"pl-PL","@id":"https:\/\/parafiaklimkowka.pl\/#\/schema\/person\/image\/","url":"https:\/\/secure.gravatar.com\/avatar\/2f1a9b134b0f743459e06c66845f8cf1?s=96&d=mm&r=g","contentUrl":"https:\/\/secure.gravatar.com\/avatar\/2f1a9b134b0f743459e06c66845f8cf1?s=96&d=mm&r=g","caption":"kadmins70"}}]}},"_links":{"self":[{"href":"https:\/\/parafiaklimkowka.pl\/index.php\/wp-json\/wp\/v2\/posts\/8560"}],"collection":[{"href":"https:\/\/parafiaklimkowka.pl\/index.php\/wp-json\/wp\/v2\/posts"}],"about":[{"href":"https:\/\/parafiaklimkowka.pl\/index.php\/wp-json\/wp\/v2\/types\/post"}],"author":[{"embeddable":true,"href":"https:\/\/parafiaklimkowka.pl\/index.php\/wp-json\/wp\/v2\/users\/1"}],"replies":[{"embeddable":true,"href":"https:\/\/parafiaklimkowka.pl\/index.php\/wp-json\/wp\/v2\/comments?post=8560"}],"version-history":[{"count":2,"href":"https:\/\/parafiaklimkowka.pl\/index.php\/wp-json\/wp\/v2\/posts\/8560\/revisions"}],"predecessor-version":[{"id":8562,"href":"https:\/\/parafiaklimkowka.pl\/index.php\/wp-json\/wp\/v2\/posts\/8560\/revisions\/8562"}],"wp:attachment":[{"href":"https:\/\/parafiaklimkowka.pl\/index.php\/wp-json\/wp\/v2\/media?parent=8560"}],"wp:term":[{"taxonomy":"category","embeddable":true,"href":"https:\/\/parafiaklimkowka.pl\/index.php\/wp-json\/wp\/v2\/categories?post=8560"},{"taxonomy":"post_tag","embeddable":true,"href":"https:\/\/parafiaklimkowka.pl\/index.php\/wp-json\/wp\/v2\/tags?post=8560"}],"curies":[{"name":"wp","href":"https:\/\/api.w.org\/{rel}","templated":true}]}}