{"id":9669,"date":"2023-10-08T18:32:49","date_gmt":"2023-10-08T16:32:49","guid":{"rendered":"https:\/\/parafiaklimkowka.pl\/?p=9669"},"modified":"2023-10-13T20:56:39","modified_gmt":"2023-10-13T18:56:39","slug":"xxvii-niedziela-zwykla-3","status":"publish","type":"post","link":"https:\/\/parafiaklimkowka.pl\/index.php\/2023\/10\/08\/xxvii-niedziela-zwykla-3\/","title":{"rendered":"<strong>XXVII\u00a0\u00a0 Niedziela Zwyk\u0142a\u00a0<\/strong>"},"content":{"rendered":"<p style=\"text-align: justify;\"><strong>1.Przed nami kolejny r\u00f3\u017ca\u0144cowy tydzie\u0144. Nie lekcewa\u017cmy tego daru Bo\u017cej Opatrzno\u015bci. Matka Bo\u017ca w swych objawieniach wskazuje na r\u00f3\u017caniec jako mistyczn\u0105 bro\u0144 i narz\u0119dzie Bo\u017cych zwyci\u0119stw. Jako chrze\u015bcijanie nie walczymy mieczem. \u201eKto mieczem wojuje, od miecza ginie\u201d. Naszym or\u0119\u017cem jest r\u00f3\u017caniec, w my\u015bl zawo\u0142ania: \u201eZ\u0142o dobrem zwyci\u0119\u017caj\u201d. R\u00f3\u017caniec w naszej Parafii, w dni powszednie o godzinie 16.30. W niedziele, p\u00f3\u0142 godziny przed Msz\u0105 o godzinie 9.15.<\/strong><\/p>\n<p style=\"text-align: justify;\">2.<strong>W przysz\u0142\u0105 niedziel\u0119 po raz 23 b\u0119dziemy obchodzi\u0107 Dzie\u0144 Papieski. Jak co roku przeprowadzona zostanie zbi\u00f3rka na Fundacj\u0119 Dzie\u0142o Nowego Tysi\u0105clecia, wspieraj\u0105c\u0105 uzdolnion\u0105, ubog\u0105 m\u0142odzie\u017c. Przed Mszami m\u0142odzie\u017c naszej Szko\u0142y im. \u015awi\u0119tego Jana Paw\u0142a II b\u0119dzie kwestowa\u0107 na ten cel.<\/strong><\/p>\n<p style=\"text-align: justify;\"><strong style=\"color: initial;\">3. W sobot\u0119 14 pa\u017adziernika obchodzi\u0107 b\u0119dziemy Dzie\u0144 Edukacji Narodowej, nasze my\u015bli kierujemy w stron\u0119 nauczycieli, katechet\u00f3w i wychowawc\u00f3w. Otoczmy ich naszymi modlitwami.<\/strong><\/p>\n<p style=\"text-align: justify;\"><strong>4. Dzi\u0119kujemy za sprz\u0105tanie Ko\u015bcio\u0142a tym osobom, kt\u00f3re to uczyni\u0142y w minionym tygodniu,&nbsp; a na sobot\u0119, na godzin\u0119 8.00 zapraszamy wiernych z ulicy Zdrojowej, numery 166, 170, 174, 178 (Ko\u015bci\u00f3\u0142) i z ulicy Zdrojowej, numery 182, 184, 186 (Ko\u015bci\u00f3\u0142ek). <\/strong><strong>&nbsp;&nbsp;<\/strong><\/p>\n<hr>\n<p style=\"text-align: justify;\"><em><strong>Ewangelia wed\u0142ug \u015awi\u0119tego Mateusza<\/strong><\/em><\/p>\n<p style=\"text-align: justify;\">Jezus powiedzia\u0142 do arcykap\u0142an\u00f3w i starszych ludu: &#8222;Pos\u0142uchajcie innej przypowie\u015bci. By\u0142 pewien gospodarz, kt\u00f3ry za\u0142o\u017cy\u0142 winnic\u0119. Otoczy\u0142 j\u0105 murem, wykopa\u0142 w niej t\u0142ocznie, zbudowa\u0142 wie\u017c\u0119, w ko\u0144cu odda\u0142 j\u0105 w dzier\u017caw\u0119 rolnikom i wyjecha\u0142. Gdy nadszed\u0142 czas zbior\u00f3w, pos\u0142a\u0142 swoje s\u0142ugi do rolnik\u00f3w, by odebrali plon jemu nale\u017cny. Ale rolnicy chwycili jego s\u0142ugi i jednego obili, drugiego zabili, trzeciego za\u015b ukamienowali. Wtedy pos\u0142a\u0142 inne s\u0142ugi, wi\u0119cej ni\u017c za pierwszym razem, lecz i z nimi tak samo post\u0105pili. W ko\u0144cu pos\u0142a\u0142 do nich swego syna, tak sobie my\u015bl\u0105c: Uszanuj\u0105 mojego syna. Lecz rolnicy, zobaczywszy syna, m\u00f3wili do siebie: &#8222;To jest dziedzic; chod\u017acie, zabijmy go, a posi\u0105dziemy jego dziedzictwo&#8221;. Chwyciwszy go, wyrzucili z winnicy i zabili. Kiedy wi\u0119c przyb\u0119dzie w\u0142a\u015bciciel winnicy, co uczyni z owymi rolnikami?&#8221; Rzekli Mu: &#8222;N\u0119dznik\u00f3w marnie wytraci, a winnic\u0119 odda w dzier\u017caw\u0119 innym rolnikom, takim, kt\u00f3rzy mu b\u0119d\u0105 oddawali plon we w\u0142a\u015bciwej porze&#8221;. Jezus im rzek\u0142: &#8222;Czy nigdy nie czytali\u015bcie w Pi\u015bmie: &#8222;Ten w\u0142a\u015bnie kamie\u0144, kt\u00f3ry odrzucili buduj\u0105cy, sta\u0142 si\u0119 g\u0142owic\u0105 w\u0119g\u0142a. Pan to sprawi\u0142, i jest cudem w naszych oczach&#8221;. Dlatego powiadam wam: Kr\u00f3lestwo Bo\u017ce b\u0119dzie wam zabrane, a dane narodowi, kt\u00f3ry wyda jego owoce&#8221;.<\/p>\n<p style=\"text-align: justify;\"><strong data-rich-text-format-boundary=\"true\">Refleksja nad S\u0142owem Bo\u017cym<\/strong><\/p>\n<p style=\"text-align: justify;\">Dzi\u015b ka\u017cdy z nas musi sobie zrobi\u0107 g\u0142\u0119boki rachunek sumienia i zapyta\u0107 samego siebie: Jak\u0105 jestem latoro\u015bl\u0105? Jakie przynosz\u0119 owoce? W jaki spos\u00f3b okazuj\u0119 Bogu swoj\u0105 wdzi\u0119czno\u015b\u0107 za Jego niezg\u0142\u0119bione dary? Na ile jestem dobrym dzier\u017cawc\u0105 Jego winnicy, kt\u00f3r\u0105 jest Ko\u015bci\u00f3\u0142? A je\u015bli dostrzegam, \u017ce usycham, \u017ce moje owoce s\u0105 cierpkimi jagodami, \u017ce coraz s\u0142abiej pulsuje we mnie \u017cycie \u0142aski, bo ostatnia spowied\u017a by\u0142a ju\u017c tak dawno, to trzeba co\u015b z tym jak najszybciej zrobi\u0107! Dlatego i nasz\u0105 modlitw\u0105 musi by\u0107 wo\u0142anie opuszczonej winnicy z dzisiejszego psalmu: \u201eJu\u017c wi\u0119cej nie odwr\u00f3cimy si\u0119 od Ciebie, daj nam nowe \u017cycie, a b\u0119dziemy Ci\u0119 chwalili\u201d.<\/p>\n<hr>\n<h3 style=\"text-align: justify;\"><strong>Zapowiedzi przedma\u0142\u017ce\u0144skie<\/strong><\/h3>\n<hr>\n<h3 style=\"text-align: justify;\"><strong>Odes<\/strong><strong>zli do wieczno\u015bc<\/strong><strong>i<\/strong><\/h3>\n<hr>\n<h3 style=\"text-align: justify;\"><strong>Spotkania grup duszpasterskich<\/strong><\/h3>\n<p style=\"text-align: justify;\">W czwartek po nabo\u017ce\u0144stwie r\u00f3\u017ca\u0144cowym i Mszy \u015awi\u0119tej o godzinie 17.00, spotkanie co miesi\u0119czne Akcji Katolickiej, na plebanii.<\/p>\n<hr>\n<h3><strong>Intencje modlitewne na pa\u017adziernik<\/strong><\/h3>\n<p><strong>Og\u00f3lna:<\/strong><\/p>\n<p style=\"text-align: justify;\">Za Ko\u015bci\u00f3\u0142, aby przyj\u0105\u0142 s\u0142uchania i dialog jako styl \u017cycia na ka\u017cdym szczeblu, pozwalaj\u0105c si\u0119 prowadzi\u0107 Duchowi \u015awi\u0119temu ku peryferiom \u015bwiata.<\/p>\n<p><strong>Diecezjalna:<\/strong><\/p>\n<p style=\"text-align: justify;\">O dar rych\u0142ej beatyfikacji S\u0142ug Bo\u017cych z naszej Archidiecezji.<\/p>\n","protected":false},"excerpt":{"rendered":"<p>1.Przed nami kolejny r\u00f3\u017ca\u0144cowy tydzie\u0144. Nie lekcewa\u017cmy tego daru Bo\u017cej Opatrzno\u015bci. Matka Bo\u017ca w swych objawieniach wskazuje na r\u00f3\u017caniec jako mistyczn\u0105 bro\u0144 i narz\u0119dzie Bo\u017cych zwyci\u0119stw. Jako chrze\u015bcijanie nie walczymy [&hellip;]<\/p>\n","protected":false},"author":1,"featured_media":0,"comment_status":"closed","ping_status":"open","sticky":false,"template":"","format":"standard","meta":{"ngg_post_thumbnail":0,"footnotes":""},"categories":[4],"tags":[],"yoast_head":"<!-- This site is optimized with the Yoast SEO plugin v23.2 - https:\/\/yoast.com\/wordpress\/plugins\/seo\/ -->\n<title>XXVII\u00a0\u00a0 Niedziela Zwyk\u0142a\u00a0 - Parafia w Klimk\u00f3wce<\/title>\n<meta name=\"robots\" content=\"index, follow, max-snippet:-1, max-image-preview:large, max-video-preview:-1\" \/>\n<link rel=\"canonical\" href=\"https:\/\/parafiaklimkowka.pl\/index.php\/2023\/10\/08\/xxvii-niedziela-zwykla-3\/\" \/>\n<meta property=\"og:locale\" content=\"pl_PL\" \/>\n<meta property=\"og:type\" content=\"article\" \/>\n<meta property=\"og:title\" content=\"XXVII\u00a0\u00a0 Niedziela Zwyk\u0142a\u00a0 - Parafia w Klimk\u00f3wce\" \/>\n<meta property=\"og:description\" content=\"1.Przed nami kolejny r\u00f3\u017ca\u0144cowy tydzie\u0144. Nie lekcewa\u017cmy tego daru Bo\u017cej Opatrzno\u015bci. Matka Bo\u017ca w swych objawieniach wskazuje na r\u00f3\u017caniec jako mistyczn\u0105 bro\u0144 i narz\u0119dzie Bo\u017cych zwyci\u0119stw. Jako chrze\u015bcijanie nie walczymy [&hellip;]\" \/>\n<meta property=\"og:url\" content=\"https:\/\/parafiaklimkowka.pl\/index.php\/2023\/10\/08\/xxvii-niedziela-zwykla-3\/\" \/>\n<meta property=\"og:site_name\" content=\"Parafia w Klimk\u00f3wce\" \/>\n<meta property=\"article:published_time\" content=\"2023-10-08T16:32:49+00:00\" \/>\n<meta property=\"article:modified_time\" content=\"2023-10-13T18:56:39+00:00\" \/>\n<meta name=\"author\" content=\"kadmins70\" \/>\n<meta name=\"twitter:card\" content=\"summary_large_image\" \/>\n<meta name=\"twitter:label1\" content=\"Napisane przez\" \/>\n\t<meta name=\"twitter:data1\" content=\"kadmins70\" \/>\n\t<meta name=\"twitter:label2\" content=\"Szacowany czas czytania\" \/>\n\t<meta name=\"twitter:data2\" content=\"4 minuty\" \/>\n<script type=\"application\/ld+json\" class=\"yoast-schema-graph\">{\"@context\":\"https:\/\/schema.org\",\"@graph\":[{\"@type\":\"Article\",\"@id\":\"https:\/\/parafiaklimkowka.pl\/index.php\/2023\/10\/08\/xxvii-niedziela-zwykla-3\/#article\",\"isPartOf\":{\"@id\":\"https:\/\/parafiaklimkowka.pl\/index.php\/2023\/10\/08\/xxvii-niedziela-zwykla-3\/\"},\"author\":{\"name\":\"kadmins70\",\"@id\":\"https:\/\/parafiaklimkowka.pl\/#\/schema\/person\/8411339f73ed143172a1fc20b8c20562\"},\"headline\":\"XXVII\u00a0\u00a0 Niedziela Zwyk\u0142a\u00a0\",\"datePublished\":\"2023-10-08T16:32:49+00:00\",\"dateModified\":\"2023-10-13T18:56:39+00:00\",\"mainEntityOfPage\":{\"@id\":\"https:\/\/parafiaklimkowka.pl\/index.php\/2023\/10\/08\/xxvii-niedziela-zwykla-3\/\"},\"wordCount\":655,\"publisher\":{\"@id\":\"https:\/\/parafiaklimkowka.pl\/#organization\"},\"articleSection\":[\"Og\u0142oszenia duszpasterskie\"],\"inLanguage\":\"pl-PL\"},{\"@type\":\"WebPage\",\"@id\":\"https:\/\/parafiaklimkowka.pl\/index.php\/2023\/10\/08\/xxvii-niedziela-zwykla-3\/\",\"url\":\"https:\/\/parafiaklimkowka.pl\/index.php\/2023\/10\/08\/xxvii-niedziela-zwykla-3\/\",\"name\":\"XXVII\u00a0\u00a0 Niedziela Zwyk\u0142a\u00a0 - Parafia w Klimk\u00f3wce\",\"isPartOf\":{\"@id\":\"https:\/\/parafiaklimkowka.pl\/#website\"},\"datePublished\":\"2023-10-08T16:32:49+00:00\",\"dateModified\":\"2023-10-13T18:56:39+00:00\",\"breadcrumb\":{\"@id\":\"https:\/\/parafiaklimkowka.pl\/index.php\/2023\/10\/08\/xxvii-niedziela-zwykla-3\/#breadcrumb\"},\"inLanguage\":\"pl-PL\",\"potentialAction\":[{\"@type\":\"ReadAction\",\"target\":[\"https:\/\/parafiaklimkowka.pl\/index.php\/2023\/10\/08\/xxvii-niedziela-zwykla-3\/\"]}]},{\"@type\":\"BreadcrumbList\",\"@id\":\"https:\/\/parafiaklimkowka.pl\/index.php\/2023\/10\/08\/xxvii-niedziela-zwykla-3\/#breadcrumb\",\"itemListElement\":[{\"@type\":\"ListItem\",\"position\":1,\"name\":\"Strona g\u0142\u00f3wna\",\"item\":\"https:\/\/parafiaklimkowka.pl\/\"},{\"@type\":\"ListItem\",\"position\":2,\"name\":\"XXVII\u00a0\u00a0 Niedziela Zwyk\u0142a\u00a0\"}]},{\"@type\":\"WebSite\",\"@id\":\"https:\/\/parafiaklimkowka.pl\/#website\",\"url\":\"https:\/\/parafiaklimkowka.pl\/\",\"name\":\"Parafia w Klimk\u00f3wce\",\"description\":\"pw. \u015aw. Micha\u0142a Archanio\u0142a\",\"publisher\":{\"@id\":\"https:\/\/parafiaklimkowka.pl\/#organization\"},\"potentialAction\":[{\"@type\":\"SearchAction\",\"target\":{\"@type\":\"EntryPoint\",\"urlTemplate\":\"https:\/\/parafiaklimkowka.pl\/?s={search_term_string}\"},\"query-input\":\"required name=search_term_string\"}],\"inLanguage\":\"pl-PL\"},{\"@type\":\"Organization\",\"@id\":\"https:\/\/parafiaklimkowka.pl\/#organization\",\"name\":\"Parafia p.w. \u015bw. Micha\u0142a Archanio\u0142a w Klimk\u00f3wce\",\"url\":\"https:\/\/parafiaklimkowka.pl\/\",\"logo\":{\"@type\":\"ImageObject\",\"inLanguage\":\"pl-PL\",\"@id\":\"https:\/\/parafiaklimkowka.pl\/#\/schema\/logo\/image\/\",\"url\":\"http:\/\/parafiaklimkowka.pl\/wp-content\/uploads\/2019\/10\/anio\u01428_jpeg.jpg\",\"contentUrl\":\"http:\/\/parafiaklimkowka.pl\/wp-content\/uploads\/2019\/10\/anio\u01428_jpeg.jpg\",\"width\":658,\"height\":483,\"caption\":\"Parafia p.w. \u015bw. Micha\u0142a Archanio\u0142a w Klimk\u00f3wce\"},\"image\":{\"@id\":\"https:\/\/parafiaklimkowka.pl\/#\/schema\/logo\/image\/\"}},{\"@type\":\"Person\",\"@id\":\"https:\/\/parafiaklimkowka.pl\/#\/schema\/person\/8411339f73ed143172a1fc20b8c20562\",\"name\":\"kadmins70\",\"image\":{\"@type\":\"ImageObject\",\"inLanguage\":\"pl-PL\",\"@id\":\"https:\/\/parafiaklimkowka.pl\/#\/schema\/person\/image\/\",\"url\":\"https:\/\/secure.gravatar.com\/avatar\/2f1a9b134b0f743459e06c66845f8cf1?s=96&d=mm&r=g\",\"contentUrl\":\"https:\/\/secure.gravatar.com\/avatar\/2f1a9b134b0f743459e06c66845f8cf1?s=96&d=mm&r=g\",\"caption\":\"kadmins70\"}}]}<\/script>\n<!-- \/ Yoast SEO plugin. -->","yoast_head_json":{"title":"XXVII\u00a0\u00a0 Niedziela Zwyk\u0142a\u00a0 - Parafia w Klimk\u00f3wce","robots":{"index":"index","follow":"follow","max-snippet":"max-snippet:-1","max-image-preview":"max-image-preview:large","max-video-preview":"max-video-preview:-1"},"canonical":"https:\/\/parafiaklimkowka.pl\/index.php\/2023\/10\/08\/xxvii-niedziela-zwykla-3\/","og_locale":"pl_PL","og_type":"article","og_title":"XXVII\u00a0\u00a0 Niedziela Zwyk\u0142a\u00a0 - Parafia w Klimk\u00f3wce","og_description":"1.Przed nami kolejny r\u00f3\u017ca\u0144cowy tydzie\u0144. Nie lekcewa\u017cmy tego daru Bo\u017cej Opatrzno\u015bci. Matka Bo\u017ca w swych objawieniach wskazuje na r\u00f3\u017caniec jako mistyczn\u0105 bro\u0144 i narz\u0119dzie Bo\u017cych zwyci\u0119stw. Jako chrze\u015bcijanie nie walczymy [&hellip;]","og_url":"https:\/\/parafiaklimkowka.pl\/index.php\/2023\/10\/08\/xxvii-niedziela-zwykla-3\/","og_site_name":"Parafia w Klimk\u00f3wce","article_published_time":"2023-10-08T16:32:49+00:00","article_modified_time":"2023-10-13T18:56:39+00:00","author":"kadmins70","twitter_card":"summary_large_image","twitter_misc":{"Napisane przez":"kadmins70","Szacowany czas czytania":"4 minuty"},"schema":{"@context":"https:\/\/schema.org","@graph":[{"@type":"Article","@id":"https:\/\/parafiaklimkowka.pl\/index.php\/2023\/10\/08\/xxvii-niedziela-zwykla-3\/#article","isPartOf":{"@id":"https:\/\/parafiaklimkowka.pl\/index.php\/2023\/10\/08\/xxvii-niedziela-zwykla-3\/"},"author":{"name":"kadmins70","@id":"https:\/\/parafiaklimkowka.pl\/#\/schema\/person\/8411339f73ed143172a1fc20b8c20562"},"headline":"XXVII\u00a0\u00a0 Niedziela Zwyk\u0142a\u00a0","datePublished":"2023-10-08T16:32:49+00:00","dateModified":"2023-10-13T18:56:39+00:00","mainEntityOfPage":{"@id":"https:\/\/parafiaklimkowka.pl\/index.php\/2023\/10\/08\/xxvii-niedziela-zwykla-3\/"},"wordCount":655,"publisher":{"@id":"https:\/\/parafiaklimkowka.pl\/#organization"},"articleSection":["Og\u0142oszenia duszpasterskie"],"inLanguage":"pl-PL"},{"@type":"WebPage","@id":"https:\/\/parafiaklimkowka.pl\/index.php\/2023\/10\/08\/xxvii-niedziela-zwykla-3\/","url":"https:\/\/parafiaklimkowka.pl\/index.php\/2023\/10\/08\/xxvii-niedziela-zwykla-3\/","name":"XXVII\u00a0\u00a0 Niedziela Zwyk\u0142a\u00a0 - Parafia w Klimk\u00f3wce","isPartOf":{"@id":"https:\/\/parafiaklimkowka.pl\/#website"},"datePublished":"2023-10-08T16:32:49+00:00","dateModified":"2023-10-13T18:56:39+00:00","breadcrumb":{"@id":"https:\/\/parafiaklimkowka.pl\/index.php\/2023\/10\/08\/xxvii-niedziela-zwykla-3\/#breadcrumb"},"inLanguage":"pl-PL","potentialAction":[{"@type":"ReadAction","target":["https:\/\/parafiaklimkowka.pl\/index.php\/2023\/10\/08\/xxvii-niedziela-zwykla-3\/"]}]},{"@type":"BreadcrumbList","@id":"https:\/\/parafiaklimkowka.pl\/index.php\/2023\/10\/08\/xxvii-niedziela-zwykla-3\/#breadcrumb","itemListElement":[{"@type":"ListItem","position":1,"name":"Strona g\u0142\u00f3wna","item":"https:\/\/parafiaklimkowka.pl\/"},{"@type":"ListItem","position":2,"name":"XXVII\u00a0\u00a0 Niedziela Zwyk\u0142a\u00a0"}]},{"@type":"WebSite","@id":"https:\/\/parafiaklimkowka.pl\/#website","url":"https:\/\/parafiaklimkowka.pl\/","name":"Parafia w Klimk\u00f3wce","description":"pw. \u015aw. Micha\u0142a Archanio\u0142a","publisher":{"@id":"https:\/\/parafiaklimkowka.pl\/#organization"},"potentialAction":[{"@type":"SearchAction","target":{"@type":"EntryPoint","urlTemplate":"https:\/\/parafiaklimkowka.pl\/?s={search_term_string}"},"query-input":"required name=search_term_string"}],"inLanguage":"pl-PL"},{"@type":"Organization","@id":"https:\/\/parafiaklimkowka.pl\/#organization","name":"Parafia p.w. \u015bw. Micha\u0142a Archanio\u0142a w Klimk\u00f3wce","url":"https:\/\/parafiaklimkowka.pl\/","logo":{"@type":"ImageObject","inLanguage":"pl-PL","@id":"https:\/\/parafiaklimkowka.pl\/#\/schema\/logo\/image\/","url":"http:\/\/parafiaklimkowka.pl\/wp-content\/uploads\/2019\/10\/anio\u01428_jpeg.jpg","contentUrl":"http:\/\/parafiaklimkowka.pl\/wp-content\/uploads\/2019\/10\/anio\u01428_jpeg.jpg","width":658,"height":483,"caption":"Parafia p.w. \u015bw. Micha\u0142a Archanio\u0142a w Klimk\u00f3wce"},"image":{"@id":"https:\/\/parafiaklimkowka.pl\/#\/schema\/logo\/image\/"}},{"@type":"Person","@id":"https:\/\/parafiaklimkowka.pl\/#\/schema\/person\/8411339f73ed143172a1fc20b8c20562","name":"kadmins70","image":{"@type":"ImageObject","inLanguage":"pl-PL","@id":"https:\/\/parafiaklimkowka.pl\/#\/schema\/person\/image\/","url":"https:\/\/secure.gravatar.com\/avatar\/2f1a9b134b0f743459e06c66845f8cf1?s=96&d=mm&r=g","contentUrl":"https:\/\/secure.gravatar.com\/avatar\/2f1a9b134b0f743459e06c66845f8cf1?s=96&d=mm&r=g","caption":"kadmins70"}}]}},"_links":{"self":[{"href":"https:\/\/parafiaklimkowka.pl\/index.php\/wp-json\/wp\/v2\/posts\/9669"}],"collection":[{"href":"https:\/\/parafiaklimkowka.pl\/index.php\/wp-json\/wp\/v2\/posts"}],"about":[{"href":"https:\/\/parafiaklimkowka.pl\/index.php\/wp-json\/wp\/v2\/types\/post"}],"author":[{"embeddable":true,"href":"https:\/\/parafiaklimkowka.pl\/index.php\/wp-json\/wp\/v2\/users\/1"}],"replies":[{"embeddable":true,"href":"https:\/\/parafiaklimkowka.pl\/index.php\/wp-json\/wp\/v2\/comments?post=9669"}],"version-history":[{"count":1,"href":"https:\/\/parafiaklimkowka.pl\/index.php\/wp-json\/wp\/v2\/posts\/9669\/revisions"}],"predecessor-version":[{"id":9670,"href":"https:\/\/parafiaklimkowka.pl\/index.php\/wp-json\/wp\/v2\/posts\/9669\/revisions\/9670"}],"wp:attachment":[{"href":"https:\/\/parafiaklimkowka.pl\/index.php\/wp-json\/wp\/v2\/media?parent=9669"}],"wp:term":[{"taxonomy":"category","embeddable":true,"href":"https:\/\/parafiaklimkowka.pl\/index.php\/wp-json\/wp\/v2\/categories?post=9669"},{"taxonomy":"post_tag","embeddable":true,"href":"https:\/\/parafiaklimkowka.pl\/index.php\/wp-json\/wp\/v2\/tags?post=9669"}],"curies":[{"name":"wp","href":"https:\/\/api.w.org\/{rel}","templated":true}]}}